{"id":6643,"date":"2020-12-02T11:29:27","date_gmt":"2020-12-02T09:29:27","guid":{"rendered":"https:\/\/www.kktavastia.fi\/vanajaveden-opisto\/?p=6643"},"modified":"2020-12-02T11:29:27","modified_gmt":"2020-12-02T09:29:27","slug":"kunnat-sulkivat-liikuntatilansa-vopin-kursseissa-keskeytyksia","status":"publish","type":"post","link":"https:\/\/www.kktavastia.fi\/vanajaveden-opisto\/ajankohtaista\/2020\/kunnat-sulkivat-liikuntatilansa-vopin-kursseissa-keskeytyksia\/","title":{"rendered":"Kunnat sulkivat liikuntatilansa &#8211; VOPin kursseissa keskeytyksi\u00e4"},"content":{"rendered":"<p><span class=\"d2edcug0 hpfvmrgz qv66sw1b c1et5uql rrkovp55 a8c37x1j keod5gw0 nxhoafnm aigsh9s9 d3f4x2em fe6kdd0r mau55g9w c8b282yb iv3no6db jq4qci2q a3bd9o3v knj5qynh oo9gr5id hzawbc8m\" dir=\"auto\">VOPin liikuntakurssit, jotka j\u00e4rjestet\u00e4\u00e4n kuntien tiloissa on peruttu alkaen keskiviikkona 2.12.2020. Kaikkien kuntien liikuntasalit ja uimahallit on suljettu 2.12.-31.12.2020. Sulku koskee sek\u00e4 koulujen ett\u00e4 hallien saleja. Hattulassa on keskeytetty my\u00f6s muiden kurssien toiminta, ei pelk\u00e4st\u00e4\u00e4n liikunnan. Tavastian tiloissa kurssit j\u00e4rjestet\u00e4\u00e4n viel\u00e4 viikon 49 eli t\u00e4m\u00e4n viikon loppuun. Tiedotamme mahdollisista muista muutoksista somessa ja verkkosivuillamme. Tietoa l\u00e4hetet\u00e4\u00e4n my\u00f6s suoraan kurssilaisille, joita muutokset koskevat.<\/span><\/p>\n","protected":false},"excerpt":{"rendered":"<p>VOPin liikuntakurssit, jotka j\u00e4rjestet\u00e4\u00e4n kuntien tiloissa on peruttu alkaen keskiviikkona 2.12.2020. Kaikkien kuntien liikuntasalit ja uimahallit on suljettu 2.12.-31.12.2020. Sulku [&hellip;]<\/p>\n","protected":false},"author":3,"featured_media":6212,"comment_status":"closed","ping_status":"closed","sticky":false,"template":"","format":"standard","meta":{"_acf_changed":false,"_relevanssi_hide_post":"","_relevanssi_hide_content":"","_relevanssi_pin_for_all":"","_relevanssi_pin_keywords":"","_relevanssi_unpin_keywords":"","_relevanssi_related_keywords":"","_relevanssi_related_include_ids":"","_relevanssi_related_exclude_ids":"","_relevanssi_related_no_append":"","_relevanssi_related_not_related":"","_relevanssi_related_posts":"","_relevanssi_noindex_reason":"","footnotes":""},"categories":[92],"tags":[],"class_list":["post-6643","post","type-post","status-publish","format-standard","has-post-thumbnail","hentry","category-ajankohtaista"],"acf":[],"yoast_head":"<title>Kunnat sulkivat liikuntatilansa - VOPin kursseissa keskeytyksi\u00e4 - Vanajaveden Opisto<\/title>\n<meta name=\"robots\" content=\"index, follow, max-snippet:-1, max-image-preview:large, max-video-preview:-1\" \/>\n<link rel=\"canonical\" href=\"https:\/\/www.kktavastia.fi\/vanajaveden-opisto\/ajankohtaista\/2020\/kunnat-sulkivat-liikuntatilansa-vopin-kursseissa-keskeytyksia\/\" \/>\n<meta property=\"og:locale\" content=\"fi_FI\" \/>\n<meta property=\"og:type\" content=\"article\" \/>\n<meta property=\"og:title\" content=\"Kunnat sulkivat liikuntatilansa - VOPin kursseissa keskeytyksi\u00e4 - Vanajaveden Opisto\" \/>\n<meta property=\"og:description\" content=\"VOPin liikuntakurssit, jotka j\u00e4rjestet\u00e4\u00e4n kuntien tiloissa on peruttu alkaen keskiviikkona 2.12.2020. Kaikkien kuntien liikuntasalit ja uimahallit on suljettu 2.12.-31.12.2020. Sulku [&hellip;]\" \/>\n<meta property=\"og:url\" content=\"https:\/\/www.kktavastia.fi\/vanajaveden-opisto\/ajankohtaista\/2020\/kunnat-sulkivat-liikuntatilansa-vopin-kursseissa-keskeytyksia\/\" \/>\n<meta property=\"og:site_name\" content=\"Vanajaveden Opisto\" \/>\n<meta property=\"article:published_time\" content=\"2020-12-02T09:29:27+00:00\" \/>\n<meta property=\"og:image\" content=\"https:\/\/www.kktavastia.fi\/media\/sites\/3\/vop-sertifikaatti-83-scaled-1.jpg\" \/>\n\t<meta property=\"og:image:width\" content=\"2000\" \/>\n\t<meta property=\"og:image:height\" content=\"1333\" \/>\n\t<meta property=\"og:image:type\" content=\"image\/jpeg\" \/>\n<meta name=\"author\" content=\"jennimanninen\" \/>\n<meta name=\"twitter:card\" content=\"summary_large_image\" \/>\n<script type=\"application\/ld+json\" class=\"yoast-schema-graph\">{\"@context\":\"https:\\\/\\\/schema.org\",\"@graph\":[{\"@type\":\"Article\",\"@id\":\"https:\\\/\\\/www.kktavastia.fi\\\/vanajaveden-opisto\\\/ajankohtaista\\\/2020\\\/kunnat-sulkivat-liikuntatilansa-vopin-kursseissa-keskeytyksia\\\/#article\",\"isPartOf\":{\"@id\":\"https:\\\/\\\/www.kktavastia.fi\\\/vanajaveden-opisto\\\/ajankohtaista\\\/2020\\\/kunnat-sulkivat-liikuntatilansa-vopin-kursseissa-keskeytyksia\\\/\"},\"author\":{\"name\":\"jennimanninen\",\"@id\":\"https:\\\/\\\/www.kktavastia.fi\\\/vanajaveden-opisto\\\/#\\\/schema\\\/person\\\/024aefaad0a17654b61e7deb02a467ab\"},\"headline\":\"Kunnat sulkivat liikuntatilansa &#8211; VOPin kursseissa keskeytyksi\u00e4\",\"datePublished\":\"2020-12-02T09:29:27+00:00\",\"mainEntityOfPage\":{\"@id\":\"https:\\\/\\\/www.kktavastia.fi\\\/vanajaveden-opisto\\\/ajankohtaista\\\/2020\\\/kunnat-sulkivat-liikuntatilansa-vopin-kursseissa-keskeytyksia\\\/\"},\"wordCount\":79,\"image\":{\"@id\":\"https:\\\/\\\/www.kktavastia.fi\\\/vanajaveden-opisto\\\/ajankohtaista\\\/2020\\\/kunnat-sulkivat-liikuntatilansa-vopin-kursseissa-keskeytyksia\\\/#primaryimage\"},\"thumbnailUrl\":\"https:\\\/\\\/www.kktavastia.fi\\\/media\\\/sites\\\/3\\\/vop-sertifikaatti-83-scaled-1.jpg\",\"articleSection\":[\"Ajankohtaista\"],\"inLanguage\":\"fi\"},{\"@type\":\"WebPage\",\"@id\":\"https:\\\/\\\/www.kktavastia.fi\\\/vanajaveden-opisto\\\/ajankohtaista\\\/2020\\\/kunnat-sulkivat-liikuntatilansa-vopin-kursseissa-keskeytyksia\\\/\",\"url\":\"https:\\\/\\\/www.kktavastia.fi\\\/vanajaveden-opisto\\\/ajankohtaista\\\/2020\\\/kunnat-sulkivat-liikuntatilansa-vopin-kursseissa-keskeytyksia\\\/\",\"name\":\"Kunnat sulkivat liikuntatilansa - VOPin kursseissa keskeytyksi\u00e4 - Vanajaveden Opisto\",\"isPartOf\":{\"@id\":\"https:\\\/\\\/www.kktavastia.fi\\\/vanajaveden-opisto\\\/#website\"},\"primaryImageOfPage\":{\"@id\":\"https:\\\/\\\/www.kktavastia.fi\\\/vanajaveden-opisto\\\/ajankohtaista\\\/2020\\\/kunnat-sulkivat-liikuntatilansa-vopin-kursseissa-keskeytyksia\\\/#primaryimage\"},\"image\":{\"@id\":\"https:\\\/\\\/www.kktavastia.fi\\\/vanajaveden-opisto\\\/ajankohtaista\\\/2020\\\/kunnat-sulkivat-liikuntatilansa-vopin-kursseissa-keskeytyksia\\\/#primaryimage\"},\"thumbnailUrl\":\"https:\\\/\\\/www.kktavastia.fi\\\/media\\\/sites\\\/3\\\/vop-sertifikaatti-83-scaled-1.jpg\",\"datePublished\":\"2020-12-02T09:29:27+00:00\",\"author\":{\"@id\":\"https:\\\/\\\/www.kktavastia.fi\\\/vanajaveden-opisto\\\/#\\\/schema\\\/person\\\/024aefaad0a17654b61e7deb02a467ab\"},\"breadcrumb\":{\"@id\":\"https:\\\/\\\/www.kktavastia.fi\\\/vanajaveden-opisto\\\/ajankohtaista\\\/2020\\\/kunnat-sulkivat-liikuntatilansa-vopin-kursseissa-keskeytyksia\\\/#breadcrumb\"},\"inLanguage\":\"fi\",\"potentialAction\":[{\"@type\":\"ReadAction\",\"target\":[\"https:\\\/\\\/www.kktavastia.fi\\\/vanajaveden-opisto\\\/ajankohtaista\\\/2020\\\/kunnat-sulkivat-liikuntatilansa-vopin-kursseissa-keskeytyksia\\\/\"]}]},{\"@type\":\"ImageObject\",\"inLanguage\":\"fi\",\"@id\":\"https:\\\/\\\/www.kktavastia.fi\\\/vanajaveden-opisto\\\/ajankohtaista\\\/2020\\\/kunnat-sulkivat-liikuntatilansa-vopin-kursseissa-keskeytyksia\\\/#primaryimage\",\"url\":\"https:\\\/\\\/www.kktavastia.fi\\\/media\\\/sites\\\/3\\\/vop-sertifikaatti-83-scaled-1.jpg\",\"contentUrl\":\"https:\\\/\\\/www.kktavastia.fi\\\/media\\\/sites\\\/3\\\/vop-sertifikaatti-83-scaled-1.jpg\",\"width\":2000,\"height\":1333},{\"@type\":\"BreadcrumbList\",\"@id\":\"https:\\\/\\\/www.kktavastia.fi\\\/vanajaveden-opisto\\\/ajankohtaista\\\/2020\\\/kunnat-sulkivat-liikuntatilansa-vopin-kursseissa-keskeytyksia\\\/#breadcrumb\",\"itemListElement\":[{\"@type\":\"ListItem\",\"position\":1,\"name\":\"Home\",\"item\":\"https:\\\/\\\/www.kktavastia.fi\\\/vanajaveden-opisto\\\/\"},{\"@type\":\"ListItem\",\"position\":2,\"name\":\"Kunnat sulkivat liikuntatilansa &#8211; VOPin kursseissa keskeytyksi\u00e4\"}]},{\"@type\":\"WebSite\",\"@id\":\"https:\\\/\\\/www.kktavastia.fi\\\/vanajaveden-opisto\\\/#website\",\"url\":\"https:\\\/\\\/www.kktavastia.fi\\\/vanajaveden-opisto\\\/\",\"name\":\"Vanajaveden Opisto\",\"description\":\"\",\"potentialAction\":[{\"@type\":\"SearchAction\",\"target\":{\"@type\":\"EntryPoint\",\"urlTemplate\":\"https:\\\/\\\/www.kktavastia.fi\\\/vanajaveden-opisto\\\/?s={search_term_string}\"},\"query-input\":{\"@type\":\"PropertyValueSpecification\",\"valueRequired\":true,\"valueName\":\"search_term_string\"}}],\"inLanguage\":\"fi\"},{\"@type\":\"Person\",\"@id\":\"https:\\\/\\\/www.kktavastia.fi\\\/vanajaveden-opisto\\\/#\\\/schema\\\/person\\\/024aefaad0a17654b61e7deb02a467ab\",\"name\":\"jennimanninen\",\"image\":{\"@type\":\"ImageObject\",\"inLanguage\":\"fi\",\"@id\":\"https:\\\/\\\/secure.gravatar.com\\\/avatar\\\/5457e44008198bb53daa774600a7e8e4246bcac6a14afc3db6e5d007d9dc6f39?s=96&d=mm&r=g\",\"url\":\"https:\\\/\\\/secure.gravatar.com\\\/avatar\\\/5457e44008198bb53daa774600a7e8e4246bcac6a14afc3db6e5d007d9dc6f39?s=96&d=mm&r=g\",\"contentUrl\":\"https:\\\/\\\/secure.gravatar.com\\\/avatar\\\/5457e44008198bb53daa774600a7e8e4246bcac6a14afc3db6e5d007d9dc6f39?s=96&d=mm&r=g\",\"caption\":\"jennimanninen\"},\"url\":\"https:\\\/\\\/www.kktavastia.fi\\\/vanajaveden-opisto\\\/ajankohtaista\\\/author\\\/jennimanninen\\\/\"}]}<\/script>","yoast_head_json":{"title":"Kunnat sulkivat liikuntatilansa - VOPin kursseissa keskeytyksi\u00e4 - Vanajaveden Opisto","robots":{"index":"index","follow":"follow","max-snippet":"max-snippet:-1","max-image-preview":"max-image-preview:large","max-video-preview":"max-video-preview:-1"},"canonical":"https:\/\/www.kktavastia.fi\/vanajaveden-opisto\/ajankohtaista\/2020\/kunnat-sulkivat-liikuntatilansa-vopin-kursseissa-keskeytyksia\/","og_locale":"fi_FI","og_type":"article","og_title":"Kunnat sulkivat liikuntatilansa - VOPin kursseissa keskeytyksi\u00e4 - Vanajaveden Opisto","og_description":"VOPin liikuntakurssit, jotka j\u00e4rjestet\u00e4\u00e4n kuntien tiloissa on peruttu alkaen keskiviikkona 2.12.2020. Kaikkien kuntien liikuntasalit ja uimahallit on suljettu 2.12.-31.12.2020. Sulku [&hellip;]","og_url":"https:\/\/www.kktavastia.fi\/vanajaveden-opisto\/ajankohtaista\/2020\/kunnat-sulkivat-liikuntatilansa-vopin-kursseissa-keskeytyksia\/","og_site_name":"Vanajaveden Opisto","article_published_time":"2020-12-02T09:29:27+00:00","og_image":[{"width":2000,"height":1333,"url":"https:\/\/www.kktavastia.fi\/media\/sites\/3\/vop-sertifikaatti-83-scaled-1.jpg","type":"image\/jpeg"}],"author":"jennimanninen","twitter_card":"summary_large_image","schema":{"@context":"https:\/\/schema.org","@graph":[{"@type":"Article","@id":"https:\/\/www.kktavastia.fi\/vanajaveden-opisto\/ajankohtaista\/2020\/kunnat-sulkivat-liikuntatilansa-vopin-kursseissa-keskeytyksia\/#article","isPartOf":{"@id":"https:\/\/www.kktavastia.fi\/vanajaveden-opisto\/ajankohtaista\/2020\/kunnat-sulkivat-liikuntatilansa-vopin-kursseissa-keskeytyksia\/"},"author":{"name":"jennimanninen","@id":"https:\/\/www.kktavastia.fi\/vanajaveden-opisto\/#\/schema\/person\/024aefaad0a17654b61e7deb02a467ab"},"headline":"Kunnat sulkivat liikuntatilansa &#8211; VOPin kursseissa keskeytyksi\u00e4","datePublished":"2020-12-02T09:29:27+00:00","mainEntityOfPage":{"@id":"https:\/\/www.kktavastia.fi\/vanajaveden-opisto\/ajankohtaista\/2020\/kunnat-sulkivat-liikuntatilansa-vopin-kursseissa-keskeytyksia\/"},"wordCount":79,"image":{"@id":"https:\/\/www.kktavastia.fi\/vanajaveden-opisto\/ajankohtaista\/2020\/kunnat-sulkivat-liikuntatilansa-vopin-kursseissa-keskeytyksia\/#primaryimage"},"thumbnailUrl":"https:\/\/www.kktavastia.fi\/media\/sites\/3\/vop-sertifikaatti-83-scaled-1.jpg","articleSection":["Ajankohtaista"],"inLanguage":"fi"},{"@type":"WebPage","@id":"https:\/\/www.kktavastia.fi\/vanajaveden-opisto\/ajankohtaista\/2020\/kunnat-sulkivat-liikuntatilansa-vopin-kursseissa-keskeytyksia\/","url":"https:\/\/www.kktavastia.fi\/vanajaveden-opisto\/ajankohtaista\/2020\/kunnat-sulkivat-liikuntatilansa-vopin-kursseissa-keskeytyksia\/","name":"Kunnat sulkivat liikuntatilansa - VOPin kursseissa keskeytyksi\u00e4 - Vanajaveden Opisto","isPartOf":{"@id":"https:\/\/www.kktavastia.fi\/vanajaveden-opisto\/#website"},"primaryImageOfPage":{"@id":"https:\/\/www.kktavastia.fi\/vanajaveden-opisto\/ajankohtaista\/2020\/kunnat-sulkivat-liikuntatilansa-vopin-kursseissa-keskeytyksia\/#primaryimage"},"image":{"@id":"https:\/\/www.kktavastia.fi\/vanajaveden-opisto\/ajankohtaista\/2020\/kunnat-sulkivat-liikuntatilansa-vopin-kursseissa-keskeytyksia\/#primaryimage"},"thumbnailUrl":"https:\/\/www.kktavastia.fi\/media\/sites\/3\/vop-sertifikaatti-83-scaled-1.jpg","datePublished":"2020-12-02T09:29:27+00:00","author":{"@id":"https:\/\/www.kktavastia.fi\/vanajaveden-opisto\/#\/schema\/person\/024aefaad0a17654b61e7deb02a467ab"},"breadcrumb":{"@id":"https:\/\/www.kktavastia.fi\/vanajaveden-opisto\/ajankohtaista\/2020\/kunnat-sulkivat-liikuntatilansa-vopin-kursseissa-keskeytyksia\/#breadcrumb"},"inLanguage":"fi","potentialAction":[{"@type":"ReadAction","target":["https:\/\/www.kktavastia.fi\/vanajaveden-opisto\/ajankohtaista\/2020\/kunnat-sulkivat-liikuntatilansa-vopin-kursseissa-keskeytyksia\/"]}]},{"@type":"ImageObject","inLanguage":"fi","@id":"https:\/\/www.kktavastia.fi\/vanajaveden-opisto\/ajankohtaista\/2020\/kunnat-sulkivat-liikuntatilansa-vopin-kursseissa-keskeytyksia\/#primaryimage","url":"https:\/\/www.kktavastia.fi\/media\/sites\/3\/vop-sertifikaatti-83-scaled-1.jpg","contentUrl":"https:\/\/www.kktavastia.fi\/media\/sites\/3\/vop-sertifikaatti-83-scaled-1.jpg","width":2000,"height":1333},{"@type":"BreadcrumbList","@id":"https:\/\/www.kktavastia.fi\/vanajaveden-opisto\/ajankohtaista\/2020\/kunnat-sulkivat-liikuntatilansa-vopin-kursseissa-keskeytyksia\/#breadcrumb","itemListElement":[{"@type":"ListItem","position":1,"name":"Home","item":"https:\/\/www.kktavastia.fi\/vanajaveden-opisto\/"},{"@type":"ListItem","position":2,"name":"Kunnat sulkivat liikuntatilansa &#8211; VOPin kursseissa keskeytyksi\u00e4"}]},{"@type":"WebSite","@id":"https:\/\/www.kktavastia.fi\/vanajaveden-opisto\/#website","url":"https:\/\/www.kktavastia.fi\/vanajaveden-opisto\/","name":"Vanajaveden Opisto","description":"","potentialAction":[{"@type":"SearchAction","target":{"@type":"EntryPoint","urlTemplate":"https:\/\/www.kktavastia.fi\/vanajaveden-opisto\/?s={search_term_string}"},"query-input":{"@type":"PropertyValueSpecification","valueRequired":true,"valueName":"search_term_string"}}],"inLanguage":"fi"},{"@type":"Person","@id":"https:\/\/www.kktavastia.fi\/vanajaveden-opisto\/#\/schema\/person\/024aefaad0a17654b61e7deb02a467ab","name":"jennimanninen","image":{"@type":"ImageObject","inLanguage":"fi","@id":"https:\/\/secure.gravatar.com\/avatar\/5457e44008198bb53daa774600a7e8e4246bcac6a14afc3db6e5d007d9dc6f39?s=96&d=mm&r=g","url":"https:\/\/secure.gravatar.com\/avatar\/5457e44008198bb53daa774600a7e8e4246bcac6a14afc3db6e5d007d9dc6f39?s=96&d=mm&r=g","contentUrl":"https:\/\/secure.gravatar.com\/avatar\/5457e44008198bb53daa774600a7e8e4246bcac6a14afc3db6e5d007d9dc6f39?s=96&d=mm&r=g","caption":"jennimanninen"},"url":"https:\/\/www.kktavastia.fi\/vanajaveden-opisto\/ajankohtaista\/author\/jennimanninen\/"}]}},"_links":{"self":[{"href":"https:\/\/www.kktavastia.fi\/vanajaveden-opisto\/wp-json\/wp\/v2\/posts\/6643","targetHints":{"allow":["GET"]}}],"collection":[{"href":"https:\/\/www.kktavastia.fi\/vanajaveden-opisto\/wp-json\/wp\/v2\/posts"}],"about":[{"href":"https:\/\/www.kktavastia.fi\/vanajaveden-opisto\/wp-json\/wp\/v2\/types\/post"}],"author":[{"embeddable":true,"href":"https:\/\/www.kktavastia.fi\/vanajaveden-opisto\/wp-json\/wp\/v2\/users\/3"}],"replies":[{"embeddable":true,"href":"https:\/\/www.kktavastia.fi\/vanajaveden-opisto\/wp-json\/wp\/v2\/comments?post=6643"}],"version-history":[{"count":0,"href":"https:\/\/www.kktavastia.fi\/vanajaveden-opisto\/wp-json\/wp\/v2\/posts\/6643\/revisions"}],"wp:featuredmedia":[{"embeddable":true,"href":"https:\/\/www.kktavastia.fi\/vanajaveden-opisto\/wp-json\/wp\/v2\/media\/6212"}],"wp:attachment":[{"href":"https:\/\/www.kktavastia.fi\/vanajaveden-opisto\/wp-json\/wp\/v2\/media?parent=6643"}],"wp:term":[{"taxonomy":"category","embeddable":true,"href":"https:\/\/www.kktavastia.fi\/vanajaveden-opisto\/wp-json\/wp\/v2\/categories?post=6643"},{"taxonomy":"post_tag","embeddable":true,"href":"https:\/\/www.kktavastia.fi\/vanajaveden-opisto\/wp-json\/wp\/v2\/tags?post=6643"}],"curies":[{"name":"wp","href":"https:\/\/api.w.org\/{rel}","templated":true}]}}