{"id":6641,"date":"2020-11-30T13:25:06","date_gmt":"2020-11-30T11:25:06","guid":{"rendered":"https:\/\/www.kktavastia.fi\/vanajaveden-opisto\/?p=6641"},"modified":"2020-11-30T13:25:06","modified_gmt":"2020-11-30T11:25:06","slug":"vop-jaa-aikaistetulle-joulutauolle-7-12-osa-kursseista-jatkaa-loppuun-etana","status":"publish","type":"post","link":"https:\/\/www.kktavastia.fi\/vanajaveden-opisto\/ajankohtaista\/2020\/vop-jaa-aikaistetulle-joulutauolle-7-12-osa-kursseista-jatkaa-loppuun-etana\/","title":{"rendered":"VOP j\u00e4\u00e4 aikaistetulle joulutauolle 7.12. \u2013 osa kursseista jatkaa loppuun et\u00e4n\u00e4"},"content":{"rendered":"<p>Vanajaveden Opistossa valmistaudutaan t\u00e4ll\u00e4 viikolla aikaistetulle joulutauolle siirtymiseen, johon syyn\u00e4 on Kanta-H\u00e4meen pandemiaryhm\u00e4n antamat<a href=\"https:\/\/www.khshp.fi\/uutiset\/kanta-hame-siirtymassa-koronavirusepidemian-leviamisvaiheeseen-maakunnan-pandemiaryhma-ja-kuntajohtajat-suosittelevat-kymmenta-toimenpidetta\/\"> uudet suositukset<\/a>. T\u00e4ll\u00e4 viikolla kurssit pidet\u00e4\u00e4n p\u00e4\u00e4s\u00e4\u00e4nt\u00f6isesti normaalisti turvallisuusohjeita tarkasti noudattaen. Suurin osa kursseista j\u00e4\u00e4 t\u00e4ll\u00e4 viikolla joulutauolle kurssiohjelman alkuper\u00e4isen aikataulun mukaisesti joka tapauksessa.<\/p>\n<p>Niill\u00e4 kursseilla, joilla et\u00e4opetus ei ole mahdollista, joulutauko alkaa maanantaina 7.12.2020 ja jatkuu ainakin 7.1.2021 asti. Opettajalta tulee viesti mahdollisesta et\u00e4opetukseen siirtymisest\u00e4 t\u00e4ll\u00e4 viikolla. Jos viesti\u00e4 ei siis tule, kurssi j\u00e4\u00e4 tauolle 7. joulukuuta alkaen. Puuttuneet opetuskerrat pyrit\u00e4\u00e4n j\u00e4rjest\u00e4m\u00e4\u00e4n kev\u00e4\u00e4ll\u00e4, ja niist\u00e4 sovitaan kurssikohtaisesti.<\/p>\n<p>Jos kunnat ja yksityiset toimijat sulkevat VOPin k\u00e4ytt\u00e4mi\u00e4 tiloja jo t\u00e4ll\u00e4 viikolla, siit\u00e4 ilmoitetaan osallistujille kurssikohtaisesti. T\u00e4ll\u00f6in kursseja ei voida t\u00e4ll\u00e4 viikolla en\u00e4\u00e4 j\u00e4rjest\u00e4\u00e4.<\/p>\n<p>Lasten taiteen perusopetuksen ryhm\u00e4t jatkavat normaalisti l\u00e4hiopetuksessa viikolle 50 asti.<\/p>\n<p>Ensi vuoden toiminnasta tiedotetaan ennen 7. tammikuuta heti, kun pandemiaryhm\u00e4 antaa omat suosituksensa, ja VOP pystyy linjaamaan toimintansa jatkon niiden mukaisesti.<\/p>\n","protected":false},"excerpt":{"rendered":"<p>Vanajaveden Opistossa valmistaudutaan t\u00e4ll\u00e4 viikolla aikaistetulle joulutauolle siirtymiseen, johon syyn\u00e4 on Kanta-H\u00e4meen pandemiaryhm\u00e4n antamat uudet suositukset. T\u00e4ll\u00e4 viikolla kurssit pidet\u00e4\u00e4n [&hellip;]<\/p>\n","protected":false},"author":3,"featured_media":6213,"comment_status":"closed","ping_status":"closed","sticky":false,"template":"","format":"standard","meta":{"_acf_changed":false,"_relevanssi_hide_post":"","_relevanssi_hide_content":"","_relevanssi_pin_for_all":"","_relevanssi_pin_keywords":"","_relevanssi_unpin_keywords":"","_relevanssi_related_keywords":"","_relevanssi_related_include_ids":"","_relevanssi_related_exclude_ids":"","_relevanssi_related_no_append":"","_relevanssi_related_not_related":"","_relevanssi_related_posts":"","_relevanssi_noindex_reason":"","footnotes":""},"categories":[92],"tags":[],"class_list":["post-6641","post","type-post","status-publish","format-standard","has-post-thumbnail","hentry","category-ajankohtaista"],"acf":[],"yoast_head":"<title>VOP j\u00e4\u00e4 aikaistetulle joulutauolle 7.12. \u2013 osa kursseista jatkaa loppuun et\u00e4n\u00e4 - Vanajaveden Opisto<\/title>\n<meta name=\"robots\" content=\"index, follow, max-snippet:-1, max-image-preview:large, max-video-preview:-1\" \/>\n<link rel=\"canonical\" href=\"https:\/\/www.kktavastia.fi\/vanajaveden-opisto\/ajankohtaista\/2020\/vop-jaa-aikaistetulle-joulutauolle-7-12-osa-kursseista-jatkaa-loppuun-etana\/\" \/>\n<meta property=\"og:locale\" content=\"fi_FI\" \/>\n<meta property=\"og:type\" content=\"article\" \/>\n<meta property=\"og:title\" content=\"VOP j\u00e4\u00e4 aikaistetulle joulutauolle 7.12. \u2013 osa kursseista jatkaa loppuun et\u00e4n\u00e4 - Vanajaveden Opisto\" \/>\n<meta property=\"og:description\" content=\"Vanajaveden Opistossa valmistaudutaan t\u00e4ll\u00e4 viikolla aikaistetulle joulutauolle siirtymiseen, johon syyn\u00e4 on Kanta-H\u00e4meen pandemiaryhm\u00e4n antamat uudet suositukset. T\u00e4ll\u00e4 viikolla kurssit pidet\u00e4\u00e4n [&hellip;]\" \/>\n<meta property=\"og:url\" content=\"https:\/\/www.kktavastia.fi\/vanajaveden-opisto\/ajankohtaista\/2020\/vop-jaa-aikaistetulle-joulutauolle-7-12-osa-kursseista-jatkaa-loppuun-etana\/\" \/>\n<meta property=\"og:site_name\" content=\"Vanajaveden Opisto\" \/>\n<meta property=\"article:published_time\" content=\"2020-11-30T11:25:06+00:00\" \/>\n<meta property=\"og:image\" content=\"https:\/\/www.kktavastia.fi\/media\/sites\/3\/vop-sertifikaatti-97-scaled-1.jpg\" \/>\n\t<meta property=\"og:image:width\" content=\"2000\" \/>\n\t<meta property=\"og:image:height\" content=\"1112\" \/>\n\t<meta property=\"og:image:type\" content=\"image\/jpeg\" \/>\n<meta name=\"author\" content=\"jennimanninen\" \/>\n<meta name=\"twitter:card\" content=\"summary_large_image\" \/>\n<script type=\"application\/ld+json\" class=\"yoast-schema-graph\">{\"@context\":\"https:\\\/\\\/schema.org\",\"@graph\":[{\"@type\":\"Article\",\"@id\":\"https:\\\/\\\/www.kktavastia.fi\\\/vanajaveden-opisto\\\/ajankohtaista\\\/2020\\\/vop-jaa-aikaistetulle-joulutauolle-7-12-osa-kursseista-jatkaa-loppuun-etana\\\/#article\",\"isPartOf\":{\"@id\":\"https:\\\/\\\/www.kktavastia.fi\\\/vanajaveden-opisto\\\/ajankohtaista\\\/2020\\\/vop-jaa-aikaistetulle-joulutauolle-7-12-osa-kursseista-jatkaa-loppuun-etana\\\/\"},\"author\":{\"name\":\"jennimanninen\",\"@id\":\"https:\\\/\\\/www.kktavastia.fi\\\/vanajaveden-opisto\\\/#\\\/schema\\\/person\\\/024aefaad0a17654b61e7deb02a467ab\"},\"headline\":\"VOP j\u00e4\u00e4 aikaistetulle joulutauolle 7.12. \u2013 osa kursseista jatkaa loppuun et\u00e4n\u00e4\",\"datePublished\":\"2020-11-30T11:25:06+00:00\",\"mainEntityOfPage\":{\"@id\":\"https:\\\/\\\/www.kktavastia.fi\\\/vanajaveden-opisto\\\/ajankohtaista\\\/2020\\\/vop-jaa-aikaistetulle-joulutauolle-7-12-osa-kursseista-jatkaa-loppuun-etana\\\/\"},\"wordCount\":169,\"image\":{\"@id\":\"https:\\\/\\\/www.kktavastia.fi\\\/vanajaveden-opisto\\\/ajankohtaista\\\/2020\\\/vop-jaa-aikaistetulle-joulutauolle-7-12-osa-kursseista-jatkaa-loppuun-etana\\\/#primaryimage\"},\"thumbnailUrl\":\"https:\\\/\\\/www.kktavastia.fi\\\/media\\\/sites\\\/3\\\/vop-sertifikaatti-97-scaled-1.jpg\",\"articleSection\":[\"Ajankohtaista\"],\"inLanguage\":\"fi\"},{\"@type\":\"WebPage\",\"@id\":\"https:\\\/\\\/www.kktavastia.fi\\\/vanajaveden-opisto\\\/ajankohtaista\\\/2020\\\/vop-jaa-aikaistetulle-joulutauolle-7-12-osa-kursseista-jatkaa-loppuun-etana\\\/\",\"url\":\"https:\\\/\\\/www.kktavastia.fi\\\/vanajaveden-opisto\\\/ajankohtaista\\\/2020\\\/vop-jaa-aikaistetulle-joulutauolle-7-12-osa-kursseista-jatkaa-loppuun-etana\\\/\",\"name\":\"VOP j\u00e4\u00e4 aikaistetulle joulutauolle 7.12. \u2013 osa kursseista jatkaa loppuun et\u00e4n\u00e4 - Vanajaveden Opisto\",\"isPartOf\":{\"@id\":\"https:\\\/\\\/www.kktavastia.fi\\\/vanajaveden-opisto\\\/#website\"},\"primaryImageOfPage\":{\"@id\":\"https:\\\/\\\/www.kktavastia.fi\\\/vanajaveden-opisto\\\/ajankohtaista\\\/2020\\\/vop-jaa-aikaistetulle-joulutauolle-7-12-osa-kursseista-jatkaa-loppuun-etana\\\/#primaryimage\"},\"image\":{\"@id\":\"https:\\\/\\\/www.kktavastia.fi\\\/vanajaveden-opisto\\\/ajankohtaista\\\/2020\\\/vop-jaa-aikaistetulle-joulutauolle-7-12-osa-kursseista-jatkaa-loppuun-etana\\\/#primaryimage\"},\"thumbnailUrl\":\"https:\\\/\\\/www.kktavastia.fi\\\/media\\\/sites\\\/3\\\/vop-sertifikaatti-97-scaled-1.jpg\",\"datePublished\":\"2020-11-30T11:25:06+00:00\",\"author\":{\"@id\":\"https:\\\/\\\/www.kktavastia.fi\\\/vanajaveden-opisto\\\/#\\\/schema\\\/person\\\/024aefaad0a17654b61e7deb02a467ab\"},\"breadcrumb\":{\"@id\":\"https:\\\/\\\/www.kktavastia.fi\\\/vanajaveden-opisto\\\/ajankohtaista\\\/2020\\\/vop-jaa-aikaistetulle-joulutauolle-7-12-osa-kursseista-jatkaa-loppuun-etana\\\/#breadcrumb\"},\"inLanguage\":\"fi\",\"potentialAction\":[{\"@type\":\"ReadAction\",\"target\":[\"https:\\\/\\\/www.kktavastia.fi\\\/vanajaveden-opisto\\\/ajankohtaista\\\/2020\\\/vop-jaa-aikaistetulle-joulutauolle-7-12-osa-kursseista-jatkaa-loppuun-etana\\\/\"]}]},{\"@type\":\"ImageObject\",\"inLanguage\":\"fi\",\"@id\":\"https:\\\/\\\/www.kktavastia.fi\\\/vanajaveden-opisto\\\/ajankohtaista\\\/2020\\\/vop-jaa-aikaistetulle-joulutauolle-7-12-osa-kursseista-jatkaa-loppuun-etana\\\/#primaryimage\",\"url\":\"https:\\\/\\\/www.kktavastia.fi\\\/media\\\/sites\\\/3\\\/vop-sertifikaatti-97-scaled-1.jpg\",\"contentUrl\":\"https:\\\/\\\/www.kktavastia.fi\\\/media\\\/sites\\\/3\\\/vop-sertifikaatti-97-scaled-1.jpg\",\"width\":2000,\"height\":1112,\"caption\":\"vopin logo\"},{\"@type\":\"BreadcrumbList\",\"@id\":\"https:\\\/\\\/www.kktavastia.fi\\\/vanajaveden-opisto\\\/ajankohtaista\\\/2020\\\/vop-jaa-aikaistetulle-joulutauolle-7-12-osa-kursseista-jatkaa-loppuun-etana\\\/#breadcrumb\",\"itemListElement\":[{\"@type\":\"ListItem\",\"position\":1,\"name\":\"Home\",\"item\":\"https:\\\/\\\/www.kktavastia.fi\\\/vanajaveden-opisto\\\/\"},{\"@type\":\"ListItem\",\"position\":2,\"name\":\"VOP j\u00e4\u00e4 aikaistetulle joulutauolle 7.12. \u2013 osa kursseista jatkaa loppuun et\u00e4n\u00e4\"}]},{\"@type\":\"WebSite\",\"@id\":\"https:\\\/\\\/www.kktavastia.fi\\\/vanajaveden-opisto\\\/#website\",\"url\":\"https:\\\/\\\/www.kktavastia.fi\\\/vanajaveden-opisto\\\/\",\"name\":\"Vanajaveden Opisto\",\"description\":\"\",\"potentialAction\":[{\"@type\":\"SearchAction\",\"target\":{\"@type\":\"EntryPoint\",\"urlTemplate\":\"https:\\\/\\\/www.kktavastia.fi\\\/vanajaveden-opisto\\\/?s={search_term_string}\"},\"query-input\":{\"@type\":\"PropertyValueSpecification\",\"valueRequired\":true,\"valueName\":\"search_term_string\"}}],\"inLanguage\":\"fi\"},{\"@type\":\"Person\",\"@id\":\"https:\\\/\\\/www.kktavastia.fi\\\/vanajaveden-opisto\\\/#\\\/schema\\\/person\\\/024aefaad0a17654b61e7deb02a467ab\",\"name\":\"jennimanninen\",\"image\":{\"@type\":\"ImageObject\",\"inLanguage\":\"fi\",\"@id\":\"https:\\\/\\\/secure.gravatar.com\\\/avatar\\\/5457e44008198bb53daa774600a7e8e4246bcac6a14afc3db6e5d007d9dc6f39?s=96&d=mm&r=g\",\"url\":\"https:\\\/\\\/secure.gravatar.com\\\/avatar\\\/5457e44008198bb53daa774600a7e8e4246bcac6a14afc3db6e5d007d9dc6f39?s=96&d=mm&r=g\",\"contentUrl\":\"https:\\\/\\\/secure.gravatar.com\\\/avatar\\\/5457e44008198bb53daa774600a7e8e4246bcac6a14afc3db6e5d007d9dc6f39?s=96&d=mm&r=g\",\"caption\":\"jennimanninen\"},\"url\":\"https:\\\/\\\/www.kktavastia.fi\\\/vanajaveden-opisto\\\/ajankohtaista\\\/author\\\/jennimanninen\\\/\"}]}<\/script>","yoast_head_json":{"title":"VOP j\u00e4\u00e4 aikaistetulle joulutauolle 7.12. \u2013 osa kursseista jatkaa loppuun et\u00e4n\u00e4 - Vanajaveden Opisto","robots":{"index":"index","follow":"follow","max-snippet":"max-snippet:-1","max-image-preview":"max-image-preview:large","max-video-preview":"max-video-preview:-1"},"canonical":"https:\/\/www.kktavastia.fi\/vanajaveden-opisto\/ajankohtaista\/2020\/vop-jaa-aikaistetulle-joulutauolle-7-12-osa-kursseista-jatkaa-loppuun-etana\/","og_locale":"fi_FI","og_type":"article","og_title":"VOP j\u00e4\u00e4 aikaistetulle joulutauolle 7.12. \u2013 osa kursseista jatkaa loppuun et\u00e4n\u00e4 - Vanajaveden Opisto","og_description":"Vanajaveden Opistossa valmistaudutaan t\u00e4ll\u00e4 viikolla aikaistetulle joulutauolle siirtymiseen, johon syyn\u00e4 on Kanta-H\u00e4meen pandemiaryhm\u00e4n antamat uudet suositukset. T\u00e4ll\u00e4 viikolla kurssit pidet\u00e4\u00e4n [&hellip;]","og_url":"https:\/\/www.kktavastia.fi\/vanajaveden-opisto\/ajankohtaista\/2020\/vop-jaa-aikaistetulle-joulutauolle-7-12-osa-kursseista-jatkaa-loppuun-etana\/","og_site_name":"Vanajaveden Opisto","article_published_time":"2020-11-30T11:25:06+00:00","og_image":[{"width":2000,"height":1112,"url":"https:\/\/www.kktavastia.fi\/media\/sites\/3\/vop-sertifikaatti-97-scaled-1.jpg","type":"image\/jpeg"}],"author":"jennimanninen","twitter_card":"summary_large_image","schema":{"@context":"https:\/\/schema.org","@graph":[{"@type":"Article","@id":"https:\/\/www.kktavastia.fi\/vanajaveden-opisto\/ajankohtaista\/2020\/vop-jaa-aikaistetulle-joulutauolle-7-12-osa-kursseista-jatkaa-loppuun-etana\/#article","isPartOf":{"@id":"https:\/\/www.kktavastia.fi\/vanajaveden-opisto\/ajankohtaista\/2020\/vop-jaa-aikaistetulle-joulutauolle-7-12-osa-kursseista-jatkaa-loppuun-etana\/"},"author":{"name":"jennimanninen","@id":"https:\/\/www.kktavastia.fi\/vanajaveden-opisto\/#\/schema\/person\/024aefaad0a17654b61e7deb02a467ab"},"headline":"VOP j\u00e4\u00e4 aikaistetulle joulutauolle 7.12. \u2013 osa kursseista jatkaa loppuun et\u00e4n\u00e4","datePublished":"2020-11-30T11:25:06+00:00","mainEntityOfPage":{"@id":"https:\/\/www.kktavastia.fi\/vanajaveden-opisto\/ajankohtaista\/2020\/vop-jaa-aikaistetulle-joulutauolle-7-12-osa-kursseista-jatkaa-loppuun-etana\/"},"wordCount":169,"image":{"@id":"https:\/\/www.kktavastia.fi\/vanajaveden-opisto\/ajankohtaista\/2020\/vop-jaa-aikaistetulle-joulutauolle-7-12-osa-kursseista-jatkaa-loppuun-etana\/#primaryimage"},"thumbnailUrl":"https:\/\/www.kktavastia.fi\/media\/sites\/3\/vop-sertifikaatti-97-scaled-1.jpg","articleSection":["Ajankohtaista"],"inLanguage":"fi"},{"@type":"WebPage","@id":"https:\/\/www.kktavastia.fi\/vanajaveden-opisto\/ajankohtaista\/2020\/vop-jaa-aikaistetulle-joulutauolle-7-12-osa-kursseista-jatkaa-loppuun-etana\/","url":"https:\/\/www.kktavastia.fi\/vanajaveden-opisto\/ajankohtaista\/2020\/vop-jaa-aikaistetulle-joulutauolle-7-12-osa-kursseista-jatkaa-loppuun-etana\/","name":"VOP j\u00e4\u00e4 aikaistetulle joulutauolle 7.12. \u2013 osa kursseista jatkaa loppuun et\u00e4n\u00e4 - Vanajaveden Opisto","isPartOf":{"@id":"https:\/\/www.kktavastia.fi\/vanajaveden-opisto\/#website"},"primaryImageOfPage":{"@id":"https:\/\/www.kktavastia.fi\/vanajaveden-opisto\/ajankohtaista\/2020\/vop-jaa-aikaistetulle-joulutauolle-7-12-osa-kursseista-jatkaa-loppuun-etana\/#primaryimage"},"image":{"@id":"https:\/\/www.kktavastia.fi\/vanajaveden-opisto\/ajankohtaista\/2020\/vop-jaa-aikaistetulle-joulutauolle-7-12-osa-kursseista-jatkaa-loppuun-etana\/#primaryimage"},"thumbnailUrl":"https:\/\/www.kktavastia.fi\/media\/sites\/3\/vop-sertifikaatti-97-scaled-1.jpg","datePublished":"2020-11-30T11:25:06+00:00","author":{"@id":"https:\/\/www.kktavastia.fi\/vanajaveden-opisto\/#\/schema\/person\/024aefaad0a17654b61e7deb02a467ab"},"breadcrumb":{"@id":"https:\/\/www.kktavastia.fi\/vanajaveden-opisto\/ajankohtaista\/2020\/vop-jaa-aikaistetulle-joulutauolle-7-12-osa-kursseista-jatkaa-loppuun-etana\/#breadcrumb"},"inLanguage":"fi","potentialAction":[{"@type":"ReadAction","target":["https:\/\/www.kktavastia.fi\/vanajaveden-opisto\/ajankohtaista\/2020\/vop-jaa-aikaistetulle-joulutauolle-7-12-osa-kursseista-jatkaa-loppuun-etana\/"]}]},{"@type":"ImageObject","inLanguage":"fi","@id":"https:\/\/www.kktavastia.fi\/vanajaveden-opisto\/ajankohtaista\/2020\/vop-jaa-aikaistetulle-joulutauolle-7-12-osa-kursseista-jatkaa-loppuun-etana\/#primaryimage","url":"https:\/\/www.kktavastia.fi\/media\/sites\/3\/vop-sertifikaatti-97-scaled-1.jpg","contentUrl":"https:\/\/www.kktavastia.fi\/media\/sites\/3\/vop-sertifikaatti-97-scaled-1.jpg","width":2000,"height":1112,"caption":"vopin logo"},{"@type":"BreadcrumbList","@id":"https:\/\/www.kktavastia.fi\/vanajaveden-opisto\/ajankohtaista\/2020\/vop-jaa-aikaistetulle-joulutauolle-7-12-osa-kursseista-jatkaa-loppuun-etana\/#breadcrumb","itemListElement":[{"@type":"ListItem","position":1,"name":"Home","item":"https:\/\/www.kktavastia.fi\/vanajaveden-opisto\/"},{"@type":"ListItem","position":2,"name":"VOP j\u00e4\u00e4 aikaistetulle joulutauolle 7.12. \u2013 osa kursseista jatkaa loppuun et\u00e4n\u00e4"}]},{"@type":"WebSite","@id":"https:\/\/www.kktavastia.fi\/vanajaveden-opisto\/#website","url":"https:\/\/www.kktavastia.fi\/vanajaveden-opisto\/","name":"Vanajaveden Opisto","description":"","potentialAction":[{"@type":"SearchAction","target":{"@type":"EntryPoint","urlTemplate":"https:\/\/www.kktavastia.fi\/vanajaveden-opisto\/?s={search_term_string}"},"query-input":{"@type":"PropertyValueSpecification","valueRequired":true,"valueName":"search_term_string"}}],"inLanguage":"fi"},{"@type":"Person","@id":"https:\/\/www.kktavastia.fi\/vanajaveden-opisto\/#\/schema\/person\/024aefaad0a17654b61e7deb02a467ab","name":"jennimanninen","image":{"@type":"ImageObject","inLanguage":"fi","@id":"https:\/\/secure.gravatar.com\/avatar\/5457e44008198bb53daa774600a7e8e4246bcac6a14afc3db6e5d007d9dc6f39?s=96&d=mm&r=g","url":"https:\/\/secure.gravatar.com\/avatar\/5457e44008198bb53daa774600a7e8e4246bcac6a14afc3db6e5d007d9dc6f39?s=96&d=mm&r=g","contentUrl":"https:\/\/secure.gravatar.com\/avatar\/5457e44008198bb53daa774600a7e8e4246bcac6a14afc3db6e5d007d9dc6f39?s=96&d=mm&r=g","caption":"jennimanninen"},"url":"https:\/\/www.kktavastia.fi\/vanajaveden-opisto\/ajankohtaista\/author\/jennimanninen\/"}]}},"_links":{"self":[{"href":"https:\/\/www.kktavastia.fi\/vanajaveden-opisto\/wp-json\/wp\/v2\/posts\/6641","targetHints":{"allow":["GET"]}}],"collection":[{"href":"https:\/\/www.kktavastia.fi\/vanajaveden-opisto\/wp-json\/wp\/v2\/posts"}],"about":[{"href":"https:\/\/www.kktavastia.fi\/vanajaveden-opisto\/wp-json\/wp\/v2\/types\/post"}],"author":[{"embeddable":true,"href":"https:\/\/www.kktavastia.fi\/vanajaveden-opisto\/wp-json\/wp\/v2\/users\/3"}],"replies":[{"embeddable":true,"href":"https:\/\/www.kktavastia.fi\/vanajaveden-opisto\/wp-json\/wp\/v2\/comments?post=6641"}],"version-history":[{"count":0,"href":"https:\/\/www.kktavastia.fi\/vanajaveden-opisto\/wp-json\/wp\/v2\/posts\/6641\/revisions"}],"wp:featuredmedia":[{"embeddable":true,"href":"https:\/\/www.kktavastia.fi\/vanajaveden-opisto\/wp-json\/wp\/v2\/media\/6213"}],"wp:attachment":[{"href":"https:\/\/www.kktavastia.fi\/vanajaveden-opisto\/wp-json\/wp\/v2\/media?parent=6641"}],"wp:term":[{"taxonomy":"category","embeddable":true,"href":"https:\/\/www.kktavastia.fi\/vanajaveden-opisto\/wp-json\/wp\/v2\/categories?post=6641"},{"taxonomy":"post_tag","embeddable":true,"href":"https:\/\/www.kktavastia.fi\/vanajaveden-opisto\/wp-json\/wp\/v2\/tags?post=6641"}],"curies":[{"name":"wp","href":"https:\/\/api.w.org\/{rel}","templated":true}]}}