{"id":6546,"date":"2020-10-05T12:03:48","date_gmt":"2020-10-05T09:03:48","guid":{"rendered":"https:\/\/www.kktavastia.fi\/vanajaveden-opisto\/?p=6546"},"modified":"2020-10-05T12:03:48","modified_gmt":"2020-10-05T09:03:48","slug":"vopin-opiskelijoille-maskisuositus","status":"publish","type":"post","link":"https:\/\/www.kktavastia.fi\/vanajaveden-opisto\/ajankohtaista\/2020\/vopin-opiskelijoille-maskisuositus\/","title":{"rendered":"VOPin opiskelijoille maskisuositus &#8211; katso my\u00f6s ohjeet"},"content":{"rendered":"<p><a href=\"https:\/\/www.kktavastia.fi\/media\/sites\/3\/protective-mask-5264822_1920.jpg\"><img loading=\"lazy\" decoding=\"async\" class=\"alignright wp-image-6589 size-medium\" src=\"https:\/\/www.kktavastia.fi\/media\/sites\/3\/protective-mask-5264822_1920-300x300.jpg\" alt=\"\" width=\"300\" height=\"300\" \/><\/a>Koronatilanteen kiristyess\u00e4 Vanajaveden Opistossa kiinnitet\u00e4\u00e4n yh\u00e4 tarkemmin huomiota opiskelijoiden ja henkil\u00f6kunnan turvallisuuteen. Pyrimme kuitenkin toistaiseksi jatkamaan l\u00e4hiopetusta, mutta tarvittaessa siirrymme et\u00e4opetukseen, mik\u00e4li se on turvallisuuden kannalta v\u00e4ltt\u00e4m\u00e4t\u00f6nt\u00e4.<\/p>\n<p><strong>Opiskelijoita ja opettajia muistutetaan, ett\u00e4 kipe\u00e4n\u00e4 tai v\u00e4h\u00e4nkin oireellisena ei saa tulla kurssille. Asiakaspalvelutilanteissa pyyd\u00e4mme olemaan yhteydess\u00e4 puhelimitse tai s\u00e4hk\u00f6postilla.<\/strong><\/p>\n<p>Kaikkien kurssien maksimiopiskelijam\u00e4\u00e4ri\u00e4 on pienennetty turvav\u00e4lit huomioiden jo syyskauden alkaessa. Opiskelijoita muistutetaan, ett\u00e4 turhaa oleskelua sis\u00e4tiloissa pit\u00e4\u00e4 v\u00e4ltt\u00e4\u00e4 ja kursseille kannattaa tulla t\u00e4sm\u00e4lliseen aikaan ruuhkien v\u00e4ltt\u00e4miseksi.<\/p>\n<p>K\u00e4sihygienia on pyritty varmistamaan sijoittamalla tiloihin k\u00e4sidesiautomaatteja ja ohjeistamalla opiskelijoita ja henkil\u00f6kuntaa k\u00e4ytt\u00e4m\u00e4\u00e4n niit\u00e4. Lis\u00e4ksi opettajille on annettu k\u00e4sidesej\u00e4 omaan ja heid\u00e4n opiskelijoiden k\u00e4ytt\u00f6\u00f6n huomioiden opiston lukuisat opetuspisteet.<\/p>\n<p>Henkil\u00f6kunnalle on jaettu maskeja sek\u00e4 visiirej\u00e4 ja toivotaan, ett\u00e4 niit\u00e4 k\u00e4ytet\u00e4\u00e4n esimerkinomaisesti ja s\u00e4\u00e4nn\u00f6llisesti. <strong>My\u00f6s opiskelijoiden suositellaan k\u00e4ytt\u00e4v\u00e4n maskia tai visiiri\u00e4 kaikilla kursseilla.<\/strong> Suositus ei koske t\u00e4ss\u00e4 epidemian vaiheessa viel\u00e4 alle 15-vuotiaita opiskelijoita. Opiskelijoiden on itse huolehdittava suojav\u00e4lineiden hankkimisesta.<\/p>\n<h4>Maskin k\u00e4yt\u00f6st\u00e4<\/h4>\n<p>Tutustuthan maskin k\u00e4ytt\u00f6ohjeisiin. Vain oikein k\u00e4ytetty maski suojaa!<\/p>\n<ul>\n<li>Maskin k\u00e4ytt\u00f6ajasta ei ole yksiselitteist\u00e4 ohjetta. Maksimik\u00e4ytt\u00f6aika on k\u00e4yt\u00e4nn\u00f6ss\u00e4 2-3 h, mutta jos maski kostuu, se pit\u00e4\u00e4 vaihtaa heti uuteen.<\/li>\n<li>Varaa mukaasi tarpeeksi maskeja. Maskia voi k\u00e4ytt\u00e4\u00e4 vain kerran. Kangasmaski tulee pest\u00e4 joka k\u00e4yt\u00f6n j\u00e4lkeen 60 asteessa tai keitt\u00e4m\u00e4ll\u00e4 5 minuuttia.<\/li>\n<li>Muista k\u00e4sihygienia ennen ja j\u00e4lkeen k\u00e4yt\u00f6n. K\u00e4sittele maskia vain naruista, \u00e4l\u00e4 n\u00e4pel\u00f6i sit\u00e4 k\u00e4yt\u00f6n aikana. Maskin tulee peitt\u00e4\u00e4 sek\u00e4 nen\u00e4 ett\u00e4 suu.<\/li>\n<li>H\u00e4vit\u00e4 kertak\u00e4ytt\u00f6maski heti k\u00e4yt\u00f6n j\u00e4lkeen laittamalla se roskiin (tai pussiin, jos roskista ei ole l\u00e4hell\u00e4). Muista varata k\u00e4ytetylle kangasmaskille pussi mukaan.<\/li>\n<li>Suositus ei koske lapsia ja alle 15-vuotiaita nuoria. THL:n mukaan &#8221;kasvomaski ei sovellu pikkulapsille, sill\u00e4 maskin ohjeiden mukainen k\u00e4ytt\u00f6 onnistuu vasta hieman vanhempana.<\/li>\n<li>Katso <a href=\"https:\/\/www.youtube.com\/watch?v=TEyRtvIJqII&amp;feature=youtu.be&amp;fbclid=IwAR3Gb1wqZ3xviNkQ6K4PIgO58mg8LgVQFpjWqskVW-iGyt213HKEpQDmfdg\">THL:n ohjevideo<\/a> maskin k\u00e4yt\u00f6st\u00e4.<\/li>\n<\/ul>\n","protected":false},"excerpt":{"rendered":"<p>Koronatilanteen kiristyess\u00e4 Vanajaveden Opistossa kiinnitet\u00e4\u00e4n yh\u00e4 tarkemmin huomiota opiskelijoiden ja henkil\u00f6kunnan turvallisuuteen. Pyrimme kuitenkin toistaiseksi jatkamaan l\u00e4hiopetusta, mutta tarvittaessa siirrymme [&hellip;]<\/p>\n","protected":false},"author":4,"featured_media":6548,"comment_status":"closed","ping_status":"closed","sticky":false,"template":"","format":"standard","meta":{"_acf_changed":false,"_relevanssi_hide_post":"","_relevanssi_hide_content":"","_relevanssi_pin_for_all":"","_relevanssi_pin_keywords":"","_relevanssi_unpin_keywords":"","_relevanssi_related_keywords":"","_relevanssi_related_include_ids":"","_relevanssi_related_exclude_ids":"","_relevanssi_related_no_append":"","_relevanssi_related_not_related":"","_relevanssi_related_posts":"","_relevanssi_noindex_reason":"","footnotes":""},"categories":[92],"tags":[],"class_list":["post-6546","post","type-post","status-publish","format-standard","has-post-thumbnail","hentry","category-ajankohtaista"],"acf":[],"yoast_head":"<title>VOPin opiskelijoille maskisuositus - katso my\u00f6s ohjeet - Vanajaveden Opisto<\/title>\n<meta name=\"robots\" content=\"index, follow, max-snippet:-1, max-image-preview:large, max-video-preview:-1\" \/>\n<link rel=\"canonical\" href=\"https:\/\/www.kktavastia.fi\/vanajaveden-opisto\/ajankohtaista\/2020\/vopin-opiskelijoille-maskisuositus\/\" \/>\n<meta property=\"og:locale\" content=\"fi_FI\" \/>\n<meta property=\"og:type\" content=\"article\" \/>\n<meta property=\"og:title\" content=\"VOPin opiskelijoille maskisuositus - katso my\u00f6s ohjeet - Vanajaveden Opisto\" \/>\n<meta property=\"og:description\" content=\"Koronatilanteen kiristyess\u00e4 Vanajaveden Opistossa kiinnitet\u00e4\u00e4n yh\u00e4 tarkemmin huomiota opiskelijoiden ja henkil\u00f6kunnan turvallisuuteen. Pyrimme kuitenkin toistaiseksi jatkamaan l\u00e4hiopetusta, mutta tarvittaessa siirrymme [&hellip;]\" \/>\n<meta property=\"og:url\" content=\"https:\/\/www.kktavastia.fi\/vanajaveden-opisto\/ajankohtaista\/2020\/vopin-opiskelijoille-maskisuositus\/\" \/>\n<meta property=\"og:site_name\" content=\"Vanajaveden Opisto\" \/>\n<meta property=\"article:published_time\" content=\"2020-10-05T09:03:48+00:00\" \/>\n<meta property=\"og:image\" content=\"https:\/\/www.kktavastia.fi\/media\/sites\/3\/corona-5002332_1920b.jpg\" \/>\n\t<meta property=\"og:image:width\" content=\"1125\" \/>\n\t<meta property=\"og:image:height\" content=\"1280\" \/>\n\t<meta property=\"og:image:type\" content=\"image\/jpeg\" \/>\n<meta name=\"author\" content=\"mikkoitavaara\" \/>\n<meta name=\"twitter:card\" content=\"summary_large_image\" \/>\n<script type=\"application\/ld+json\" class=\"yoast-schema-graph\">{\"@context\":\"https:\\\/\\\/schema.org\",\"@graph\":[{\"@type\":\"Article\",\"@id\":\"https:\\\/\\\/www.kktavastia.fi\\\/vanajaveden-opisto\\\/ajankohtaista\\\/2020\\\/vopin-opiskelijoille-maskisuositus\\\/#article\",\"isPartOf\":{\"@id\":\"https:\\\/\\\/www.kktavastia.fi\\\/vanajaveden-opisto\\\/ajankohtaista\\\/2020\\\/vopin-opiskelijoille-maskisuositus\\\/\"},\"author\":{\"name\":\"mikkoitavaara\",\"@id\":\"https:\\\/\\\/www.kktavastia.fi\\\/vanajaveden-opisto\\\/#\\\/schema\\\/person\\\/ecaf23645c5f31828dab4f986e7be1b8\"},\"headline\":\"VOPin opiskelijoille maskisuositus &#8211; katso my\u00f6s ohjeet\",\"datePublished\":\"2020-10-05T09:03:48+00:00\",\"mainEntityOfPage\":{\"@id\":\"https:\\\/\\\/www.kktavastia.fi\\\/vanajaveden-opisto\\\/ajankohtaista\\\/2020\\\/vopin-opiskelijoille-maskisuositus\\\/\"},\"wordCount\":353,\"image\":{\"@id\":\"https:\\\/\\\/www.kktavastia.fi\\\/vanajaveden-opisto\\\/ajankohtaista\\\/2020\\\/vopin-opiskelijoille-maskisuositus\\\/#primaryimage\"},\"thumbnailUrl\":\"https:\\\/\\\/www.kktavastia.fi\\\/media\\\/sites\\\/3\\\/corona-5002332_1920b.jpg\",\"articleSection\":[\"Ajankohtaista\"],\"inLanguage\":\"fi\"},{\"@type\":\"WebPage\",\"@id\":\"https:\\\/\\\/www.kktavastia.fi\\\/vanajaveden-opisto\\\/ajankohtaista\\\/2020\\\/vopin-opiskelijoille-maskisuositus\\\/\",\"url\":\"https:\\\/\\\/www.kktavastia.fi\\\/vanajaveden-opisto\\\/ajankohtaista\\\/2020\\\/vopin-opiskelijoille-maskisuositus\\\/\",\"name\":\"VOPin opiskelijoille maskisuositus - katso my\u00f6s ohjeet - Vanajaveden Opisto\",\"isPartOf\":{\"@id\":\"https:\\\/\\\/www.kktavastia.fi\\\/vanajaveden-opisto\\\/#website\"},\"primaryImageOfPage\":{\"@id\":\"https:\\\/\\\/www.kktavastia.fi\\\/vanajaveden-opisto\\\/ajankohtaista\\\/2020\\\/vopin-opiskelijoille-maskisuositus\\\/#primaryimage\"},\"image\":{\"@id\":\"https:\\\/\\\/www.kktavastia.fi\\\/vanajaveden-opisto\\\/ajankohtaista\\\/2020\\\/vopin-opiskelijoille-maskisuositus\\\/#primaryimage\"},\"thumbnailUrl\":\"https:\\\/\\\/www.kktavastia.fi\\\/media\\\/sites\\\/3\\\/corona-5002332_1920b.jpg\",\"datePublished\":\"2020-10-05T09:03:48+00:00\",\"author\":{\"@id\":\"https:\\\/\\\/www.kktavastia.fi\\\/vanajaveden-opisto\\\/#\\\/schema\\\/person\\\/ecaf23645c5f31828dab4f986e7be1b8\"},\"breadcrumb\":{\"@id\":\"https:\\\/\\\/www.kktavastia.fi\\\/vanajaveden-opisto\\\/ajankohtaista\\\/2020\\\/vopin-opiskelijoille-maskisuositus\\\/#breadcrumb\"},\"inLanguage\":\"fi\",\"potentialAction\":[{\"@type\":\"ReadAction\",\"target\":[\"https:\\\/\\\/www.kktavastia.fi\\\/vanajaveden-opisto\\\/ajankohtaista\\\/2020\\\/vopin-opiskelijoille-maskisuositus\\\/\"]}]},{\"@type\":\"ImageObject\",\"inLanguage\":\"fi\",\"@id\":\"https:\\\/\\\/www.kktavastia.fi\\\/vanajaveden-opisto\\\/ajankohtaista\\\/2020\\\/vopin-opiskelijoille-maskisuositus\\\/#primaryimage\",\"url\":\"https:\\\/\\\/www.kktavastia.fi\\\/media\\\/sites\\\/3\\\/corona-5002332_1920b.jpg\",\"contentUrl\":\"https:\\\/\\\/www.kktavastia.fi\\\/media\\\/sites\\\/3\\\/corona-5002332_1920b.jpg\",\"width\":1125,\"height\":1280},{\"@type\":\"BreadcrumbList\",\"@id\":\"https:\\\/\\\/www.kktavastia.fi\\\/vanajaveden-opisto\\\/ajankohtaista\\\/2020\\\/vopin-opiskelijoille-maskisuositus\\\/#breadcrumb\",\"itemListElement\":[{\"@type\":\"ListItem\",\"position\":1,\"name\":\"Home\",\"item\":\"https:\\\/\\\/www.kktavastia.fi\\\/vanajaveden-opisto\\\/\"},{\"@type\":\"ListItem\",\"position\":2,\"name\":\"VOPin opiskelijoille maskisuositus &#8211; katso my\u00f6s ohjeet\"}]},{\"@type\":\"WebSite\",\"@id\":\"https:\\\/\\\/www.kktavastia.fi\\\/vanajaveden-opisto\\\/#website\",\"url\":\"https:\\\/\\\/www.kktavastia.fi\\\/vanajaveden-opisto\\\/\",\"name\":\"Vanajaveden Opisto\",\"description\":\"\",\"potentialAction\":[{\"@type\":\"SearchAction\",\"target\":{\"@type\":\"EntryPoint\",\"urlTemplate\":\"https:\\\/\\\/www.kktavastia.fi\\\/vanajaveden-opisto\\\/?s={search_term_string}\"},\"query-input\":{\"@type\":\"PropertyValueSpecification\",\"valueRequired\":true,\"valueName\":\"search_term_string\"}}],\"inLanguage\":\"fi\"},{\"@type\":\"Person\",\"@id\":\"https:\\\/\\\/www.kktavastia.fi\\\/vanajaveden-opisto\\\/#\\\/schema\\\/person\\\/ecaf23645c5f31828dab4f986e7be1b8\",\"name\":\"mikkoitavaara\",\"image\":{\"@type\":\"ImageObject\",\"inLanguage\":\"fi\",\"@id\":\"https:\\\/\\\/secure.gravatar.com\\\/avatar\\\/a590bec76b1d76e5171210d3a3885775c13195dd16cf68c354a2bf7bdccdc14e?s=96&d=mm&r=g\",\"url\":\"https:\\\/\\\/secure.gravatar.com\\\/avatar\\\/a590bec76b1d76e5171210d3a3885775c13195dd16cf68c354a2bf7bdccdc14e?s=96&d=mm&r=g\",\"contentUrl\":\"https:\\\/\\\/secure.gravatar.com\\\/avatar\\\/a590bec76b1d76e5171210d3a3885775c13195dd16cf68c354a2bf7bdccdc14e?s=96&d=mm&r=g\",\"caption\":\"mikkoitavaara\"},\"url\":\"https:\\\/\\\/www.kktavastia.fi\\\/vanajaveden-opisto\\\/ajankohtaista\\\/author\\\/mikkoitavaara\\\/\"}]}<\/script>","yoast_head_json":{"title":"VOPin opiskelijoille maskisuositus - katso my\u00f6s ohjeet - Vanajaveden Opisto","robots":{"index":"index","follow":"follow","max-snippet":"max-snippet:-1","max-image-preview":"max-image-preview:large","max-video-preview":"max-video-preview:-1"},"canonical":"https:\/\/www.kktavastia.fi\/vanajaveden-opisto\/ajankohtaista\/2020\/vopin-opiskelijoille-maskisuositus\/","og_locale":"fi_FI","og_type":"article","og_title":"VOPin opiskelijoille maskisuositus - katso my\u00f6s ohjeet - Vanajaveden Opisto","og_description":"Koronatilanteen kiristyess\u00e4 Vanajaveden Opistossa kiinnitet\u00e4\u00e4n yh\u00e4 tarkemmin huomiota opiskelijoiden ja henkil\u00f6kunnan turvallisuuteen. Pyrimme kuitenkin toistaiseksi jatkamaan l\u00e4hiopetusta, mutta tarvittaessa siirrymme [&hellip;]","og_url":"https:\/\/www.kktavastia.fi\/vanajaveden-opisto\/ajankohtaista\/2020\/vopin-opiskelijoille-maskisuositus\/","og_site_name":"Vanajaveden Opisto","article_published_time":"2020-10-05T09:03:48+00:00","og_image":[{"width":1125,"height":1280,"url":"https:\/\/www.kktavastia.fi\/media\/sites\/3\/corona-5002332_1920b.jpg","type":"image\/jpeg"}],"author":"mikkoitavaara","twitter_card":"summary_large_image","schema":{"@context":"https:\/\/schema.org","@graph":[{"@type":"Article","@id":"https:\/\/www.kktavastia.fi\/vanajaveden-opisto\/ajankohtaista\/2020\/vopin-opiskelijoille-maskisuositus\/#article","isPartOf":{"@id":"https:\/\/www.kktavastia.fi\/vanajaveden-opisto\/ajankohtaista\/2020\/vopin-opiskelijoille-maskisuositus\/"},"author":{"name":"mikkoitavaara","@id":"https:\/\/www.kktavastia.fi\/vanajaveden-opisto\/#\/schema\/person\/ecaf23645c5f31828dab4f986e7be1b8"},"headline":"VOPin opiskelijoille maskisuositus &#8211; katso my\u00f6s ohjeet","datePublished":"2020-10-05T09:03:48+00:00","mainEntityOfPage":{"@id":"https:\/\/www.kktavastia.fi\/vanajaveden-opisto\/ajankohtaista\/2020\/vopin-opiskelijoille-maskisuositus\/"},"wordCount":353,"image":{"@id":"https:\/\/www.kktavastia.fi\/vanajaveden-opisto\/ajankohtaista\/2020\/vopin-opiskelijoille-maskisuositus\/#primaryimage"},"thumbnailUrl":"https:\/\/www.kktavastia.fi\/media\/sites\/3\/corona-5002332_1920b.jpg","articleSection":["Ajankohtaista"],"inLanguage":"fi"},{"@type":"WebPage","@id":"https:\/\/www.kktavastia.fi\/vanajaveden-opisto\/ajankohtaista\/2020\/vopin-opiskelijoille-maskisuositus\/","url":"https:\/\/www.kktavastia.fi\/vanajaveden-opisto\/ajankohtaista\/2020\/vopin-opiskelijoille-maskisuositus\/","name":"VOPin opiskelijoille maskisuositus - katso my\u00f6s ohjeet - Vanajaveden Opisto","isPartOf":{"@id":"https:\/\/www.kktavastia.fi\/vanajaveden-opisto\/#website"},"primaryImageOfPage":{"@id":"https:\/\/www.kktavastia.fi\/vanajaveden-opisto\/ajankohtaista\/2020\/vopin-opiskelijoille-maskisuositus\/#primaryimage"},"image":{"@id":"https:\/\/www.kktavastia.fi\/vanajaveden-opisto\/ajankohtaista\/2020\/vopin-opiskelijoille-maskisuositus\/#primaryimage"},"thumbnailUrl":"https:\/\/www.kktavastia.fi\/media\/sites\/3\/corona-5002332_1920b.jpg","datePublished":"2020-10-05T09:03:48+00:00","author":{"@id":"https:\/\/www.kktavastia.fi\/vanajaveden-opisto\/#\/schema\/person\/ecaf23645c5f31828dab4f986e7be1b8"},"breadcrumb":{"@id":"https:\/\/www.kktavastia.fi\/vanajaveden-opisto\/ajankohtaista\/2020\/vopin-opiskelijoille-maskisuositus\/#breadcrumb"},"inLanguage":"fi","potentialAction":[{"@type":"ReadAction","target":["https:\/\/www.kktavastia.fi\/vanajaveden-opisto\/ajankohtaista\/2020\/vopin-opiskelijoille-maskisuositus\/"]}]},{"@type":"ImageObject","inLanguage":"fi","@id":"https:\/\/www.kktavastia.fi\/vanajaveden-opisto\/ajankohtaista\/2020\/vopin-opiskelijoille-maskisuositus\/#primaryimage","url":"https:\/\/www.kktavastia.fi\/media\/sites\/3\/corona-5002332_1920b.jpg","contentUrl":"https:\/\/www.kktavastia.fi\/media\/sites\/3\/corona-5002332_1920b.jpg","width":1125,"height":1280},{"@type":"BreadcrumbList","@id":"https:\/\/www.kktavastia.fi\/vanajaveden-opisto\/ajankohtaista\/2020\/vopin-opiskelijoille-maskisuositus\/#breadcrumb","itemListElement":[{"@type":"ListItem","position":1,"name":"Home","item":"https:\/\/www.kktavastia.fi\/vanajaveden-opisto\/"},{"@type":"ListItem","position":2,"name":"VOPin opiskelijoille maskisuositus &#8211; katso my\u00f6s ohjeet"}]},{"@type":"WebSite","@id":"https:\/\/www.kktavastia.fi\/vanajaveden-opisto\/#website","url":"https:\/\/www.kktavastia.fi\/vanajaveden-opisto\/","name":"Vanajaveden Opisto","description":"","potentialAction":[{"@type":"SearchAction","target":{"@type":"EntryPoint","urlTemplate":"https:\/\/www.kktavastia.fi\/vanajaveden-opisto\/?s={search_term_string}"},"query-input":{"@type":"PropertyValueSpecification","valueRequired":true,"valueName":"search_term_string"}}],"inLanguage":"fi"},{"@type":"Person","@id":"https:\/\/www.kktavastia.fi\/vanajaveden-opisto\/#\/schema\/person\/ecaf23645c5f31828dab4f986e7be1b8","name":"mikkoitavaara","image":{"@type":"ImageObject","inLanguage":"fi","@id":"https:\/\/secure.gravatar.com\/avatar\/a590bec76b1d76e5171210d3a3885775c13195dd16cf68c354a2bf7bdccdc14e?s=96&d=mm&r=g","url":"https:\/\/secure.gravatar.com\/avatar\/a590bec76b1d76e5171210d3a3885775c13195dd16cf68c354a2bf7bdccdc14e?s=96&d=mm&r=g","contentUrl":"https:\/\/secure.gravatar.com\/avatar\/a590bec76b1d76e5171210d3a3885775c13195dd16cf68c354a2bf7bdccdc14e?s=96&d=mm&r=g","caption":"mikkoitavaara"},"url":"https:\/\/www.kktavastia.fi\/vanajaveden-opisto\/ajankohtaista\/author\/mikkoitavaara\/"}]}},"_links":{"self":[{"href":"https:\/\/www.kktavastia.fi\/vanajaveden-opisto\/wp-json\/wp\/v2\/posts\/6546","targetHints":{"allow":["GET"]}}],"collection":[{"href":"https:\/\/www.kktavastia.fi\/vanajaveden-opisto\/wp-json\/wp\/v2\/posts"}],"about":[{"href":"https:\/\/www.kktavastia.fi\/vanajaveden-opisto\/wp-json\/wp\/v2\/types\/post"}],"author":[{"embeddable":true,"href":"https:\/\/www.kktavastia.fi\/vanajaveden-opisto\/wp-json\/wp\/v2\/users\/4"}],"replies":[{"embeddable":true,"href":"https:\/\/www.kktavastia.fi\/vanajaveden-opisto\/wp-json\/wp\/v2\/comments?post=6546"}],"version-history":[{"count":0,"href":"https:\/\/www.kktavastia.fi\/vanajaveden-opisto\/wp-json\/wp\/v2\/posts\/6546\/revisions"}],"wp:featuredmedia":[{"embeddable":true,"href":"https:\/\/www.kktavastia.fi\/vanajaveden-opisto\/wp-json\/wp\/v2\/media\/6548"}],"wp:attachment":[{"href":"https:\/\/www.kktavastia.fi\/vanajaveden-opisto\/wp-json\/wp\/v2\/media?parent=6546"}],"wp:term":[{"taxonomy":"category","embeddable":true,"href":"https:\/\/www.kktavastia.fi\/vanajaveden-opisto\/wp-json\/wp\/v2\/categories?post=6546"},{"taxonomy":"post_tag","embeddable":true,"href":"https:\/\/www.kktavastia.fi\/vanajaveden-opisto\/wp-json\/wp\/v2\/tags?post=6546"}],"curies":[{"name":"wp","href":"https:\/\/api.w.org\/{rel}","templated":true}]}}