{"id":5998,"date":"2020-04-21T17:05:19","date_gmt":"2020-04-21T14:05:19","guid":{"rendered":"https:\/\/www.kktavastia.fi\/vanajaveden-opisto\/?p=5998"},"modified":"2020-04-21T17:05:19","modified_gmt":"2020-04-21T14:05:19","slug":"vanajaveden-opisto-on-kestavan-kehityksen-karjessa","status":"publish","type":"post","link":"https:\/\/www.kktavastia.fi\/vanajaveden-opisto\/ajankohtaista\/2020\/vanajaveden-opisto-on-kestavan-kehityksen-karjessa\/","title":{"rendered":"Vanajaveden Opisto on kest\u00e4v\u00e4n kehityksen k\u00e4rjess\u00e4"},"content":{"rendered":"<figure id=\"attachment_6000\" aria-describedby=\"caption-attachment-6000\" style=\"width: 300px\" class=\"wp-caption alignnone\"><a href=\"https:\/\/www.kktavastia.fi\/media\/sites\/3\/img_8764-scaled-1.jpg\"><img loading=\"lazy\" decoding=\"async\" class=\"wp-image-6000 size-medium\" src=\"https:\/\/www.kktavastia.fi\/vanajaveden-opisto\/materiaali\/sites\/9\/IMG_8764-300x200.jpg\" alt=\"\" width=\"300\" height=\"200\" \/><\/a><figcaption id=\"caption-attachment-6000\" class=\"wp-caption-text\">Vanajaveden Opisto j\u00e4rjest\u00e4\u00e4 muun muassa Tekstiilit uusiks -tapahtuman.<\/figcaption><\/figure>\n<p>OKKA-s\u00e4\u00e4ti\u00f6 on my\u00f6nt\u00e4nyt Vanajaveden Opistolle (VOP) Oppilaitosten kest\u00e4v\u00e4n kehityksen sertifikaatin. VOP on kest\u00e4v\u00e4n kehityksen etujoukoissa, sill\u00e4 kyseinen sertifikaatti on vasta nelj\u00e4ll\u00e4toista kansalaisopistolla Suomessa. Opistoja on kaikkiaan 181.<\/p>\n<p>Arvioinnissa kiinnitet\u00e4\u00e4n huomiota muiden muassa oppilaitoksen arvoihin, lakis\u00e4\u00e4teisiin vaatimuksiin, resursseihin ja ylip\u00e4\u00e4ns\u00e4 siihen, miten kest\u00e4v\u00e4\u00e4 kehityst\u00e4 noudatetaan koulutusten suunnittelussa, toteutuksessa sek\u00e4 toimintakulttuurissa.<\/p>\n<p>VOPin rehtori <strong>Outi It\u00e4luoma<\/strong> iloitsee pitk\u00e4j\u00e4nteisen ty\u00f6n tuloksesta.<\/p>\n<p>&#8211; Vanajaveden Opisto on toiminut kest\u00e4v\u00e4n kehityksen arvojen mukaan jo vuosia. Sertifikaatti kruunaa tekem\u00e4mme ty\u00f6n ja kertoo siit\u00e4, ett\u00e4 olemme tehneet asioita oikein. Olen todella ylpe\u00e4 koko henkil\u00f6st\u00f6st\u00e4mme, h\u00e4n sanoo.<\/p>\n<p>Opiston erityisi\u00e4 vahvuuksia kest\u00e4v\u00e4n kehityksen ty\u00f6ss\u00e4 ovat my\u00f6s OKKA-s\u00e4\u00e4ti\u00f6n mukaan tekemisen m\u00e4\u00e4r\u00e4tietoisuus ja systemaattisuus, jota on entisest\u00e4\u00e4n ter\u00e4v\u00f6itetty vuodesta 2016 alkaen. VOP on onnistunut jalkauttamaan kest\u00e4v\u00e4n kehityksen toimintatavat, vaikka se toimii eri paikkakunnilla ja useissa toimipisteiss\u00e4.<\/p>\n<p>Opiston kest\u00e4v\u00e4n kehityksen ohjelma on laadittu kolmen teeman kautta, jotka ovat taloudellinen, toiminnallinen ja viihtyvyyteen t\u00e4ht\u00e4\u00e4v\u00e4 opiston tilojen hoito, kulttuuriymp\u00e4rist\u00f6, tavat ja perinteet sek\u00e4 monikulttuurisuus ja kansainv\u00e4lisyys.<\/p>\n<p>&#8211; Ohjelma on rakennettu niin, ett\u00e4 sen johdonmukaisuus ja s\u00e4\u00e4nn\u00f6llinen, tuloskorttimuotoinen arviointimalli selkeytt\u00e4\u00e4 k\u00e4yt\u00e4nt\u00f6j\u00e4, pit\u00e4\u00e4 tavoitteet konkreettisina ja toimenpiteet dokumentoitavina. Kehitysty\u00f6n vuotuinen sykli on selke\u00e4, toteaa auditoija <strong>Kaisa Lindstr\u00f6m<\/strong>.<\/p>\n<p>H\u00e4meenlinnan seudun muista oppilaitoksista ainoastaan Ammattiopisto Tavastialla on kyseinen sertifikaatti. Molemmat sertifioidut oppilaitokset ovat osa Koulutuskuntayhtym\u00e4 Tavastiaa.<\/p>\n<p><a href=\"https:\/\/koulujaymparisto.fi\/wp-content\/uploads\/Vapaa_sivtyo_keke_kriteerit.pdf\" target=\"_blank\" rel=\"noopener noreferrer\">Lis\u00e4tietoa sertifikaatin kriteereist\u00e4<\/a><\/p>\n<p><a href=\"https:\/\/www.kktavastia.fi\/media\/sites\/3\/vanajavesi-vapaamuotoinen-raportti.pdf\">Auditoijan vapaamuotoinen raportti\u00a0<\/a><\/p>\n","protected":false},"excerpt":{"rendered":"<p>OKKA-s\u00e4\u00e4ti\u00f6 on my\u00f6nt\u00e4nyt Vanajaveden Opistolle (VOP) Oppilaitosten kest\u00e4v\u00e4n kehityksen sertifikaatin. VOP on kest\u00e4v\u00e4n kehityksen etujoukoissa, sill\u00e4 kyseinen sertifikaatti on vasta [&hellip;]<\/p>\n","protected":false},"author":6,"featured_media":6000,"comment_status":"closed","ping_status":"closed","sticky":false,"template":"","format":"standard","meta":{"_acf_changed":false,"_relevanssi_hide_post":"","_relevanssi_hide_content":"","_relevanssi_pin_for_all":"","_relevanssi_pin_keywords":"","_relevanssi_unpin_keywords":"","_relevanssi_related_keywords":"","_relevanssi_related_include_ids":"","_relevanssi_related_exclude_ids":"","_relevanssi_related_no_append":"","_relevanssi_related_not_related":"","_relevanssi_related_posts":"","_relevanssi_noindex_reason":"","footnotes":""},"categories":[92],"tags":[],"class_list":["post-5998","post","type-post","status-publish","format-standard","has-post-thumbnail","hentry","category-ajankohtaista"],"acf":[],"yoast_head":"<title>Vanajaveden Opisto on kest\u00e4v\u00e4n kehityksen k\u00e4rjess\u00e4 - Vanajaveden Opisto<\/title>\n<meta name=\"robots\" content=\"index, follow, max-snippet:-1, max-image-preview:large, max-video-preview:-1\" \/>\n<link rel=\"canonical\" href=\"https:\/\/www.kktavastia.fi\/vanajaveden-opisto\/ajankohtaista\/2020\/vanajaveden-opisto-on-kestavan-kehityksen-karjessa\/\" \/>\n<meta property=\"og:locale\" content=\"fi_FI\" \/>\n<meta property=\"og:type\" content=\"article\" \/>\n<meta property=\"og:title\" content=\"Vanajaveden Opisto on kest\u00e4v\u00e4n kehityksen k\u00e4rjess\u00e4 - Vanajaveden Opisto\" \/>\n<meta property=\"og:description\" content=\"OKKA-s\u00e4\u00e4ti\u00f6 on my\u00f6nt\u00e4nyt Vanajaveden Opistolle (VOP) Oppilaitosten kest\u00e4v\u00e4n kehityksen sertifikaatin. VOP on kest\u00e4v\u00e4n kehityksen etujoukoissa, sill\u00e4 kyseinen sertifikaatti on vasta [&hellip;]\" \/>\n<meta property=\"og:url\" content=\"https:\/\/www.kktavastia.fi\/vanajaveden-opisto\/ajankohtaista\/2020\/vanajaveden-opisto-on-kestavan-kehityksen-karjessa\/\" \/>\n<meta property=\"og:site_name\" content=\"Vanajaveden Opisto\" \/>\n<meta property=\"article:published_time\" content=\"2020-04-21T14:05:19+00:00\" \/>\n<meta property=\"og:image\" content=\"https:\/\/www.kktavastia.fi\/media\/sites\/3\/img_8764-scaled-1.jpg\" \/>\n\t<meta property=\"og:image:width\" content=\"2000\" \/>\n\t<meta property=\"og:image:height\" content=\"1333\" \/>\n\t<meta property=\"og:image:type\" content=\"image\/jpeg\" \/>\n<meta name=\"author\" content=\"saraseppala\" \/>\n<meta name=\"twitter:card\" content=\"summary_large_image\" \/>\n<script type=\"application\/ld+json\" class=\"yoast-schema-graph\">{\"@context\":\"https:\\\/\\\/schema.org\",\"@graph\":[{\"@type\":\"Article\",\"@id\":\"https:\\\/\\\/www.kktavastia.fi\\\/vanajaveden-opisto\\\/ajankohtaista\\\/2020\\\/vanajaveden-opisto-on-kestavan-kehityksen-karjessa\\\/#article\",\"isPartOf\":{\"@id\":\"https:\\\/\\\/www.kktavastia.fi\\\/vanajaveden-opisto\\\/ajankohtaista\\\/2020\\\/vanajaveden-opisto-on-kestavan-kehityksen-karjessa\\\/\"},\"author\":{\"name\":\"saraseppala\",\"@id\":\"https:\\\/\\\/www.kktavastia.fi\\\/vanajaveden-opisto\\\/#\\\/schema\\\/person\\\/817cce3016d2f14b9a7ed273534dcf4d\"},\"headline\":\"Vanajaveden Opisto on kest\u00e4v\u00e4n kehityksen k\u00e4rjess\u00e4\",\"datePublished\":\"2020-04-21T14:05:19+00:00\",\"mainEntityOfPage\":{\"@id\":\"https:\\\/\\\/www.kktavastia.fi\\\/vanajaveden-opisto\\\/ajankohtaista\\\/2020\\\/vanajaveden-opisto-on-kestavan-kehityksen-karjessa\\\/\"},\"wordCount\":278,\"image\":{\"@id\":\"https:\\\/\\\/www.kktavastia.fi\\\/vanajaveden-opisto\\\/ajankohtaista\\\/2020\\\/vanajaveden-opisto-on-kestavan-kehityksen-karjessa\\\/#primaryimage\"},\"thumbnailUrl\":\"https:\\\/\\\/www.kktavastia.fi\\\/media\\\/sites\\\/3\\\/img_8764-scaled-1.jpg\",\"articleSection\":[\"Ajankohtaista\"],\"inLanguage\":\"fi\"},{\"@type\":\"WebPage\",\"@id\":\"https:\\\/\\\/www.kktavastia.fi\\\/vanajaveden-opisto\\\/ajankohtaista\\\/2020\\\/vanajaveden-opisto-on-kestavan-kehityksen-karjessa\\\/\",\"url\":\"https:\\\/\\\/www.kktavastia.fi\\\/vanajaveden-opisto\\\/ajankohtaista\\\/2020\\\/vanajaveden-opisto-on-kestavan-kehityksen-karjessa\\\/\",\"name\":\"Vanajaveden Opisto on kest\u00e4v\u00e4n kehityksen k\u00e4rjess\u00e4 - Vanajaveden Opisto\",\"isPartOf\":{\"@id\":\"https:\\\/\\\/www.kktavastia.fi\\\/vanajaveden-opisto\\\/#website\"},\"primaryImageOfPage\":{\"@id\":\"https:\\\/\\\/www.kktavastia.fi\\\/vanajaveden-opisto\\\/ajankohtaista\\\/2020\\\/vanajaveden-opisto-on-kestavan-kehityksen-karjessa\\\/#primaryimage\"},\"image\":{\"@id\":\"https:\\\/\\\/www.kktavastia.fi\\\/vanajaveden-opisto\\\/ajankohtaista\\\/2020\\\/vanajaveden-opisto-on-kestavan-kehityksen-karjessa\\\/#primaryimage\"},\"thumbnailUrl\":\"https:\\\/\\\/www.kktavastia.fi\\\/media\\\/sites\\\/3\\\/img_8764-scaled-1.jpg\",\"datePublished\":\"2020-04-21T14:05:19+00:00\",\"author\":{\"@id\":\"https:\\\/\\\/www.kktavastia.fi\\\/vanajaveden-opisto\\\/#\\\/schema\\\/person\\\/817cce3016d2f14b9a7ed273534dcf4d\"},\"breadcrumb\":{\"@id\":\"https:\\\/\\\/www.kktavastia.fi\\\/vanajaveden-opisto\\\/ajankohtaista\\\/2020\\\/vanajaveden-opisto-on-kestavan-kehityksen-karjessa\\\/#breadcrumb\"},\"inLanguage\":\"fi\",\"potentialAction\":[{\"@type\":\"ReadAction\",\"target\":[\"https:\\\/\\\/www.kktavastia.fi\\\/vanajaveden-opisto\\\/ajankohtaista\\\/2020\\\/vanajaveden-opisto-on-kestavan-kehityksen-karjessa\\\/\"]}]},{\"@type\":\"ImageObject\",\"inLanguage\":\"fi\",\"@id\":\"https:\\\/\\\/www.kktavastia.fi\\\/vanajaveden-opisto\\\/ajankohtaista\\\/2020\\\/vanajaveden-opisto-on-kestavan-kehityksen-karjessa\\\/#primaryimage\",\"url\":\"https:\\\/\\\/www.kktavastia.fi\\\/media\\\/sites\\\/3\\\/img_8764-scaled-1.jpg\",\"contentUrl\":\"https:\\\/\\\/www.kktavastia.fi\\\/media\\\/sites\\\/3\\\/img_8764-scaled-1.jpg\",\"width\":2000,\"height\":1333},{\"@type\":\"BreadcrumbList\",\"@id\":\"https:\\\/\\\/www.kktavastia.fi\\\/vanajaveden-opisto\\\/ajankohtaista\\\/2020\\\/vanajaveden-opisto-on-kestavan-kehityksen-karjessa\\\/#breadcrumb\",\"itemListElement\":[{\"@type\":\"ListItem\",\"position\":1,\"name\":\"Home\",\"item\":\"https:\\\/\\\/www.kktavastia.fi\\\/vanajaveden-opisto\\\/\"},{\"@type\":\"ListItem\",\"position\":2,\"name\":\"Vanajaveden Opisto on kest\u00e4v\u00e4n kehityksen k\u00e4rjess\u00e4\"}]},{\"@type\":\"WebSite\",\"@id\":\"https:\\\/\\\/www.kktavastia.fi\\\/vanajaveden-opisto\\\/#website\",\"url\":\"https:\\\/\\\/www.kktavastia.fi\\\/vanajaveden-opisto\\\/\",\"name\":\"Vanajaveden Opisto\",\"description\":\"\",\"potentialAction\":[{\"@type\":\"SearchAction\",\"target\":{\"@type\":\"EntryPoint\",\"urlTemplate\":\"https:\\\/\\\/www.kktavastia.fi\\\/vanajaveden-opisto\\\/?s={search_term_string}\"},\"query-input\":{\"@type\":\"PropertyValueSpecification\",\"valueRequired\":true,\"valueName\":\"search_term_string\"}}],\"inLanguage\":\"fi\"},{\"@type\":\"Person\",\"@id\":\"https:\\\/\\\/www.kktavastia.fi\\\/vanajaveden-opisto\\\/#\\\/schema\\\/person\\\/817cce3016d2f14b9a7ed273534dcf4d\",\"name\":\"saraseppala\",\"image\":{\"@type\":\"ImageObject\",\"inLanguage\":\"fi\",\"@id\":\"https:\\\/\\\/secure.gravatar.com\\\/avatar\\\/478c9f0d13d5df0e5e3d2ec80a1d93afb10baa5bf0f981b9874b9ad1ff76cafc?s=96&d=mm&r=g\",\"url\":\"https:\\\/\\\/secure.gravatar.com\\\/avatar\\\/478c9f0d13d5df0e5e3d2ec80a1d93afb10baa5bf0f981b9874b9ad1ff76cafc?s=96&d=mm&r=g\",\"contentUrl\":\"https:\\\/\\\/secure.gravatar.com\\\/avatar\\\/478c9f0d13d5df0e5e3d2ec80a1d93afb10baa5bf0f981b9874b9ad1ff76cafc?s=96&d=mm&r=g\",\"caption\":\"saraseppala\"},\"url\":\"https:\\\/\\\/www.kktavastia.fi\\\/vanajaveden-opisto\\\/ajankohtaista\\\/author\\\/saraseppala\\\/\"}]}<\/script>","yoast_head_json":{"title":"Vanajaveden Opisto on kest\u00e4v\u00e4n kehityksen k\u00e4rjess\u00e4 - Vanajaveden Opisto","robots":{"index":"index","follow":"follow","max-snippet":"max-snippet:-1","max-image-preview":"max-image-preview:large","max-video-preview":"max-video-preview:-1"},"canonical":"https:\/\/www.kktavastia.fi\/vanajaveden-opisto\/ajankohtaista\/2020\/vanajaveden-opisto-on-kestavan-kehityksen-karjessa\/","og_locale":"fi_FI","og_type":"article","og_title":"Vanajaveden Opisto on kest\u00e4v\u00e4n kehityksen k\u00e4rjess\u00e4 - Vanajaveden Opisto","og_description":"OKKA-s\u00e4\u00e4ti\u00f6 on my\u00f6nt\u00e4nyt Vanajaveden Opistolle (VOP) Oppilaitosten kest\u00e4v\u00e4n kehityksen sertifikaatin. VOP on kest\u00e4v\u00e4n kehityksen etujoukoissa, sill\u00e4 kyseinen sertifikaatti on vasta [&hellip;]","og_url":"https:\/\/www.kktavastia.fi\/vanajaveden-opisto\/ajankohtaista\/2020\/vanajaveden-opisto-on-kestavan-kehityksen-karjessa\/","og_site_name":"Vanajaveden Opisto","article_published_time":"2020-04-21T14:05:19+00:00","og_image":[{"width":2000,"height":1333,"url":"https:\/\/www.kktavastia.fi\/media\/sites\/3\/img_8764-scaled-1.jpg","type":"image\/jpeg"}],"author":"saraseppala","twitter_card":"summary_large_image","schema":{"@context":"https:\/\/schema.org","@graph":[{"@type":"Article","@id":"https:\/\/www.kktavastia.fi\/vanajaveden-opisto\/ajankohtaista\/2020\/vanajaveden-opisto-on-kestavan-kehityksen-karjessa\/#article","isPartOf":{"@id":"https:\/\/www.kktavastia.fi\/vanajaveden-opisto\/ajankohtaista\/2020\/vanajaveden-opisto-on-kestavan-kehityksen-karjessa\/"},"author":{"name":"saraseppala","@id":"https:\/\/www.kktavastia.fi\/vanajaveden-opisto\/#\/schema\/person\/817cce3016d2f14b9a7ed273534dcf4d"},"headline":"Vanajaveden Opisto on kest\u00e4v\u00e4n kehityksen k\u00e4rjess\u00e4","datePublished":"2020-04-21T14:05:19+00:00","mainEntityOfPage":{"@id":"https:\/\/www.kktavastia.fi\/vanajaveden-opisto\/ajankohtaista\/2020\/vanajaveden-opisto-on-kestavan-kehityksen-karjessa\/"},"wordCount":278,"image":{"@id":"https:\/\/www.kktavastia.fi\/vanajaveden-opisto\/ajankohtaista\/2020\/vanajaveden-opisto-on-kestavan-kehityksen-karjessa\/#primaryimage"},"thumbnailUrl":"https:\/\/www.kktavastia.fi\/media\/sites\/3\/img_8764-scaled-1.jpg","articleSection":["Ajankohtaista"],"inLanguage":"fi"},{"@type":"WebPage","@id":"https:\/\/www.kktavastia.fi\/vanajaveden-opisto\/ajankohtaista\/2020\/vanajaveden-opisto-on-kestavan-kehityksen-karjessa\/","url":"https:\/\/www.kktavastia.fi\/vanajaveden-opisto\/ajankohtaista\/2020\/vanajaveden-opisto-on-kestavan-kehityksen-karjessa\/","name":"Vanajaveden Opisto on kest\u00e4v\u00e4n kehityksen k\u00e4rjess\u00e4 - Vanajaveden Opisto","isPartOf":{"@id":"https:\/\/www.kktavastia.fi\/vanajaveden-opisto\/#website"},"primaryImageOfPage":{"@id":"https:\/\/www.kktavastia.fi\/vanajaveden-opisto\/ajankohtaista\/2020\/vanajaveden-opisto-on-kestavan-kehityksen-karjessa\/#primaryimage"},"image":{"@id":"https:\/\/www.kktavastia.fi\/vanajaveden-opisto\/ajankohtaista\/2020\/vanajaveden-opisto-on-kestavan-kehityksen-karjessa\/#primaryimage"},"thumbnailUrl":"https:\/\/www.kktavastia.fi\/media\/sites\/3\/img_8764-scaled-1.jpg","datePublished":"2020-04-21T14:05:19+00:00","author":{"@id":"https:\/\/www.kktavastia.fi\/vanajaveden-opisto\/#\/schema\/person\/817cce3016d2f14b9a7ed273534dcf4d"},"breadcrumb":{"@id":"https:\/\/www.kktavastia.fi\/vanajaveden-opisto\/ajankohtaista\/2020\/vanajaveden-opisto-on-kestavan-kehityksen-karjessa\/#breadcrumb"},"inLanguage":"fi","potentialAction":[{"@type":"ReadAction","target":["https:\/\/www.kktavastia.fi\/vanajaveden-opisto\/ajankohtaista\/2020\/vanajaveden-opisto-on-kestavan-kehityksen-karjessa\/"]}]},{"@type":"ImageObject","inLanguage":"fi","@id":"https:\/\/www.kktavastia.fi\/vanajaveden-opisto\/ajankohtaista\/2020\/vanajaveden-opisto-on-kestavan-kehityksen-karjessa\/#primaryimage","url":"https:\/\/www.kktavastia.fi\/media\/sites\/3\/img_8764-scaled-1.jpg","contentUrl":"https:\/\/www.kktavastia.fi\/media\/sites\/3\/img_8764-scaled-1.jpg","width":2000,"height":1333},{"@type":"BreadcrumbList","@id":"https:\/\/www.kktavastia.fi\/vanajaveden-opisto\/ajankohtaista\/2020\/vanajaveden-opisto-on-kestavan-kehityksen-karjessa\/#breadcrumb","itemListElement":[{"@type":"ListItem","position":1,"name":"Home","item":"https:\/\/www.kktavastia.fi\/vanajaveden-opisto\/"},{"@type":"ListItem","position":2,"name":"Vanajaveden Opisto on kest\u00e4v\u00e4n kehityksen k\u00e4rjess\u00e4"}]},{"@type":"WebSite","@id":"https:\/\/www.kktavastia.fi\/vanajaveden-opisto\/#website","url":"https:\/\/www.kktavastia.fi\/vanajaveden-opisto\/","name":"Vanajaveden Opisto","description":"","potentialAction":[{"@type":"SearchAction","target":{"@type":"EntryPoint","urlTemplate":"https:\/\/www.kktavastia.fi\/vanajaveden-opisto\/?s={search_term_string}"},"query-input":{"@type":"PropertyValueSpecification","valueRequired":true,"valueName":"search_term_string"}}],"inLanguage":"fi"},{"@type":"Person","@id":"https:\/\/www.kktavastia.fi\/vanajaveden-opisto\/#\/schema\/person\/817cce3016d2f14b9a7ed273534dcf4d","name":"saraseppala","image":{"@type":"ImageObject","inLanguage":"fi","@id":"https:\/\/secure.gravatar.com\/avatar\/478c9f0d13d5df0e5e3d2ec80a1d93afb10baa5bf0f981b9874b9ad1ff76cafc?s=96&d=mm&r=g","url":"https:\/\/secure.gravatar.com\/avatar\/478c9f0d13d5df0e5e3d2ec80a1d93afb10baa5bf0f981b9874b9ad1ff76cafc?s=96&d=mm&r=g","contentUrl":"https:\/\/secure.gravatar.com\/avatar\/478c9f0d13d5df0e5e3d2ec80a1d93afb10baa5bf0f981b9874b9ad1ff76cafc?s=96&d=mm&r=g","caption":"saraseppala"},"url":"https:\/\/www.kktavastia.fi\/vanajaveden-opisto\/ajankohtaista\/author\/saraseppala\/"}]}},"_links":{"self":[{"href":"https:\/\/www.kktavastia.fi\/vanajaveden-opisto\/wp-json\/wp\/v2\/posts\/5998","targetHints":{"allow":["GET"]}}],"collection":[{"href":"https:\/\/www.kktavastia.fi\/vanajaveden-opisto\/wp-json\/wp\/v2\/posts"}],"about":[{"href":"https:\/\/www.kktavastia.fi\/vanajaveden-opisto\/wp-json\/wp\/v2\/types\/post"}],"author":[{"embeddable":true,"href":"https:\/\/www.kktavastia.fi\/vanajaveden-opisto\/wp-json\/wp\/v2\/users\/6"}],"replies":[{"embeddable":true,"href":"https:\/\/www.kktavastia.fi\/vanajaveden-opisto\/wp-json\/wp\/v2\/comments?post=5998"}],"version-history":[{"count":0,"href":"https:\/\/www.kktavastia.fi\/vanajaveden-opisto\/wp-json\/wp\/v2\/posts\/5998\/revisions"}],"wp:featuredmedia":[{"embeddable":true,"href":"https:\/\/www.kktavastia.fi\/vanajaveden-opisto\/wp-json\/wp\/v2\/media\/6000"}],"wp:attachment":[{"href":"https:\/\/www.kktavastia.fi\/vanajaveden-opisto\/wp-json\/wp\/v2\/media?parent=5998"}],"wp:term":[{"taxonomy":"category","embeddable":true,"href":"https:\/\/www.kktavastia.fi\/vanajaveden-opisto\/wp-json\/wp\/v2\/categories?post=5998"},{"taxonomy":"post_tag","embeddable":true,"href":"https:\/\/www.kktavastia.fi\/vanajaveden-opisto\/wp-json\/wp\/v2\/tags?post=5998"}],"curies":[{"name":"wp","href":"https:\/\/api.w.org\/{rel}","templated":true}]}}