{"id":5479,"date":"2019-08-08T13:32:24","date_gmt":"2019-08-08T10:32:24","guid":{"rendered":"https:\/\/www.kktavastia.fi\/vanajaveden-opisto\/?p=5479"},"modified":"2019-08-08T13:32:24","modified_gmt":"2019-08-08T10:32:24","slug":"digimessut-pe-20-9","status":"publish","type":"post","link":"https:\/\/www.kktavastia.fi\/vanajaveden-opisto\/ajankohtaista\/2019\/digimessut-pe-20-9\/","title":{"rendered":"Digimessut pe 20.9. \u2013 Apua s\u00e4hk\u00f6iseen asiointiin ja arjen digipulmiin"},"content":{"rendered":"<p><a href=\"https:\/\/www.kktavastia.fi\/media\/sites\/3\/it-kuva.jpg\"><img loading=\"lazy\" decoding=\"async\" class=\"alignnone wp-image-5480\" src=\"https:\/\/www.kktavastia.fi\/media\/sites\/3\/it-kuva-1024x680.jpg\" alt=\"\" width=\"400\" height=\"266\" srcset=\"https:\/\/www.kktavastia.fi\/media\/sites\/3\/it-kuva-1024x680.jpg 1024w, https:\/\/www.kktavastia.fi\/media\/sites\/3\/it-kuva-300x199.jpg 300w, https:\/\/www.kktavastia.fi\/media\/sites\/3\/it-kuva-768x510.jpg 768w, https:\/\/www.kktavastia.fi\/media\/sites\/3\/it-kuva-20x13.jpg 20w, https:\/\/www.kktavastia.fi\/media\/sites\/3\/it-kuva.jpg 1417w\" sizes=\"auto, (max-width: 400px) 100vw, 400px\" \/><\/a><\/p>\n<ul>\n<li>Haluaisitko kysy\u00e4 pankkisovelluksesta?<\/li>\n<li>Kiinnostavatko kirjastojen e-kirjat?<\/li>\n<li>Onko\u00a0sinulla kysymyksi\u00e4 omasta \u00e4lylaitteestasi?<\/li>\n<li>Haluatko kokeilla digitaalista terveys- ja hyvinvointiteknologiaa?<\/li>\n<li>Ent\u00e4 tutustua robotiikkaan tai lis\u00e4ttyyn todellisuuteen (AR)?<\/li>\n<\/ul>\n<p>Digimessut kokoavat <strong>pe 20.9. klo\u00a011\u201315<\/strong> yhteen\u00a0 s\u00e4hk\u00f6isten palveluiden k\u00e4ytt\u00e4ji\u00e4 Vanajaveden Opistolle (Jaakonkatu 28). Tapahtumaan on tulossa pankkeja, Kela, kirjasto, Oma olo -sosiaali ja terveyspalvelut ym. Messuilla esitell\u00e4\u00e4n my\u00f6s terveys- ja hyvinvointiteknologiaa, robotikkaa, lis\u00e4tty\u00e4 todellisuutta ym.<\/p>\n<p><a href=\"https:\/\/www.kktavastia.fi\/vanajaveden-opisto\/kurssitarjonta\/arjen-digitaidot-haltuun\/digimessut\/\">Lue lis\u00e4\u00e4<\/a><\/p>\n","protected":false},"excerpt":{"rendered":"<p>Haluaisitko kysy\u00e4 pankkisovelluksesta? Kiinnostavatko kirjastojen e-kirjat? Onko\u00a0sinulla kysymyksi\u00e4 omasta \u00e4lylaitteestasi? Haluatko kokeilla digitaalista terveys- ja hyvinvointiteknologiaa? Ent\u00e4 tutustua robotiikkaan tai [&hellip;]<\/p>\n","protected":false},"author":4,"featured_media":5480,"comment_status":"closed","ping_status":"closed","sticky":false,"template":"","format":"standard","meta":{"_acf_changed":false,"_relevanssi_hide_post":"","_relevanssi_hide_content":"","_relevanssi_pin_for_all":"","_relevanssi_pin_keywords":"","_relevanssi_unpin_keywords":"","_relevanssi_related_keywords":"","_relevanssi_related_include_ids":"","_relevanssi_related_exclude_ids":"","_relevanssi_related_no_append":"","_relevanssi_related_not_related":"","_relevanssi_related_posts":"","_relevanssi_noindex_reason":"","footnotes":""},"categories":[92],"tags":[],"class_list":["post-5479","post","type-post","status-publish","format-standard","has-post-thumbnail","hentry","category-ajankohtaista"],"acf":[],"yoast_head":"<title>Digimessut pe 20.9. \u2013 Apua s\u00e4hk\u00f6iseen asiointiin ja arjen digipulmiin - Vanajaveden Opisto<\/title>\n<meta name=\"robots\" content=\"index, follow, max-snippet:-1, max-image-preview:large, max-video-preview:-1\" \/>\n<link rel=\"canonical\" href=\"https:\/\/www.kktavastia.fi\/vanajaveden-opisto\/ajankohtaista\/2019\/digimessut-pe-20-9\/\" \/>\n<meta property=\"og:locale\" content=\"fi_FI\" \/>\n<meta property=\"og:type\" content=\"article\" \/>\n<meta property=\"og:title\" content=\"Digimessut pe 20.9. \u2013 Apua s\u00e4hk\u00f6iseen asiointiin ja arjen digipulmiin - Vanajaveden Opisto\" \/>\n<meta property=\"og:description\" content=\"Haluaisitko kysy\u00e4 pankkisovelluksesta? Kiinnostavatko kirjastojen e-kirjat? Onko\u00a0sinulla kysymyksi\u00e4 omasta \u00e4lylaitteestasi? Haluatko kokeilla digitaalista terveys- ja hyvinvointiteknologiaa? Ent\u00e4 tutustua robotiikkaan tai [&hellip;]\" \/>\n<meta property=\"og:url\" content=\"https:\/\/www.kktavastia.fi\/vanajaveden-opisto\/ajankohtaista\/2019\/digimessut-pe-20-9\/\" \/>\n<meta property=\"og:site_name\" content=\"Vanajaveden Opisto\" \/>\n<meta property=\"article:published_time\" content=\"2019-08-08T10:32:24+00:00\" \/>\n<meta property=\"og:image\" content=\"https:\/\/www.kktavastia.fi\/media\/sites\/3\/it-kuva-1024x680.jpg\" \/>\n\t<meta property=\"og:image:width\" content=\"1024\" \/>\n\t<meta property=\"og:image:height\" content=\"680\" \/>\n\t<meta property=\"og:image:type\" content=\"image\/jpeg\" \/>\n<meta name=\"author\" content=\"mikkoitavaara\" \/>\n<meta name=\"twitter:card\" content=\"summary_large_image\" \/>\n<script type=\"application\/ld+json\" class=\"yoast-schema-graph\">{\"@context\":\"https:\\\/\\\/schema.org\",\"@graph\":[{\"@type\":\"Article\",\"@id\":\"https:\\\/\\\/www.kktavastia.fi\\\/vanajaveden-opisto\\\/ajankohtaista\\\/2019\\\/digimessut-pe-20-9\\\/#article\",\"isPartOf\":{\"@id\":\"https:\\\/\\\/www.kktavastia.fi\\\/vanajaveden-opisto\\\/ajankohtaista\\\/2019\\\/digimessut-pe-20-9\\\/\"},\"author\":{\"name\":\"mikkoitavaara\",\"@id\":\"https:\\\/\\\/www.kktavastia.fi\\\/vanajaveden-opisto\\\/#\\\/schema\\\/person\\\/ecaf23645c5f31828dab4f986e7be1b8\"},\"headline\":\"Digimessut pe 20.9. \u2013 Apua s\u00e4hk\u00f6iseen asiointiin ja arjen digipulmiin\",\"datePublished\":\"2019-08-08T10:32:24+00:00\",\"mainEntityOfPage\":{\"@id\":\"https:\\\/\\\/www.kktavastia.fi\\\/vanajaveden-opisto\\\/ajankohtaista\\\/2019\\\/digimessut-pe-20-9\\\/\"},\"wordCount\":77,\"image\":{\"@id\":\"https:\\\/\\\/www.kktavastia.fi\\\/vanajaveden-opisto\\\/ajankohtaista\\\/2019\\\/digimessut-pe-20-9\\\/#primaryimage\"},\"thumbnailUrl\":\"https:\\\/\\\/www.kktavastia.fi\\\/media\\\/sites\\\/3\\\/it-kuva.jpg\",\"articleSection\":[\"Ajankohtaista\"],\"inLanguage\":\"fi\"},{\"@type\":\"WebPage\",\"@id\":\"https:\\\/\\\/www.kktavastia.fi\\\/vanajaveden-opisto\\\/ajankohtaista\\\/2019\\\/digimessut-pe-20-9\\\/\",\"url\":\"https:\\\/\\\/www.kktavastia.fi\\\/vanajaveden-opisto\\\/ajankohtaista\\\/2019\\\/digimessut-pe-20-9\\\/\",\"name\":\"Digimessut pe 20.9. \u2013 Apua s\u00e4hk\u00f6iseen asiointiin ja arjen digipulmiin - Vanajaveden Opisto\",\"isPartOf\":{\"@id\":\"https:\\\/\\\/www.kktavastia.fi\\\/vanajaveden-opisto\\\/#website\"},\"primaryImageOfPage\":{\"@id\":\"https:\\\/\\\/www.kktavastia.fi\\\/vanajaveden-opisto\\\/ajankohtaista\\\/2019\\\/digimessut-pe-20-9\\\/#primaryimage\"},\"image\":{\"@id\":\"https:\\\/\\\/www.kktavastia.fi\\\/vanajaveden-opisto\\\/ajankohtaista\\\/2019\\\/digimessut-pe-20-9\\\/#primaryimage\"},\"thumbnailUrl\":\"https:\\\/\\\/www.kktavastia.fi\\\/media\\\/sites\\\/3\\\/it-kuva.jpg\",\"datePublished\":\"2019-08-08T10:32:24+00:00\",\"author\":{\"@id\":\"https:\\\/\\\/www.kktavastia.fi\\\/vanajaveden-opisto\\\/#\\\/schema\\\/person\\\/ecaf23645c5f31828dab4f986e7be1b8\"},\"breadcrumb\":{\"@id\":\"https:\\\/\\\/www.kktavastia.fi\\\/vanajaveden-opisto\\\/ajankohtaista\\\/2019\\\/digimessut-pe-20-9\\\/#breadcrumb\"},\"inLanguage\":\"fi\",\"potentialAction\":[{\"@type\":\"ReadAction\",\"target\":[\"https:\\\/\\\/www.kktavastia.fi\\\/vanajaveden-opisto\\\/ajankohtaista\\\/2019\\\/digimessut-pe-20-9\\\/\"]}]},{\"@type\":\"ImageObject\",\"inLanguage\":\"fi\",\"@id\":\"https:\\\/\\\/www.kktavastia.fi\\\/vanajaveden-opisto\\\/ajankohtaista\\\/2019\\\/digimessut-pe-20-9\\\/#primaryimage\",\"url\":\"https:\\\/\\\/www.kktavastia.fi\\\/media\\\/sites\\\/3\\\/it-kuva.jpg\",\"contentUrl\":\"https:\\\/\\\/www.kktavastia.fi\\\/media\\\/sites\\\/3\\\/it-kuva.jpg\",\"width\":1417,\"height\":941},{\"@type\":\"BreadcrumbList\",\"@id\":\"https:\\\/\\\/www.kktavastia.fi\\\/vanajaveden-opisto\\\/ajankohtaista\\\/2019\\\/digimessut-pe-20-9\\\/#breadcrumb\",\"itemListElement\":[{\"@type\":\"ListItem\",\"position\":1,\"name\":\"Home\",\"item\":\"https:\\\/\\\/www.kktavastia.fi\\\/vanajaveden-opisto\\\/\"},{\"@type\":\"ListItem\",\"position\":2,\"name\":\"Digimessut pe 20.9. \u2013 Apua s\u00e4hk\u00f6iseen asiointiin ja arjen digipulmiin\"}]},{\"@type\":\"WebSite\",\"@id\":\"https:\\\/\\\/www.kktavastia.fi\\\/vanajaveden-opisto\\\/#website\",\"url\":\"https:\\\/\\\/www.kktavastia.fi\\\/vanajaveden-opisto\\\/\",\"name\":\"Vanajaveden Opisto\",\"description\":\"\",\"potentialAction\":[{\"@type\":\"SearchAction\",\"target\":{\"@type\":\"EntryPoint\",\"urlTemplate\":\"https:\\\/\\\/www.kktavastia.fi\\\/vanajaveden-opisto\\\/?s={search_term_string}\"},\"query-input\":{\"@type\":\"PropertyValueSpecification\",\"valueRequired\":true,\"valueName\":\"search_term_string\"}}],\"inLanguage\":\"fi\"},{\"@type\":\"Person\",\"@id\":\"https:\\\/\\\/www.kktavastia.fi\\\/vanajaveden-opisto\\\/#\\\/schema\\\/person\\\/ecaf23645c5f31828dab4f986e7be1b8\",\"name\":\"mikkoitavaara\",\"image\":{\"@type\":\"ImageObject\",\"inLanguage\":\"fi\",\"@id\":\"https:\\\/\\\/secure.gravatar.com\\\/avatar\\\/a590bec76b1d76e5171210d3a3885775c13195dd16cf68c354a2bf7bdccdc14e?s=96&d=mm&r=g\",\"url\":\"https:\\\/\\\/secure.gravatar.com\\\/avatar\\\/a590bec76b1d76e5171210d3a3885775c13195dd16cf68c354a2bf7bdccdc14e?s=96&d=mm&r=g\",\"contentUrl\":\"https:\\\/\\\/secure.gravatar.com\\\/avatar\\\/a590bec76b1d76e5171210d3a3885775c13195dd16cf68c354a2bf7bdccdc14e?s=96&d=mm&r=g\",\"caption\":\"mikkoitavaara\"},\"url\":\"https:\\\/\\\/www.kktavastia.fi\\\/vanajaveden-opisto\\\/ajankohtaista\\\/author\\\/mikkoitavaara\\\/\"}]}<\/script>","yoast_head_json":{"title":"Digimessut pe 20.9. \u2013 Apua s\u00e4hk\u00f6iseen asiointiin ja arjen digipulmiin - Vanajaveden Opisto","robots":{"index":"index","follow":"follow","max-snippet":"max-snippet:-1","max-image-preview":"max-image-preview:large","max-video-preview":"max-video-preview:-1"},"canonical":"https:\/\/www.kktavastia.fi\/vanajaveden-opisto\/ajankohtaista\/2019\/digimessut-pe-20-9\/","og_locale":"fi_FI","og_type":"article","og_title":"Digimessut pe 20.9. \u2013 Apua s\u00e4hk\u00f6iseen asiointiin ja arjen digipulmiin - Vanajaveden Opisto","og_description":"Haluaisitko kysy\u00e4 pankkisovelluksesta? Kiinnostavatko kirjastojen e-kirjat? Onko\u00a0sinulla kysymyksi\u00e4 omasta \u00e4lylaitteestasi? Haluatko kokeilla digitaalista terveys- ja hyvinvointiteknologiaa? Ent\u00e4 tutustua robotiikkaan tai [&hellip;]","og_url":"https:\/\/www.kktavastia.fi\/vanajaveden-opisto\/ajankohtaista\/2019\/digimessut-pe-20-9\/","og_site_name":"Vanajaveden Opisto","article_published_time":"2019-08-08T10:32:24+00:00","og_image":[{"width":1024,"height":680,"url":"https:\/\/www.kktavastia.fi\/media\/sites\/3\/it-kuva-1024x680.jpg","type":"image\/jpeg"}],"author":"mikkoitavaara","twitter_card":"summary_large_image","schema":{"@context":"https:\/\/schema.org","@graph":[{"@type":"Article","@id":"https:\/\/www.kktavastia.fi\/vanajaveden-opisto\/ajankohtaista\/2019\/digimessut-pe-20-9\/#article","isPartOf":{"@id":"https:\/\/www.kktavastia.fi\/vanajaveden-opisto\/ajankohtaista\/2019\/digimessut-pe-20-9\/"},"author":{"name":"mikkoitavaara","@id":"https:\/\/www.kktavastia.fi\/vanajaveden-opisto\/#\/schema\/person\/ecaf23645c5f31828dab4f986e7be1b8"},"headline":"Digimessut pe 20.9. \u2013 Apua s\u00e4hk\u00f6iseen asiointiin ja arjen digipulmiin","datePublished":"2019-08-08T10:32:24+00:00","mainEntityOfPage":{"@id":"https:\/\/www.kktavastia.fi\/vanajaveden-opisto\/ajankohtaista\/2019\/digimessut-pe-20-9\/"},"wordCount":77,"image":{"@id":"https:\/\/www.kktavastia.fi\/vanajaveden-opisto\/ajankohtaista\/2019\/digimessut-pe-20-9\/#primaryimage"},"thumbnailUrl":"https:\/\/www.kktavastia.fi\/media\/sites\/3\/it-kuva.jpg","articleSection":["Ajankohtaista"],"inLanguage":"fi"},{"@type":"WebPage","@id":"https:\/\/www.kktavastia.fi\/vanajaveden-opisto\/ajankohtaista\/2019\/digimessut-pe-20-9\/","url":"https:\/\/www.kktavastia.fi\/vanajaveden-opisto\/ajankohtaista\/2019\/digimessut-pe-20-9\/","name":"Digimessut pe 20.9. \u2013 Apua s\u00e4hk\u00f6iseen asiointiin ja arjen digipulmiin - Vanajaveden Opisto","isPartOf":{"@id":"https:\/\/www.kktavastia.fi\/vanajaveden-opisto\/#website"},"primaryImageOfPage":{"@id":"https:\/\/www.kktavastia.fi\/vanajaveden-opisto\/ajankohtaista\/2019\/digimessut-pe-20-9\/#primaryimage"},"image":{"@id":"https:\/\/www.kktavastia.fi\/vanajaveden-opisto\/ajankohtaista\/2019\/digimessut-pe-20-9\/#primaryimage"},"thumbnailUrl":"https:\/\/www.kktavastia.fi\/media\/sites\/3\/it-kuva.jpg","datePublished":"2019-08-08T10:32:24+00:00","author":{"@id":"https:\/\/www.kktavastia.fi\/vanajaveden-opisto\/#\/schema\/person\/ecaf23645c5f31828dab4f986e7be1b8"},"breadcrumb":{"@id":"https:\/\/www.kktavastia.fi\/vanajaveden-opisto\/ajankohtaista\/2019\/digimessut-pe-20-9\/#breadcrumb"},"inLanguage":"fi","potentialAction":[{"@type":"ReadAction","target":["https:\/\/www.kktavastia.fi\/vanajaveden-opisto\/ajankohtaista\/2019\/digimessut-pe-20-9\/"]}]},{"@type":"ImageObject","inLanguage":"fi","@id":"https:\/\/www.kktavastia.fi\/vanajaveden-opisto\/ajankohtaista\/2019\/digimessut-pe-20-9\/#primaryimage","url":"https:\/\/www.kktavastia.fi\/media\/sites\/3\/it-kuva.jpg","contentUrl":"https:\/\/www.kktavastia.fi\/media\/sites\/3\/it-kuva.jpg","width":1417,"height":941},{"@type":"BreadcrumbList","@id":"https:\/\/www.kktavastia.fi\/vanajaveden-opisto\/ajankohtaista\/2019\/digimessut-pe-20-9\/#breadcrumb","itemListElement":[{"@type":"ListItem","position":1,"name":"Home","item":"https:\/\/www.kktavastia.fi\/vanajaveden-opisto\/"},{"@type":"ListItem","position":2,"name":"Digimessut pe 20.9. \u2013 Apua s\u00e4hk\u00f6iseen asiointiin ja arjen digipulmiin"}]},{"@type":"WebSite","@id":"https:\/\/www.kktavastia.fi\/vanajaveden-opisto\/#website","url":"https:\/\/www.kktavastia.fi\/vanajaveden-opisto\/","name":"Vanajaveden Opisto","description":"","potentialAction":[{"@type":"SearchAction","target":{"@type":"EntryPoint","urlTemplate":"https:\/\/www.kktavastia.fi\/vanajaveden-opisto\/?s={search_term_string}"},"query-input":{"@type":"PropertyValueSpecification","valueRequired":true,"valueName":"search_term_string"}}],"inLanguage":"fi"},{"@type":"Person","@id":"https:\/\/www.kktavastia.fi\/vanajaveden-opisto\/#\/schema\/person\/ecaf23645c5f31828dab4f986e7be1b8","name":"mikkoitavaara","image":{"@type":"ImageObject","inLanguage":"fi","@id":"https:\/\/secure.gravatar.com\/avatar\/a590bec76b1d76e5171210d3a3885775c13195dd16cf68c354a2bf7bdccdc14e?s=96&d=mm&r=g","url":"https:\/\/secure.gravatar.com\/avatar\/a590bec76b1d76e5171210d3a3885775c13195dd16cf68c354a2bf7bdccdc14e?s=96&d=mm&r=g","contentUrl":"https:\/\/secure.gravatar.com\/avatar\/a590bec76b1d76e5171210d3a3885775c13195dd16cf68c354a2bf7bdccdc14e?s=96&d=mm&r=g","caption":"mikkoitavaara"},"url":"https:\/\/www.kktavastia.fi\/vanajaveden-opisto\/ajankohtaista\/author\/mikkoitavaara\/"}]}},"_links":{"self":[{"href":"https:\/\/www.kktavastia.fi\/vanajaveden-opisto\/wp-json\/wp\/v2\/posts\/5479","targetHints":{"allow":["GET"]}}],"collection":[{"href":"https:\/\/www.kktavastia.fi\/vanajaveden-opisto\/wp-json\/wp\/v2\/posts"}],"about":[{"href":"https:\/\/www.kktavastia.fi\/vanajaveden-opisto\/wp-json\/wp\/v2\/types\/post"}],"author":[{"embeddable":true,"href":"https:\/\/www.kktavastia.fi\/vanajaveden-opisto\/wp-json\/wp\/v2\/users\/4"}],"replies":[{"embeddable":true,"href":"https:\/\/www.kktavastia.fi\/vanajaveden-opisto\/wp-json\/wp\/v2\/comments?post=5479"}],"version-history":[{"count":0,"href":"https:\/\/www.kktavastia.fi\/vanajaveden-opisto\/wp-json\/wp\/v2\/posts\/5479\/revisions"}],"wp:featuredmedia":[{"embeddable":true,"href":"https:\/\/www.kktavastia.fi\/vanajaveden-opisto\/wp-json\/wp\/v2\/media\/5480"}],"wp:attachment":[{"href":"https:\/\/www.kktavastia.fi\/vanajaveden-opisto\/wp-json\/wp\/v2\/media?parent=5479"}],"wp:term":[{"taxonomy":"category","embeddable":true,"href":"https:\/\/www.kktavastia.fi\/vanajaveden-opisto\/wp-json\/wp\/v2\/categories?post=5479"},{"taxonomy":"post_tag","embeddable":true,"href":"https:\/\/www.kktavastia.fi\/vanajaveden-opisto\/wp-json\/wp\/v2\/tags?post=5479"}],"curies":[{"name":"wp","href":"https:\/\/api.w.org\/{rel}","templated":true}]}}