{"id":21309,"date":"2025-06-09T09:05:35","date_gmt":"2025-06-09T06:05:35","guid":{"rendered":"https:\/\/www.kktavastia.fi\/vanajaveden-opisto\/?p=21309"},"modified":"2025-06-09T13:38:23","modified_gmt":"2025-06-09T10:38:23","slug":"ilmoittautuminen-kauden-2025-2026-kursseille-on-alkanut","status":"publish","type":"post","link":"https:\/\/www.kktavastia.fi\/vanajaveden-opisto\/ajankohtaista\/2025\/ilmoittautuminen-kauden-2025-2026-kursseille-on-alkanut\/","title":{"rendered":"Ilmoittautuminen kauden 2025\u20142026 kursseille on alkanut"},"content":{"rendered":"\n<p class=\"is-style-ingress\">Ilmoittautuminen Vanajaveden Opiston ensi syksyn ja talven kursseille on alkanut maanantaina 9.6. kello 9. <\/p>\n\n\n\n<p>Kurssivalikoimaan voi tutustua nettisivuillamme. Kursseja on tarjolla satoja useissa eri kategorioissa. Liikunnan ja musiikin kursseille ilmoittautuminen alkaa vasta 7.8. kello 15.<\/p>\n\n\n\n<p>Kursseille voi ilmoittautua sek\u00e4 netiss\u00e4 ett\u00e4 puhelimitse asiakaspalvelumme aukioloaikoina. Katso asiakaspalvelun yhteystiedot <a href=\"https:\/\/www.kktavastia.fi\/vanajaveden-opisto\/asiakaspalvelu\/toimisto\/\">t\u00e4\u00e4lt\u00e4<\/a>.<\/p>\n\n\n\n<p>Tervetuloa kursseille!<\/p>\n","protected":false},"excerpt":{"rendered":"<p>Ilmoittautuminen Vanajaveden Opiston ensi syksyn ja talven kursseille on alkanut maanantaina 9.6. kello 9. Kurssivalikoimaan voi tutustua nettisivuillamme. Kursseja on [&hellip;]<\/p>\n","protected":false},"author":6,"featured_media":21324,"comment_status":"closed","ping_status":"closed","sticky":false,"template":"","format":"standard","meta":{"_acf_changed":false,"_relevanssi_hide_post":"","_relevanssi_hide_content":"","_relevanssi_pin_for_all":"","_relevanssi_pin_keywords":"","_relevanssi_unpin_keywords":"","_relevanssi_related_keywords":"","_relevanssi_related_include_ids":"","_relevanssi_related_exclude_ids":"","_relevanssi_related_no_append":"","_relevanssi_related_not_related":"","_relevanssi_related_posts":"6309,8240,11647,8580,6537,11967","_relevanssi_noindex_reason":"","footnotes":""},"categories":[92],"tags":[],"class_list":["post-21309","post","type-post","status-publish","format-standard","has-post-thumbnail","hentry","category-ajankohtaista"],"acf":[],"yoast_head":"<title>Ilmoittautuminen kauden 2025\u20142026 kursseille on alkanut - Vanajaveden Opisto<\/title>\n<meta name=\"robots\" content=\"index, follow, max-snippet:-1, max-image-preview:large, max-video-preview:-1\" \/>\n<link rel=\"canonical\" href=\"https:\/\/www.kktavastia.fi\/vanajaveden-opisto\/ajankohtaista\/2025\/ilmoittautuminen-kauden-2025-2026-kursseille-on-alkanut\/\" \/>\n<meta property=\"og:locale\" content=\"fi_FI\" \/>\n<meta property=\"og:type\" content=\"article\" \/>\n<meta property=\"og:title\" content=\"Ilmoittautuminen kauden 2025\u20142026 kursseille on alkanut - Vanajaveden Opisto\" \/>\n<meta property=\"og:description\" content=\"Ilmoittautuminen Vanajaveden Opiston ensi syksyn ja talven kursseille on alkanut maanantaina 9.6. kello 9. Kurssivalikoimaan voi tutustua nettisivuillamme. Kursseja on [&hellip;]\" \/>\n<meta property=\"og:url\" content=\"https:\/\/www.kktavastia.fi\/vanajaveden-opisto\/ajankohtaista\/2025\/ilmoittautuminen-kauden-2025-2026-kursseille-on-alkanut\/\" \/>\n<meta property=\"og:site_name\" content=\"Vanajaveden Opisto\" \/>\n<meta property=\"article:published_time\" content=\"2025-06-09T06:05:35+00:00\" \/>\n<meta property=\"article:modified_time\" content=\"2025-06-09T10:38:23+00:00\" \/>\n<meta property=\"og:image\" content=\"https:\/\/www.kktavastia.fi\/media\/sites\/3\/nettisivut-1024x651.png\" \/>\n\t<meta property=\"og:image:width\" content=\"1024\" \/>\n\t<meta property=\"og:image:height\" content=\"651\" \/>\n\t<meta property=\"og:image:type\" content=\"image\/png\" \/>\n<meta name=\"author\" content=\"saraseppala\" \/>\n<meta name=\"twitter:card\" content=\"summary_large_image\" \/>\n<script type=\"application\/ld+json\" class=\"yoast-schema-graph\">{\"@context\":\"https:\\\/\\\/schema.org\",\"@graph\":[{\"@type\":\"Article\",\"@id\":\"https:\\\/\\\/www.kktavastia.fi\\\/vanajaveden-opisto\\\/ajankohtaista\\\/2025\\\/ilmoittautuminen-kauden-2025-2026-kursseille-on-alkanut\\\/#article\",\"isPartOf\":{\"@id\":\"https:\\\/\\\/www.kktavastia.fi\\\/vanajaveden-opisto\\\/ajankohtaista\\\/2025\\\/ilmoittautuminen-kauden-2025-2026-kursseille-on-alkanut\\\/\"},\"author\":{\"name\":\"saraseppala\",\"@id\":\"https:\\\/\\\/www.kktavastia.fi\\\/vanajaveden-opisto\\\/#\\\/schema\\\/person\\\/817cce3016d2f14b9a7ed273534dcf4d\"},\"headline\":\"Ilmoittautuminen kauden 2025\u20142026 kursseille on alkanut\",\"datePublished\":\"2025-06-09T06:05:35+00:00\",\"dateModified\":\"2025-06-09T10:38:23+00:00\",\"mainEntityOfPage\":{\"@id\":\"https:\\\/\\\/www.kktavastia.fi\\\/vanajaveden-opisto\\\/ajankohtaista\\\/2025\\\/ilmoittautuminen-kauden-2025-2026-kursseille-on-alkanut\\\/\"},\"wordCount\":52,\"image\":{\"@id\":\"https:\\\/\\\/www.kktavastia.fi\\\/vanajaveden-opisto\\\/ajankohtaista\\\/2025\\\/ilmoittautuminen-kauden-2025-2026-kursseille-on-alkanut\\\/#primaryimage\"},\"thumbnailUrl\":\"https:\\\/\\\/www.kktavastia.fi\\\/media\\\/sites\\\/3\\\/nettisivut.png\",\"articleSection\":[\"Ajankohtaista\"],\"inLanguage\":\"fi\"},{\"@type\":\"WebPage\",\"@id\":\"https:\\\/\\\/www.kktavastia.fi\\\/vanajaveden-opisto\\\/ajankohtaista\\\/2025\\\/ilmoittautuminen-kauden-2025-2026-kursseille-on-alkanut\\\/\",\"url\":\"https:\\\/\\\/www.kktavastia.fi\\\/vanajaveden-opisto\\\/ajankohtaista\\\/2025\\\/ilmoittautuminen-kauden-2025-2026-kursseille-on-alkanut\\\/\",\"name\":\"Ilmoittautuminen kauden 2025\u20142026 kursseille on alkanut - Vanajaveden Opisto\",\"isPartOf\":{\"@id\":\"https:\\\/\\\/www.kktavastia.fi\\\/vanajaveden-opisto\\\/#website\"},\"primaryImageOfPage\":{\"@id\":\"https:\\\/\\\/www.kktavastia.fi\\\/vanajaveden-opisto\\\/ajankohtaista\\\/2025\\\/ilmoittautuminen-kauden-2025-2026-kursseille-on-alkanut\\\/#primaryimage\"},\"image\":{\"@id\":\"https:\\\/\\\/www.kktavastia.fi\\\/vanajaveden-opisto\\\/ajankohtaista\\\/2025\\\/ilmoittautuminen-kauden-2025-2026-kursseille-on-alkanut\\\/#primaryimage\"},\"thumbnailUrl\":\"https:\\\/\\\/www.kktavastia.fi\\\/media\\\/sites\\\/3\\\/nettisivut.png\",\"datePublished\":\"2025-06-09T06:05:35+00:00\",\"dateModified\":\"2025-06-09T10:38:23+00:00\",\"author\":{\"@id\":\"https:\\\/\\\/www.kktavastia.fi\\\/vanajaveden-opisto\\\/#\\\/schema\\\/person\\\/817cce3016d2f14b9a7ed273534dcf4d\"},\"breadcrumb\":{\"@id\":\"https:\\\/\\\/www.kktavastia.fi\\\/vanajaveden-opisto\\\/ajankohtaista\\\/2025\\\/ilmoittautuminen-kauden-2025-2026-kursseille-on-alkanut\\\/#breadcrumb\"},\"inLanguage\":\"fi\",\"potentialAction\":[{\"@type\":\"ReadAction\",\"target\":[\"https:\\\/\\\/www.kktavastia.fi\\\/vanajaveden-opisto\\\/ajankohtaista\\\/2025\\\/ilmoittautuminen-kauden-2025-2026-kursseille-on-alkanut\\\/\"]}]},{\"@type\":\"ImageObject\",\"inLanguage\":\"fi\",\"@id\":\"https:\\\/\\\/www.kktavastia.fi\\\/vanajaveden-opisto\\\/ajankohtaista\\\/2025\\\/ilmoittautuminen-kauden-2025-2026-kursseille-on-alkanut\\\/#primaryimage\",\"url\":\"https:\\\/\\\/www.kktavastia.fi\\\/media\\\/sites\\\/3\\\/nettisivut.png\",\"contentUrl\":\"https:\\\/\\\/www.kktavastia.fi\\\/media\\\/sites\\\/3\\\/nettisivut.png\",\"width\":1700,\"height\":1080,\"caption\":\"innostunut nainen\"},{\"@type\":\"BreadcrumbList\",\"@id\":\"https:\\\/\\\/www.kktavastia.fi\\\/vanajaveden-opisto\\\/ajankohtaista\\\/2025\\\/ilmoittautuminen-kauden-2025-2026-kursseille-on-alkanut\\\/#breadcrumb\",\"itemListElement\":[{\"@type\":\"ListItem\",\"position\":1,\"name\":\"Home\",\"item\":\"https:\\\/\\\/www.kktavastia.fi\\\/vanajaveden-opisto\\\/\"},{\"@type\":\"ListItem\",\"position\":2,\"name\":\"Ilmoittautuminen kauden 2025\u20142026 kursseille on alkanut\"}]},{\"@type\":\"WebSite\",\"@id\":\"https:\\\/\\\/www.kktavastia.fi\\\/vanajaveden-opisto\\\/#website\",\"url\":\"https:\\\/\\\/www.kktavastia.fi\\\/vanajaveden-opisto\\\/\",\"name\":\"Vanajaveden Opisto\",\"description\":\"\",\"potentialAction\":[{\"@type\":\"SearchAction\",\"target\":{\"@type\":\"EntryPoint\",\"urlTemplate\":\"https:\\\/\\\/www.kktavastia.fi\\\/vanajaveden-opisto\\\/?s={search_term_string}\"},\"query-input\":{\"@type\":\"PropertyValueSpecification\",\"valueRequired\":true,\"valueName\":\"search_term_string\"}}],\"inLanguage\":\"fi\"},{\"@type\":\"Person\",\"@id\":\"https:\\\/\\\/www.kktavastia.fi\\\/vanajaveden-opisto\\\/#\\\/schema\\\/person\\\/817cce3016d2f14b9a7ed273534dcf4d\",\"name\":\"saraseppala\",\"image\":{\"@type\":\"ImageObject\",\"inLanguage\":\"fi\",\"@id\":\"https:\\\/\\\/secure.gravatar.com\\\/avatar\\\/478c9f0d13d5df0e5e3d2ec80a1d93afb10baa5bf0f981b9874b9ad1ff76cafc?s=96&d=mm&r=g\",\"url\":\"https:\\\/\\\/secure.gravatar.com\\\/avatar\\\/478c9f0d13d5df0e5e3d2ec80a1d93afb10baa5bf0f981b9874b9ad1ff76cafc?s=96&d=mm&r=g\",\"contentUrl\":\"https:\\\/\\\/secure.gravatar.com\\\/avatar\\\/478c9f0d13d5df0e5e3d2ec80a1d93afb10baa5bf0f981b9874b9ad1ff76cafc?s=96&d=mm&r=g\",\"caption\":\"saraseppala\"},\"url\":\"https:\\\/\\\/www.kktavastia.fi\\\/vanajaveden-opisto\\\/ajankohtaista\\\/author\\\/saraseppala\\\/\"}]}<\/script>","yoast_head_json":{"title":"Ilmoittautuminen kauden 2025\u20142026 kursseille on alkanut - Vanajaveden Opisto","robots":{"index":"index","follow":"follow","max-snippet":"max-snippet:-1","max-image-preview":"max-image-preview:large","max-video-preview":"max-video-preview:-1"},"canonical":"https:\/\/www.kktavastia.fi\/vanajaveden-opisto\/ajankohtaista\/2025\/ilmoittautuminen-kauden-2025-2026-kursseille-on-alkanut\/","og_locale":"fi_FI","og_type":"article","og_title":"Ilmoittautuminen kauden 2025\u20142026 kursseille on alkanut - Vanajaveden Opisto","og_description":"Ilmoittautuminen Vanajaveden Opiston ensi syksyn ja talven kursseille on alkanut maanantaina 9.6. kello 9. Kurssivalikoimaan voi tutustua nettisivuillamme. Kursseja on [&hellip;]","og_url":"https:\/\/www.kktavastia.fi\/vanajaveden-opisto\/ajankohtaista\/2025\/ilmoittautuminen-kauden-2025-2026-kursseille-on-alkanut\/","og_site_name":"Vanajaveden Opisto","article_published_time":"2025-06-09T06:05:35+00:00","article_modified_time":"2025-06-09T10:38:23+00:00","og_image":[{"width":1024,"height":651,"url":"https:\/\/www.kktavastia.fi\/media\/sites\/3\/nettisivut-1024x651.png","type":"image\/png"}],"author":"saraseppala","twitter_card":"summary_large_image","schema":{"@context":"https:\/\/schema.org","@graph":[{"@type":"Article","@id":"https:\/\/www.kktavastia.fi\/vanajaveden-opisto\/ajankohtaista\/2025\/ilmoittautuminen-kauden-2025-2026-kursseille-on-alkanut\/#article","isPartOf":{"@id":"https:\/\/www.kktavastia.fi\/vanajaveden-opisto\/ajankohtaista\/2025\/ilmoittautuminen-kauden-2025-2026-kursseille-on-alkanut\/"},"author":{"name":"saraseppala","@id":"https:\/\/www.kktavastia.fi\/vanajaveden-opisto\/#\/schema\/person\/817cce3016d2f14b9a7ed273534dcf4d"},"headline":"Ilmoittautuminen kauden 2025\u20142026 kursseille on alkanut","datePublished":"2025-06-09T06:05:35+00:00","dateModified":"2025-06-09T10:38:23+00:00","mainEntityOfPage":{"@id":"https:\/\/www.kktavastia.fi\/vanajaveden-opisto\/ajankohtaista\/2025\/ilmoittautuminen-kauden-2025-2026-kursseille-on-alkanut\/"},"wordCount":52,"image":{"@id":"https:\/\/www.kktavastia.fi\/vanajaveden-opisto\/ajankohtaista\/2025\/ilmoittautuminen-kauden-2025-2026-kursseille-on-alkanut\/#primaryimage"},"thumbnailUrl":"https:\/\/www.kktavastia.fi\/media\/sites\/3\/nettisivut.png","articleSection":["Ajankohtaista"],"inLanguage":"fi"},{"@type":"WebPage","@id":"https:\/\/www.kktavastia.fi\/vanajaveden-opisto\/ajankohtaista\/2025\/ilmoittautuminen-kauden-2025-2026-kursseille-on-alkanut\/","url":"https:\/\/www.kktavastia.fi\/vanajaveden-opisto\/ajankohtaista\/2025\/ilmoittautuminen-kauden-2025-2026-kursseille-on-alkanut\/","name":"Ilmoittautuminen kauden 2025\u20142026 kursseille on alkanut - Vanajaveden Opisto","isPartOf":{"@id":"https:\/\/www.kktavastia.fi\/vanajaveden-opisto\/#website"},"primaryImageOfPage":{"@id":"https:\/\/www.kktavastia.fi\/vanajaveden-opisto\/ajankohtaista\/2025\/ilmoittautuminen-kauden-2025-2026-kursseille-on-alkanut\/#primaryimage"},"image":{"@id":"https:\/\/www.kktavastia.fi\/vanajaveden-opisto\/ajankohtaista\/2025\/ilmoittautuminen-kauden-2025-2026-kursseille-on-alkanut\/#primaryimage"},"thumbnailUrl":"https:\/\/www.kktavastia.fi\/media\/sites\/3\/nettisivut.png","datePublished":"2025-06-09T06:05:35+00:00","dateModified":"2025-06-09T10:38:23+00:00","author":{"@id":"https:\/\/www.kktavastia.fi\/vanajaveden-opisto\/#\/schema\/person\/817cce3016d2f14b9a7ed273534dcf4d"},"breadcrumb":{"@id":"https:\/\/www.kktavastia.fi\/vanajaveden-opisto\/ajankohtaista\/2025\/ilmoittautuminen-kauden-2025-2026-kursseille-on-alkanut\/#breadcrumb"},"inLanguage":"fi","potentialAction":[{"@type":"ReadAction","target":["https:\/\/www.kktavastia.fi\/vanajaveden-opisto\/ajankohtaista\/2025\/ilmoittautuminen-kauden-2025-2026-kursseille-on-alkanut\/"]}]},{"@type":"ImageObject","inLanguage":"fi","@id":"https:\/\/www.kktavastia.fi\/vanajaveden-opisto\/ajankohtaista\/2025\/ilmoittautuminen-kauden-2025-2026-kursseille-on-alkanut\/#primaryimage","url":"https:\/\/www.kktavastia.fi\/media\/sites\/3\/nettisivut.png","contentUrl":"https:\/\/www.kktavastia.fi\/media\/sites\/3\/nettisivut.png","width":1700,"height":1080,"caption":"innostunut nainen"},{"@type":"BreadcrumbList","@id":"https:\/\/www.kktavastia.fi\/vanajaveden-opisto\/ajankohtaista\/2025\/ilmoittautuminen-kauden-2025-2026-kursseille-on-alkanut\/#breadcrumb","itemListElement":[{"@type":"ListItem","position":1,"name":"Home","item":"https:\/\/www.kktavastia.fi\/vanajaveden-opisto\/"},{"@type":"ListItem","position":2,"name":"Ilmoittautuminen kauden 2025\u20142026 kursseille on alkanut"}]},{"@type":"WebSite","@id":"https:\/\/www.kktavastia.fi\/vanajaveden-opisto\/#website","url":"https:\/\/www.kktavastia.fi\/vanajaveden-opisto\/","name":"Vanajaveden Opisto","description":"","potentialAction":[{"@type":"SearchAction","target":{"@type":"EntryPoint","urlTemplate":"https:\/\/www.kktavastia.fi\/vanajaveden-opisto\/?s={search_term_string}"},"query-input":{"@type":"PropertyValueSpecification","valueRequired":true,"valueName":"search_term_string"}}],"inLanguage":"fi"},{"@type":"Person","@id":"https:\/\/www.kktavastia.fi\/vanajaveden-opisto\/#\/schema\/person\/817cce3016d2f14b9a7ed273534dcf4d","name":"saraseppala","image":{"@type":"ImageObject","inLanguage":"fi","@id":"https:\/\/secure.gravatar.com\/avatar\/478c9f0d13d5df0e5e3d2ec80a1d93afb10baa5bf0f981b9874b9ad1ff76cafc?s=96&d=mm&r=g","url":"https:\/\/secure.gravatar.com\/avatar\/478c9f0d13d5df0e5e3d2ec80a1d93afb10baa5bf0f981b9874b9ad1ff76cafc?s=96&d=mm&r=g","contentUrl":"https:\/\/secure.gravatar.com\/avatar\/478c9f0d13d5df0e5e3d2ec80a1d93afb10baa5bf0f981b9874b9ad1ff76cafc?s=96&d=mm&r=g","caption":"saraseppala"},"url":"https:\/\/www.kktavastia.fi\/vanajaveden-opisto\/ajankohtaista\/author\/saraseppala\/"}]}},"_links":{"self":[{"href":"https:\/\/www.kktavastia.fi\/vanajaveden-opisto\/wp-json\/wp\/v2\/posts\/21309","targetHints":{"allow":["GET"]}}],"collection":[{"href":"https:\/\/www.kktavastia.fi\/vanajaveden-opisto\/wp-json\/wp\/v2\/posts"}],"about":[{"href":"https:\/\/www.kktavastia.fi\/vanajaveden-opisto\/wp-json\/wp\/v2\/types\/post"}],"author":[{"embeddable":true,"href":"https:\/\/www.kktavastia.fi\/vanajaveden-opisto\/wp-json\/wp\/v2\/users\/6"}],"replies":[{"embeddable":true,"href":"https:\/\/www.kktavastia.fi\/vanajaveden-opisto\/wp-json\/wp\/v2\/comments?post=21309"}],"version-history":[{"count":1,"href":"https:\/\/www.kktavastia.fi\/vanajaveden-opisto\/wp-json\/wp\/v2\/posts\/21309\/revisions"}],"predecessor-version":[{"id":21310,"href":"https:\/\/www.kktavastia.fi\/vanajaveden-opisto\/wp-json\/wp\/v2\/posts\/21309\/revisions\/21310"}],"wp:featuredmedia":[{"embeddable":true,"href":"https:\/\/www.kktavastia.fi\/vanajaveden-opisto\/wp-json\/wp\/v2\/media\/21324"}],"wp:attachment":[{"href":"https:\/\/www.kktavastia.fi\/vanajaveden-opisto\/wp-json\/wp\/v2\/media?parent=21309"}],"wp:term":[{"taxonomy":"category","embeddable":true,"href":"https:\/\/www.kktavastia.fi\/vanajaveden-opisto\/wp-json\/wp\/v2\/categories?post=21309"},{"taxonomy":"post_tag","embeddable":true,"href":"https:\/\/www.kktavastia.fi\/vanajaveden-opisto\/wp-json\/wp\/v2\/tags?post=21309"}],"curies":[{"name":"wp","href":"https:\/\/api.w.org\/{rel}","templated":true}]}}