{"id":16904,"date":"2023-10-04T13:57:09","date_gmt":"2023-10-04T10:57:09","guid":{"rendered":"https:\/\/www.kktavastia.fi\/vanajaveden-opisto\/?p=16904"},"modified":"2023-10-04T15:00:29","modified_gmt":"2023-10-04T12:00:29","slug":"iloa-syksyn-pimeille-tutki-lokakuussa-alkavia-kursseja","status":"publish","type":"post","link":"https:\/\/www.kktavastia.fi\/vanajaveden-opisto\/ajankohtaista\/2023\/iloa-syksyn-pimeille-tutki-lokakuussa-alkavia-kursseja\/","title":{"rendered":"Iloa syksyn pimeille \u2013 tutki lokakuussa alkavia kursseja"},"content":{"rendered":"\n<p class=\"is-style-ingress\">Harrastuksen voi l\u00f6yt\u00e4\u00e4 my\u00f6s keskell\u00e4 lukukautta. Lokakuun aikana alkaa monia kursseja, joista osaan p\u00e4\u00e4set tutustumaan alla olevista linkeist\u00e4. N\u00e4et kurssin osallistujien tilanteen kurssin esittelyn yhteydess\u00e4: paikkoja j\u00e4ljell\u00e4, paikkoja rajoitetusti tai voit ilmoittautua varalle. Monille jo alkaneillekin kursseille mahtuu viel\u00e4 mukaan! <\/p>\n\n\n\n<h3 class=\"wp-block-heading\">K\u00e4sity\u00f6kursseja<\/h3>\n\n\n\n<p><a href=\"https:\/\/www.kktavastia.fi\/vanajaveden-opisto\/kurssit\/kasityo-ja-muotoilu-19\/muut-kasityokurssit-19-18\/kankaankuviointi-kirjonta-ja-ompelu-viikonloppu\/\">Kankaankuviointi, kirjonta ja ompelu -viikonloppu<\/a><\/p>\n\n\n\n<p><a href=\"https:\/\/www.kktavastia.fi\/vanajaveden-opisto\/kurssit\/kasityo-ja-muotoilu-19\/ompelu-19-19\/ompele-tekstiilit-uusiksi-korjaa-ja-uudista-vaatteet\/\">Ompele tekstiilit uusiksi, korjaa ja uudista vaatteet, Turengissa<\/a><\/p>\n\n\n\n<p><a href=\"https:\/\/www.kktavastia.fi\/vanajaveden-opisto\/kurssit\/kasityo-ja-muotoilu-19\/kirjonta-ja-lankatyot-19-21\/kaulurit-pipot-ja-huppupaahineet-neulottuna\/\">Kaulurit, pipot ja huppup\u00e4\u00e4hineet neulottuna<\/a><\/p>\n\n\n\n<p><a href=\"https:\/\/www.kktavastia.fi\/vanajaveden-opisto\/kurssit\/kasityo-ja-muotoilu-19\/kirjonta-ja-lankatyot-19-21\/pisto-pistolta-kasinkirjontaa\/\">Pisto pistolta &#8211; k\u00e4sinkirjontaa<\/a> <\/p>\n\n\n\n<p><a href=\"https:\/\/www.kktavastia.fi\/vanajaveden-opisto\/kurssit\/kasityo-ja-muotoilu-19\/kirjonta-ja-lankatyot-19-21\/neulesuunnittelun-jatkokurssi\/\">Neulesuunnittelun kurssi<\/a><\/p>\n\n\n\n<h3 class=\"wp-block-heading\">Kielikursseja<\/h3>\n\n\n\n<p><a href=\"https:\/\/www.kktavastia.fi\/vanajaveden-opisto\/kurssit\/kielet-9\/espanja-9-48\/fiestas-espanjan-juhlia-suomeksi-etakurssi\/\">Fiestas \u2013 Espanjan juhlia suomeksi, et\u00e4kurssi<\/a><\/p>\n\n\n\n<p><a href=\"https:\/\/www.kktavastia.fi\/vanajaveden-opisto\/kurssit\/kielet-9\/espanja-9-48\/hola-maistiaisia-espanjan-kielesta\/\">\u00a1Hola! \u2013 maistiaisia espanjan kielest\u00e4<\/a><\/p>\n\n\n\n<p><a href=\"https:\/\/www.kktavastia.fi\/vanajaveden-opisto\/kurssit\/kielet-9\/muut-kielet-9-50\/portugalia-matkailijoille\/\">Portugalia matkailijoille<\/a><\/p>\n\n\n\n<h3 class=\"wp-block-heading\">Ruokakursseja<\/h3>\n\n\n\n<p><a href=\"https:\/\/www.kktavastia.fi\/vanajaveden-opisto\/kurssit\/hyvinvointi-ja-ravinto-23\/ravinto-23-98\/edullisesti-oikeaa-ruokaa-arkeen\/\">Edullisesti oikeaa ruokaa arkeen<\/a><\/p>\n\n\n\n<p><a href=\"https:\/\/www.kktavastia.fi\/vanajaveden-opisto\/kurssit\/hyvinvointi-ja-ravinto-23\/ravinto-23-98\/leivotaan-kuivakakkuja\/\">Leivotaan kuivakakkuja<\/a><\/p>\n\n\n\n<h3 class=\"wp-block-heading\">Kauneudenhoitoa<\/h3>\n\n\n\n<p><a href=\"https:\/\/www.kktavastia.fi\/vanajaveden-opisto\/kurssit\/hyvinvointi-ja-ravinto-23\/terveys-ja-hyvinvointi-23-75\/meikkikurssi-nuorille\/\">Meikkikurssi nuorille<\/a><\/p>\n\n\n\n<p><a href=\"https:\/\/www.kktavastia.fi\/vanajaveden-opisto\/kurssit\/hyvinvointi-ja-ravinto-23\/terveys-ja-hyvinvointi-23-75\/silmameikki-teipaten\/\">Silm\u00e4meikki teipaten<\/a><\/p>\n\n\n\n<p><a href=\"https:\/\/www.kktavastia.fi\/vanajaveden-opisto\/kurssit\/hyvinvointi-ja-ravinto-23\/terveys-ja-hyvinvointi-23-75\/opi-hoitamaan-kadet-kauniiksi\/\">Opi hoitamaan k\u00e4det kauniiksi<\/a><\/p>\n\n\n\n<h3 class=\"wp-block-heading\">Tietotekniikkaa<\/h3>\n\n\n\n<p><a href=\"https:\/\/www.kktavastia.fi\/vanajaveden-opisto\/kurssit\/digitaidot-10\/perusdigitaidot-10-121\/tietotekniikan-perusteet-abc-jatkokurssi\/\">Tietotekniikan perusteet ABC -jatkokurssi<\/a><\/p>\n\n\n\n<p><a href=\"https:\/\/www.kktavastia.fi\/vanajaveden-opisto\/kurssit\/digitaidot-10\/perusdigitaidot-10-121\/tietotekniikkakerho-b-hattula\/\">Tietotekniikkakerho B, Hattula<\/a><\/p>\n\n\n\n<h3 class=\"wp-block-heading\">Muita kursseja<\/h3>\n\n\n\n<p><a href=\"https:\/\/www.kktavastia.fi\/vanajaveden-opisto\/kurssit\/musiikki-3\/soitinyhtyeet-3-5\/kuubalaisen-musiikin-rytmiikkaa-soittaen-ja-kuunnellen\/\">Kuubalaisen musiikin rytmiikkaa soittaen ja kuunnellen<\/a><\/p>\n\n\n\n<p><a href=\"https:\/\/www.kktavastia.fi\/vanajaveden-opisto\/kurssit\/kuvataide-15\/maalaus-piirustus-ja-grafiikka-15-15\/taidepaja-turenki\/\">Taidepaja, Turenki<\/a><\/p>\n\n\n\n<p><a href=\"https:\/\/www.kktavastia.fi\/vanajaveden-opisto\/kurssit\/muu-opiskelutarjonta-24\/terveys-ja-hyvinvointi-24-75\/erityisherkka-ja-palauttava-vapaa-aika\/\">Erityisherkk\u00e4 ja palauttava vapaa-aika<\/a><\/p>\n\n\n\n<p><a href=\"https:\/\/www.kktavastia.fi\/tutkinto-ja-koulutushaku\/\">Etsi lis\u00e4\u00e4 kursseja!<\/a> Valitse valikosta koulutuksen tyypiksi Vanajaveden Opisto ja sen alta haluamasi ala tai hae kurssia vapaalla sanalla. N\u00e4et kurssin tilanteen kurssin yhteydess\u00e4: paikkoja j\u00e4ljell\u00e4, paikkoja rajoitetusti tai voit ilmoittautua varalle. <\/p>\n","protected":false},"excerpt":{"rendered":"<p>Harrastuksen voi l\u00f6yt\u00e4\u00e4 my\u00f6s keskell\u00e4 lukukautta. Lokakuun aikana alkaa monia kursseja, joista osaan p\u00e4\u00e4set tutustumaan alla olevista linkeist\u00e4. N\u00e4et kurssin [&hellip;]<\/p>\n","protected":false},"author":3,"featured_media":16865,"comment_status":"closed","ping_status":"closed","sticky":false,"template":"","format":"standard","meta":{"_acf_changed":false,"_relevanssi_hide_post":"","_relevanssi_hide_content":"","_relevanssi_pin_for_all":"","_relevanssi_pin_keywords":"","_relevanssi_unpin_keywords":"","_relevanssi_related_keywords":"","_relevanssi_related_include_ids":"","_relevanssi_related_exclude_ids":"","_relevanssi_related_no_append":"","_relevanssi_related_not_related":"","_relevanssi_related_posts":"10340,14013,6586,6106,5998,11473","_relevanssi_noindex_reason":"","footnotes":""},"categories":[92],"tags":[253,255,254,160],"class_list":["post-16904","post","type-post","status-publish","format-standard","has-post-thumbnail","hentry","category-ajankohtaista","tag-harrastus","tag-onko-tilaa","tag-opi","tag-vop"],"acf":[],"yoast_head":"<title>Iloa syksyn pimeille \u2013 tutki lokakuussa alkavia kursseja - Vanajaveden Opisto<\/title>\n<meta name=\"robots\" content=\"index, follow, max-snippet:-1, max-image-preview:large, max-video-preview:-1\" \/>\n<link rel=\"canonical\" href=\"https:\/\/www.kktavastia.fi\/vanajaveden-opisto\/ajankohtaista\/2023\/iloa-syksyn-pimeille-tutki-lokakuussa-alkavia-kursseja\/\" \/>\n<meta property=\"og:locale\" content=\"fi_FI\" \/>\n<meta property=\"og:type\" content=\"article\" \/>\n<meta property=\"og:title\" content=\"Iloa syksyn pimeille \u2013 tutki lokakuussa alkavia kursseja - Vanajaveden Opisto\" \/>\n<meta property=\"og:description\" content=\"Harrastuksen voi l\u00f6yt\u00e4\u00e4 my\u00f6s keskell\u00e4 lukukautta. Lokakuun aikana alkaa monia kursseja, joista osaan p\u00e4\u00e4set tutustumaan alla olevista linkeist\u00e4. N\u00e4et kurssin [&hellip;]\" \/>\n<meta property=\"og:url\" content=\"https:\/\/www.kktavastia.fi\/vanajaveden-opisto\/ajankohtaista\/2023\/iloa-syksyn-pimeille-tutki-lokakuussa-alkavia-kursseja\/\" \/>\n<meta property=\"og:site_name\" content=\"Vanajaveden Opisto\" \/>\n<meta property=\"article:published_time\" content=\"2023-10-04T10:57:09+00:00\" \/>\n<meta property=\"article:modified_time\" content=\"2023-10-04T12:00:29+00:00\" \/>\n<meta property=\"og:image\" content=\"https:\/\/www.kktavastia.fi\/media\/sites\/3\/kadet-scaled.jpg\" \/>\n\t<meta property=\"og:image:width\" content=\"1920\" \/>\n\t<meta property=\"og:image:height\" content=\"2560\" \/>\n\t<meta property=\"og:image:type\" content=\"image\/jpeg\" \/>\n<meta name=\"author\" content=\"jennimanninen\" \/>\n<meta name=\"twitter:card\" content=\"summary_large_image\" \/>\n<script type=\"application\/ld+json\" class=\"yoast-schema-graph\">{\"@context\":\"https:\\\/\\\/schema.org\",\"@graph\":[{\"@type\":\"Article\",\"@id\":\"https:\\\/\\\/www.kktavastia.fi\\\/vanajaveden-opisto\\\/ajankohtaista\\\/2023\\\/iloa-syksyn-pimeille-tutki-lokakuussa-alkavia-kursseja\\\/#article\",\"isPartOf\":{\"@id\":\"https:\\\/\\\/www.kktavastia.fi\\\/vanajaveden-opisto\\\/ajankohtaista\\\/2023\\\/iloa-syksyn-pimeille-tutki-lokakuussa-alkavia-kursseja\\\/\"},\"author\":{\"name\":\"jennimanninen\",\"@id\":\"https:\\\/\\\/www.kktavastia.fi\\\/vanajaveden-opisto\\\/#\\\/schema\\\/person\\\/024aefaad0a17654b61e7deb02a467ab\"},\"headline\":\"Iloa syksyn pimeille \u2013 tutki lokakuussa alkavia kursseja\",\"datePublished\":\"2023-10-04T10:57:09+00:00\",\"dateModified\":\"2023-10-04T12:00:29+00:00\",\"mainEntityOfPage\":{\"@id\":\"https:\\\/\\\/www.kktavastia.fi\\\/vanajaveden-opisto\\\/ajankohtaista\\\/2023\\\/iloa-syksyn-pimeille-tutki-lokakuussa-alkavia-kursseja\\\/\"},\"wordCount\":168,\"image\":{\"@id\":\"https:\\\/\\\/www.kktavastia.fi\\\/vanajaveden-opisto\\\/ajankohtaista\\\/2023\\\/iloa-syksyn-pimeille-tutki-lokakuussa-alkavia-kursseja\\\/#primaryimage\"},\"thumbnailUrl\":\"https:\\\/\\\/www.kktavastia.fi\\\/media\\\/sites\\\/3\\\/kadet-scaled.jpg\",\"keywords\":[\"harrastus\",\"onko tilaa\",\"opi\",\"vop\"],\"articleSection\":[\"Ajankohtaista\"],\"inLanguage\":\"fi\"},{\"@type\":\"WebPage\",\"@id\":\"https:\\\/\\\/www.kktavastia.fi\\\/vanajaveden-opisto\\\/ajankohtaista\\\/2023\\\/iloa-syksyn-pimeille-tutki-lokakuussa-alkavia-kursseja\\\/\",\"url\":\"https:\\\/\\\/www.kktavastia.fi\\\/vanajaveden-opisto\\\/ajankohtaista\\\/2023\\\/iloa-syksyn-pimeille-tutki-lokakuussa-alkavia-kursseja\\\/\",\"name\":\"Iloa syksyn pimeille \u2013 tutki lokakuussa alkavia kursseja - Vanajaveden Opisto\",\"isPartOf\":{\"@id\":\"https:\\\/\\\/www.kktavastia.fi\\\/vanajaveden-opisto\\\/#website\"},\"primaryImageOfPage\":{\"@id\":\"https:\\\/\\\/www.kktavastia.fi\\\/vanajaveden-opisto\\\/ajankohtaista\\\/2023\\\/iloa-syksyn-pimeille-tutki-lokakuussa-alkavia-kursseja\\\/#primaryimage\"},\"image\":{\"@id\":\"https:\\\/\\\/www.kktavastia.fi\\\/vanajaveden-opisto\\\/ajankohtaista\\\/2023\\\/iloa-syksyn-pimeille-tutki-lokakuussa-alkavia-kursseja\\\/#primaryimage\"},\"thumbnailUrl\":\"https:\\\/\\\/www.kktavastia.fi\\\/media\\\/sites\\\/3\\\/kadet-scaled.jpg\",\"datePublished\":\"2023-10-04T10:57:09+00:00\",\"dateModified\":\"2023-10-04T12:00:29+00:00\",\"author\":{\"@id\":\"https:\\\/\\\/www.kktavastia.fi\\\/vanajaveden-opisto\\\/#\\\/schema\\\/person\\\/024aefaad0a17654b61e7deb02a467ab\"},\"breadcrumb\":{\"@id\":\"https:\\\/\\\/www.kktavastia.fi\\\/vanajaveden-opisto\\\/ajankohtaista\\\/2023\\\/iloa-syksyn-pimeille-tutki-lokakuussa-alkavia-kursseja\\\/#breadcrumb\"},\"inLanguage\":\"fi\",\"potentialAction\":[{\"@type\":\"ReadAction\",\"target\":[\"https:\\\/\\\/www.kktavastia.fi\\\/vanajaveden-opisto\\\/ajankohtaista\\\/2023\\\/iloa-syksyn-pimeille-tutki-lokakuussa-alkavia-kursseja\\\/\"]}]},{\"@type\":\"ImageObject\",\"inLanguage\":\"fi\",\"@id\":\"https:\\\/\\\/www.kktavastia.fi\\\/vanajaveden-opisto\\\/ajankohtaista\\\/2023\\\/iloa-syksyn-pimeille-tutki-lokakuussa-alkavia-kursseja\\\/#primaryimage\",\"url\":\"https:\\\/\\\/www.kktavastia.fi\\\/media\\\/sites\\\/3\\\/kadet-scaled.jpg\",\"contentUrl\":\"https:\\\/\\\/www.kktavastia.fi\\\/media\\\/sites\\\/3\\\/kadet-scaled.jpg\",\"width\":1920,\"height\":2560},{\"@type\":\"BreadcrumbList\",\"@id\":\"https:\\\/\\\/www.kktavastia.fi\\\/vanajaveden-opisto\\\/ajankohtaista\\\/2023\\\/iloa-syksyn-pimeille-tutki-lokakuussa-alkavia-kursseja\\\/#breadcrumb\",\"itemListElement\":[{\"@type\":\"ListItem\",\"position\":1,\"name\":\"Home\",\"item\":\"https:\\\/\\\/www.kktavastia.fi\\\/vanajaveden-opisto\\\/\"},{\"@type\":\"ListItem\",\"position\":2,\"name\":\"Iloa syksyn pimeille \u2013 tutki lokakuussa alkavia kursseja\"}]},{\"@type\":\"WebSite\",\"@id\":\"https:\\\/\\\/www.kktavastia.fi\\\/vanajaveden-opisto\\\/#website\",\"url\":\"https:\\\/\\\/www.kktavastia.fi\\\/vanajaveden-opisto\\\/\",\"name\":\"Vanajaveden Opisto\",\"description\":\"\",\"potentialAction\":[{\"@type\":\"SearchAction\",\"target\":{\"@type\":\"EntryPoint\",\"urlTemplate\":\"https:\\\/\\\/www.kktavastia.fi\\\/vanajaveden-opisto\\\/?s={search_term_string}\"},\"query-input\":{\"@type\":\"PropertyValueSpecification\",\"valueRequired\":true,\"valueName\":\"search_term_string\"}}],\"inLanguage\":\"fi\"},{\"@type\":\"Person\",\"@id\":\"https:\\\/\\\/www.kktavastia.fi\\\/vanajaveden-opisto\\\/#\\\/schema\\\/person\\\/024aefaad0a17654b61e7deb02a467ab\",\"name\":\"jennimanninen\",\"image\":{\"@type\":\"ImageObject\",\"inLanguage\":\"fi\",\"@id\":\"https:\\\/\\\/secure.gravatar.com\\\/avatar\\\/5457e44008198bb53daa774600a7e8e4246bcac6a14afc3db6e5d007d9dc6f39?s=96&d=mm&r=g\",\"url\":\"https:\\\/\\\/secure.gravatar.com\\\/avatar\\\/5457e44008198bb53daa774600a7e8e4246bcac6a14afc3db6e5d007d9dc6f39?s=96&d=mm&r=g\",\"contentUrl\":\"https:\\\/\\\/secure.gravatar.com\\\/avatar\\\/5457e44008198bb53daa774600a7e8e4246bcac6a14afc3db6e5d007d9dc6f39?s=96&d=mm&r=g\",\"caption\":\"jennimanninen\"},\"url\":\"https:\\\/\\\/www.kktavastia.fi\\\/vanajaveden-opisto\\\/ajankohtaista\\\/author\\\/jennimanninen\\\/\"}]}<\/script>","yoast_head_json":{"title":"Iloa syksyn pimeille \u2013 tutki lokakuussa alkavia kursseja - Vanajaveden Opisto","robots":{"index":"index","follow":"follow","max-snippet":"max-snippet:-1","max-image-preview":"max-image-preview:large","max-video-preview":"max-video-preview:-1"},"canonical":"https:\/\/www.kktavastia.fi\/vanajaveden-opisto\/ajankohtaista\/2023\/iloa-syksyn-pimeille-tutki-lokakuussa-alkavia-kursseja\/","og_locale":"fi_FI","og_type":"article","og_title":"Iloa syksyn pimeille \u2013 tutki lokakuussa alkavia kursseja - Vanajaveden Opisto","og_description":"Harrastuksen voi l\u00f6yt\u00e4\u00e4 my\u00f6s keskell\u00e4 lukukautta. Lokakuun aikana alkaa monia kursseja, joista osaan p\u00e4\u00e4set tutustumaan alla olevista linkeist\u00e4. N\u00e4et kurssin [&hellip;]","og_url":"https:\/\/www.kktavastia.fi\/vanajaveden-opisto\/ajankohtaista\/2023\/iloa-syksyn-pimeille-tutki-lokakuussa-alkavia-kursseja\/","og_site_name":"Vanajaveden Opisto","article_published_time":"2023-10-04T10:57:09+00:00","article_modified_time":"2023-10-04T12:00:29+00:00","og_image":[{"width":1920,"height":2560,"url":"https:\/\/www.kktavastia.fi\/media\/sites\/3\/kadet-scaled.jpg","type":"image\/jpeg"}],"author":"jennimanninen","twitter_card":"summary_large_image","schema":{"@context":"https:\/\/schema.org","@graph":[{"@type":"Article","@id":"https:\/\/www.kktavastia.fi\/vanajaveden-opisto\/ajankohtaista\/2023\/iloa-syksyn-pimeille-tutki-lokakuussa-alkavia-kursseja\/#article","isPartOf":{"@id":"https:\/\/www.kktavastia.fi\/vanajaveden-opisto\/ajankohtaista\/2023\/iloa-syksyn-pimeille-tutki-lokakuussa-alkavia-kursseja\/"},"author":{"name":"jennimanninen","@id":"https:\/\/www.kktavastia.fi\/vanajaveden-opisto\/#\/schema\/person\/024aefaad0a17654b61e7deb02a467ab"},"headline":"Iloa syksyn pimeille \u2013 tutki lokakuussa alkavia kursseja","datePublished":"2023-10-04T10:57:09+00:00","dateModified":"2023-10-04T12:00:29+00:00","mainEntityOfPage":{"@id":"https:\/\/www.kktavastia.fi\/vanajaveden-opisto\/ajankohtaista\/2023\/iloa-syksyn-pimeille-tutki-lokakuussa-alkavia-kursseja\/"},"wordCount":168,"image":{"@id":"https:\/\/www.kktavastia.fi\/vanajaveden-opisto\/ajankohtaista\/2023\/iloa-syksyn-pimeille-tutki-lokakuussa-alkavia-kursseja\/#primaryimage"},"thumbnailUrl":"https:\/\/www.kktavastia.fi\/media\/sites\/3\/kadet-scaled.jpg","keywords":["harrastus","onko tilaa","opi","vop"],"articleSection":["Ajankohtaista"],"inLanguage":"fi"},{"@type":"WebPage","@id":"https:\/\/www.kktavastia.fi\/vanajaveden-opisto\/ajankohtaista\/2023\/iloa-syksyn-pimeille-tutki-lokakuussa-alkavia-kursseja\/","url":"https:\/\/www.kktavastia.fi\/vanajaveden-opisto\/ajankohtaista\/2023\/iloa-syksyn-pimeille-tutki-lokakuussa-alkavia-kursseja\/","name":"Iloa syksyn pimeille \u2013 tutki lokakuussa alkavia kursseja - Vanajaveden Opisto","isPartOf":{"@id":"https:\/\/www.kktavastia.fi\/vanajaveden-opisto\/#website"},"primaryImageOfPage":{"@id":"https:\/\/www.kktavastia.fi\/vanajaveden-opisto\/ajankohtaista\/2023\/iloa-syksyn-pimeille-tutki-lokakuussa-alkavia-kursseja\/#primaryimage"},"image":{"@id":"https:\/\/www.kktavastia.fi\/vanajaveden-opisto\/ajankohtaista\/2023\/iloa-syksyn-pimeille-tutki-lokakuussa-alkavia-kursseja\/#primaryimage"},"thumbnailUrl":"https:\/\/www.kktavastia.fi\/media\/sites\/3\/kadet-scaled.jpg","datePublished":"2023-10-04T10:57:09+00:00","dateModified":"2023-10-04T12:00:29+00:00","author":{"@id":"https:\/\/www.kktavastia.fi\/vanajaveden-opisto\/#\/schema\/person\/024aefaad0a17654b61e7deb02a467ab"},"breadcrumb":{"@id":"https:\/\/www.kktavastia.fi\/vanajaveden-opisto\/ajankohtaista\/2023\/iloa-syksyn-pimeille-tutki-lokakuussa-alkavia-kursseja\/#breadcrumb"},"inLanguage":"fi","potentialAction":[{"@type":"ReadAction","target":["https:\/\/www.kktavastia.fi\/vanajaveden-opisto\/ajankohtaista\/2023\/iloa-syksyn-pimeille-tutki-lokakuussa-alkavia-kursseja\/"]}]},{"@type":"ImageObject","inLanguage":"fi","@id":"https:\/\/www.kktavastia.fi\/vanajaveden-opisto\/ajankohtaista\/2023\/iloa-syksyn-pimeille-tutki-lokakuussa-alkavia-kursseja\/#primaryimage","url":"https:\/\/www.kktavastia.fi\/media\/sites\/3\/kadet-scaled.jpg","contentUrl":"https:\/\/www.kktavastia.fi\/media\/sites\/3\/kadet-scaled.jpg","width":1920,"height":2560},{"@type":"BreadcrumbList","@id":"https:\/\/www.kktavastia.fi\/vanajaveden-opisto\/ajankohtaista\/2023\/iloa-syksyn-pimeille-tutki-lokakuussa-alkavia-kursseja\/#breadcrumb","itemListElement":[{"@type":"ListItem","position":1,"name":"Home","item":"https:\/\/www.kktavastia.fi\/vanajaveden-opisto\/"},{"@type":"ListItem","position":2,"name":"Iloa syksyn pimeille \u2013 tutki lokakuussa alkavia kursseja"}]},{"@type":"WebSite","@id":"https:\/\/www.kktavastia.fi\/vanajaveden-opisto\/#website","url":"https:\/\/www.kktavastia.fi\/vanajaveden-opisto\/","name":"Vanajaveden Opisto","description":"","potentialAction":[{"@type":"SearchAction","target":{"@type":"EntryPoint","urlTemplate":"https:\/\/www.kktavastia.fi\/vanajaveden-opisto\/?s={search_term_string}"},"query-input":{"@type":"PropertyValueSpecification","valueRequired":true,"valueName":"search_term_string"}}],"inLanguage":"fi"},{"@type":"Person","@id":"https:\/\/www.kktavastia.fi\/vanajaveden-opisto\/#\/schema\/person\/024aefaad0a17654b61e7deb02a467ab","name":"jennimanninen","image":{"@type":"ImageObject","inLanguage":"fi","@id":"https:\/\/secure.gravatar.com\/avatar\/5457e44008198bb53daa774600a7e8e4246bcac6a14afc3db6e5d007d9dc6f39?s=96&d=mm&r=g","url":"https:\/\/secure.gravatar.com\/avatar\/5457e44008198bb53daa774600a7e8e4246bcac6a14afc3db6e5d007d9dc6f39?s=96&d=mm&r=g","contentUrl":"https:\/\/secure.gravatar.com\/avatar\/5457e44008198bb53daa774600a7e8e4246bcac6a14afc3db6e5d007d9dc6f39?s=96&d=mm&r=g","caption":"jennimanninen"},"url":"https:\/\/www.kktavastia.fi\/vanajaveden-opisto\/ajankohtaista\/author\/jennimanninen\/"}]}},"_links":{"self":[{"href":"https:\/\/www.kktavastia.fi\/vanajaveden-opisto\/wp-json\/wp\/v2\/posts\/16904","targetHints":{"allow":["GET"]}}],"collection":[{"href":"https:\/\/www.kktavastia.fi\/vanajaveden-opisto\/wp-json\/wp\/v2\/posts"}],"about":[{"href":"https:\/\/www.kktavastia.fi\/vanajaveden-opisto\/wp-json\/wp\/v2\/types\/post"}],"author":[{"embeddable":true,"href":"https:\/\/www.kktavastia.fi\/vanajaveden-opisto\/wp-json\/wp\/v2\/users\/3"}],"replies":[{"embeddable":true,"href":"https:\/\/www.kktavastia.fi\/vanajaveden-opisto\/wp-json\/wp\/v2\/comments?post=16904"}],"version-history":[{"count":5,"href":"https:\/\/www.kktavastia.fi\/vanajaveden-opisto\/wp-json\/wp\/v2\/posts\/16904\/revisions"}],"predecessor-version":[{"id":16911,"href":"https:\/\/www.kktavastia.fi\/vanajaveden-opisto\/wp-json\/wp\/v2\/posts\/16904\/revisions\/16911"}],"wp:featuredmedia":[{"embeddable":true,"href":"https:\/\/www.kktavastia.fi\/vanajaveden-opisto\/wp-json\/wp\/v2\/media\/16865"}],"wp:attachment":[{"href":"https:\/\/www.kktavastia.fi\/vanajaveden-opisto\/wp-json\/wp\/v2\/media?parent=16904"}],"wp:term":[{"taxonomy":"category","embeddable":true,"href":"https:\/\/www.kktavastia.fi\/vanajaveden-opisto\/wp-json\/wp\/v2\/categories?post=16904"},{"taxonomy":"post_tag","embeddable":true,"href":"https:\/\/www.kktavastia.fi\/vanajaveden-opisto\/wp-json\/wp\/v2\/tags?post=16904"}],"curies":[{"name":"wp","href":"https:\/\/api.w.org\/{rel}","templated":true}]}}