{"id":11816,"date":"2022-03-08T13:16:19","date_gmt":"2022-03-08T11:16:19","guid":{"rendered":"https:\/\/www.kktavastia.fi\/vanajaveden-opisto\/?p=11816"},"modified":"2022-03-08T13:16:20","modified_gmt":"2022-03-08T11:16:20","slug":"virkeytta-ja-voimavaroja-kevaan-kursseilta","status":"publish","type":"post","link":"https:\/\/www.kktavastia.fi\/vanajaveden-opisto\/ajankohtaista\/2022\/virkeytta-ja-voimavaroja-kevaan-kursseilta\/","title":{"rendered":"Virkeytt\u00e4 ja voimavaroja kev\u00e4\u00e4n kursseilta"},"content":{"rendered":"\n<p>VOPin kurssit toimivat normaalisti ja viel\u00e4 on alkamassa runsas joukko uusia kursseja, joihin ilmoittautumisaika on meneill\u00e4\u00e4n. Valitse omasi ja tule mukaan!<\/p>\n\n\n\n<h3 class=\"wp-block-heading\">Maaliskuussa alkavia kursseja, joissa viel\u00e4 tilaa:<\/h3>\n\n\n\n<h4 class=\"wp-block-heading\">Kielet<\/h4>\n\n\n\n<p><strong><a href=\"https:\/\/www.kktavastia.fi\/vanajaveden-opisto\/kurssit\/kielet-9\/muut-kielet-9-50\/huvitav-reis-matkalle-viroon-kevat\/\">Huvitav reis \u2013 matkalle Viroon -kev\u00e4t<\/a> 1298112<br><\/strong>La 10.30\u201312.45 Jaakonkatu 28, lk 1506<br>26.3.\u201323.4.2022<br>Laine J\u00e4nes 12 t 40,00 \u20ac<\/p>\n\n\n\n<p><br><strong><a href=\"https:\/\/www.kktavastia.fi\/vanajaveden-opisto\/kurssit\/kielet-9\/muut-kielet-9-50\/ela-kreikankielen-alkupalat\/\">Ela! \u2013 Kreikankielen alkupalat<\/a> 1298119<\/strong><br>La 12.15\u201315.30 Jaakonkatu 28, lk 1561<br>26.3.\u20139.4.2022<br>Mervi Autio 12 t 54,00 \u20ac<br><\/p>\n\n\n\n<h4 class=\"wp-block-heading\">Digitaidot<\/h4>\n\n\n\n<h4 class=\"wp-block-heading\">Graafinen suunnittelu<\/h4>\n\n\n\n<p><strong><a href=\"https:\/\/www.kktavastia.fi\/vanajaveden-opisto\/kurssit\/digitaidot-10\/graafinen-suunnittelu-10-124\/kuvankasittelyn-perusteet-pienryhma\/\">Kuvank\u00e4sittelyn perusteet &#8211; pienryhm\u00e4<\/a> 3403139<br><\/strong>Ke 18.30\u201320.45 Jaakonkatu 28, lk 1562 it-luokka<br>16.\u201330.3.2022<br>Tuukka T\u00e4hti 9 t 40,00 \u20ac<\/p>\n\n\n\n<p><a href=\"https:\/\/www.kktavastia.fi\/vanajaveden-opisto\/kurssit\/digitaidot-10\/graafinen-suunnittelu-10-124\/printit-ja-digitaaliset-julkaisut-adobe-indesignilla-pienryhma\/\"><br><strong>Printit ja digitaaliset julkaisut Adobe InDesignilla &#8211; pienryhm\u00e4<\/strong><\/a><strong> 3403140<\/strong><br>Ti 18.30\u201320.45 Jaakonkatu 28, lk 1562 it-luokka<br>22.3.\u20135.4.2022<br>Tuukka T\u00e4hti 9 t 40,00 \u20ac<br><br><\/p>\n\n\n\n<h4 class=\"wp-block-heading\">K\u00e4sity\u00f6 ja muotoilu<\/h4>\n\n\n\n<h4 class=\"wp-block-heading\">Ompelu<\/h4>\n\n\n\n<p><strong><a href=\"https:\/\/www.kktavastia.fi\/vanajaveden-opisto\/kurssit\/kasityo-ja-muotoilu-19\/ompelu-19-19\/ompele-trikoosta\/\">Ompele trikoosta<\/a><\/strong><a href=\"https:\/\/www.kktavastia.fi\/vanajaveden-opisto\/kurssit\/kasityo-ja-muotoilu-19\/ompelu-19-19\/ompele-trikoosta\/\"><strong> <\/strong><\/a><strong>1104116<\/strong><a href=\"https:\/\/www.kktavastia.fi\/vanajaveden-opisto\/kurssit\/kasityo-ja-muotoilu-19\/ompelu-19-19\/ompele-trikoosta\/\"><br><\/a>Ti 15.00\u201317.15 Tavastia, B-rak. lk. B1022<br>22.3.\u201326.4.2022<br>Pirjo Annila 18 t 50,00 \u20ac<br><br><\/p>\n\n\n\n<h4 class=\"wp-block-heading\">Hyvinvointi<\/h4>\n\n\n\n<p><strong><a href=\"https:\/\/www.kktavastia.fi\/vanajaveden-opisto\/kurssit\/muu-opiskelutarjonta-24\/hyvinvointi-24-97\/alexander-tekniikka\/\">Alexander-tekniikka<\/a> 1310501<\/strong><br>La 10.00\u201317.00, Su 9.00\u201316.00 Parolan nuorisotalo, vintti<br>19.\u201320.3.2022<br>Seija Varkila 16 t 50,00 \u20ac<\/p>\n\n\n\n<p><\/p>\n\n\n\n<p>Kaikkien kurssien <a href=\"https:\/\/www.kktavastia.fi\/vanajaveden-opisto\/kurssit\/\">tiedot l\u00f6yd\u00e4t t\u00e4\u00e4lt\u00e4<\/a>.<br><\/p>\n","protected":false},"excerpt":{"rendered":"<p>VOPin kurssit toimivat normaalisti ja viel\u00e4 on alkamassa runsas joukko uusia kursseja, joihin ilmoittautumisaika on meneill\u00e4\u00e4n. Valitse omasi ja tule [&hellip;]<\/p>\n","protected":false},"author":6,"featured_media":11817,"comment_status":"closed","ping_status":"closed","sticky":false,"template":"","format":"standard","meta":{"_acf_changed":false,"_relevanssi_hide_post":"","_relevanssi_hide_content":"","_relevanssi_pin_for_all":"","_relevanssi_pin_keywords":"","_relevanssi_unpin_keywords":"","_relevanssi_related_keywords":"","_relevanssi_related_include_ids":"","_relevanssi_related_exclude_ids":"","_relevanssi_related_no_append":"","_relevanssi_related_not_related":"","_relevanssi_related_posts":"4484,6597,6559,5479,5198,11731","_relevanssi_noindex_reason":"","footnotes":""},"categories":[1],"tags":[],"class_list":["post-11816","post","type-post","status-publish","format-standard","has-post-thumbnail","hentry","category-yleinen"],"acf":[],"yoast_head":"<title>Virkeytt\u00e4 ja voimavaroja kev\u00e4\u00e4n kursseilta - Vanajaveden Opisto<\/title>\n<meta name=\"robots\" content=\"index, follow, max-snippet:-1, max-image-preview:large, max-video-preview:-1\" \/>\n<link rel=\"canonical\" href=\"https:\/\/www.kktavastia.fi\/vanajaveden-opisto\/ajankohtaista\/2022\/virkeytta-ja-voimavaroja-kevaan-kursseilta\/\" \/>\n<meta property=\"og:locale\" content=\"fi_FI\" \/>\n<meta property=\"og:type\" content=\"article\" \/>\n<meta property=\"og:title\" content=\"Virkeytt\u00e4 ja voimavaroja kev\u00e4\u00e4n kursseilta - Vanajaveden Opisto\" \/>\n<meta property=\"og:description\" content=\"VOPin kurssit toimivat normaalisti ja viel\u00e4 on alkamassa runsas joukko uusia kursseja, joihin ilmoittautumisaika on meneill\u00e4\u00e4n. Valitse omasi ja tule [&hellip;]\" \/>\n<meta property=\"og:url\" content=\"https:\/\/www.kktavastia.fi\/vanajaveden-opisto\/ajankohtaista\/2022\/virkeytta-ja-voimavaroja-kevaan-kursseilta\/\" \/>\n<meta property=\"og:site_name\" content=\"Vanajaveden Opisto\" \/>\n<meta property=\"article:published_time\" content=\"2022-03-08T11:16:19+00:00\" \/>\n<meta property=\"article:modified_time\" content=\"2022-03-08T11:16:20+00:00\" \/>\n<meta property=\"og:image\" content=\"https:\/\/www.kktavastia.fi\/media\/sites\/3\/iloinennainen-1024x651.png\" \/>\n\t<meta property=\"og:image:width\" content=\"1024\" \/>\n\t<meta property=\"og:image:height\" content=\"651\" \/>\n\t<meta property=\"og:image:type\" content=\"image\/png\" \/>\n<meta name=\"author\" content=\"saraseppala\" \/>\n<meta name=\"twitter:card\" content=\"summary_large_image\" \/>\n<script type=\"application\/ld+json\" class=\"yoast-schema-graph\">{\"@context\":\"https:\\\/\\\/schema.org\",\"@graph\":[{\"@type\":\"Article\",\"@id\":\"https:\\\/\\\/www.kktavastia.fi\\\/vanajaveden-opisto\\\/ajankohtaista\\\/2022\\\/virkeytta-ja-voimavaroja-kevaan-kursseilta\\\/#article\",\"isPartOf\":{\"@id\":\"https:\\\/\\\/www.kktavastia.fi\\\/vanajaveden-opisto\\\/ajankohtaista\\\/2022\\\/virkeytta-ja-voimavaroja-kevaan-kursseilta\\\/\"},\"author\":{\"name\":\"saraseppala\",\"@id\":\"https:\\\/\\\/www.kktavastia.fi\\\/vanajaveden-opisto\\\/#\\\/schema\\\/person\\\/817cce3016d2f14b9a7ed273534dcf4d\"},\"headline\":\"Virkeytt\u00e4 ja voimavaroja kev\u00e4\u00e4n kursseilta\",\"datePublished\":\"2022-03-08T11:16:19+00:00\",\"dateModified\":\"2022-03-08T11:16:20+00:00\",\"mainEntityOfPage\":{\"@id\":\"https:\\\/\\\/www.kktavastia.fi\\\/vanajaveden-opisto\\\/ajankohtaista\\\/2022\\\/virkeytta-ja-voimavaroja-kevaan-kursseilta\\\/\"},\"wordCount\":122,\"image\":{\"@id\":\"https:\\\/\\\/www.kktavastia.fi\\\/vanajaveden-opisto\\\/ajankohtaista\\\/2022\\\/virkeytta-ja-voimavaroja-kevaan-kursseilta\\\/#primaryimage\"},\"thumbnailUrl\":\"https:\\\/\\\/www.kktavastia.fi\\\/media\\\/sites\\\/3\\\/iloinennainen.png\",\"inLanguage\":\"fi\"},{\"@type\":\"WebPage\",\"@id\":\"https:\\\/\\\/www.kktavastia.fi\\\/vanajaveden-opisto\\\/ajankohtaista\\\/2022\\\/virkeytta-ja-voimavaroja-kevaan-kursseilta\\\/\",\"url\":\"https:\\\/\\\/www.kktavastia.fi\\\/vanajaveden-opisto\\\/ajankohtaista\\\/2022\\\/virkeytta-ja-voimavaroja-kevaan-kursseilta\\\/\",\"name\":\"Virkeytt\u00e4 ja voimavaroja kev\u00e4\u00e4n kursseilta - Vanajaveden Opisto\",\"isPartOf\":{\"@id\":\"https:\\\/\\\/www.kktavastia.fi\\\/vanajaveden-opisto\\\/#website\"},\"primaryImageOfPage\":{\"@id\":\"https:\\\/\\\/www.kktavastia.fi\\\/vanajaveden-opisto\\\/ajankohtaista\\\/2022\\\/virkeytta-ja-voimavaroja-kevaan-kursseilta\\\/#primaryimage\"},\"image\":{\"@id\":\"https:\\\/\\\/www.kktavastia.fi\\\/vanajaveden-opisto\\\/ajankohtaista\\\/2022\\\/virkeytta-ja-voimavaroja-kevaan-kursseilta\\\/#primaryimage\"},\"thumbnailUrl\":\"https:\\\/\\\/www.kktavastia.fi\\\/media\\\/sites\\\/3\\\/iloinennainen.png\",\"datePublished\":\"2022-03-08T11:16:19+00:00\",\"dateModified\":\"2022-03-08T11:16:20+00:00\",\"author\":{\"@id\":\"https:\\\/\\\/www.kktavastia.fi\\\/vanajaveden-opisto\\\/#\\\/schema\\\/person\\\/817cce3016d2f14b9a7ed273534dcf4d\"},\"breadcrumb\":{\"@id\":\"https:\\\/\\\/www.kktavastia.fi\\\/vanajaveden-opisto\\\/ajankohtaista\\\/2022\\\/virkeytta-ja-voimavaroja-kevaan-kursseilta\\\/#breadcrumb\"},\"inLanguage\":\"fi\",\"potentialAction\":[{\"@type\":\"ReadAction\",\"target\":[\"https:\\\/\\\/www.kktavastia.fi\\\/vanajaveden-opisto\\\/ajankohtaista\\\/2022\\\/virkeytta-ja-voimavaroja-kevaan-kursseilta\\\/\"]}]},{\"@type\":\"ImageObject\",\"inLanguage\":\"fi\",\"@id\":\"https:\\\/\\\/www.kktavastia.fi\\\/vanajaveden-opisto\\\/ajankohtaista\\\/2022\\\/virkeytta-ja-voimavaroja-kevaan-kursseilta\\\/#primaryimage\",\"url\":\"https:\\\/\\\/www.kktavastia.fi\\\/media\\\/sites\\\/3\\\/iloinennainen.png\",\"contentUrl\":\"https:\\\/\\\/www.kktavastia.fi\\\/media\\\/sites\\\/3\\\/iloinennainen.png\",\"width\":1700,\"height\":1080,\"caption\":\"iloinen nainen kev\u00e4tauringossa\"},{\"@type\":\"BreadcrumbList\",\"@id\":\"https:\\\/\\\/www.kktavastia.fi\\\/vanajaveden-opisto\\\/ajankohtaista\\\/2022\\\/virkeytta-ja-voimavaroja-kevaan-kursseilta\\\/#breadcrumb\",\"itemListElement\":[{\"@type\":\"ListItem\",\"position\":1,\"name\":\"Home\",\"item\":\"https:\\\/\\\/www.kktavastia.fi\\\/vanajaveden-opisto\\\/\"},{\"@type\":\"ListItem\",\"position\":2,\"name\":\"Virkeytt\u00e4 ja voimavaroja kev\u00e4\u00e4n kursseilta\"}]},{\"@type\":\"WebSite\",\"@id\":\"https:\\\/\\\/www.kktavastia.fi\\\/vanajaveden-opisto\\\/#website\",\"url\":\"https:\\\/\\\/www.kktavastia.fi\\\/vanajaveden-opisto\\\/\",\"name\":\"Vanajaveden Opisto\",\"description\":\"\",\"potentialAction\":[{\"@type\":\"SearchAction\",\"target\":{\"@type\":\"EntryPoint\",\"urlTemplate\":\"https:\\\/\\\/www.kktavastia.fi\\\/vanajaveden-opisto\\\/?s={search_term_string}\"},\"query-input\":{\"@type\":\"PropertyValueSpecification\",\"valueRequired\":true,\"valueName\":\"search_term_string\"}}],\"inLanguage\":\"fi\"},{\"@type\":\"Person\",\"@id\":\"https:\\\/\\\/www.kktavastia.fi\\\/vanajaveden-opisto\\\/#\\\/schema\\\/person\\\/817cce3016d2f14b9a7ed273534dcf4d\",\"name\":\"saraseppala\",\"image\":{\"@type\":\"ImageObject\",\"inLanguage\":\"fi\",\"@id\":\"https:\\\/\\\/secure.gravatar.com\\\/avatar\\\/478c9f0d13d5df0e5e3d2ec80a1d93afb10baa5bf0f981b9874b9ad1ff76cafc?s=96&d=mm&r=g\",\"url\":\"https:\\\/\\\/secure.gravatar.com\\\/avatar\\\/478c9f0d13d5df0e5e3d2ec80a1d93afb10baa5bf0f981b9874b9ad1ff76cafc?s=96&d=mm&r=g\",\"contentUrl\":\"https:\\\/\\\/secure.gravatar.com\\\/avatar\\\/478c9f0d13d5df0e5e3d2ec80a1d93afb10baa5bf0f981b9874b9ad1ff76cafc?s=96&d=mm&r=g\",\"caption\":\"saraseppala\"},\"url\":\"https:\\\/\\\/www.kktavastia.fi\\\/vanajaveden-opisto\\\/ajankohtaista\\\/author\\\/saraseppala\\\/\"}]}<\/script>","yoast_head_json":{"title":"Virkeytt\u00e4 ja voimavaroja kev\u00e4\u00e4n kursseilta - Vanajaveden Opisto","robots":{"index":"index","follow":"follow","max-snippet":"max-snippet:-1","max-image-preview":"max-image-preview:large","max-video-preview":"max-video-preview:-1"},"canonical":"https:\/\/www.kktavastia.fi\/vanajaveden-opisto\/ajankohtaista\/2022\/virkeytta-ja-voimavaroja-kevaan-kursseilta\/","og_locale":"fi_FI","og_type":"article","og_title":"Virkeytt\u00e4 ja voimavaroja kev\u00e4\u00e4n kursseilta - Vanajaveden Opisto","og_description":"VOPin kurssit toimivat normaalisti ja viel\u00e4 on alkamassa runsas joukko uusia kursseja, joihin ilmoittautumisaika on meneill\u00e4\u00e4n. Valitse omasi ja tule [&hellip;]","og_url":"https:\/\/www.kktavastia.fi\/vanajaveden-opisto\/ajankohtaista\/2022\/virkeytta-ja-voimavaroja-kevaan-kursseilta\/","og_site_name":"Vanajaveden Opisto","article_published_time":"2022-03-08T11:16:19+00:00","article_modified_time":"2022-03-08T11:16:20+00:00","og_image":[{"width":1024,"height":651,"url":"https:\/\/www.kktavastia.fi\/media\/sites\/3\/iloinennainen-1024x651.png","type":"image\/png"}],"author":"saraseppala","twitter_card":"summary_large_image","schema":{"@context":"https:\/\/schema.org","@graph":[{"@type":"Article","@id":"https:\/\/www.kktavastia.fi\/vanajaveden-opisto\/ajankohtaista\/2022\/virkeytta-ja-voimavaroja-kevaan-kursseilta\/#article","isPartOf":{"@id":"https:\/\/www.kktavastia.fi\/vanajaveden-opisto\/ajankohtaista\/2022\/virkeytta-ja-voimavaroja-kevaan-kursseilta\/"},"author":{"name":"saraseppala","@id":"https:\/\/www.kktavastia.fi\/vanajaveden-opisto\/#\/schema\/person\/817cce3016d2f14b9a7ed273534dcf4d"},"headline":"Virkeytt\u00e4 ja voimavaroja kev\u00e4\u00e4n kursseilta","datePublished":"2022-03-08T11:16:19+00:00","dateModified":"2022-03-08T11:16:20+00:00","mainEntityOfPage":{"@id":"https:\/\/www.kktavastia.fi\/vanajaveden-opisto\/ajankohtaista\/2022\/virkeytta-ja-voimavaroja-kevaan-kursseilta\/"},"wordCount":122,"image":{"@id":"https:\/\/www.kktavastia.fi\/vanajaveden-opisto\/ajankohtaista\/2022\/virkeytta-ja-voimavaroja-kevaan-kursseilta\/#primaryimage"},"thumbnailUrl":"https:\/\/www.kktavastia.fi\/media\/sites\/3\/iloinennainen.png","inLanguage":"fi"},{"@type":"WebPage","@id":"https:\/\/www.kktavastia.fi\/vanajaveden-opisto\/ajankohtaista\/2022\/virkeytta-ja-voimavaroja-kevaan-kursseilta\/","url":"https:\/\/www.kktavastia.fi\/vanajaveden-opisto\/ajankohtaista\/2022\/virkeytta-ja-voimavaroja-kevaan-kursseilta\/","name":"Virkeytt\u00e4 ja voimavaroja kev\u00e4\u00e4n kursseilta - Vanajaveden Opisto","isPartOf":{"@id":"https:\/\/www.kktavastia.fi\/vanajaveden-opisto\/#website"},"primaryImageOfPage":{"@id":"https:\/\/www.kktavastia.fi\/vanajaveden-opisto\/ajankohtaista\/2022\/virkeytta-ja-voimavaroja-kevaan-kursseilta\/#primaryimage"},"image":{"@id":"https:\/\/www.kktavastia.fi\/vanajaveden-opisto\/ajankohtaista\/2022\/virkeytta-ja-voimavaroja-kevaan-kursseilta\/#primaryimage"},"thumbnailUrl":"https:\/\/www.kktavastia.fi\/media\/sites\/3\/iloinennainen.png","datePublished":"2022-03-08T11:16:19+00:00","dateModified":"2022-03-08T11:16:20+00:00","author":{"@id":"https:\/\/www.kktavastia.fi\/vanajaveden-opisto\/#\/schema\/person\/817cce3016d2f14b9a7ed273534dcf4d"},"breadcrumb":{"@id":"https:\/\/www.kktavastia.fi\/vanajaveden-opisto\/ajankohtaista\/2022\/virkeytta-ja-voimavaroja-kevaan-kursseilta\/#breadcrumb"},"inLanguage":"fi","potentialAction":[{"@type":"ReadAction","target":["https:\/\/www.kktavastia.fi\/vanajaveden-opisto\/ajankohtaista\/2022\/virkeytta-ja-voimavaroja-kevaan-kursseilta\/"]}]},{"@type":"ImageObject","inLanguage":"fi","@id":"https:\/\/www.kktavastia.fi\/vanajaveden-opisto\/ajankohtaista\/2022\/virkeytta-ja-voimavaroja-kevaan-kursseilta\/#primaryimage","url":"https:\/\/www.kktavastia.fi\/media\/sites\/3\/iloinennainen.png","contentUrl":"https:\/\/www.kktavastia.fi\/media\/sites\/3\/iloinennainen.png","width":1700,"height":1080,"caption":"iloinen nainen kev\u00e4tauringossa"},{"@type":"BreadcrumbList","@id":"https:\/\/www.kktavastia.fi\/vanajaveden-opisto\/ajankohtaista\/2022\/virkeytta-ja-voimavaroja-kevaan-kursseilta\/#breadcrumb","itemListElement":[{"@type":"ListItem","position":1,"name":"Home","item":"https:\/\/www.kktavastia.fi\/vanajaveden-opisto\/"},{"@type":"ListItem","position":2,"name":"Virkeytt\u00e4 ja voimavaroja kev\u00e4\u00e4n kursseilta"}]},{"@type":"WebSite","@id":"https:\/\/www.kktavastia.fi\/vanajaveden-opisto\/#website","url":"https:\/\/www.kktavastia.fi\/vanajaveden-opisto\/","name":"Vanajaveden Opisto","description":"","potentialAction":[{"@type":"SearchAction","target":{"@type":"EntryPoint","urlTemplate":"https:\/\/www.kktavastia.fi\/vanajaveden-opisto\/?s={search_term_string}"},"query-input":{"@type":"PropertyValueSpecification","valueRequired":true,"valueName":"search_term_string"}}],"inLanguage":"fi"},{"@type":"Person","@id":"https:\/\/www.kktavastia.fi\/vanajaveden-opisto\/#\/schema\/person\/817cce3016d2f14b9a7ed273534dcf4d","name":"saraseppala","image":{"@type":"ImageObject","inLanguage":"fi","@id":"https:\/\/secure.gravatar.com\/avatar\/478c9f0d13d5df0e5e3d2ec80a1d93afb10baa5bf0f981b9874b9ad1ff76cafc?s=96&d=mm&r=g","url":"https:\/\/secure.gravatar.com\/avatar\/478c9f0d13d5df0e5e3d2ec80a1d93afb10baa5bf0f981b9874b9ad1ff76cafc?s=96&d=mm&r=g","contentUrl":"https:\/\/secure.gravatar.com\/avatar\/478c9f0d13d5df0e5e3d2ec80a1d93afb10baa5bf0f981b9874b9ad1ff76cafc?s=96&d=mm&r=g","caption":"saraseppala"},"url":"https:\/\/www.kktavastia.fi\/vanajaveden-opisto\/ajankohtaista\/author\/saraseppala\/"}]}},"_links":{"self":[{"href":"https:\/\/www.kktavastia.fi\/vanajaveden-opisto\/wp-json\/wp\/v2\/posts\/11816","targetHints":{"allow":["GET"]}}],"collection":[{"href":"https:\/\/www.kktavastia.fi\/vanajaveden-opisto\/wp-json\/wp\/v2\/posts"}],"about":[{"href":"https:\/\/www.kktavastia.fi\/vanajaveden-opisto\/wp-json\/wp\/v2\/types\/post"}],"author":[{"embeddable":true,"href":"https:\/\/www.kktavastia.fi\/vanajaveden-opisto\/wp-json\/wp\/v2\/users\/6"}],"replies":[{"embeddable":true,"href":"https:\/\/www.kktavastia.fi\/vanajaveden-opisto\/wp-json\/wp\/v2\/comments?post=11816"}],"version-history":[{"count":1,"href":"https:\/\/www.kktavastia.fi\/vanajaveden-opisto\/wp-json\/wp\/v2\/posts\/11816\/revisions"}],"predecessor-version":[{"id":11818,"href":"https:\/\/www.kktavastia.fi\/vanajaveden-opisto\/wp-json\/wp\/v2\/posts\/11816\/revisions\/11818"}],"wp:featuredmedia":[{"embeddable":true,"href":"https:\/\/www.kktavastia.fi\/vanajaveden-opisto\/wp-json\/wp\/v2\/media\/11817"}],"wp:attachment":[{"href":"https:\/\/www.kktavastia.fi\/vanajaveden-opisto\/wp-json\/wp\/v2\/media?parent=11816"}],"wp:term":[{"taxonomy":"category","embeddable":true,"href":"https:\/\/www.kktavastia.fi\/vanajaveden-opisto\/wp-json\/wp\/v2\/categories?post=11816"},{"taxonomy":"post_tag","embeddable":true,"href":"https:\/\/www.kktavastia.fi\/vanajaveden-opisto\/wp-json\/wp\/v2\/tags?post=11816"}],"curies":[{"name":"wp","href":"https:\/\/api.w.org\/{rel}","templated":true}]}}