{"id":11763,"date":"2022-02-08T10:11:47","date_gmt":"2022-02-08T08:11:47","guid":{"rendered":"https:\/\/www.kktavastia.fi\/vanajaveden-opisto\/?p=11763"},"modified":"2022-02-08T10:11:48","modified_gmt":"2022-02-08T08:11:48","slug":"aikuisten-kurssit-palaavat-lahiopetukseen","status":"publish","type":"post","link":"https:\/\/www.kktavastia.fi\/vanajaveden-opisto\/ajankohtaista\/2022\/aikuisten-kurssit-palaavat-lahiopetukseen\/","title":{"rendered":"Aikuisten kurssit palaavat l\u00e4hiopetukseen"},"content":{"rendered":"\n<p>VOPin aikuisten liikunta-, tanssi- ja sirkuskurssit sek\u00e4 kuorot palaavat l\u00e4hiopetukseen 10.2.2022 alkaen.<\/p>\n\n\n\n<p>Kurssien aikataulun voit tarkistaa verkkosivuilta kyseisen kurssin kohdalta > N\u00e4yt\u00e4 kurssin kalenteri.<\/p>\n\n\n\n<p>Tervetuloa takaisin l\u00e4hiopetukseen!<\/p>\n","protected":false},"excerpt":{"rendered":"<p>VOPin aikuisten liikunta-, tanssi- ja sirkuskurssit sek\u00e4 kuorot palaavat l\u00e4hiopetukseen 10.2.2022 alkaen. Kurssien aikataulun voit tarkistaa verkkosivuilta kyseisen kurssin kohdalta [&hellip;]<\/p>\n","protected":false},"author":6,"featured_media":1507,"comment_status":"closed","ping_status":"closed","sticky":false,"template":"","format":"standard","meta":{"_acf_changed":false,"_relevanssi_hide_post":"","_relevanssi_hide_content":"","_relevanssi_pin_for_all":"","_relevanssi_pin_keywords":"","_relevanssi_unpin_keywords":"","_relevanssi_related_keywords":"","_relevanssi_related_include_ids":"","_relevanssi_related_exclude_ids":"","_relevanssi_related_no_append":"","_relevanssi_related_not_related":"","_relevanssi_related_posts":"5938,11151,6655,6586,10308,10965","_relevanssi_noindex_reason":"","footnotes":""},"categories":[92],"tags":[],"class_list":["post-11763","post","type-post","status-publish","format-standard","has-post-thumbnail","hentry","category-ajankohtaista"],"acf":[],"yoast_head":"<title>Aikuisten kurssit palaavat l\u00e4hiopetukseen - Vanajaveden Opisto<\/title>\n<meta name=\"robots\" content=\"index, follow, max-snippet:-1, max-image-preview:large, max-video-preview:-1\" \/>\n<link rel=\"canonical\" href=\"https:\/\/www.kktavastia.fi\/vanajaveden-opisto\/ajankohtaista\/2022\/aikuisten-kurssit-palaavat-lahiopetukseen\/\" \/>\n<meta property=\"og:locale\" content=\"fi_FI\" \/>\n<meta property=\"og:type\" content=\"article\" \/>\n<meta property=\"og:title\" content=\"Aikuisten kurssit palaavat l\u00e4hiopetukseen - Vanajaveden Opisto\" \/>\n<meta property=\"og:description\" content=\"VOPin aikuisten liikunta-, tanssi- ja sirkuskurssit sek\u00e4 kuorot palaavat l\u00e4hiopetukseen 10.2.2022 alkaen. Kurssien aikataulun voit tarkistaa verkkosivuilta kyseisen kurssin kohdalta [&hellip;]\" \/>\n<meta property=\"og:url\" content=\"https:\/\/www.kktavastia.fi\/vanajaveden-opisto\/ajankohtaista\/2022\/aikuisten-kurssit-palaavat-lahiopetukseen\/\" \/>\n<meta property=\"og:site_name\" content=\"Vanajaveden Opisto\" \/>\n<meta property=\"article:published_time\" content=\"2022-02-08T08:11:47+00:00\" \/>\n<meta property=\"article:modified_time\" content=\"2022-02-08T08:11:48+00:00\" \/>\n<meta property=\"og:image\" content=\"https:\/\/www.kktavastia.fi\/media\/sites\/3\/rengas-img_7959-2.jpg\" \/>\n\t<meta property=\"og:image:width\" content=\"1920\" \/>\n\t<meta property=\"og:image:height\" content=\"1280\" \/>\n\t<meta property=\"og:image:type\" content=\"image\/jpeg\" \/>\n<meta name=\"author\" content=\"saraseppala\" \/>\n<meta name=\"twitter:card\" content=\"summary_large_image\" \/>\n<script type=\"application\/ld+json\" class=\"yoast-schema-graph\">{\"@context\":\"https:\\\/\\\/schema.org\",\"@graph\":[{\"@type\":\"Article\",\"@id\":\"https:\\\/\\\/www.kktavastia.fi\\\/vanajaveden-opisto\\\/ajankohtaista\\\/2022\\\/aikuisten-kurssit-palaavat-lahiopetukseen\\\/#article\",\"isPartOf\":{\"@id\":\"https:\\\/\\\/www.kktavastia.fi\\\/vanajaveden-opisto\\\/ajankohtaista\\\/2022\\\/aikuisten-kurssit-palaavat-lahiopetukseen\\\/\"},\"author\":{\"name\":\"saraseppala\",\"@id\":\"https:\\\/\\\/www.kktavastia.fi\\\/vanajaveden-opisto\\\/#\\\/schema\\\/person\\\/817cce3016d2f14b9a7ed273534dcf4d\"},\"headline\":\"Aikuisten kurssit palaavat l\u00e4hiopetukseen\",\"datePublished\":\"2022-02-08T08:11:47+00:00\",\"dateModified\":\"2022-02-08T08:11:48+00:00\",\"mainEntityOfPage\":{\"@id\":\"https:\\\/\\\/www.kktavastia.fi\\\/vanajaveden-opisto\\\/ajankohtaista\\\/2022\\\/aikuisten-kurssit-palaavat-lahiopetukseen\\\/\"},\"wordCount\":33,\"image\":{\"@id\":\"https:\\\/\\\/www.kktavastia.fi\\\/vanajaveden-opisto\\\/ajankohtaista\\\/2022\\\/aikuisten-kurssit-palaavat-lahiopetukseen\\\/#primaryimage\"},\"thumbnailUrl\":\"https:\\\/\\\/www.kktavastia.fi\\\/media\\\/sites\\\/3\\\/rengas-img_7959-2.jpg\",\"articleSection\":[\"Ajankohtaista\"],\"inLanguage\":\"fi\"},{\"@type\":\"WebPage\",\"@id\":\"https:\\\/\\\/www.kktavastia.fi\\\/vanajaveden-opisto\\\/ajankohtaista\\\/2022\\\/aikuisten-kurssit-palaavat-lahiopetukseen\\\/\",\"url\":\"https:\\\/\\\/www.kktavastia.fi\\\/vanajaveden-opisto\\\/ajankohtaista\\\/2022\\\/aikuisten-kurssit-palaavat-lahiopetukseen\\\/\",\"name\":\"Aikuisten kurssit palaavat l\u00e4hiopetukseen - Vanajaveden Opisto\",\"isPartOf\":{\"@id\":\"https:\\\/\\\/www.kktavastia.fi\\\/vanajaveden-opisto\\\/#website\"},\"primaryImageOfPage\":{\"@id\":\"https:\\\/\\\/www.kktavastia.fi\\\/vanajaveden-opisto\\\/ajankohtaista\\\/2022\\\/aikuisten-kurssit-palaavat-lahiopetukseen\\\/#primaryimage\"},\"image\":{\"@id\":\"https:\\\/\\\/www.kktavastia.fi\\\/vanajaveden-opisto\\\/ajankohtaista\\\/2022\\\/aikuisten-kurssit-palaavat-lahiopetukseen\\\/#primaryimage\"},\"thumbnailUrl\":\"https:\\\/\\\/www.kktavastia.fi\\\/media\\\/sites\\\/3\\\/rengas-img_7959-2.jpg\",\"datePublished\":\"2022-02-08T08:11:47+00:00\",\"dateModified\":\"2022-02-08T08:11:48+00:00\",\"author\":{\"@id\":\"https:\\\/\\\/www.kktavastia.fi\\\/vanajaveden-opisto\\\/#\\\/schema\\\/person\\\/817cce3016d2f14b9a7ed273534dcf4d\"},\"breadcrumb\":{\"@id\":\"https:\\\/\\\/www.kktavastia.fi\\\/vanajaveden-opisto\\\/ajankohtaista\\\/2022\\\/aikuisten-kurssit-palaavat-lahiopetukseen\\\/#breadcrumb\"},\"inLanguage\":\"fi\",\"potentialAction\":[{\"@type\":\"ReadAction\",\"target\":[\"https:\\\/\\\/www.kktavastia.fi\\\/vanajaveden-opisto\\\/ajankohtaista\\\/2022\\\/aikuisten-kurssit-palaavat-lahiopetukseen\\\/\"]}]},{\"@type\":\"ImageObject\",\"inLanguage\":\"fi\",\"@id\":\"https:\\\/\\\/www.kktavastia.fi\\\/vanajaveden-opisto\\\/ajankohtaista\\\/2022\\\/aikuisten-kurssit-palaavat-lahiopetukseen\\\/#primaryimage\",\"url\":\"https:\\\/\\\/www.kktavastia.fi\\\/media\\\/sites\\\/3\\\/rengas-img_7959-2.jpg\",\"contentUrl\":\"https:\\\/\\\/www.kktavastia.fi\\\/media\\\/sites\\\/3\\\/rengas-img_7959-2.jpg\",\"width\":1920,\"height\":1280},{\"@type\":\"BreadcrumbList\",\"@id\":\"https:\\\/\\\/www.kktavastia.fi\\\/vanajaveden-opisto\\\/ajankohtaista\\\/2022\\\/aikuisten-kurssit-palaavat-lahiopetukseen\\\/#breadcrumb\",\"itemListElement\":[{\"@type\":\"ListItem\",\"position\":1,\"name\":\"Home\",\"item\":\"https:\\\/\\\/www.kktavastia.fi\\\/vanajaveden-opisto\\\/\"},{\"@type\":\"ListItem\",\"position\":2,\"name\":\"Aikuisten kurssit palaavat l\u00e4hiopetukseen\"}]},{\"@type\":\"WebSite\",\"@id\":\"https:\\\/\\\/www.kktavastia.fi\\\/vanajaveden-opisto\\\/#website\",\"url\":\"https:\\\/\\\/www.kktavastia.fi\\\/vanajaveden-opisto\\\/\",\"name\":\"Vanajaveden Opisto\",\"description\":\"\",\"potentialAction\":[{\"@type\":\"SearchAction\",\"target\":{\"@type\":\"EntryPoint\",\"urlTemplate\":\"https:\\\/\\\/www.kktavastia.fi\\\/vanajaveden-opisto\\\/?s={search_term_string}\"},\"query-input\":{\"@type\":\"PropertyValueSpecification\",\"valueRequired\":true,\"valueName\":\"search_term_string\"}}],\"inLanguage\":\"fi\"},{\"@type\":\"Person\",\"@id\":\"https:\\\/\\\/www.kktavastia.fi\\\/vanajaveden-opisto\\\/#\\\/schema\\\/person\\\/817cce3016d2f14b9a7ed273534dcf4d\",\"name\":\"saraseppala\",\"image\":{\"@type\":\"ImageObject\",\"inLanguage\":\"fi\",\"@id\":\"https:\\\/\\\/secure.gravatar.com\\\/avatar\\\/478c9f0d13d5df0e5e3d2ec80a1d93afb10baa5bf0f981b9874b9ad1ff76cafc?s=96&d=mm&r=g\",\"url\":\"https:\\\/\\\/secure.gravatar.com\\\/avatar\\\/478c9f0d13d5df0e5e3d2ec80a1d93afb10baa5bf0f981b9874b9ad1ff76cafc?s=96&d=mm&r=g\",\"contentUrl\":\"https:\\\/\\\/secure.gravatar.com\\\/avatar\\\/478c9f0d13d5df0e5e3d2ec80a1d93afb10baa5bf0f981b9874b9ad1ff76cafc?s=96&d=mm&r=g\",\"caption\":\"saraseppala\"},\"url\":\"https:\\\/\\\/www.kktavastia.fi\\\/vanajaveden-opisto\\\/ajankohtaista\\\/author\\\/saraseppala\\\/\"}]}<\/script>","yoast_head_json":{"title":"Aikuisten kurssit palaavat l\u00e4hiopetukseen - Vanajaveden Opisto","robots":{"index":"index","follow":"follow","max-snippet":"max-snippet:-1","max-image-preview":"max-image-preview:large","max-video-preview":"max-video-preview:-1"},"canonical":"https:\/\/www.kktavastia.fi\/vanajaveden-opisto\/ajankohtaista\/2022\/aikuisten-kurssit-palaavat-lahiopetukseen\/","og_locale":"fi_FI","og_type":"article","og_title":"Aikuisten kurssit palaavat l\u00e4hiopetukseen - Vanajaveden Opisto","og_description":"VOPin aikuisten liikunta-, tanssi- ja sirkuskurssit sek\u00e4 kuorot palaavat l\u00e4hiopetukseen 10.2.2022 alkaen. Kurssien aikataulun voit tarkistaa verkkosivuilta kyseisen kurssin kohdalta [&hellip;]","og_url":"https:\/\/www.kktavastia.fi\/vanajaveden-opisto\/ajankohtaista\/2022\/aikuisten-kurssit-palaavat-lahiopetukseen\/","og_site_name":"Vanajaveden Opisto","article_published_time":"2022-02-08T08:11:47+00:00","article_modified_time":"2022-02-08T08:11:48+00:00","og_image":[{"width":1920,"height":1280,"url":"https:\/\/www.kktavastia.fi\/media\/sites\/3\/rengas-img_7959-2.jpg","type":"image\/jpeg"}],"author":"saraseppala","twitter_card":"summary_large_image","schema":{"@context":"https:\/\/schema.org","@graph":[{"@type":"Article","@id":"https:\/\/www.kktavastia.fi\/vanajaveden-opisto\/ajankohtaista\/2022\/aikuisten-kurssit-palaavat-lahiopetukseen\/#article","isPartOf":{"@id":"https:\/\/www.kktavastia.fi\/vanajaveden-opisto\/ajankohtaista\/2022\/aikuisten-kurssit-palaavat-lahiopetukseen\/"},"author":{"name":"saraseppala","@id":"https:\/\/www.kktavastia.fi\/vanajaveden-opisto\/#\/schema\/person\/817cce3016d2f14b9a7ed273534dcf4d"},"headline":"Aikuisten kurssit palaavat l\u00e4hiopetukseen","datePublished":"2022-02-08T08:11:47+00:00","dateModified":"2022-02-08T08:11:48+00:00","mainEntityOfPage":{"@id":"https:\/\/www.kktavastia.fi\/vanajaveden-opisto\/ajankohtaista\/2022\/aikuisten-kurssit-palaavat-lahiopetukseen\/"},"wordCount":33,"image":{"@id":"https:\/\/www.kktavastia.fi\/vanajaveden-opisto\/ajankohtaista\/2022\/aikuisten-kurssit-palaavat-lahiopetukseen\/#primaryimage"},"thumbnailUrl":"https:\/\/www.kktavastia.fi\/media\/sites\/3\/rengas-img_7959-2.jpg","articleSection":["Ajankohtaista"],"inLanguage":"fi"},{"@type":"WebPage","@id":"https:\/\/www.kktavastia.fi\/vanajaveden-opisto\/ajankohtaista\/2022\/aikuisten-kurssit-palaavat-lahiopetukseen\/","url":"https:\/\/www.kktavastia.fi\/vanajaveden-opisto\/ajankohtaista\/2022\/aikuisten-kurssit-palaavat-lahiopetukseen\/","name":"Aikuisten kurssit palaavat l\u00e4hiopetukseen - Vanajaveden Opisto","isPartOf":{"@id":"https:\/\/www.kktavastia.fi\/vanajaveden-opisto\/#website"},"primaryImageOfPage":{"@id":"https:\/\/www.kktavastia.fi\/vanajaveden-opisto\/ajankohtaista\/2022\/aikuisten-kurssit-palaavat-lahiopetukseen\/#primaryimage"},"image":{"@id":"https:\/\/www.kktavastia.fi\/vanajaveden-opisto\/ajankohtaista\/2022\/aikuisten-kurssit-palaavat-lahiopetukseen\/#primaryimage"},"thumbnailUrl":"https:\/\/www.kktavastia.fi\/media\/sites\/3\/rengas-img_7959-2.jpg","datePublished":"2022-02-08T08:11:47+00:00","dateModified":"2022-02-08T08:11:48+00:00","author":{"@id":"https:\/\/www.kktavastia.fi\/vanajaveden-opisto\/#\/schema\/person\/817cce3016d2f14b9a7ed273534dcf4d"},"breadcrumb":{"@id":"https:\/\/www.kktavastia.fi\/vanajaveden-opisto\/ajankohtaista\/2022\/aikuisten-kurssit-palaavat-lahiopetukseen\/#breadcrumb"},"inLanguage":"fi","potentialAction":[{"@type":"ReadAction","target":["https:\/\/www.kktavastia.fi\/vanajaveden-opisto\/ajankohtaista\/2022\/aikuisten-kurssit-palaavat-lahiopetukseen\/"]}]},{"@type":"ImageObject","inLanguage":"fi","@id":"https:\/\/www.kktavastia.fi\/vanajaveden-opisto\/ajankohtaista\/2022\/aikuisten-kurssit-palaavat-lahiopetukseen\/#primaryimage","url":"https:\/\/www.kktavastia.fi\/media\/sites\/3\/rengas-img_7959-2.jpg","contentUrl":"https:\/\/www.kktavastia.fi\/media\/sites\/3\/rengas-img_7959-2.jpg","width":1920,"height":1280},{"@type":"BreadcrumbList","@id":"https:\/\/www.kktavastia.fi\/vanajaveden-opisto\/ajankohtaista\/2022\/aikuisten-kurssit-palaavat-lahiopetukseen\/#breadcrumb","itemListElement":[{"@type":"ListItem","position":1,"name":"Home","item":"https:\/\/www.kktavastia.fi\/vanajaveden-opisto\/"},{"@type":"ListItem","position":2,"name":"Aikuisten kurssit palaavat l\u00e4hiopetukseen"}]},{"@type":"WebSite","@id":"https:\/\/www.kktavastia.fi\/vanajaveden-opisto\/#website","url":"https:\/\/www.kktavastia.fi\/vanajaveden-opisto\/","name":"Vanajaveden Opisto","description":"","potentialAction":[{"@type":"SearchAction","target":{"@type":"EntryPoint","urlTemplate":"https:\/\/www.kktavastia.fi\/vanajaveden-opisto\/?s={search_term_string}"},"query-input":{"@type":"PropertyValueSpecification","valueRequired":true,"valueName":"search_term_string"}}],"inLanguage":"fi"},{"@type":"Person","@id":"https:\/\/www.kktavastia.fi\/vanajaveden-opisto\/#\/schema\/person\/817cce3016d2f14b9a7ed273534dcf4d","name":"saraseppala","image":{"@type":"ImageObject","inLanguage":"fi","@id":"https:\/\/secure.gravatar.com\/avatar\/478c9f0d13d5df0e5e3d2ec80a1d93afb10baa5bf0f981b9874b9ad1ff76cafc?s=96&d=mm&r=g","url":"https:\/\/secure.gravatar.com\/avatar\/478c9f0d13d5df0e5e3d2ec80a1d93afb10baa5bf0f981b9874b9ad1ff76cafc?s=96&d=mm&r=g","contentUrl":"https:\/\/secure.gravatar.com\/avatar\/478c9f0d13d5df0e5e3d2ec80a1d93afb10baa5bf0f981b9874b9ad1ff76cafc?s=96&d=mm&r=g","caption":"saraseppala"},"url":"https:\/\/www.kktavastia.fi\/vanajaveden-opisto\/ajankohtaista\/author\/saraseppala\/"}]}},"_links":{"self":[{"href":"https:\/\/www.kktavastia.fi\/vanajaveden-opisto\/wp-json\/wp\/v2\/posts\/11763","targetHints":{"allow":["GET"]}}],"collection":[{"href":"https:\/\/www.kktavastia.fi\/vanajaveden-opisto\/wp-json\/wp\/v2\/posts"}],"about":[{"href":"https:\/\/www.kktavastia.fi\/vanajaveden-opisto\/wp-json\/wp\/v2\/types\/post"}],"author":[{"embeddable":true,"href":"https:\/\/www.kktavastia.fi\/vanajaveden-opisto\/wp-json\/wp\/v2\/users\/6"}],"replies":[{"embeddable":true,"href":"https:\/\/www.kktavastia.fi\/vanajaveden-opisto\/wp-json\/wp\/v2\/comments?post=11763"}],"version-history":[{"count":1,"href":"https:\/\/www.kktavastia.fi\/vanajaveden-opisto\/wp-json\/wp\/v2\/posts\/11763\/revisions"}],"predecessor-version":[{"id":11764,"href":"https:\/\/www.kktavastia.fi\/vanajaveden-opisto\/wp-json\/wp\/v2\/posts\/11763\/revisions\/11764"}],"wp:featuredmedia":[{"embeddable":true,"href":"https:\/\/www.kktavastia.fi\/vanajaveden-opisto\/wp-json\/wp\/v2\/media\/1507"}],"wp:attachment":[{"href":"https:\/\/www.kktavastia.fi\/vanajaveden-opisto\/wp-json\/wp\/v2\/media?parent=11763"}],"wp:term":[{"taxonomy":"category","embeddable":true,"href":"https:\/\/www.kktavastia.fi\/vanajaveden-opisto\/wp-json\/wp\/v2\/categories?post=11763"},{"taxonomy":"post_tag","embeddable":true,"href":"https:\/\/www.kktavastia.fi\/vanajaveden-opisto\/wp-json\/wp\/v2\/tags?post=11763"}],"curies":[{"name":"wp","href":"https:\/\/api.w.org\/{rel}","templated":true}]}}