{"id":11155,"date":"2021-10-28T09:39:51","date_gmt":"2021-10-28T06:39:51","guid":{"rendered":"https:\/\/www.kktavastia.fi\/vanajaveden-opisto\/?p=11155"},"modified":"2021-10-28T09:39:52","modified_gmt":"2021-10-28T06:39:52","slug":"vanajaveden-opiston-maskisuositus-paattyy","status":"publish","type":"post","link":"https:\/\/www.kktavastia.fi\/vanajaveden-opisto\/ajankohtaista\/2021\/vanajaveden-opiston-maskisuositus-paattyy\/","title":{"rendered":"Vanajaveden Opiston maskisuositus p\u00e4\u00e4ttyy"},"content":{"rendered":"\n<p>Maskisuositus poistuu sek\u00e4 opiskelijoilta ett\u00e4 henkil\u00f6kunnalta Koulutuskuntayhtym\u00e4 Tavastian kaikissa oppilaitoksissa eli my\u00f6s Vanajaveden Opistossa 1.11.2021 alkaen.<\/p>\n\n\n\n<p>Maskin k\u00e4ytt\u00f6 on siis jatkossa jokaisen oman harkinnan varassa, mutta sen k\u00e4ytt\u00e4miseen kannustetaan edelleen etenkin ruuhkaisissa tilanteissa. Toisten huomioiminen est\u00e4\u00e4 ylip\u00e4\u00e4ns\u00e4 erilaisten tartuntatautien levi\u00e4mist\u00e4. On edelleen t\u00e4rke\u00e4\u00e4 huolehtia hyv\u00e4st\u00e4 k\u00e4sihygieniasta sek\u00e4 aivastaa ja yski\u00e4 muut huomioiden. <\/p>\n\n\n\n<p>Tulethan paikalle harrastamaan ja oppimaan vain t\u00e4ysin terveen\u00e4!<\/p>\n","protected":false},"excerpt":{"rendered":"<p>Maskisuositus poistuu sek\u00e4 opiskelijoilta ett\u00e4 henkil\u00f6kunnalta Koulutuskuntayhtym\u00e4 Tavastian kaikissa oppilaitoksissa eli my\u00f6s Vanajaveden Opistossa 1.11.2021 alkaen. Maskin k\u00e4ytt\u00f6 on siis [&hellip;]<\/p>\n","protected":false},"author":6,"featured_media":11156,"comment_status":"closed","ping_status":"closed","sticky":false,"template":"","format":"standard","meta":{"_acf_changed":false,"_relevanssi_hide_post":"","_relevanssi_hide_content":"","_relevanssi_pin_for_all":"","_relevanssi_pin_keywords":"","_relevanssi_unpin_keywords":"","_relevanssi_related_keywords":"","_relevanssi_related_include_ids":"","_relevanssi_related_exclude_ids":"","_relevanssi_related_no_append":"","_relevanssi_related_not_related":"","_relevanssi_related_posts":"8778,6643,11017,8087,8370,5203","_relevanssi_noindex_reason":"","footnotes":""},"categories":[92],"tags":[],"class_list":["post-11155","post","type-post","status-publish","format-standard","has-post-thumbnail","hentry","category-ajankohtaista"],"acf":[],"yoast_head":"<title>Vanajaveden Opiston maskisuositus p\u00e4\u00e4ttyy - Vanajaveden Opisto<\/title>\n<meta name=\"robots\" content=\"index, follow, max-snippet:-1, max-image-preview:large, max-video-preview:-1\" \/>\n<link rel=\"canonical\" href=\"https:\/\/www.kktavastia.fi\/vanajaveden-opisto\/ajankohtaista\/2021\/vanajaveden-opiston-maskisuositus-paattyy\/\" \/>\n<meta property=\"og:locale\" content=\"fi_FI\" \/>\n<meta property=\"og:type\" content=\"article\" \/>\n<meta property=\"og:title\" content=\"Vanajaveden Opiston maskisuositus p\u00e4\u00e4ttyy - Vanajaveden Opisto\" \/>\n<meta property=\"og:description\" content=\"Maskisuositus poistuu sek\u00e4 opiskelijoilta ett\u00e4 henkil\u00f6kunnalta Koulutuskuntayhtym\u00e4 Tavastian kaikissa oppilaitoksissa eli my\u00f6s Vanajaveden Opistossa 1.11.2021 alkaen. Maskin k\u00e4ytt\u00f6 on siis [&hellip;]\" \/>\n<meta property=\"og:url\" content=\"https:\/\/www.kktavastia.fi\/vanajaveden-opisto\/ajankohtaista\/2021\/vanajaveden-opiston-maskisuositus-paattyy\/\" \/>\n<meta property=\"og:site_name\" content=\"Vanajaveden Opisto\" \/>\n<meta property=\"article:published_time\" content=\"2021-10-28T06:39:51+00:00\" \/>\n<meta property=\"article:modified_time\" content=\"2021-10-28T06:39:52+00:00\" \/>\n<meta property=\"og:image\" content=\"https:\/\/www.kktavastia.fi\/media\/sites\/3\/maskisuositus.png\" \/>\n\t<meta property=\"og:image:width\" content=\"600\" \/>\n\t<meta property=\"og:image:height\" content=\"400\" \/>\n\t<meta property=\"og:image:type\" content=\"image\/png\" \/>\n<meta name=\"author\" content=\"saraseppala\" \/>\n<meta name=\"twitter:card\" content=\"summary_large_image\" \/>\n<script type=\"application\/ld+json\" class=\"yoast-schema-graph\">{\"@context\":\"https:\\\/\\\/schema.org\",\"@graph\":[{\"@type\":\"Article\",\"@id\":\"https:\\\/\\\/www.kktavastia.fi\\\/vanajaveden-opisto\\\/ajankohtaista\\\/2021\\\/vanajaveden-opiston-maskisuositus-paattyy\\\/#article\",\"isPartOf\":{\"@id\":\"https:\\\/\\\/www.kktavastia.fi\\\/vanajaveden-opisto\\\/ajankohtaista\\\/2021\\\/vanajaveden-opiston-maskisuositus-paattyy\\\/\"},\"author\":{\"name\":\"saraseppala\",\"@id\":\"https:\\\/\\\/www.kktavastia.fi\\\/vanajaveden-opisto\\\/#\\\/schema\\\/person\\\/817cce3016d2f14b9a7ed273534dcf4d\"},\"headline\":\"Vanajaveden Opiston maskisuositus p\u00e4\u00e4ttyy\",\"datePublished\":\"2021-10-28T06:39:51+00:00\",\"dateModified\":\"2021-10-28T06:39:52+00:00\",\"mainEntityOfPage\":{\"@id\":\"https:\\\/\\\/www.kktavastia.fi\\\/vanajaveden-opisto\\\/ajankohtaista\\\/2021\\\/vanajaveden-opiston-maskisuositus-paattyy\\\/\"},\"wordCount\":75,\"image\":{\"@id\":\"https:\\\/\\\/www.kktavastia.fi\\\/vanajaveden-opisto\\\/ajankohtaista\\\/2021\\\/vanajaveden-opiston-maskisuositus-paattyy\\\/#primaryimage\"},\"thumbnailUrl\":\"https:\\\/\\\/www.kktavastia.fi\\\/media\\\/sites\\\/3\\\/maskisuositus.png\",\"articleSection\":[\"Ajankohtaista\"],\"inLanguage\":\"fi\"},{\"@type\":\"WebPage\",\"@id\":\"https:\\\/\\\/www.kktavastia.fi\\\/vanajaveden-opisto\\\/ajankohtaista\\\/2021\\\/vanajaveden-opiston-maskisuositus-paattyy\\\/\",\"url\":\"https:\\\/\\\/www.kktavastia.fi\\\/vanajaveden-opisto\\\/ajankohtaista\\\/2021\\\/vanajaveden-opiston-maskisuositus-paattyy\\\/\",\"name\":\"Vanajaveden Opiston maskisuositus p\u00e4\u00e4ttyy - Vanajaveden Opisto\",\"isPartOf\":{\"@id\":\"https:\\\/\\\/www.kktavastia.fi\\\/vanajaveden-opisto\\\/#website\"},\"primaryImageOfPage\":{\"@id\":\"https:\\\/\\\/www.kktavastia.fi\\\/vanajaveden-opisto\\\/ajankohtaista\\\/2021\\\/vanajaveden-opiston-maskisuositus-paattyy\\\/#primaryimage\"},\"image\":{\"@id\":\"https:\\\/\\\/www.kktavastia.fi\\\/vanajaveden-opisto\\\/ajankohtaista\\\/2021\\\/vanajaveden-opiston-maskisuositus-paattyy\\\/#primaryimage\"},\"thumbnailUrl\":\"https:\\\/\\\/www.kktavastia.fi\\\/media\\\/sites\\\/3\\\/maskisuositus.png\",\"datePublished\":\"2021-10-28T06:39:51+00:00\",\"dateModified\":\"2021-10-28T06:39:52+00:00\",\"author\":{\"@id\":\"https:\\\/\\\/www.kktavastia.fi\\\/vanajaveden-opisto\\\/#\\\/schema\\\/person\\\/817cce3016d2f14b9a7ed273534dcf4d\"},\"breadcrumb\":{\"@id\":\"https:\\\/\\\/www.kktavastia.fi\\\/vanajaveden-opisto\\\/ajankohtaista\\\/2021\\\/vanajaveden-opiston-maskisuositus-paattyy\\\/#breadcrumb\"},\"inLanguage\":\"fi\",\"potentialAction\":[{\"@type\":\"ReadAction\",\"target\":[\"https:\\\/\\\/www.kktavastia.fi\\\/vanajaveden-opisto\\\/ajankohtaista\\\/2021\\\/vanajaveden-opiston-maskisuositus-paattyy\\\/\"]}]},{\"@type\":\"ImageObject\",\"inLanguage\":\"fi\",\"@id\":\"https:\\\/\\\/www.kktavastia.fi\\\/vanajaveden-opisto\\\/ajankohtaista\\\/2021\\\/vanajaveden-opiston-maskisuositus-paattyy\\\/#primaryimage\",\"url\":\"https:\\\/\\\/www.kktavastia.fi\\\/media\\\/sites\\\/3\\\/maskisuositus.png\",\"contentUrl\":\"https:\\\/\\\/www.kktavastia.fi\\\/media\\\/sites\\\/3\\\/maskisuositus.png\",\"width\":600,\"height\":400,\"caption\":\"maski\"},{\"@type\":\"BreadcrumbList\",\"@id\":\"https:\\\/\\\/www.kktavastia.fi\\\/vanajaveden-opisto\\\/ajankohtaista\\\/2021\\\/vanajaveden-opiston-maskisuositus-paattyy\\\/#breadcrumb\",\"itemListElement\":[{\"@type\":\"ListItem\",\"position\":1,\"name\":\"Home\",\"item\":\"https:\\\/\\\/www.kktavastia.fi\\\/vanajaveden-opisto\\\/\"},{\"@type\":\"ListItem\",\"position\":2,\"name\":\"Vanajaveden Opiston maskisuositus p\u00e4\u00e4ttyy\"}]},{\"@type\":\"WebSite\",\"@id\":\"https:\\\/\\\/www.kktavastia.fi\\\/vanajaveden-opisto\\\/#website\",\"url\":\"https:\\\/\\\/www.kktavastia.fi\\\/vanajaveden-opisto\\\/\",\"name\":\"Vanajaveden Opisto\",\"description\":\"\",\"potentialAction\":[{\"@type\":\"SearchAction\",\"target\":{\"@type\":\"EntryPoint\",\"urlTemplate\":\"https:\\\/\\\/www.kktavastia.fi\\\/vanajaveden-opisto\\\/?s={search_term_string}\"},\"query-input\":{\"@type\":\"PropertyValueSpecification\",\"valueRequired\":true,\"valueName\":\"search_term_string\"}}],\"inLanguage\":\"fi\"},{\"@type\":\"Person\",\"@id\":\"https:\\\/\\\/www.kktavastia.fi\\\/vanajaveden-opisto\\\/#\\\/schema\\\/person\\\/817cce3016d2f14b9a7ed273534dcf4d\",\"name\":\"saraseppala\",\"image\":{\"@type\":\"ImageObject\",\"inLanguage\":\"fi\",\"@id\":\"https:\\\/\\\/secure.gravatar.com\\\/avatar\\\/478c9f0d13d5df0e5e3d2ec80a1d93afb10baa5bf0f981b9874b9ad1ff76cafc?s=96&d=mm&r=g\",\"url\":\"https:\\\/\\\/secure.gravatar.com\\\/avatar\\\/478c9f0d13d5df0e5e3d2ec80a1d93afb10baa5bf0f981b9874b9ad1ff76cafc?s=96&d=mm&r=g\",\"contentUrl\":\"https:\\\/\\\/secure.gravatar.com\\\/avatar\\\/478c9f0d13d5df0e5e3d2ec80a1d93afb10baa5bf0f981b9874b9ad1ff76cafc?s=96&d=mm&r=g\",\"caption\":\"saraseppala\"},\"url\":\"https:\\\/\\\/www.kktavastia.fi\\\/vanajaveden-opisto\\\/ajankohtaista\\\/author\\\/saraseppala\\\/\"}]}<\/script>","yoast_head_json":{"title":"Vanajaveden Opiston maskisuositus p\u00e4\u00e4ttyy - Vanajaveden Opisto","robots":{"index":"index","follow":"follow","max-snippet":"max-snippet:-1","max-image-preview":"max-image-preview:large","max-video-preview":"max-video-preview:-1"},"canonical":"https:\/\/www.kktavastia.fi\/vanajaveden-opisto\/ajankohtaista\/2021\/vanajaveden-opiston-maskisuositus-paattyy\/","og_locale":"fi_FI","og_type":"article","og_title":"Vanajaveden Opiston maskisuositus p\u00e4\u00e4ttyy - Vanajaveden Opisto","og_description":"Maskisuositus poistuu sek\u00e4 opiskelijoilta ett\u00e4 henkil\u00f6kunnalta Koulutuskuntayhtym\u00e4 Tavastian kaikissa oppilaitoksissa eli my\u00f6s Vanajaveden Opistossa 1.11.2021 alkaen. Maskin k\u00e4ytt\u00f6 on siis [&hellip;]","og_url":"https:\/\/www.kktavastia.fi\/vanajaveden-opisto\/ajankohtaista\/2021\/vanajaveden-opiston-maskisuositus-paattyy\/","og_site_name":"Vanajaveden Opisto","article_published_time":"2021-10-28T06:39:51+00:00","article_modified_time":"2021-10-28T06:39:52+00:00","og_image":[{"width":600,"height":400,"url":"https:\/\/www.kktavastia.fi\/media\/sites\/3\/maskisuositus.png","type":"image\/png"}],"author":"saraseppala","twitter_card":"summary_large_image","schema":{"@context":"https:\/\/schema.org","@graph":[{"@type":"Article","@id":"https:\/\/www.kktavastia.fi\/vanajaveden-opisto\/ajankohtaista\/2021\/vanajaveden-opiston-maskisuositus-paattyy\/#article","isPartOf":{"@id":"https:\/\/www.kktavastia.fi\/vanajaveden-opisto\/ajankohtaista\/2021\/vanajaveden-opiston-maskisuositus-paattyy\/"},"author":{"name":"saraseppala","@id":"https:\/\/www.kktavastia.fi\/vanajaveden-opisto\/#\/schema\/person\/817cce3016d2f14b9a7ed273534dcf4d"},"headline":"Vanajaveden Opiston maskisuositus p\u00e4\u00e4ttyy","datePublished":"2021-10-28T06:39:51+00:00","dateModified":"2021-10-28T06:39:52+00:00","mainEntityOfPage":{"@id":"https:\/\/www.kktavastia.fi\/vanajaveden-opisto\/ajankohtaista\/2021\/vanajaveden-opiston-maskisuositus-paattyy\/"},"wordCount":75,"image":{"@id":"https:\/\/www.kktavastia.fi\/vanajaveden-opisto\/ajankohtaista\/2021\/vanajaveden-opiston-maskisuositus-paattyy\/#primaryimage"},"thumbnailUrl":"https:\/\/www.kktavastia.fi\/media\/sites\/3\/maskisuositus.png","articleSection":["Ajankohtaista"],"inLanguage":"fi"},{"@type":"WebPage","@id":"https:\/\/www.kktavastia.fi\/vanajaveden-opisto\/ajankohtaista\/2021\/vanajaveden-opiston-maskisuositus-paattyy\/","url":"https:\/\/www.kktavastia.fi\/vanajaveden-opisto\/ajankohtaista\/2021\/vanajaveden-opiston-maskisuositus-paattyy\/","name":"Vanajaveden Opiston maskisuositus p\u00e4\u00e4ttyy - Vanajaveden Opisto","isPartOf":{"@id":"https:\/\/www.kktavastia.fi\/vanajaveden-opisto\/#website"},"primaryImageOfPage":{"@id":"https:\/\/www.kktavastia.fi\/vanajaveden-opisto\/ajankohtaista\/2021\/vanajaveden-opiston-maskisuositus-paattyy\/#primaryimage"},"image":{"@id":"https:\/\/www.kktavastia.fi\/vanajaveden-opisto\/ajankohtaista\/2021\/vanajaveden-opiston-maskisuositus-paattyy\/#primaryimage"},"thumbnailUrl":"https:\/\/www.kktavastia.fi\/media\/sites\/3\/maskisuositus.png","datePublished":"2021-10-28T06:39:51+00:00","dateModified":"2021-10-28T06:39:52+00:00","author":{"@id":"https:\/\/www.kktavastia.fi\/vanajaveden-opisto\/#\/schema\/person\/817cce3016d2f14b9a7ed273534dcf4d"},"breadcrumb":{"@id":"https:\/\/www.kktavastia.fi\/vanajaveden-opisto\/ajankohtaista\/2021\/vanajaveden-opiston-maskisuositus-paattyy\/#breadcrumb"},"inLanguage":"fi","potentialAction":[{"@type":"ReadAction","target":["https:\/\/www.kktavastia.fi\/vanajaveden-opisto\/ajankohtaista\/2021\/vanajaveden-opiston-maskisuositus-paattyy\/"]}]},{"@type":"ImageObject","inLanguage":"fi","@id":"https:\/\/www.kktavastia.fi\/vanajaveden-opisto\/ajankohtaista\/2021\/vanajaveden-opiston-maskisuositus-paattyy\/#primaryimage","url":"https:\/\/www.kktavastia.fi\/media\/sites\/3\/maskisuositus.png","contentUrl":"https:\/\/www.kktavastia.fi\/media\/sites\/3\/maskisuositus.png","width":600,"height":400,"caption":"maski"},{"@type":"BreadcrumbList","@id":"https:\/\/www.kktavastia.fi\/vanajaveden-opisto\/ajankohtaista\/2021\/vanajaveden-opiston-maskisuositus-paattyy\/#breadcrumb","itemListElement":[{"@type":"ListItem","position":1,"name":"Home","item":"https:\/\/www.kktavastia.fi\/vanajaveden-opisto\/"},{"@type":"ListItem","position":2,"name":"Vanajaveden Opiston maskisuositus p\u00e4\u00e4ttyy"}]},{"@type":"WebSite","@id":"https:\/\/www.kktavastia.fi\/vanajaveden-opisto\/#website","url":"https:\/\/www.kktavastia.fi\/vanajaveden-opisto\/","name":"Vanajaveden Opisto","description":"","potentialAction":[{"@type":"SearchAction","target":{"@type":"EntryPoint","urlTemplate":"https:\/\/www.kktavastia.fi\/vanajaveden-opisto\/?s={search_term_string}"},"query-input":{"@type":"PropertyValueSpecification","valueRequired":true,"valueName":"search_term_string"}}],"inLanguage":"fi"},{"@type":"Person","@id":"https:\/\/www.kktavastia.fi\/vanajaveden-opisto\/#\/schema\/person\/817cce3016d2f14b9a7ed273534dcf4d","name":"saraseppala","image":{"@type":"ImageObject","inLanguage":"fi","@id":"https:\/\/secure.gravatar.com\/avatar\/478c9f0d13d5df0e5e3d2ec80a1d93afb10baa5bf0f981b9874b9ad1ff76cafc?s=96&d=mm&r=g","url":"https:\/\/secure.gravatar.com\/avatar\/478c9f0d13d5df0e5e3d2ec80a1d93afb10baa5bf0f981b9874b9ad1ff76cafc?s=96&d=mm&r=g","contentUrl":"https:\/\/secure.gravatar.com\/avatar\/478c9f0d13d5df0e5e3d2ec80a1d93afb10baa5bf0f981b9874b9ad1ff76cafc?s=96&d=mm&r=g","caption":"saraseppala"},"url":"https:\/\/www.kktavastia.fi\/vanajaveden-opisto\/ajankohtaista\/author\/saraseppala\/"}]}},"_links":{"self":[{"href":"https:\/\/www.kktavastia.fi\/vanajaveden-opisto\/wp-json\/wp\/v2\/posts\/11155","targetHints":{"allow":["GET"]}}],"collection":[{"href":"https:\/\/www.kktavastia.fi\/vanajaveden-opisto\/wp-json\/wp\/v2\/posts"}],"about":[{"href":"https:\/\/www.kktavastia.fi\/vanajaveden-opisto\/wp-json\/wp\/v2\/types\/post"}],"author":[{"embeddable":true,"href":"https:\/\/www.kktavastia.fi\/vanajaveden-opisto\/wp-json\/wp\/v2\/users\/6"}],"replies":[{"embeddable":true,"href":"https:\/\/www.kktavastia.fi\/vanajaveden-opisto\/wp-json\/wp\/v2\/comments?post=11155"}],"version-history":[{"count":1,"href":"https:\/\/www.kktavastia.fi\/vanajaveden-opisto\/wp-json\/wp\/v2\/posts\/11155\/revisions"}],"predecessor-version":[{"id":11157,"href":"https:\/\/www.kktavastia.fi\/vanajaveden-opisto\/wp-json\/wp\/v2\/posts\/11155\/revisions\/11157"}],"wp:featuredmedia":[{"embeddable":true,"href":"https:\/\/www.kktavastia.fi\/vanajaveden-opisto\/wp-json\/wp\/v2\/media\/11156"}],"wp:attachment":[{"href":"https:\/\/www.kktavastia.fi\/vanajaveden-opisto\/wp-json\/wp\/v2\/media?parent=11155"}],"wp:term":[{"taxonomy":"category","embeddable":true,"href":"https:\/\/www.kktavastia.fi\/vanajaveden-opisto\/wp-json\/wp\/v2\/categories?post=11155"},{"taxonomy":"post_tag","embeddable":true,"href":"https:\/\/www.kktavastia.fi\/vanajaveden-opisto\/wp-json\/wp\/v2\/tags?post=11155"}],"curies":[{"name":"wp","href":"https:\/\/api.w.org\/{rel}","templated":true}]}}