{"id":11148,"date":"2021-10-28T08:56:27","date_gmt":"2021-10-28T05:56:27","guid":{"rendered":"https:\/\/www.kktavastia.fi\/vanajaveden-opisto\/?p=11148"},"modified":"2021-10-28T08:56:27","modified_gmt":"2021-10-28T05:56:27","slug":"kansanperinnetta-ja-ihmisen-biologiaa","status":"publish","type":"post","link":"https:\/\/www.kktavastia.fi\/vanajaveden-opisto\/ajankohtaista\/2021\/kansanperinnetta-ja-ihmisen-biologiaa\/","title":{"rendered":"Kansanperinnett\u00e4 ja ihmisen biologiaa"},"content":{"rendered":"\n<p>VOPissa on loppuvuonna ja heti vuodenvaihteen j\u00e4lkeen tarjolla mielenkiintoisia kursseja vanhoista uskomuksista ja kansanperinteest\u00e4. Kursseja vet\u00e4\u00e4 biologi ja luontomatkailuopas <strong>Elina Pallas<\/strong>.<\/p>\n\n\n\n<p>11.11. alkava <a href=\"https:\/\/www.kktavastia.fi\/vanajaveden-opisto\/kurssit\/muu-opiskelutarjonta-24\/kansatiede-24-101\/parantavia-kylpyja-ja-metisia-loylyja\/\">Parantavia kylpyj\u00e4 ja metisi\u00e4 l\u00f6ylyj\u00e4<\/a> -kurssi k\u00e4sittelee saunan ja saunomisen merkityst\u00e4 menneille sukupolville. <\/p>\n\n\n\n<p><a href=\"https:\/\/www.kktavastia.fi\/vanajaveden-opisto\/kurssit\/muu-opiskelutarjonta-24\/kansatiede-24-101\/tuonen-hauki-ja-manalan-matikka\/\">Tuonen hauki ja Manalan matikka<\/a> -kurssi puolestaan selvent\u00e4\u00e4 kalojen mytologiaa ja perehtyy my\u00f6s niiden biologiaan. <\/p>\n\n\n\n<p>Alkuvuodesta <a href=\"https:\/\/www.kktavastia.fi\/vanajaveden-opisto\/kurssit\/muu-opiskelutarjonta-24\/kansatiede-24-101\/metsan-ja-veden-vaki\/\">Mets\u00e4n ja veden v\u00e4ki <\/a>-kurssilla selvitet\u00e4\u00e4n, millaisia olentoja esivanhempamme ajattelivat mets\u00e4n siimeksess\u00e4 ja aaltojen alla olevan ja millainen merkitys niill\u00e4 oli niin entisajan arjessa kuin juhlassa. Kurssilla k\u00e4yd\u00e4\u00e4n l\u00e4pi my\u00f6s eroavaisuuksia, joita l\u00e4nsi- ja it\u00e4suomalaisten jumaluuksilla oli. <\/p>\n\n\n\n<p><a href=\"https:\/\/www.kktavastia.fi\/vanajaveden-opisto\/kurssit\/muu-opiskelutarjonta-24\/kansatiede-24-101\/hyvan-ja-pahan-ilman-lintuja\/\">Hyv\u00e4n ja pahan ilman lintuja<\/a> -kurssi puolestaan k\u00e4y l\u00e4pi lintuihin aikojen saatossa liitettyj\u00e4 uskomuksia ja my\u00f6s biologiaa. <\/p>\n\n\n\n<p>Kursseja opettava Elina Pallas kertoo kiinnostuksensa vanhoihin aikoihin, kansanperinteeseen ja mielenkiintoiseen uskomusmaailmaan&nbsp;her\u00e4nneen jo lapsuudessa.<\/p>\n\n\n\n<p>&#8211; Vuosi sitten edesmennyt, vuonna 1928 syntynyt is\u00e4ni kertoi eloisasti paljon mielenkiintoisia tarinoita muun muassa taioista, ja kuuntelin niit\u00e4 innolla. H\u00e4nen kasvatus\u00e4itins\u00e4&nbsp;i\u00e4k\u00e4s is\u00e4 edusti vahvasti kansanuskon sukupolvea. Heikki-pappa hallitsi itsekin taikakonsteja&nbsp;ja tunsi muita, joilla oli samanlaisia kykyj\u00e4. Is\u00e4 kertoi kansanperinteen ker\u00e4\u00e4jien k\u00e4yneen Heikki-pappaa haastattelemassa.<\/p>\n\n\n\n<p>Pallas on viett\u00e4nyt kesi\u00e4 is\u00e4ns\u00e4 lapsuudenkodissa ja p\u00e4\u00e4ssyt siell\u00e4 kiinni menneiden aikojen tunnelmaan.<\/p>\n\n\n\n<p>&#8211; Lis\u00e4ksi Ruotsin Lapista kotoisin ollut t\u00e4tini mies kertoi monia kiehtovia tarinoita omasta nuoruudestaan, jolloin h\u00e4n mets\u00e4savotassa ollessaan asusteli kaksi talvea&nbsp;er\u00e4maak\u00e4mp\u00e4ss\u00e4, miss\u00e4 piti aika ajoin majaansa my\u00f6s vanha noaidi, lapinnoita. Ne painuivat hyvin teini-ik\u00e4isen mieleen, Pallas muistelee.<\/p>\n\n\n\n<p>Opiskeluaikanaan Pallas vietti monta kes\u00e4\u00e4 t\u00f6iss\u00e4 Lapissa ja Koillismaalla.<\/p>\n\n\n\n<p>&#8211; K\u00e4ynti Julmalla \u00d6lkyll\u00e4, Suomen suurimmalla kanjonij\u00e4rvell\u00e4&nbsp;Kuusamossa katsomassa kalliomaalausta, vei&nbsp;kiinnostukseni entist\u00e4 kauemmas menneisyyteen, esihistorialliselle ajalle, Pallas kertoo.<\/p>\n\n\n\n<p>Pallaksen mukaan entisajan&nbsp;ihmiset eliv\u00e4t luonnossa&nbsp;ja luonnosta, mutta my\u00f6s silmin n\u00e4kym\u00e4t\u00f6n rinnakkaismaailma oli koko ajan l\u00e4sn\u00e4.<\/p>\n\n\n\n<p>&#8211; Sen takia onkin luontevaa yhdist\u00e4\u00e4 kursseilla biologiaa sek\u00e4 kansatiedett\u00e4 ja kansanperinnett\u00e4. Kurssini on tarkoitettu kaikille luonnosta, kansanperinteest\u00e4 ja esivanhempiemme ajoista kiinnostuneille eik\u00e4 niille tarvita&nbsp;pohjatietoja. Sen sijaan avoin mieli ja huumorintaju ovat tarpeen, h\u00e4n sanoo.<\/p>\n\n\n\n<p>Hyv\u00e4n ja pahan ilmat linnut -kurssiin kuuluu my\u00f6s linturetki yhdess\u00e4 sovittavaan kohteeseen.<\/p>\n\n\n\n<p>&#8211; Koska se on huhtikuisena lauantaina, tarkkailemme ja kuuntelemme my\u00f6s Suomeen palanneita muuttolintuja, joilla on ollut t\u00e4rke\u00e4 merkitys esivanhempiemme maailmankuvassa, Pallas kertoo.<\/p>\n\n\n\n<h3 class=\"wp-block-heading\">Ihmiskeho tutuksi<\/h3>\n\n\n\n<p>Tammikuussa alkavalla Elina Pallaksen <a href=\"https:\/\/www.kktavastia.fi\/vanajaveden-opisto\/kurssit\/lukiokurssit-25\/biologia-25-115\/biologia-mielenkiintoinen-ihmiskeho\/\">Mielenkiintoinen ihmiskeho<\/a> -kurssilla paneudutaan ihmisen biologian saloihin monipuolisesti. <\/p>\n\n\n\n<p>&#8211; Kurssilla k\u00e4ymme l\u00e4pi t\u00e4rkeimpien&nbsp;elimien ja elimist\u00f6jen rakennetta ja toimintaa paitsi luentojen my\u00f6s teht\u00e4vien kautta.<\/p>\n\n\n\n<p>Kurssi sopii erityisesti biologian ylioppilaskirjoituksiin valmistautuville ja se k\u00e4y osasuorituksena Tavastian lukioissa, mutta my\u00f6s kaikille muille, jotka ovat kiinnostuneet kehonsa hyvinvoinnista.<\/p>\n\n\n\n<p>&#8211; Perehdymme my\u00f6s siihen, mit\u00e4 sitten seuraa, jos kehossa kaikki ei toimikaan kuten pit\u00e4isi. Osallistujien toiveiden mukaan selvit\u00e4mme my\u00f6s joka tunnilla sen kerran aiheeseen liittyvi\u00e4, heit\u00e4 erityisesti kiinnostavia kysymyksi\u00e4, Pallas sanoo.<\/p>\n\n\n\n<p><a href=\"https:\/\/www.kktavastia.fi\/vanajaveden-opisto\/kurssit\/\">Ilmoittaudu kursseille helposti VOPin nettisivuilla ja tutustu my\u00f6s muuhun kurssitarjontaan! <\/a><\/p>\n\n\n\n<p><em>Kurkikuva: Tero Pelkonen<\/em><\/p>\n","protected":false},"excerpt":{"rendered":"<p>VOPissa on loppuvuonna ja heti vuodenvaihteen j\u00e4lkeen tarjolla mielenkiintoisia kursseja vanhoista uskomuksista ja kansanperinteest\u00e4. Kursseja vet\u00e4\u00e4 biologi ja luontomatkailuopas Elina [&hellip;]<\/p>\n","protected":false},"author":6,"featured_media":11149,"comment_status":"closed","ping_status":"closed","sticky":false,"template":"","format":"standard","meta":{"_acf_changed":false,"_relevanssi_hide_post":"","_relevanssi_hide_content":"","_relevanssi_pin_for_all":"","_relevanssi_pin_keywords":"","_relevanssi_unpin_keywords":"","_relevanssi_related_keywords":"","_relevanssi_related_include_ids":"","_relevanssi_related_exclude_ids":"","_relevanssi_related_no_append":"","_relevanssi_related_not_related":"","_relevanssi_related_posts":"6788,6309,6641,4484,6559,8547","_relevanssi_noindex_reason":"","footnotes":""},"categories":[92],"tags":[],"class_list":["post-11148","post","type-post","status-publish","format-standard","has-post-thumbnail","hentry","category-ajankohtaista"],"acf":[],"yoast_head":"<title>Kansanperinnett\u00e4 ja ihmisen biologiaa - Vanajaveden Opisto<\/title>\n<meta name=\"robots\" content=\"index, follow, max-snippet:-1, max-image-preview:large, max-video-preview:-1\" \/>\n<link rel=\"canonical\" href=\"https:\/\/www.kktavastia.fi\/vanajaveden-opisto\/ajankohtaista\/2021\/kansanperinnetta-ja-ihmisen-biologiaa\/\" \/>\n<meta property=\"og:locale\" content=\"fi_FI\" \/>\n<meta property=\"og:type\" content=\"article\" \/>\n<meta property=\"og:title\" content=\"Kansanperinnett\u00e4 ja ihmisen biologiaa - Vanajaveden Opisto\" \/>\n<meta property=\"og:description\" content=\"VOPissa on loppuvuonna ja heti vuodenvaihteen j\u00e4lkeen tarjolla mielenkiintoisia kursseja vanhoista uskomuksista ja kansanperinteest\u00e4. Kursseja vet\u00e4\u00e4 biologi ja luontomatkailuopas Elina [&hellip;]\" \/>\n<meta property=\"og:url\" content=\"https:\/\/www.kktavastia.fi\/vanajaveden-opisto\/ajankohtaista\/2021\/kansanperinnetta-ja-ihmisen-biologiaa\/\" \/>\n<meta property=\"og:site_name\" content=\"Vanajaveden Opisto\" \/>\n<meta property=\"article:published_time\" content=\"2021-10-28T05:56:27+00:00\" \/>\n<meta property=\"og:image\" content=\"https:\/\/www.kktavastia.fi\/media\/sites\/3\/linnut.png\" \/>\n\t<meta property=\"og:image:width\" content=\"600\" \/>\n\t<meta property=\"og:image:height\" content=\"400\" \/>\n\t<meta property=\"og:image:type\" content=\"image\/png\" \/>\n<meta name=\"author\" content=\"saraseppala\" \/>\n<meta name=\"twitter:card\" content=\"summary_large_image\" \/>\n<script type=\"application\/ld+json\" class=\"yoast-schema-graph\">{\"@context\":\"https:\\\/\\\/schema.org\",\"@graph\":[{\"@type\":\"Article\",\"@id\":\"https:\\\/\\\/www.kktavastia.fi\\\/vanajaveden-opisto\\\/ajankohtaista\\\/2021\\\/kansanperinnetta-ja-ihmisen-biologiaa\\\/#article\",\"isPartOf\":{\"@id\":\"https:\\\/\\\/www.kktavastia.fi\\\/vanajaveden-opisto\\\/ajankohtaista\\\/2021\\\/kansanperinnetta-ja-ihmisen-biologiaa\\\/\"},\"author\":{\"name\":\"saraseppala\",\"@id\":\"https:\\\/\\\/www.kktavastia.fi\\\/vanajaveden-opisto\\\/#\\\/schema\\\/person\\\/817cce3016d2f14b9a7ed273534dcf4d\"},\"headline\":\"Kansanperinnett\u00e4 ja ihmisen biologiaa\",\"datePublished\":\"2021-10-28T05:56:27+00:00\",\"mainEntityOfPage\":{\"@id\":\"https:\\\/\\\/www.kktavastia.fi\\\/vanajaveden-opisto\\\/ajankohtaista\\\/2021\\\/kansanperinnetta-ja-ihmisen-biologiaa\\\/\"},\"wordCount\":505,\"image\":{\"@id\":\"https:\\\/\\\/www.kktavastia.fi\\\/vanajaveden-opisto\\\/ajankohtaista\\\/2021\\\/kansanperinnetta-ja-ihmisen-biologiaa\\\/#primaryimage\"},\"thumbnailUrl\":\"https:\\\/\\\/www.kktavastia.fi\\\/media\\\/sites\\\/3\\\/linnut.png\",\"articleSection\":[\"Ajankohtaista\"],\"inLanguage\":\"fi\"},{\"@type\":\"WebPage\",\"@id\":\"https:\\\/\\\/www.kktavastia.fi\\\/vanajaveden-opisto\\\/ajankohtaista\\\/2021\\\/kansanperinnetta-ja-ihmisen-biologiaa\\\/\",\"url\":\"https:\\\/\\\/www.kktavastia.fi\\\/vanajaveden-opisto\\\/ajankohtaista\\\/2021\\\/kansanperinnetta-ja-ihmisen-biologiaa\\\/\",\"name\":\"Kansanperinnett\u00e4 ja ihmisen biologiaa - Vanajaveden Opisto\",\"isPartOf\":{\"@id\":\"https:\\\/\\\/www.kktavastia.fi\\\/vanajaveden-opisto\\\/#website\"},\"primaryImageOfPage\":{\"@id\":\"https:\\\/\\\/www.kktavastia.fi\\\/vanajaveden-opisto\\\/ajankohtaista\\\/2021\\\/kansanperinnetta-ja-ihmisen-biologiaa\\\/#primaryimage\"},\"image\":{\"@id\":\"https:\\\/\\\/www.kktavastia.fi\\\/vanajaveden-opisto\\\/ajankohtaista\\\/2021\\\/kansanperinnetta-ja-ihmisen-biologiaa\\\/#primaryimage\"},\"thumbnailUrl\":\"https:\\\/\\\/www.kktavastia.fi\\\/media\\\/sites\\\/3\\\/linnut.png\",\"datePublished\":\"2021-10-28T05:56:27+00:00\",\"author\":{\"@id\":\"https:\\\/\\\/www.kktavastia.fi\\\/vanajaveden-opisto\\\/#\\\/schema\\\/person\\\/817cce3016d2f14b9a7ed273534dcf4d\"},\"breadcrumb\":{\"@id\":\"https:\\\/\\\/www.kktavastia.fi\\\/vanajaveden-opisto\\\/ajankohtaista\\\/2021\\\/kansanperinnetta-ja-ihmisen-biologiaa\\\/#breadcrumb\"},\"inLanguage\":\"fi\",\"potentialAction\":[{\"@type\":\"ReadAction\",\"target\":[\"https:\\\/\\\/www.kktavastia.fi\\\/vanajaveden-opisto\\\/ajankohtaista\\\/2021\\\/kansanperinnetta-ja-ihmisen-biologiaa\\\/\"]}]},{\"@type\":\"ImageObject\",\"inLanguage\":\"fi\",\"@id\":\"https:\\\/\\\/www.kktavastia.fi\\\/vanajaveden-opisto\\\/ajankohtaista\\\/2021\\\/kansanperinnetta-ja-ihmisen-biologiaa\\\/#primaryimage\",\"url\":\"https:\\\/\\\/www.kktavastia.fi\\\/media\\\/sites\\\/3\\\/linnut.png\",\"contentUrl\":\"https:\\\/\\\/www.kktavastia.fi\\\/media\\\/sites\\\/3\\\/linnut.png\",\"width\":600,\"height\":400,\"caption\":\"kurkia\"},{\"@type\":\"BreadcrumbList\",\"@id\":\"https:\\\/\\\/www.kktavastia.fi\\\/vanajaveden-opisto\\\/ajankohtaista\\\/2021\\\/kansanperinnetta-ja-ihmisen-biologiaa\\\/#breadcrumb\",\"itemListElement\":[{\"@type\":\"ListItem\",\"position\":1,\"name\":\"Home\",\"item\":\"https:\\\/\\\/www.kktavastia.fi\\\/vanajaveden-opisto\\\/\"},{\"@type\":\"ListItem\",\"position\":2,\"name\":\"Kansanperinnett\u00e4 ja ihmisen biologiaa\"}]},{\"@type\":\"WebSite\",\"@id\":\"https:\\\/\\\/www.kktavastia.fi\\\/vanajaveden-opisto\\\/#website\",\"url\":\"https:\\\/\\\/www.kktavastia.fi\\\/vanajaveden-opisto\\\/\",\"name\":\"Vanajaveden Opisto\",\"description\":\"\",\"potentialAction\":[{\"@type\":\"SearchAction\",\"target\":{\"@type\":\"EntryPoint\",\"urlTemplate\":\"https:\\\/\\\/www.kktavastia.fi\\\/vanajaveden-opisto\\\/?s={search_term_string}\"},\"query-input\":{\"@type\":\"PropertyValueSpecification\",\"valueRequired\":true,\"valueName\":\"search_term_string\"}}],\"inLanguage\":\"fi\"},{\"@type\":\"Person\",\"@id\":\"https:\\\/\\\/www.kktavastia.fi\\\/vanajaveden-opisto\\\/#\\\/schema\\\/person\\\/817cce3016d2f14b9a7ed273534dcf4d\",\"name\":\"saraseppala\",\"image\":{\"@type\":\"ImageObject\",\"inLanguage\":\"fi\",\"@id\":\"https:\\\/\\\/secure.gravatar.com\\\/avatar\\\/478c9f0d13d5df0e5e3d2ec80a1d93afb10baa5bf0f981b9874b9ad1ff76cafc?s=96&d=mm&r=g\",\"url\":\"https:\\\/\\\/secure.gravatar.com\\\/avatar\\\/478c9f0d13d5df0e5e3d2ec80a1d93afb10baa5bf0f981b9874b9ad1ff76cafc?s=96&d=mm&r=g\",\"contentUrl\":\"https:\\\/\\\/secure.gravatar.com\\\/avatar\\\/478c9f0d13d5df0e5e3d2ec80a1d93afb10baa5bf0f981b9874b9ad1ff76cafc?s=96&d=mm&r=g\",\"caption\":\"saraseppala\"},\"url\":\"https:\\\/\\\/www.kktavastia.fi\\\/vanajaveden-opisto\\\/ajankohtaista\\\/author\\\/saraseppala\\\/\"}]}<\/script>","yoast_head_json":{"title":"Kansanperinnett\u00e4 ja ihmisen biologiaa - Vanajaveden Opisto","robots":{"index":"index","follow":"follow","max-snippet":"max-snippet:-1","max-image-preview":"max-image-preview:large","max-video-preview":"max-video-preview:-1"},"canonical":"https:\/\/www.kktavastia.fi\/vanajaveden-opisto\/ajankohtaista\/2021\/kansanperinnetta-ja-ihmisen-biologiaa\/","og_locale":"fi_FI","og_type":"article","og_title":"Kansanperinnett\u00e4 ja ihmisen biologiaa - Vanajaveden Opisto","og_description":"VOPissa on loppuvuonna ja heti vuodenvaihteen j\u00e4lkeen tarjolla mielenkiintoisia kursseja vanhoista uskomuksista ja kansanperinteest\u00e4. Kursseja vet\u00e4\u00e4 biologi ja luontomatkailuopas Elina [&hellip;]","og_url":"https:\/\/www.kktavastia.fi\/vanajaveden-opisto\/ajankohtaista\/2021\/kansanperinnetta-ja-ihmisen-biologiaa\/","og_site_name":"Vanajaveden Opisto","article_published_time":"2021-10-28T05:56:27+00:00","og_image":[{"width":600,"height":400,"url":"https:\/\/www.kktavastia.fi\/media\/sites\/3\/linnut.png","type":"image\/png"}],"author":"saraseppala","twitter_card":"summary_large_image","schema":{"@context":"https:\/\/schema.org","@graph":[{"@type":"Article","@id":"https:\/\/www.kktavastia.fi\/vanajaveden-opisto\/ajankohtaista\/2021\/kansanperinnetta-ja-ihmisen-biologiaa\/#article","isPartOf":{"@id":"https:\/\/www.kktavastia.fi\/vanajaveden-opisto\/ajankohtaista\/2021\/kansanperinnetta-ja-ihmisen-biologiaa\/"},"author":{"name":"saraseppala","@id":"https:\/\/www.kktavastia.fi\/vanajaveden-opisto\/#\/schema\/person\/817cce3016d2f14b9a7ed273534dcf4d"},"headline":"Kansanperinnett\u00e4 ja ihmisen biologiaa","datePublished":"2021-10-28T05:56:27+00:00","mainEntityOfPage":{"@id":"https:\/\/www.kktavastia.fi\/vanajaveden-opisto\/ajankohtaista\/2021\/kansanperinnetta-ja-ihmisen-biologiaa\/"},"wordCount":505,"image":{"@id":"https:\/\/www.kktavastia.fi\/vanajaveden-opisto\/ajankohtaista\/2021\/kansanperinnetta-ja-ihmisen-biologiaa\/#primaryimage"},"thumbnailUrl":"https:\/\/www.kktavastia.fi\/media\/sites\/3\/linnut.png","articleSection":["Ajankohtaista"],"inLanguage":"fi"},{"@type":"WebPage","@id":"https:\/\/www.kktavastia.fi\/vanajaveden-opisto\/ajankohtaista\/2021\/kansanperinnetta-ja-ihmisen-biologiaa\/","url":"https:\/\/www.kktavastia.fi\/vanajaveden-opisto\/ajankohtaista\/2021\/kansanperinnetta-ja-ihmisen-biologiaa\/","name":"Kansanperinnett\u00e4 ja ihmisen biologiaa - Vanajaveden Opisto","isPartOf":{"@id":"https:\/\/www.kktavastia.fi\/vanajaveden-opisto\/#website"},"primaryImageOfPage":{"@id":"https:\/\/www.kktavastia.fi\/vanajaveden-opisto\/ajankohtaista\/2021\/kansanperinnetta-ja-ihmisen-biologiaa\/#primaryimage"},"image":{"@id":"https:\/\/www.kktavastia.fi\/vanajaveden-opisto\/ajankohtaista\/2021\/kansanperinnetta-ja-ihmisen-biologiaa\/#primaryimage"},"thumbnailUrl":"https:\/\/www.kktavastia.fi\/media\/sites\/3\/linnut.png","datePublished":"2021-10-28T05:56:27+00:00","author":{"@id":"https:\/\/www.kktavastia.fi\/vanajaveden-opisto\/#\/schema\/person\/817cce3016d2f14b9a7ed273534dcf4d"},"breadcrumb":{"@id":"https:\/\/www.kktavastia.fi\/vanajaveden-opisto\/ajankohtaista\/2021\/kansanperinnetta-ja-ihmisen-biologiaa\/#breadcrumb"},"inLanguage":"fi","potentialAction":[{"@type":"ReadAction","target":["https:\/\/www.kktavastia.fi\/vanajaveden-opisto\/ajankohtaista\/2021\/kansanperinnetta-ja-ihmisen-biologiaa\/"]}]},{"@type":"ImageObject","inLanguage":"fi","@id":"https:\/\/www.kktavastia.fi\/vanajaveden-opisto\/ajankohtaista\/2021\/kansanperinnetta-ja-ihmisen-biologiaa\/#primaryimage","url":"https:\/\/www.kktavastia.fi\/media\/sites\/3\/linnut.png","contentUrl":"https:\/\/www.kktavastia.fi\/media\/sites\/3\/linnut.png","width":600,"height":400,"caption":"kurkia"},{"@type":"BreadcrumbList","@id":"https:\/\/www.kktavastia.fi\/vanajaveden-opisto\/ajankohtaista\/2021\/kansanperinnetta-ja-ihmisen-biologiaa\/#breadcrumb","itemListElement":[{"@type":"ListItem","position":1,"name":"Home","item":"https:\/\/www.kktavastia.fi\/vanajaveden-opisto\/"},{"@type":"ListItem","position":2,"name":"Kansanperinnett\u00e4 ja ihmisen biologiaa"}]},{"@type":"WebSite","@id":"https:\/\/www.kktavastia.fi\/vanajaveden-opisto\/#website","url":"https:\/\/www.kktavastia.fi\/vanajaveden-opisto\/","name":"Vanajaveden Opisto","description":"","potentialAction":[{"@type":"SearchAction","target":{"@type":"EntryPoint","urlTemplate":"https:\/\/www.kktavastia.fi\/vanajaveden-opisto\/?s={search_term_string}"},"query-input":{"@type":"PropertyValueSpecification","valueRequired":true,"valueName":"search_term_string"}}],"inLanguage":"fi"},{"@type":"Person","@id":"https:\/\/www.kktavastia.fi\/vanajaveden-opisto\/#\/schema\/person\/817cce3016d2f14b9a7ed273534dcf4d","name":"saraseppala","image":{"@type":"ImageObject","inLanguage":"fi","@id":"https:\/\/secure.gravatar.com\/avatar\/478c9f0d13d5df0e5e3d2ec80a1d93afb10baa5bf0f981b9874b9ad1ff76cafc?s=96&d=mm&r=g","url":"https:\/\/secure.gravatar.com\/avatar\/478c9f0d13d5df0e5e3d2ec80a1d93afb10baa5bf0f981b9874b9ad1ff76cafc?s=96&d=mm&r=g","contentUrl":"https:\/\/secure.gravatar.com\/avatar\/478c9f0d13d5df0e5e3d2ec80a1d93afb10baa5bf0f981b9874b9ad1ff76cafc?s=96&d=mm&r=g","caption":"saraseppala"},"url":"https:\/\/www.kktavastia.fi\/vanajaveden-opisto\/ajankohtaista\/author\/saraseppala\/"}]}},"_links":{"self":[{"href":"https:\/\/www.kktavastia.fi\/vanajaveden-opisto\/wp-json\/wp\/v2\/posts\/11148","targetHints":{"allow":["GET"]}}],"collection":[{"href":"https:\/\/www.kktavastia.fi\/vanajaveden-opisto\/wp-json\/wp\/v2\/posts"}],"about":[{"href":"https:\/\/www.kktavastia.fi\/vanajaveden-opisto\/wp-json\/wp\/v2\/types\/post"}],"author":[{"embeddable":true,"href":"https:\/\/www.kktavastia.fi\/vanajaveden-opisto\/wp-json\/wp\/v2\/users\/6"}],"replies":[{"embeddable":true,"href":"https:\/\/www.kktavastia.fi\/vanajaveden-opisto\/wp-json\/wp\/v2\/comments?post=11148"}],"version-history":[{"count":1,"href":"https:\/\/www.kktavastia.fi\/vanajaveden-opisto\/wp-json\/wp\/v2\/posts\/11148\/revisions"}],"predecessor-version":[{"id":11150,"href":"https:\/\/www.kktavastia.fi\/vanajaveden-opisto\/wp-json\/wp\/v2\/posts\/11148\/revisions\/11150"}],"wp:featuredmedia":[{"embeddable":true,"href":"https:\/\/www.kktavastia.fi\/vanajaveden-opisto\/wp-json\/wp\/v2\/media\/11149"}],"wp:attachment":[{"href":"https:\/\/www.kktavastia.fi\/vanajaveden-opisto\/wp-json\/wp\/v2\/media?parent=11148"}],"wp:term":[{"taxonomy":"category","embeddable":true,"href":"https:\/\/www.kktavastia.fi\/vanajaveden-opisto\/wp-json\/wp\/v2\/categories?post=11148"},{"taxonomy":"post_tag","embeddable":true,"href":"https:\/\/www.kktavastia.fi\/vanajaveden-opisto\/wp-json\/wp\/v2\/tags?post=11148"}],"curies":[{"name":"wp","href":"https:\/\/api.w.org\/{rel}","templated":true}]}}