{"id":11017,"date":"2021-09-13T17:50:07","date_gmt":"2021-09-13T14:50:07","guid":{"rendered":"https:\/\/www.kktavastia.fi\/vanajaveden-opisto\/?p=11017"},"modified":"2021-09-13T17:50:48","modified_gmt":"2021-09-13T14:50:48","slug":"kotoutumiskoulutus-siirtyi-etaan-koronatartunnan-vuoksi","status":"publish","type":"post","link":"https:\/\/www.kktavastia.fi\/vanajaveden-opisto\/ajankohtaista\/2021\/kotoutumiskoulutus-siirtyi-etaan-koronatartunnan-vuoksi\/","title":{"rendered":"Kotoutumiskoulutus siirtyi et\u00e4\u00e4n koronatartunnan vuoksi"},"content":{"rendered":"\n<p>Vanajaveden Opiston kotoutumiskoulutuksen opiskelijalla todettiin viikonlopun aikana Covid-19-tartunta. Ryhm\u00e4 opiskeli perjantaina Jaakonkadun toimipisteess\u00e4. Tartunnan saanut k\u00e4ytti maskia viiden minuutin ruokataukoa lukuun ottamatta. My\u00f6s opettajat ja muut opiskelijat k\u00e4yttiv\u00e4t maskeja koko p\u00e4iv\u00e4n. \u00a0Mahdollisesti altistuneille on ilmoitettu, mutta karanteeneja heille ei ole m\u00e4\u00e4r\u00e4tty. Ryhm\u00e4 opiskelee kuitenkin varotoimena et\u00e4opetuksessa maanantaista alkaen.<\/p>\n","protected":false},"excerpt":{"rendered":"<p>Vanajaveden Opiston kotoutumiskoulutuksen opiskelijalla todettiin viikonlopun aikana Covid-19-tartunta. Ryhm\u00e4 opiskeli perjantaina Jaakonkadun toimipisteess\u00e4. Tartunnan saanut k\u00e4ytti maskia viiden minuutin ruokataukoa [&hellip;]<\/p>\n","protected":false},"author":3,"featured_media":11018,"comment_status":"closed","ping_status":"closed","sticky":false,"template":"","format":"standard","meta":{"_acf_changed":false,"_relevanssi_hide_post":"","_relevanssi_hide_content":"","_relevanssi_pin_for_all":"","_relevanssi_pin_keywords":"","_relevanssi_unpin_keywords":"","_relevanssi_related_keywords":"","_relevanssi_related_include_ids":"","_relevanssi_related_exclude_ids":"","_relevanssi_related_no_append":"","_relevanssi_related_not_related":"","_relevanssi_related_posts":"6221,6643,5938,6426,6597,6655","_relevanssi_noindex_reason":"","footnotes":""},"categories":[92],"tags":[],"class_list":["post-11017","post","type-post","status-publish","format-standard","has-post-thumbnail","hentry","category-ajankohtaista"],"acf":[],"yoast_head":"<title>Kotoutumiskoulutus siirtyi et\u00e4\u00e4n koronatartunnan vuoksi - Vanajaveden Opisto<\/title>\n<meta name=\"robots\" content=\"index, follow, max-snippet:-1, max-image-preview:large, max-video-preview:-1\" \/>\n<link rel=\"canonical\" href=\"https:\/\/www.kktavastia.fi\/vanajaveden-opisto\/ajankohtaista\/2021\/kotoutumiskoulutus-siirtyi-etaan-koronatartunnan-vuoksi\/\" \/>\n<meta property=\"og:locale\" content=\"fi_FI\" \/>\n<meta property=\"og:type\" content=\"article\" \/>\n<meta property=\"og:title\" content=\"Kotoutumiskoulutus siirtyi et\u00e4\u00e4n koronatartunnan vuoksi - Vanajaveden Opisto\" \/>\n<meta property=\"og:description\" content=\"Vanajaveden Opiston kotoutumiskoulutuksen opiskelijalla todettiin viikonlopun aikana Covid-19-tartunta. Ryhm\u00e4 opiskeli perjantaina Jaakonkadun toimipisteess\u00e4. Tartunnan saanut k\u00e4ytti maskia viiden minuutin ruokataukoa [&hellip;]\" \/>\n<meta property=\"og:url\" content=\"https:\/\/www.kktavastia.fi\/vanajaveden-opisto\/ajankohtaista\/2021\/kotoutumiskoulutus-siirtyi-etaan-koronatartunnan-vuoksi\/\" \/>\n<meta property=\"og:site_name\" content=\"Vanajaveden Opisto\" \/>\n<meta property=\"article:published_time\" content=\"2021-09-13T14:50:07+00:00\" \/>\n<meta property=\"article:modified_time\" content=\"2021-09-13T14:50:48+00:00\" \/>\n<meta property=\"og:image\" content=\"https:\/\/www.kktavastia.fi\/media\/sites\/3\/virus-5231044_1280.png\" \/>\n\t<meta property=\"og:image:width\" content=\"1280\" \/>\n\t<meta property=\"og:image:height\" content=\"707\" \/>\n\t<meta property=\"og:image:type\" content=\"image\/png\" \/>\n<meta name=\"author\" content=\"jennimanninen\" \/>\n<meta name=\"twitter:card\" content=\"summary_large_image\" \/>\n<script type=\"application\/ld+json\" class=\"yoast-schema-graph\">{\"@context\":\"https:\\\/\\\/schema.org\",\"@graph\":[{\"@type\":\"Article\",\"@id\":\"https:\\\/\\\/www.kktavastia.fi\\\/vanajaveden-opisto\\\/ajankohtaista\\\/2021\\\/kotoutumiskoulutus-siirtyi-etaan-koronatartunnan-vuoksi\\\/#article\",\"isPartOf\":{\"@id\":\"https:\\\/\\\/www.kktavastia.fi\\\/vanajaveden-opisto\\\/ajankohtaista\\\/2021\\\/kotoutumiskoulutus-siirtyi-etaan-koronatartunnan-vuoksi\\\/\"},\"author\":{\"name\":\"jennimanninen\",\"@id\":\"https:\\\/\\\/www.kktavastia.fi\\\/vanajaveden-opisto\\\/#\\\/schema\\\/person\\\/024aefaad0a17654b61e7deb02a467ab\"},\"headline\":\"Kotoutumiskoulutus siirtyi et\u00e4\u00e4n koronatartunnan vuoksi\",\"datePublished\":\"2021-09-13T14:50:07+00:00\",\"dateModified\":\"2021-09-13T14:50:48+00:00\",\"mainEntityOfPage\":{\"@id\":\"https:\\\/\\\/www.kktavastia.fi\\\/vanajaveden-opisto\\\/ajankohtaista\\\/2021\\\/kotoutumiskoulutus-siirtyi-etaan-koronatartunnan-vuoksi\\\/\"},\"wordCount\":64,\"image\":{\"@id\":\"https:\\\/\\\/www.kktavastia.fi\\\/vanajaveden-opisto\\\/ajankohtaista\\\/2021\\\/kotoutumiskoulutus-siirtyi-etaan-koronatartunnan-vuoksi\\\/#primaryimage\"},\"thumbnailUrl\":\"https:\\\/\\\/www.kktavastia.fi\\\/media\\\/sites\\\/3\\\/virus-5231044_1280.png\",\"articleSection\":[\"Ajankohtaista\"],\"inLanguage\":\"fi\"},{\"@type\":\"WebPage\",\"@id\":\"https:\\\/\\\/www.kktavastia.fi\\\/vanajaveden-opisto\\\/ajankohtaista\\\/2021\\\/kotoutumiskoulutus-siirtyi-etaan-koronatartunnan-vuoksi\\\/\",\"url\":\"https:\\\/\\\/www.kktavastia.fi\\\/vanajaveden-opisto\\\/ajankohtaista\\\/2021\\\/kotoutumiskoulutus-siirtyi-etaan-koronatartunnan-vuoksi\\\/\",\"name\":\"Kotoutumiskoulutus siirtyi et\u00e4\u00e4n koronatartunnan vuoksi - Vanajaveden Opisto\",\"isPartOf\":{\"@id\":\"https:\\\/\\\/www.kktavastia.fi\\\/vanajaveden-opisto\\\/#website\"},\"primaryImageOfPage\":{\"@id\":\"https:\\\/\\\/www.kktavastia.fi\\\/vanajaveden-opisto\\\/ajankohtaista\\\/2021\\\/kotoutumiskoulutus-siirtyi-etaan-koronatartunnan-vuoksi\\\/#primaryimage\"},\"image\":{\"@id\":\"https:\\\/\\\/www.kktavastia.fi\\\/vanajaveden-opisto\\\/ajankohtaista\\\/2021\\\/kotoutumiskoulutus-siirtyi-etaan-koronatartunnan-vuoksi\\\/#primaryimage\"},\"thumbnailUrl\":\"https:\\\/\\\/www.kktavastia.fi\\\/media\\\/sites\\\/3\\\/virus-5231044_1280.png\",\"datePublished\":\"2021-09-13T14:50:07+00:00\",\"dateModified\":\"2021-09-13T14:50:48+00:00\",\"author\":{\"@id\":\"https:\\\/\\\/www.kktavastia.fi\\\/vanajaveden-opisto\\\/#\\\/schema\\\/person\\\/024aefaad0a17654b61e7deb02a467ab\"},\"breadcrumb\":{\"@id\":\"https:\\\/\\\/www.kktavastia.fi\\\/vanajaveden-opisto\\\/ajankohtaista\\\/2021\\\/kotoutumiskoulutus-siirtyi-etaan-koronatartunnan-vuoksi\\\/#breadcrumb\"},\"inLanguage\":\"fi\",\"potentialAction\":[{\"@type\":\"ReadAction\",\"target\":[\"https:\\\/\\\/www.kktavastia.fi\\\/vanajaveden-opisto\\\/ajankohtaista\\\/2021\\\/kotoutumiskoulutus-siirtyi-etaan-koronatartunnan-vuoksi\\\/\"]}]},{\"@type\":\"ImageObject\",\"inLanguage\":\"fi\",\"@id\":\"https:\\\/\\\/www.kktavastia.fi\\\/vanajaveden-opisto\\\/ajankohtaista\\\/2021\\\/kotoutumiskoulutus-siirtyi-etaan-koronatartunnan-vuoksi\\\/#primaryimage\",\"url\":\"https:\\\/\\\/www.kktavastia.fi\\\/media\\\/sites\\\/3\\\/virus-5231044_1280.png\",\"contentUrl\":\"https:\\\/\\\/www.kktavastia.fi\\\/media\\\/sites\\\/3\\\/virus-5231044_1280.png\",\"width\":1280,\"height\":707},{\"@type\":\"BreadcrumbList\",\"@id\":\"https:\\\/\\\/www.kktavastia.fi\\\/vanajaveden-opisto\\\/ajankohtaista\\\/2021\\\/kotoutumiskoulutus-siirtyi-etaan-koronatartunnan-vuoksi\\\/#breadcrumb\",\"itemListElement\":[{\"@type\":\"ListItem\",\"position\":1,\"name\":\"Home\",\"item\":\"https:\\\/\\\/www.kktavastia.fi\\\/vanajaveden-opisto\\\/\"},{\"@type\":\"ListItem\",\"position\":2,\"name\":\"Kotoutumiskoulutus siirtyi et\u00e4\u00e4n koronatartunnan vuoksi\"}]},{\"@type\":\"WebSite\",\"@id\":\"https:\\\/\\\/www.kktavastia.fi\\\/vanajaveden-opisto\\\/#website\",\"url\":\"https:\\\/\\\/www.kktavastia.fi\\\/vanajaveden-opisto\\\/\",\"name\":\"Vanajaveden Opisto\",\"description\":\"\",\"potentialAction\":[{\"@type\":\"SearchAction\",\"target\":{\"@type\":\"EntryPoint\",\"urlTemplate\":\"https:\\\/\\\/www.kktavastia.fi\\\/vanajaveden-opisto\\\/?s={search_term_string}\"},\"query-input\":{\"@type\":\"PropertyValueSpecification\",\"valueRequired\":true,\"valueName\":\"search_term_string\"}}],\"inLanguage\":\"fi\"},{\"@type\":\"Person\",\"@id\":\"https:\\\/\\\/www.kktavastia.fi\\\/vanajaveden-opisto\\\/#\\\/schema\\\/person\\\/024aefaad0a17654b61e7deb02a467ab\",\"name\":\"jennimanninen\",\"image\":{\"@type\":\"ImageObject\",\"inLanguage\":\"fi\",\"@id\":\"https:\\\/\\\/secure.gravatar.com\\\/avatar\\\/5457e44008198bb53daa774600a7e8e4246bcac6a14afc3db6e5d007d9dc6f39?s=96&d=mm&r=g\",\"url\":\"https:\\\/\\\/secure.gravatar.com\\\/avatar\\\/5457e44008198bb53daa774600a7e8e4246bcac6a14afc3db6e5d007d9dc6f39?s=96&d=mm&r=g\",\"contentUrl\":\"https:\\\/\\\/secure.gravatar.com\\\/avatar\\\/5457e44008198bb53daa774600a7e8e4246bcac6a14afc3db6e5d007d9dc6f39?s=96&d=mm&r=g\",\"caption\":\"jennimanninen\"},\"url\":\"https:\\\/\\\/www.kktavastia.fi\\\/vanajaveden-opisto\\\/ajankohtaista\\\/author\\\/jennimanninen\\\/\"}]}<\/script>","yoast_head_json":{"title":"Kotoutumiskoulutus siirtyi et\u00e4\u00e4n koronatartunnan vuoksi - Vanajaveden Opisto","robots":{"index":"index","follow":"follow","max-snippet":"max-snippet:-1","max-image-preview":"max-image-preview:large","max-video-preview":"max-video-preview:-1"},"canonical":"https:\/\/www.kktavastia.fi\/vanajaveden-opisto\/ajankohtaista\/2021\/kotoutumiskoulutus-siirtyi-etaan-koronatartunnan-vuoksi\/","og_locale":"fi_FI","og_type":"article","og_title":"Kotoutumiskoulutus siirtyi et\u00e4\u00e4n koronatartunnan vuoksi - Vanajaveden Opisto","og_description":"Vanajaveden Opiston kotoutumiskoulutuksen opiskelijalla todettiin viikonlopun aikana Covid-19-tartunta. Ryhm\u00e4 opiskeli perjantaina Jaakonkadun toimipisteess\u00e4. Tartunnan saanut k\u00e4ytti maskia viiden minuutin ruokataukoa [&hellip;]","og_url":"https:\/\/www.kktavastia.fi\/vanajaveden-opisto\/ajankohtaista\/2021\/kotoutumiskoulutus-siirtyi-etaan-koronatartunnan-vuoksi\/","og_site_name":"Vanajaveden Opisto","article_published_time":"2021-09-13T14:50:07+00:00","article_modified_time":"2021-09-13T14:50:48+00:00","og_image":[{"width":1280,"height":707,"url":"https:\/\/www.kktavastia.fi\/media\/sites\/3\/virus-5231044_1280.png","type":"image\/png"}],"author":"jennimanninen","twitter_card":"summary_large_image","schema":{"@context":"https:\/\/schema.org","@graph":[{"@type":"Article","@id":"https:\/\/www.kktavastia.fi\/vanajaveden-opisto\/ajankohtaista\/2021\/kotoutumiskoulutus-siirtyi-etaan-koronatartunnan-vuoksi\/#article","isPartOf":{"@id":"https:\/\/www.kktavastia.fi\/vanajaveden-opisto\/ajankohtaista\/2021\/kotoutumiskoulutus-siirtyi-etaan-koronatartunnan-vuoksi\/"},"author":{"name":"jennimanninen","@id":"https:\/\/www.kktavastia.fi\/vanajaveden-opisto\/#\/schema\/person\/024aefaad0a17654b61e7deb02a467ab"},"headline":"Kotoutumiskoulutus siirtyi et\u00e4\u00e4n koronatartunnan vuoksi","datePublished":"2021-09-13T14:50:07+00:00","dateModified":"2021-09-13T14:50:48+00:00","mainEntityOfPage":{"@id":"https:\/\/www.kktavastia.fi\/vanajaveden-opisto\/ajankohtaista\/2021\/kotoutumiskoulutus-siirtyi-etaan-koronatartunnan-vuoksi\/"},"wordCount":64,"image":{"@id":"https:\/\/www.kktavastia.fi\/vanajaveden-opisto\/ajankohtaista\/2021\/kotoutumiskoulutus-siirtyi-etaan-koronatartunnan-vuoksi\/#primaryimage"},"thumbnailUrl":"https:\/\/www.kktavastia.fi\/media\/sites\/3\/virus-5231044_1280.png","articleSection":["Ajankohtaista"],"inLanguage":"fi"},{"@type":"WebPage","@id":"https:\/\/www.kktavastia.fi\/vanajaveden-opisto\/ajankohtaista\/2021\/kotoutumiskoulutus-siirtyi-etaan-koronatartunnan-vuoksi\/","url":"https:\/\/www.kktavastia.fi\/vanajaveden-opisto\/ajankohtaista\/2021\/kotoutumiskoulutus-siirtyi-etaan-koronatartunnan-vuoksi\/","name":"Kotoutumiskoulutus siirtyi et\u00e4\u00e4n koronatartunnan vuoksi - Vanajaveden Opisto","isPartOf":{"@id":"https:\/\/www.kktavastia.fi\/vanajaveden-opisto\/#website"},"primaryImageOfPage":{"@id":"https:\/\/www.kktavastia.fi\/vanajaveden-opisto\/ajankohtaista\/2021\/kotoutumiskoulutus-siirtyi-etaan-koronatartunnan-vuoksi\/#primaryimage"},"image":{"@id":"https:\/\/www.kktavastia.fi\/vanajaveden-opisto\/ajankohtaista\/2021\/kotoutumiskoulutus-siirtyi-etaan-koronatartunnan-vuoksi\/#primaryimage"},"thumbnailUrl":"https:\/\/www.kktavastia.fi\/media\/sites\/3\/virus-5231044_1280.png","datePublished":"2021-09-13T14:50:07+00:00","dateModified":"2021-09-13T14:50:48+00:00","author":{"@id":"https:\/\/www.kktavastia.fi\/vanajaveden-opisto\/#\/schema\/person\/024aefaad0a17654b61e7deb02a467ab"},"breadcrumb":{"@id":"https:\/\/www.kktavastia.fi\/vanajaveden-opisto\/ajankohtaista\/2021\/kotoutumiskoulutus-siirtyi-etaan-koronatartunnan-vuoksi\/#breadcrumb"},"inLanguage":"fi","potentialAction":[{"@type":"ReadAction","target":["https:\/\/www.kktavastia.fi\/vanajaveden-opisto\/ajankohtaista\/2021\/kotoutumiskoulutus-siirtyi-etaan-koronatartunnan-vuoksi\/"]}]},{"@type":"ImageObject","inLanguage":"fi","@id":"https:\/\/www.kktavastia.fi\/vanajaveden-opisto\/ajankohtaista\/2021\/kotoutumiskoulutus-siirtyi-etaan-koronatartunnan-vuoksi\/#primaryimage","url":"https:\/\/www.kktavastia.fi\/media\/sites\/3\/virus-5231044_1280.png","contentUrl":"https:\/\/www.kktavastia.fi\/media\/sites\/3\/virus-5231044_1280.png","width":1280,"height":707},{"@type":"BreadcrumbList","@id":"https:\/\/www.kktavastia.fi\/vanajaveden-opisto\/ajankohtaista\/2021\/kotoutumiskoulutus-siirtyi-etaan-koronatartunnan-vuoksi\/#breadcrumb","itemListElement":[{"@type":"ListItem","position":1,"name":"Home","item":"https:\/\/www.kktavastia.fi\/vanajaveden-opisto\/"},{"@type":"ListItem","position":2,"name":"Kotoutumiskoulutus siirtyi et\u00e4\u00e4n koronatartunnan vuoksi"}]},{"@type":"WebSite","@id":"https:\/\/www.kktavastia.fi\/vanajaveden-opisto\/#website","url":"https:\/\/www.kktavastia.fi\/vanajaveden-opisto\/","name":"Vanajaveden Opisto","description":"","potentialAction":[{"@type":"SearchAction","target":{"@type":"EntryPoint","urlTemplate":"https:\/\/www.kktavastia.fi\/vanajaveden-opisto\/?s={search_term_string}"},"query-input":{"@type":"PropertyValueSpecification","valueRequired":true,"valueName":"search_term_string"}}],"inLanguage":"fi"},{"@type":"Person","@id":"https:\/\/www.kktavastia.fi\/vanajaveden-opisto\/#\/schema\/person\/024aefaad0a17654b61e7deb02a467ab","name":"jennimanninen","image":{"@type":"ImageObject","inLanguage":"fi","@id":"https:\/\/secure.gravatar.com\/avatar\/5457e44008198bb53daa774600a7e8e4246bcac6a14afc3db6e5d007d9dc6f39?s=96&d=mm&r=g","url":"https:\/\/secure.gravatar.com\/avatar\/5457e44008198bb53daa774600a7e8e4246bcac6a14afc3db6e5d007d9dc6f39?s=96&d=mm&r=g","contentUrl":"https:\/\/secure.gravatar.com\/avatar\/5457e44008198bb53daa774600a7e8e4246bcac6a14afc3db6e5d007d9dc6f39?s=96&d=mm&r=g","caption":"jennimanninen"},"url":"https:\/\/www.kktavastia.fi\/vanajaveden-opisto\/ajankohtaista\/author\/jennimanninen\/"}]}},"_links":{"self":[{"href":"https:\/\/www.kktavastia.fi\/vanajaveden-opisto\/wp-json\/wp\/v2\/posts\/11017","targetHints":{"allow":["GET"]}}],"collection":[{"href":"https:\/\/www.kktavastia.fi\/vanajaveden-opisto\/wp-json\/wp\/v2\/posts"}],"about":[{"href":"https:\/\/www.kktavastia.fi\/vanajaveden-opisto\/wp-json\/wp\/v2\/types\/post"}],"author":[{"embeddable":true,"href":"https:\/\/www.kktavastia.fi\/vanajaveden-opisto\/wp-json\/wp\/v2\/users\/3"}],"replies":[{"embeddable":true,"href":"https:\/\/www.kktavastia.fi\/vanajaveden-opisto\/wp-json\/wp\/v2\/comments?post=11017"}],"version-history":[{"count":2,"href":"https:\/\/www.kktavastia.fi\/vanajaveden-opisto\/wp-json\/wp\/v2\/posts\/11017\/revisions"}],"predecessor-version":[{"id":11020,"href":"https:\/\/www.kktavastia.fi\/vanajaveden-opisto\/wp-json\/wp\/v2\/posts\/11017\/revisions\/11020"}],"wp:featuredmedia":[{"embeddable":true,"href":"https:\/\/www.kktavastia.fi\/vanajaveden-opisto\/wp-json\/wp\/v2\/media\/11018"}],"wp:attachment":[{"href":"https:\/\/www.kktavastia.fi\/vanajaveden-opisto\/wp-json\/wp\/v2\/media?parent=11017"}],"wp:term":[{"taxonomy":"category","embeddable":true,"href":"https:\/\/www.kktavastia.fi\/vanajaveden-opisto\/wp-json\/wp\/v2\/categories?post=11017"},{"taxonomy":"post_tag","embeddable":true,"href":"https:\/\/www.kktavastia.fi\/vanajaveden-opisto\/wp-json\/wp\/v2\/tags?post=11017"}],"curies":[{"name":"wp","href":"https:\/\/api.w.org\/{rel}","templated":true}]}}