{"id":10965,"date":"2021-08-27T10:46:59","date_gmt":"2021-08-27T07:46:59","guid":{"rendered":"https:\/\/www.kktavastia.fi\/vanajaveden-opisto\/?p=10965"},"modified":"2021-09-03T09:04:01","modified_gmt":"2021-09-03T06:04:01","slug":"digisampo-arvokkaat-tarinat-digitaalisesti-talteen","status":"publish","type":"post","link":"https:\/\/www.kktavastia.fi\/vanajaveden-opisto\/ajankohtaista\/2021\/digisampo-arvokkaat-tarinat-digitaalisesti-talteen\/","title":{"rendered":"Digisampo \u2013 arvokkaat tarinat digitaalisesti talteen"},"content":{"rendered":"\n<p>Tule oppimaan digitaitoja matalalla kynnyksell\u00e4 ja kysym\u00e4\u00e4n juuri sinua askarruttavat kysymykset vaikkapa omaan laitteeseesi liittyen. Kerhossa tutustutaan my\u00f6s et\u00e4ty\u00f6v\u00e4lineisiin ja autetaan omien tekstien tallentamisessa ja vaikka vanhojen valokuvien skannaamisessa. Opettajana Hattulan viime vuoden Digikerhoistakin tuttu Petri Aitta-Aho.<\/p>\n\n\n\n<p>Samalla kun teet digiloikkia, tallennat pieni\u00e4 katkelmia eletyst\u00e4 el\u00e4m\u00e4st\u00e4. Otat ehk\u00e4 esille vanhan valokuva-albumin, ja muistot palaavat kaukaa lapsuudesta, nuoruusvuosilta, aikuistumisen vaiheista. Sin\u00e4 muistat lapsuuden kes\u00e4t. Mik\u00e4 olikaan mielileikkisi? Mit\u00e4 \u00e4iti aina sanoi? Silloin is\u00e4 suuttui, kun&#8230; Ent\u00e4 ensimm\u00e4inen koulup\u00e4iv\u00e4? Pienryhm\u00e4ss\u00e4 on turvallista ty\u00f6skennell\u00e4. Alat muistaa asioita, jotka jo luulit unohtaneesi. On ilo kertoa ja kirjoittaa. Opettajana Tuula Salin.<\/p>\n\n\n\n<p>Keskiviikkoisin 8.9.\u201315.12.2021 klo 10\u201312 (alussa tarjolla kahvia\/teet\u00e4)<\/p>\n\n\n\n<ul class=\"wp-block-list\"><li><strong>8.9.<\/strong> paikalla molemmat opettajat ja kirjaston edustaja \u2013 kartoitamme toiveita ja ideoita ja mietimme yhdess\u00e4, miten edet\u00e4\u00e4n<\/li><li><strong>15.9.<\/strong> Kirjoittaminen, tarinat (Tuula)<\/li><li><strong>22.9.<\/strong> Digitaidot (Petri)<\/li><\/ul>\n\n\n\n<p>Jatkossa opettajat ovat paikalla vuoroviikoin.<\/p>\n\n\n\n<p>Rajatun tilan vuoksi mukaan mahtuu noin 15 ensimm\u00e4ist\u00e4. Ei ilmoittautumista, tule vain paikalle.<\/p>\n\n\n\n<p>Paikka: Hattulan kunnankirjasto\/Juteinitalo, Kauppatie 3, 13720 Parola<\/p>\n\n\n\n<p><strong>Tervetuloa!<\/strong><\/p>\n","protected":false},"excerpt":{"rendered":"<p>Tule oppimaan digitaitoja matalalla kynnyksell\u00e4 ja kysym\u00e4\u00e4n juuri sinua askarruttavat kysymykset vaikkapa omaan laitteeseesi liittyen. Kerhossa tutustutaan my\u00f6s et\u00e4ty\u00f6v\u00e4lineisiin ja [&hellip;]<\/p>\n","protected":false},"author":6,"featured_media":10966,"comment_status":"closed","ping_status":"closed","sticky":false,"template":"","format":"standard","meta":{"_acf_changed":false,"_relevanssi_hide_post":"","_relevanssi_hide_content":"","_relevanssi_pin_for_all":"","_relevanssi_pin_keywords":"","_relevanssi_unpin_keywords":"","_relevanssi_related_keywords":"","_relevanssi_related_include_ids":"","_relevanssi_related_exclude_ids":"","_relevanssi_related_no_append":"","_relevanssi_related_not_related":"","_relevanssi_related_posts":"8370,8778,6765,6633,8111,8268","_relevanssi_noindex_reason":"","footnotes":""},"categories":[92],"tags":[178],"class_list":["post-10965","post","type-post","status-publish","format-standard","has-post-thumbnail","hentry","category-ajankohtaista","tag-digisampo"],"acf":[],"yoast_head":"<title>Digisampo \u2013 arvokkaat tarinat digitaalisesti talteen - Vanajaveden Opisto<\/title>\n<meta name=\"robots\" content=\"index, follow, max-snippet:-1, max-image-preview:large, max-video-preview:-1\" \/>\n<link rel=\"canonical\" href=\"https:\/\/www.kktavastia.fi\/vanajaveden-opisto\/ajankohtaista\/2021\/digisampo-arvokkaat-tarinat-digitaalisesti-talteen\/\" \/>\n<meta property=\"og:locale\" content=\"fi_FI\" \/>\n<meta property=\"og:type\" content=\"article\" \/>\n<meta property=\"og:title\" content=\"Digisampo \u2013 arvokkaat tarinat digitaalisesti talteen - Vanajaveden Opisto\" \/>\n<meta property=\"og:description\" content=\"Tule oppimaan digitaitoja matalalla kynnyksell\u00e4 ja kysym\u00e4\u00e4n juuri sinua askarruttavat kysymykset vaikkapa omaan laitteeseesi liittyen. Kerhossa tutustutaan my\u00f6s et\u00e4ty\u00f6v\u00e4lineisiin ja [&hellip;]\" \/>\n<meta property=\"og:url\" content=\"https:\/\/www.kktavastia.fi\/vanajaveden-opisto\/ajankohtaista\/2021\/digisampo-arvokkaat-tarinat-digitaalisesti-talteen\/\" \/>\n<meta property=\"og:site_name\" content=\"Vanajaveden Opisto\" \/>\n<meta property=\"article:published_time\" content=\"2021-08-27T07:46:59+00:00\" \/>\n<meta property=\"article:modified_time\" content=\"2021-09-03T06:04:01+00:00\" \/>\n<meta property=\"og:image\" content=\"https:\/\/www.kktavastia.fi\/media\/sites\/3\/digisampopng.png\" \/>\n\t<meta property=\"og:image:width\" content=\"1280\" \/>\n\t<meta property=\"og:image:height\" content=\"720\" \/>\n\t<meta property=\"og:image:type\" content=\"image\/png\" \/>\n<meta name=\"author\" content=\"saraseppala\" \/>\n<meta name=\"twitter:card\" content=\"summary_large_image\" \/>\n<script type=\"application\/ld+json\" class=\"yoast-schema-graph\">{\"@context\":\"https:\\\/\\\/schema.org\",\"@graph\":[{\"@type\":\"Article\",\"@id\":\"https:\\\/\\\/www.kktavastia.fi\\\/vanajaveden-opisto\\\/ajankohtaista\\\/2021\\\/digisampo-arvokkaat-tarinat-digitaalisesti-talteen\\\/#article\",\"isPartOf\":{\"@id\":\"https:\\\/\\\/www.kktavastia.fi\\\/vanajaveden-opisto\\\/ajankohtaista\\\/2021\\\/digisampo-arvokkaat-tarinat-digitaalisesti-talteen\\\/\"},\"author\":{\"name\":\"saraseppala\",\"@id\":\"https:\\\/\\\/www.kktavastia.fi\\\/vanajaveden-opisto\\\/#\\\/schema\\\/person\\\/817cce3016d2f14b9a7ed273534dcf4d\"},\"headline\":\"Digisampo \u2013 arvokkaat tarinat digitaalisesti talteen\",\"datePublished\":\"2021-08-27T07:46:59+00:00\",\"dateModified\":\"2021-09-03T06:04:01+00:00\",\"mainEntityOfPage\":{\"@id\":\"https:\\\/\\\/www.kktavastia.fi\\\/vanajaveden-opisto\\\/ajankohtaista\\\/2021\\\/digisampo-arvokkaat-tarinat-digitaalisesti-talteen\\\/\"},\"wordCount\":165,\"image\":{\"@id\":\"https:\\\/\\\/www.kktavastia.fi\\\/vanajaveden-opisto\\\/ajankohtaista\\\/2021\\\/digisampo-arvokkaat-tarinat-digitaalisesti-talteen\\\/#primaryimage\"},\"thumbnailUrl\":\"https:\\\/\\\/www.kktavastia.fi\\\/media\\\/sites\\\/3\\\/digisampopng.png\",\"keywords\":[\"digisampo\"],\"articleSection\":[\"Ajankohtaista\"],\"inLanguage\":\"fi\"},{\"@type\":\"WebPage\",\"@id\":\"https:\\\/\\\/www.kktavastia.fi\\\/vanajaveden-opisto\\\/ajankohtaista\\\/2021\\\/digisampo-arvokkaat-tarinat-digitaalisesti-talteen\\\/\",\"url\":\"https:\\\/\\\/www.kktavastia.fi\\\/vanajaveden-opisto\\\/ajankohtaista\\\/2021\\\/digisampo-arvokkaat-tarinat-digitaalisesti-talteen\\\/\",\"name\":\"Digisampo \u2013 arvokkaat tarinat digitaalisesti talteen - Vanajaveden Opisto\",\"isPartOf\":{\"@id\":\"https:\\\/\\\/www.kktavastia.fi\\\/vanajaveden-opisto\\\/#website\"},\"primaryImageOfPage\":{\"@id\":\"https:\\\/\\\/www.kktavastia.fi\\\/vanajaveden-opisto\\\/ajankohtaista\\\/2021\\\/digisampo-arvokkaat-tarinat-digitaalisesti-talteen\\\/#primaryimage\"},\"image\":{\"@id\":\"https:\\\/\\\/www.kktavastia.fi\\\/vanajaveden-opisto\\\/ajankohtaista\\\/2021\\\/digisampo-arvokkaat-tarinat-digitaalisesti-talteen\\\/#primaryimage\"},\"thumbnailUrl\":\"https:\\\/\\\/www.kktavastia.fi\\\/media\\\/sites\\\/3\\\/digisampopng.png\",\"datePublished\":\"2021-08-27T07:46:59+00:00\",\"dateModified\":\"2021-09-03T06:04:01+00:00\",\"author\":{\"@id\":\"https:\\\/\\\/www.kktavastia.fi\\\/vanajaveden-opisto\\\/#\\\/schema\\\/person\\\/817cce3016d2f14b9a7ed273534dcf4d\"},\"breadcrumb\":{\"@id\":\"https:\\\/\\\/www.kktavastia.fi\\\/vanajaveden-opisto\\\/ajankohtaista\\\/2021\\\/digisampo-arvokkaat-tarinat-digitaalisesti-talteen\\\/#breadcrumb\"},\"inLanguage\":\"fi\",\"potentialAction\":[{\"@type\":\"ReadAction\",\"target\":[\"https:\\\/\\\/www.kktavastia.fi\\\/vanajaveden-opisto\\\/ajankohtaista\\\/2021\\\/digisampo-arvokkaat-tarinat-digitaalisesti-talteen\\\/\"]}]},{\"@type\":\"ImageObject\",\"inLanguage\":\"fi\",\"@id\":\"https:\\\/\\\/www.kktavastia.fi\\\/vanajaveden-opisto\\\/ajankohtaista\\\/2021\\\/digisampo-arvokkaat-tarinat-digitaalisesti-talteen\\\/#primaryimage\",\"url\":\"https:\\\/\\\/www.kktavastia.fi\\\/media\\\/sites\\\/3\\\/digisampopng.png\",\"contentUrl\":\"https:\\\/\\\/www.kktavastia.fi\\\/media\\\/sites\\\/3\\\/digisampopng.png\",\"width\":1280,\"height\":720},{\"@type\":\"BreadcrumbList\",\"@id\":\"https:\\\/\\\/www.kktavastia.fi\\\/vanajaveden-opisto\\\/ajankohtaista\\\/2021\\\/digisampo-arvokkaat-tarinat-digitaalisesti-talteen\\\/#breadcrumb\",\"itemListElement\":[{\"@type\":\"ListItem\",\"position\":1,\"name\":\"Home\",\"item\":\"https:\\\/\\\/www.kktavastia.fi\\\/vanajaveden-opisto\\\/\"},{\"@type\":\"ListItem\",\"position\":2,\"name\":\"Digisampo \u2013 arvokkaat tarinat digitaalisesti talteen\"}]},{\"@type\":\"WebSite\",\"@id\":\"https:\\\/\\\/www.kktavastia.fi\\\/vanajaveden-opisto\\\/#website\",\"url\":\"https:\\\/\\\/www.kktavastia.fi\\\/vanajaveden-opisto\\\/\",\"name\":\"Vanajaveden Opisto\",\"description\":\"\",\"potentialAction\":[{\"@type\":\"SearchAction\",\"target\":{\"@type\":\"EntryPoint\",\"urlTemplate\":\"https:\\\/\\\/www.kktavastia.fi\\\/vanajaveden-opisto\\\/?s={search_term_string}\"},\"query-input\":{\"@type\":\"PropertyValueSpecification\",\"valueRequired\":true,\"valueName\":\"search_term_string\"}}],\"inLanguage\":\"fi\"},{\"@type\":\"Person\",\"@id\":\"https:\\\/\\\/www.kktavastia.fi\\\/vanajaveden-opisto\\\/#\\\/schema\\\/person\\\/817cce3016d2f14b9a7ed273534dcf4d\",\"name\":\"saraseppala\",\"image\":{\"@type\":\"ImageObject\",\"inLanguage\":\"fi\",\"@id\":\"https:\\\/\\\/secure.gravatar.com\\\/avatar\\\/478c9f0d13d5df0e5e3d2ec80a1d93afb10baa5bf0f981b9874b9ad1ff76cafc?s=96&d=mm&r=g\",\"url\":\"https:\\\/\\\/secure.gravatar.com\\\/avatar\\\/478c9f0d13d5df0e5e3d2ec80a1d93afb10baa5bf0f981b9874b9ad1ff76cafc?s=96&d=mm&r=g\",\"contentUrl\":\"https:\\\/\\\/secure.gravatar.com\\\/avatar\\\/478c9f0d13d5df0e5e3d2ec80a1d93afb10baa5bf0f981b9874b9ad1ff76cafc?s=96&d=mm&r=g\",\"caption\":\"saraseppala\"},\"url\":\"https:\\\/\\\/www.kktavastia.fi\\\/vanajaveden-opisto\\\/ajankohtaista\\\/author\\\/saraseppala\\\/\"}]}<\/script>","yoast_head_json":{"title":"Digisampo \u2013 arvokkaat tarinat digitaalisesti talteen - Vanajaveden Opisto","robots":{"index":"index","follow":"follow","max-snippet":"max-snippet:-1","max-image-preview":"max-image-preview:large","max-video-preview":"max-video-preview:-1"},"canonical":"https:\/\/www.kktavastia.fi\/vanajaveden-opisto\/ajankohtaista\/2021\/digisampo-arvokkaat-tarinat-digitaalisesti-talteen\/","og_locale":"fi_FI","og_type":"article","og_title":"Digisampo \u2013 arvokkaat tarinat digitaalisesti talteen - Vanajaveden Opisto","og_description":"Tule oppimaan digitaitoja matalalla kynnyksell\u00e4 ja kysym\u00e4\u00e4n juuri sinua askarruttavat kysymykset vaikkapa omaan laitteeseesi liittyen. Kerhossa tutustutaan my\u00f6s et\u00e4ty\u00f6v\u00e4lineisiin ja [&hellip;]","og_url":"https:\/\/www.kktavastia.fi\/vanajaveden-opisto\/ajankohtaista\/2021\/digisampo-arvokkaat-tarinat-digitaalisesti-talteen\/","og_site_name":"Vanajaveden Opisto","article_published_time":"2021-08-27T07:46:59+00:00","article_modified_time":"2021-09-03T06:04:01+00:00","og_image":[{"width":1280,"height":720,"url":"https:\/\/www.kktavastia.fi\/media\/sites\/3\/digisampopng.png","type":"image\/png"}],"author":"saraseppala","twitter_card":"summary_large_image","schema":{"@context":"https:\/\/schema.org","@graph":[{"@type":"Article","@id":"https:\/\/www.kktavastia.fi\/vanajaveden-opisto\/ajankohtaista\/2021\/digisampo-arvokkaat-tarinat-digitaalisesti-talteen\/#article","isPartOf":{"@id":"https:\/\/www.kktavastia.fi\/vanajaveden-opisto\/ajankohtaista\/2021\/digisampo-arvokkaat-tarinat-digitaalisesti-talteen\/"},"author":{"name":"saraseppala","@id":"https:\/\/www.kktavastia.fi\/vanajaveden-opisto\/#\/schema\/person\/817cce3016d2f14b9a7ed273534dcf4d"},"headline":"Digisampo \u2013 arvokkaat tarinat digitaalisesti talteen","datePublished":"2021-08-27T07:46:59+00:00","dateModified":"2021-09-03T06:04:01+00:00","mainEntityOfPage":{"@id":"https:\/\/www.kktavastia.fi\/vanajaveden-opisto\/ajankohtaista\/2021\/digisampo-arvokkaat-tarinat-digitaalisesti-talteen\/"},"wordCount":165,"image":{"@id":"https:\/\/www.kktavastia.fi\/vanajaveden-opisto\/ajankohtaista\/2021\/digisampo-arvokkaat-tarinat-digitaalisesti-talteen\/#primaryimage"},"thumbnailUrl":"https:\/\/www.kktavastia.fi\/media\/sites\/3\/digisampopng.png","keywords":["digisampo"],"articleSection":["Ajankohtaista"],"inLanguage":"fi"},{"@type":"WebPage","@id":"https:\/\/www.kktavastia.fi\/vanajaveden-opisto\/ajankohtaista\/2021\/digisampo-arvokkaat-tarinat-digitaalisesti-talteen\/","url":"https:\/\/www.kktavastia.fi\/vanajaveden-opisto\/ajankohtaista\/2021\/digisampo-arvokkaat-tarinat-digitaalisesti-talteen\/","name":"Digisampo \u2013 arvokkaat tarinat digitaalisesti talteen - Vanajaveden Opisto","isPartOf":{"@id":"https:\/\/www.kktavastia.fi\/vanajaveden-opisto\/#website"},"primaryImageOfPage":{"@id":"https:\/\/www.kktavastia.fi\/vanajaveden-opisto\/ajankohtaista\/2021\/digisampo-arvokkaat-tarinat-digitaalisesti-talteen\/#primaryimage"},"image":{"@id":"https:\/\/www.kktavastia.fi\/vanajaveden-opisto\/ajankohtaista\/2021\/digisampo-arvokkaat-tarinat-digitaalisesti-talteen\/#primaryimage"},"thumbnailUrl":"https:\/\/www.kktavastia.fi\/media\/sites\/3\/digisampopng.png","datePublished":"2021-08-27T07:46:59+00:00","dateModified":"2021-09-03T06:04:01+00:00","author":{"@id":"https:\/\/www.kktavastia.fi\/vanajaveden-opisto\/#\/schema\/person\/817cce3016d2f14b9a7ed273534dcf4d"},"breadcrumb":{"@id":"https:\/\/www.kktavastia.fi\/vanajaveden-opisto\/ajankohtaista\/2021\/digisampo-arvokkaat-tarinat-digitaalisesti-talteen\/#breadcrumb"},"inLanguage":"fi","potentialAction":[{"@type":"ReadAction","target":["https:\/\/www.kktavastia.fi\/vanajaveden-opisto\/ajankohtaista\/2021\/digisampo-arvokkaat-tarinat-digitaalisesti-talteen\/"]}]},{"@type":"ImageObject","inLanguage":"fi","@id":"https:\/\/www.kktavastia.fi\/vanajaveden-opisto\/ajankohtaista\/2021\/digisampo-arvokkaat-tarinat-digitaalisesti-talteen\/#primaryimage","url":"https:\/\/www.kktavastia.fi\/media\/sites\/3\/digisampopng.png","contentUrl":"https:\/\/www.kktavastia.fi\/media\/sites\/3\/digisampopng.png","width":1280,"height":720},{"@type":"BreadcrumbList","@id":"https:\/\/www.kktavastia.fi\/vanajaveden-opisto\/ajankohtaista\/2021\/digisampo-arvokkaat-tarinat-digitaalisesti-talteen\/#breadcrumb","itemListElement":[{"@type":"ListItem","position":1,"name":"Home","item":"https:\/\/www.kktavastia.fi\/vanajaveden-opisto\/"},{"@type":"ListItem","position":2,"name":"Digisampo \u2013 arvokkaat tarinat digitaalisesti talteen"}]},{"@type":"WebSite","@id":"https:\/\/www.kktavastia.fi\/vanajaveden-opisto\/#website","url":"https:\/\/www.kktavastia.fi\/vanajaveden-opisto\/","name":"Vanajaveden Opisto","description":"","potentialAction":[{"@type":"SearchAction","target":{"@type":"EntryPoint","urlTemplate":"https:\/\/www.kktavastia.fi\/vanajaveden-opisto\/?s={search_term_string}"},"query-input":{"@type":"PropertyValueSpecification","valueRequired":true,"valueName":"search_term_string"}}],"inLanguage":"fi"},{"@type":"Person","@id":"https:\/\/www.kktavastia.fi\/vanajaveden-opisto\/#\/schema\/person\/817cce3016d2f14b9a7ed273534dcf4d","name":"saraseppala","image":{"@type":"ImageObject","inLanguage":"fi","@id":"https:\/\/secure.gravatar.com\/avatar\/478c9f0d13d5df0e5e3d2ec80a1d93afb10baa5bf0f981b9874b9ad1ff76cafc?s=96&d=mm&r=g","url":"https:\/\/secure.gravatar.com\/avatar\/478c9f0d13d5df0e5e3d2ec80a1d93afb10baa5bf0f981b9874b9ad1ff76cafc?s=96&d=mm&r=g","contentUrl":"https:\/\/secure.gravatar.com\/avatar\/478c9f0d13d5df0e5e3d2ec80a1d93afb10baa5bf0f981b9874b9ad1ff76cafc?s=96&d=mm&r=g","caption":"saraseppala"},"url":"https:\/\/www.kktavastia.fi\/vanajaveden-opisto\/ajankohtaista\/author\/saraseppala\/"}]}},"_links":{"self":[{"href":"https:\/\/www.kktavastia.fi\/vanajaveden-opisto\/wp-json\/wp\/v2\/posts\/10965","targetHints":{"allow":["GET"]}}],"collection":[{"href":"https:\/\/www.kktavastia.fi\/vanajaveden-opisto\/wp-json\/wp\/v2\/posts"}],"about":[{"href":"https:\/\/www.kktavastia.fi\/vanajaveden-opisto\/wp-json\/wp\/v2\/types\/post"}],"author":[{"embeddable":true,"href":"https:\/\/www.kktavastia.fi\/vanajaveden-opisto\/wp-json\/wp\/v2\/users\/6"}],"replies":[{"embeddable":true,"href":"https:\/\/www.kktavastia.fi\/vanajaveden-opisto\/wp-json\/wp\/v2\/comments?post=10965"}],"version-history":[{"count":2,"href":"https:\/\/www.kktavastia.fi\/vanajaveden-opisto\/wp-json\/wp\/v2\/posts\/10965\/revisions"}],"predecessor-version":[{"id":10989,"href":"https:\/\/www.kktavastia.fi\/vanajaveden-opisto\/wp-json\/wp\/v2\/posts\/10965\/revisions\/10989"}],"wp:featuredmedia":[{"embeddable":true,"href":"https:\/\/www.kktavastia.fi\/vanajaveden-opisto\/wp-json\/wp\/v2\/media\/10966"}],"wp:attachment":[{"href":"https:\/\/www.kktavastia.fi\/vanajaveden-opisto\/wp-json\/wp\/v2\/media?parent=10965"}],"wp:term":[{"taxonomy":"category","embeddable":true,"href":"https:\/\/www.kktavastia.fi\/vanajaveden-opisto\/wp-json\/wp\/v2\/categories?post=10965"},{"taxonomy":"post_tag","embeddable":true,"href":"https:\/\/www.kktavastia.fi\/vanajaveden-opisto\/wp-json\/wp\/v2\/tags?post=10965"}],"curies":[{"name":"wp","href":"https:\/\/api.w.org\/{rel}","templated":true}]}}