{"id":10393,"date":"2021-08-11T11:15:19","date_gmt":"2021-08-11T08:15:19","guid":{"rendered":"https:\/\/www.kktavastia.fi\/vanajaveden-opisto\/?p=10393"},"modified":"2021-08-11T11:15:20","modified_gmt":"2021-08-11T08:15:20","slug":"tiistain-ilmoittautumisen-startti-kaatoi-sivut","status":"publish","type":"post","link":"https:\/\/www.kktavastia.fi\/vanajaveden-opisto\/ajankohtaista\/2021\/tiistain-ilmoittautumisen-startti-kaatoi-sivut\/","title":{"rendered":"Tiistain ilmoittautumisen startti kaatoi sivut"},"content":{"rendered":"\n<p>VOPin tiistain ilmoittautuminen kaatoi verkkosivut noin kymmenen minuutin ajaksi. Ilmoittautuminen on perinteisesti ollut sivuille kova testi, eik\u00e4 se ollut yll\u00e4tys. T\u00e4n\u00e4 vuonna kiinnostuksen m\u00e4\u00e4r\u00e4 yll\u00e4tti kuitenkin kaikki odotukset. Palveluntarjoajamme p\u00e4ivysti tilannetta koko ajan ja sai sivut toimimaan kello 16.11. Sen j\u00e4lkeen ongelmia ei en\u00e4\u00e4 ollut.<\/p>\n\n\n\n<p>Uudet verkkosivut mitoitettiin edellisten kokemusten mukaan ja varauduttiin my\u00f6s kasvuun, mutta t\u00e4ll\u00e4 kertaa kello 16 tulleiden m\u00e4\u00e4r\u00e4 oli odotuksiin n\u00e4hden l\u00e4hes kolminkertainen. Sivujen katselun m\u00e4\u00e4r\u00e4ss\u00e4 ero viime vuoteen oli todella suuri, mik\u00e4 johtui k\u00e4vij\u00f6iden suuresta m\u00e4\u00e4r\u00e4st\u00e4 sek\u00e4 siit\u00e4, ett\u00e4 kurssiesittelyt ovat saatavilla nykyisin omilla sivuillamme. Ensimm\u00e4isen tunnin aikana sivuja ladattiin 87&nbsp;723 kertaa, kun viime vuonna latauksia oli 16&nbsp;583.<\/p>\n\n\n\n<p>Pahoittelemme tilannetta ja pyrimme parempaan! Ilmoittautuminen jatkuu tanssin, liikunnan ja sirkuksen osalta edelleen. T\u00e4n\u00e4\u00e4n keskiviikkona 11.8. kello 16 alkaa ilmoittautuminen muihin aineisiin. Eilisen kokemuksen perusteella on tehty lis\u00e4\u00e4 korjaustoimia ja kuormitustestej\u00e4 v\u00e4ltt\u00e4\u00e4ksemme ongelmat. Verkkosivujen palveluntarjoaja p\u00e4ivyst\u00e4\u00e4 tilannetta edelleen.<\/p>\n","protected":false},"excerpt":{"rendered":"<p>VOPin tiistain ilmoittautuminen kaatoi verkkosivut noin kymmenen minuutin ajaksi. Ilmoittautuminen on perinteisesti ollut sivuille kova testi, eik\u00e4 se ollut yll\u00e4tys. [&hellip;]<\/p>\n","protected":false},"author":3,"featured_media":10394,"comment_status":"closed","ping_status":"closed","sticky":false,"template":"","format":"standard","meta":{"_acf_changed":false,"_relevanssi_hide_post":"","_relevanssi_hide_content":"","_relevanssi_pin_for_all":"","_relevanssi_pin_keywords":"","_relevanssi_unpin_keywords":"","_relevanssi_related_keywords":"","_relevanssi_related_include_ids":"","_relevanssi_related_exclude_ids":"","_relevanssi_related_no_append":"","_relevanssi_related_not_related":"","_relevanssi_related_posts":"10340,5198,10239,6597,5938,6655","_relevanssi_noindex_reason":"","footnotes":""},"categories":[92],"tags":[],"class_list":["post-10393","post","type-post","status-publish","format-standard","has-post-thumbnail","hentry","category-ajankohtaista"],"acf":[],"yoast_head":"<title>Tiistain ilmoittautumisen startti kaatoi sivut - Vanajaveden Opisto<\/title>\n<meta name=\"robots\" content=\"index, follow, max-snippet:-1, max-image-preview:large, max-video-preview:-1\" \/>\n<link rel=\"canonical\" href=\"https:\/\/www.kktavastia.fi\/vanajaveden-opisto\/ajankohtaista\/2021\/tiistain-ilmoittautumisen-startti-kaatoi-sivut\/\" \/>\n<meta property=\"og:locale\" content=\"fi_FI\" \/>\n<meta property=\"og:type\" content=\"article\" \/>\n<meta property=\"og:title\" content=\"Tiistain ilmoittautumisen startti kaatoi sivut - Vanajaveden Opisto\" \/>\n<meta property=\"og:description\" content=\"VOPin tiistain ilmoittautuminen kaatoi verkkosivut noin kymmenen minuutin ajaksi. Ilmoittautuminen on perinteisesti ollut sivuille kova testi, eik\u00e4 se ollut yll\u00e4tys. [&hellip;]\" \/>\n<meta property=\"og:url\" content=\"https:\/\/www.kktavastia.fi\/vanajaveden-opisto\/ajankohtaista\/2021\/tiistain-ilmoittautumisen-startti-kaatoi-sivut\/\" \/>\n<meta property=\"og:site_name\" content=\"Vanajaveden Opisto\" \/>\n<meta property=\"article:published_time\" content=\"2021-08-11T08:15:19+00:00\" \/>\n<meta property=\"article:modified_time\" content=\"2021-08-11T08:15:20+00:00\" \/>\n<meta property=\"og:image\" content=\"https:\/\/www.kktavastia.fi\/media\/sites\/3\/laptop-2548105_1920.jpg\" \/>\n\t<meta property=\"og:image:width\" content=\"1920\" \/>\n\t<meta property=\"og:image:height\" content=\"1280\" \/>\n\t<meta property=\"og:image:type\" content=\"image\/jpeg\" \/>\n<meta name=\"author\" content=\"jennimanninen\" \/>\n<meta name=\"twitter:card\" content=\"summary_large_image\" \/>\n<script type=\"application\/ld+json\" class=\"yoast-schema-graph\">{\"@context\":\"https:\\\/\\\/schema.org\",\"@graph\":[{\"@type\":\"Article\",\"@id\":\"https:\\\/\\\/www.kktavastia.fi\\\/vanajaveden-opisto\\\/ajankohtaista\\\/2021\\\/tiistain-ilmoittautumisen-startti-kaatoi-sivut\\\/#article\",\"isPartOf\":{\"@id\":\"https:\\\/\\\/www.kktavastia.fi\\\/vanajaveden-opisto\\\/ajankohtaista\\\/2021\\\/tiistain-ilmoittautumisen-startti-kaatoi-sivut\\\/\"},\"author\":{\"name\":\"jennimanninen\",\"@id\":\"https:\\\/\\\/www.kktavastia.fi\\\/vanajaveden-opisto\\\/#\\\/schema\\\/person\\\/024aefaad0a17654b61e7deb02a467ab\"},\"headline\":\"Tiistain ilmoittautumisen startti kaatoi sivut\",\"datePublished\":\"2021-08-11T08:15:19+00:00\",\"dateModified\":\"2021-08-11T08:15:20+00:00\",\"mainEntityOfPage\":{\"@id\":\"https:\\\/\\\/www.kktavastia.fi\\\/vanajaveden-opisto\\\/ajankohtaista\\\/2021\\\/tiistain-ilmoittautumisen-startti-kaatoi-sivut\\\/\"},\"wordCount\":165,\"image\":{\"@id\":\"https:\\\/\\\/www.kktavastia.fi\\\/vanajaveden-opisto\\\/ajankohtaista\\\/2021\\\/tiistain-ilmoittautumisen-startti-kaatoi-sivut\\\/#primaryimage\"},\"thumbnailUrl\":\"https:\\\/\\\/www.kktavastia.fi\\\/media\\\/sites\\\/3\\\/laptop-2548105_1920.jpg\",\"articleSection\":[\"Ajankohtaista\"],\"inLanguage\":\"fi\"},{\"@type\":\"WebPage\",\"@id\":\"https:\\\/\\\/www.kktavastia.fi\\\/vanajaveden-opisto\\\/ajankohtaista\\\/2021\\\/tiistain-ilmoittautumisen-startti-kaatoi-sivut\\\/\",\"url\":\"https:\\\/\\\/www.kktavastia.fi\\\/vanajaveden-opisto\\\/ajankohtaista\\\/2021\\\/tiistain-ilmoittautumisen-startti-kaatoi-sivut\\\/\",\"name\":\"Tiistain ilmoittautumisen startti kaatoi sivut - Vanajaveden Opisto\",\"isPartOf\":{\"@id\":\"https:\\\/\\\/www.kktavastia.fi\\\/vanajaveden-opisto\\\/#website\"},\"primaryImageOfPage\":{\"@id\":\"https:\\\/\\\/www.kktavastia.fi\\\/vanajaveden-opisto\\\/ajankohtaista\\\/2021\\\/tiistain-ilmoittautumisen-startti-kaatoi-sivut\\\/#primaryimage\"},\"image\":{\"@id\":\"https:\\\/\\\/www.kktavastia.fi\\\/vanajaveden-opisto\\\/ajankohtaista\\\/2021\\\/tiistain-ilmoittautumisen-startti-kaatoi-sivut\\\/#primaryimage\"},\"thumbnailUrl\":\"https:\\\/\\\/www.kktavastia.fi\\\/media\\\/sites\\\/3\\\/laptop-2548105_1920.jpg\",\"datePublished\":\"2021-08-11T08:15:19+00:00\",\"dateModified\":\"2021-08-11T08:15:20+00:00\",\"author\":{\"@id\":\"https:\\\/\\\/www.kktavastia.fi\\\/vanajaveden-opisto\\\/#\\\/schema\\\/person\\\/024aefaad0a17654b61e7deb02a467ab\"},\"breadcrumb\":{\"@id\":\"https:\\\/\\\/www.kktavastia.fi\\\/vanajaveden-opisto\\\/ajankohtaista\\\/2021\\\/tiistain-ilmoittautumisen-startti-kaatoi-sivut\\\/#breadcrumb\"},\"inLanguage\":\"fi\",\"potentialAction\":[{\"@type\":\"ReadAction\",\"target\":[\"https:\\\/\\\/www.kktavastia.fi\\\/vanajaveden-opisto\\\/ajankohtaista\\\/2021\\\/tiistain-ilmoittautumisen-startti-kaatoi-sivut\\\/\"]}]},{\"@type\":\"ImageObject\",\"inLanguage\":\"fi\",\"@id\":\"https:\\\/\\\/www.kktavastia.fi\\\/vanajaveden-opisto\\\/ajankohtaista\\\/2021\\\/tiistain-ilmoittautumisen-startti-kaatoi-sivut\\\/#primaryimage\",\"url\":\"https:\\\/\\\/www.kktavastia.fi\\\/media\\\/sites\\\/3\\\/laptop-2548105_1920.jpg\",\"contentUrl\":\"https:\\\/\\\/www.kktavastia.fi\\\/media\\\/sites\\\/3\\\/laptop-2548105_1920.jpg\",\"width\":1920,\"height\":1280},{\"@type\":\"BreadcrumbList\",\"@id\":\"https:\\\/\\\/www.kktavastia.fi\\\/vanajaveden-opisto\\\/ajankohtaista\\\/2021\\\/tiistain-ilmoittautumisen-startti-kaatoi-sivut\\\/#breadcrumb\",\"itemListElement\":[{\"@type\":\"ListItem\",\"position\":1,\"name\":\"Home\",\"item\":\"https:\\\/\\\/www.kktavastia.fi\\\/vanajaveden-opisto\\\/\"},{\"@type\":\"ListItem\",\"position\":2,\"name\":\"Tiistain ilmoittautumisen startti kaatoi sivut\"}]},{\"@type\":\"WebSite\",\"@id\":\"https:\\\/\\\/www.kktavastia.fi\\\/vanajaveden-opisto\\\/#website\",\"url\":\"https:\\\/\\\/www.kktavastia.fi\\\/vanajaveden-opisto\\\/\",\"name\":\"Vanajaveden Opisto\",\"description\":\"\",\"potentialAction\":[{\"@type\":\"SearchAction\",\"target\":{\"@type\":\"EntryPoint\",\"urlTemplate\":\"https:\\\/\\\/www.kktavastia.fi\\\/vanajaveden-opisto\\\/?s={search_term_string}\"},\"query-input\":{\"@type\":\"PropertyValueSpecification\",\"valueRequired\":true,\"valueName\":\"search_term_string\"}}],\"inLanguage\":\"fi\"},{\"@type\":\"Person\",\"@id\":\"https:\\\/\\\/www.kktavastia.fi\\\/vanajaveden-opisto\\\/#\\\/schema\\\/person\\\/024aefaad0a17654b61e7deb02a467ab\",\"name\":\"jennimanninen\",\"image\":{\"@type\":\"ImageObject\",\"inLanguage\":\"fi\",\"@id\":\"https:\\\/\\\/secure.gravatar.com\\\/avatar\\\/5457e44008198bb53daa774600a7e8e4246bcac6a14afc3db6e5d007d9dc6f39?s=96&d=mm&r=g\",\"url\":\"https:\\\/\\\/secure.gravatar.com\\\/avatar\\\/5457e44008198bb53daa774600a7e8e4246bcac6a14afc3db6e5d007d9dc6f39?s=96&d=mm&r=g\",\"contentUrl\":\"https:\\\/\\\/secure.gravatar.com\\\/avatar\\\/5457e44008198bb53daa774600a7e8e4246bcac6a14afc3db6e5d007d9dc6f39?s=96&d=mm&r=g\",\"caption\":\"jennimanninen\"},\"url\":\"https:\\\/\\\/www.kktavastia.fi\\\/vanajaveden-opisto\\\/ajankohtaista\\\/author\\\/jennimanninen\\\/\"}]}<\/script>","yoast_head_json":{"title":"Tiistain ilmoittautumisen startti kaatoi sivut - Vanajaveden Opisto","robots":{"index":"index","follow":"follow","max-snippet":"max-snippet:-1","max-image-preview":"max-image-preview:large","max-video-preview":"max-video-preview:-1"},"canonical":"https:\/\/www.kktavastia.fi\/vanajaveden-opisto\/ajankohtaista\/2021\/tiistain-ilmoittautumisen-startti-kaatoi-sivut\/","og_locale":"fi_FI","og_type":"article","og_title":"Tiistain ilmoittautumisen startti kaatoi sivut - Vanajaveden Opisto","og_description":"VOPin tiistain ilmoittautuminen kaatoi verkkosivut noin kymmenen minuutin ajaksi. Ilmoittautuminen on perinteisesti ollut sivuille kova testi, eik\u00e4 se ollut yll\u00e4tys. [&hellip;]","og_url":"https:\/\/www.kktavastia.fi\/vanajaveden-opisto\/ajankohtaista\/2021\/tiistain-ilmoittautumisen-startti-kaatoi-sivut\/","og_site_name":"Vanajaveden Opisto","article_published_time":"2021-08-11T08:15:19+00:00","article_modified_time":"2021-08-11T08:15:20+00:00","og_image":[{"width":1920,"height":1280,"url":"https:\/\/www.kktavastia.fi\/media\/sites\/3\/laptop-2548105_1920.jpg","type":"image\/jpeg"}],"author":"jennimanninen","twitter_card":"summary_large_image","schema":{"@context":"https:\/\/schema.org","@graph":[{"@type":"Article","@id":"https:\/\/www.kktavastia.fi\/vanajaveden-opisto\/ajankohtaista\/2021\/tiistain-ilmoittautumisen-startti-kaatoi-sivut\/#article","isPartOf":{"@id":"https:\/\/www.kktavastia.fi\/vanajaveden-opisto\/ajankohtaista\/2021\/tiistain-ilmoittautumisen-startti-kaatoi-sivut\/"},"author":{"name":"jennimanninen","@id":"https:\/\/www.kktavastia.fi\/vanajaveden-opisto\/#\/schema\/person\/024aefaad0a17654b61e7deb02a467ab"},"headline":"Tiistain ilmoittautumisen startti kaatoi sivut","datePublished":"2021-08-11T08:15:19+00:00","dateModified":"2021-08-11T08:15:20+00:00","mainEntityOfPage":{"@id":"https:\/\/www.kktavastia.fi\/vanajaveden-opisto\/ajankohtaista\/2021\/tiistain-ilmoittautumisen-startti-kaatoi-sivut\/"},"wordCount":165,"image":{"@id":"https:\/\/www.kktavastia.fi\/vanajaveden-opisto\/ajankohtaista\/2021\/tiistain-ilmoittautumisen-startti-kaatoi-sivut\/#primaryimage"},"thumbnailUrl":"https:\/\/www.kktavastia.fi\/media\/sites\/3\/laptop-2548105_1920.jpg","articleSection":["Ajankohtaista"],"inLanguage":"fi"},{"@type":"WebPage","@id":"https:\/\/www.kktavastia.fi\/vanajaveden-opisto\/ajankohtaista\/2021\/tiistain-ilmoittautumisen-startti-kaatoi-sivut\/","url":"https:\/\/www.kktavastia.fi\/vanajaveden-opisto\/ajankohtaista\/2021\/tiistain-ilmoittautumisen-startti-kaatoi-sivut\/","name":"Tiistain ilmoittautumisen startti kaatoi sivut - Vanajaveden Opisto","isPartOf":{"@id":"https:\/\/www.kktavastia.fi\/vanajaveden-opisto\/#website"},"primaryImageOfPage":{"@id":"https:\/\/www.kktavastia.fi\/vanajaveden-opisto\/ajankohtaista\/2021\/tiistain-ilmoittautumisen-startti-kaatoi-sivut\/#primaryimage"},"image":{"@id":"https:\/\/www.kktavastia.fi\/vanajaveden-opisto\/ajankohtaista\/2021\/tiistain-ilmoittautumisen-startti-kaatoi-sivut\/#primaryimage"},"thumbnailUrl":"https:\/\/www.kktavastia.fi\/media\/sites\/3\/laptop-2548105_1920.jpg","datePublished":"2021-08-11T08:15:19+00:00","dateModified":"2021-08-11T08:15:20+00:00","author":{"@id":"https:\/\/www.kktavastia.fi\/vanajaveden-opisto\/#\/schema\/person\/024aefaad0a17654b61e7deb02a467ab"},"breadcrumb":{"@id":"https:\/\/www.kktavastia.fi\/vanajaveden-opisto\/ajankohtaista\/2021\/tiistain-ilmoittautumisen-startti-kaatoi-sivut\/#breadcrumb"},"inLanguage":"fi","potentialAction":[{"@type":"ReadAction","target":["https:\/\/www.kktavastia.fi\/vanajaveden-opisto\/ajankohtaista\/2021\/tiistain-ilmoittautumisen-startti-kaatoi-sivut\/"]}]},{"@type":"ImageObject","inLanguage":"fi","@id":"https:\/\/www.kktavastia.fi\/vanajaveden-opisto\/ajankohtaista\/2021\/tiistain-ilmoittautumisen-startti-kaatoi-sivut\/#primaryimage","url":"https:\/\/www.kktavastia.fi\/media\/sites\/3\/laptop-2548105_1920.jpg","contentUrl":"https:\/\/www.kktavastia.fi\/media\/sites\/3\/laptop-2548105_1920.jpg","width":1920,"height":1280},{"@type":"BreadcrumbList","@id":"https:\/\/www.kktavastia.fi\/vanajaveden-opisto\/ajankohtaista\/2021\/tiistain-ilmoittautumisen-startti-kaatoi-sivut\/#breadcrumb","itemListElement":[{"@type":"ListItem","position":1,"name":"Home","item":"https:\/\/www.kktavastia.fi\/vanajaveden-opisto\/"},{"@type":"ListItem","position":2,"name":"Tiistain ilmoittautumisen startti kaatoi sivut"}]},{"@type":"WebSite","@id":"https:\/\/www.kktavastia.fi\/vanajaveden-opisto\/#website","url":"https:\/\/www.kktavastia.fi\/vanajaveden-opisto\/","name":"Vanajaveden Opisto","description":"","potentialAction":[{"@type":"SearchAction","target":{"@type":"EntryPoint","urlTemplate":"https:\/\/www.kktavastia.fi\/vanajaveden-opisto\/?s={search_term_string}"},"query-input":{"@type":"PropertyValueSpecification","valueRequired":true,"valueName":"search_term_string"}}],"inLanguage":"fi"},{"@type":"Person","@id":"https:\/\/www.kktavastia.fi\/vanajaveden-opisto\/#\/schema\/person\/024aefaad0a17654b61e7deb02a467ab","name":"jennimanninen","image":{"@type":"ImageObject","inLanguage":"fi","@id":"https:\/\/secure.gravatar.com\/avatar\/5457e44008198bb53daa774600a7e8e4246bcac6a14afc3db6e5d007d9dc6f39?s=96&d=mm&r=g","url":"https:\/\/secure.gravatar.com\/avatar\/5457e44008198bb53daa774600a7e8e4246bcac6a14afc3db6e5d007d9dc6f39?s=96&d=mm&r=g","contentUrl":"https:\/\/secure.gravatar.com\/avatar\/5457e44008198bb53daa774600a7e8e4246bcac6a14afc3db6e5d007d9dc6f39?s=96&d=mm&r=g","caption":"jennimanninen"},"url":"https:\/\/www.kktavastia.fi\/vanajaveden-opisto\/ajankohtaista\/author\/jennimanninen\/"}]}},"_links":{"self":[{"href":"https:\/\/www.kktavastia.fi\/vanajaveden-opisto\/wp-json\/wp\/v2\/posts\/10393","targetHints":{"allow":["GET"]}}],"collection":[{"href":"https:\/\/www.kktavastia.fi\/vanajaveden-opisto\/wp-json\/wp\/v2\/posts"}],"about":[{"href":"https:\/\/www.kktavastia.fi\/vanajaveden-opisto\/wp-json\/wp\/v2\/types\/post"}],"author":[{"embeddable":true,"href":"https:\/\/www.kktavastia.fi\/vanajaveden-opisto\/wp-json\/wp\/v2\/users\/3"}],"replies":[{"embeddable":true,"href":"https:\/\/www.kktavastia.fi\/vanajaveden-opisto\/wp-json\/wp\/v2\/comments?post=10393"}],"version-history":[{"count":1,"href":"https:\/\/www.kktavastia.fi\/vanajaveden-opisto\/wp-json\/wp\/v2\/posts\/10393\/revisions"}],"predecessor-version":[{"id":10395,"href":"https:\/\/www.kktavastia.fi\/vanajaveden-opisto\/wp-json\/wp\/v2\/posts\/10393\/revisions\/10395"}],"wp:featuredmedia":[{"embeddable":true,"href":"https:\/\/www.kktavastia.fi\/vanajaveden-opisto\/wp-json\/wp\/v2\/media\/10394"}],"wp:attachment":[{"href":"https:\/\/www.kktavastia.fi\/vanajaveden-opisto\/wp-json\/wp\/v2\/media?parent=10393"}],"wp:term":[{"taxonomy":"category","embeddable":true,"href":"https:\/\/www.kktavastia.fi\/vanajaveden-opisto\/wp-json\/wp\/v2\/categories?post=10393"},{"taxonomy":"post_tag","embeddable":true,"href":"https:\/\/www.kktavastia.fi\/vanajaveden-opisto\/wp-json\/wp\/v2\/tags?post=10393"}],"curies":[{"name":"wp","href":"https:\/\/api.w.org\/{rel}","templated":true}]}}