{"id":840,"date":"2019-06-13T00:00:20","date_gmt":"2019-06-12T21:00:20","guid":{"rendered":"https:\/\/www.kktavastia.fi\/parolan-lukio\/?p=840"},"modified":"2019-06-13T00:00:20","modified_gmt":"2019-06-12T21:00:20","slug":"yhteishaussa-valitut-opiskelijat","status":"publish","type":"post","link":"https:\/\/www.kktavastia.fi\/lukiot-parola\/ajankohtaista\/2019\/yhteishaussa-valitut-opiskelijat\/","title":{"rendered":"Parolan lukioon yhteishaussa valitut opiskelijat"},"content":{"rendered":"<p>Opiskelupaikka otetaan vastaan esitt\u00e4m\u00e4ll\u00e4 perusasteen p\u00e4\u00e4tt\u00f6todistus Parolan lukion kansliassa viimeist\u00e4\u00e4n maanantaina 17.6. klo 12.00 menness\u00e4.<\/p>\n<p>Alhainen, Timo Tapio<br \/>\nBj\u00f6rkskog, Anna Ida Ellen<br \/>\nBlomberg, Kasperi Mikael<br \/>\nHalinen, Aada Sylvi Reetta<br \/>\nHeikkil\u00e4, Saraliina Vilina Aurelia<br \/>\nHirvenlahti, Niko Arvo<br \/>\nHussein Hassan, Jama<br \/>\nH\u00e4m\u00e4l\u00e4inen, Tapio Atte Akseli<br \/>\nJokinen, Suvi Katariina<br \/>\n<strong>*<\/strong><br \/>\nKannisto, Oskari Artturi<br \/>\nKattelus, Jami Jiri Juhani<br \/>\nKiili\u00e4inen, Otto-Emil Ilmari<br \/>\n<strong>*<\/strong><br \/>\nKontturi, Miro Santeri<br \/>\nKorkatti, Jose Liinus Sebastian<br \/>\nKorpinen, Kerttu Olivia<br \/>\nKoskinen, Laura Sinikka<br \/>\nKovero, Lauri Luka Juhani<br \/>\nKuitula, Vilma Liina Lyydia<br \/>\nKuparinen, Kalle Valdemar<br \/>\nKuurma, Klaudia Kaarin<br \/>\nKyabi, Hakimu Constant<br \/>\nK\u00e4rk\u00e4s, Mauricio Tomas<br \/>\nLaakso, Helena Laura Elise<br \/>\nLaakso, Juha-Pekka Tapio<br \/>\nLaaksonen, Tatu Mikael<br \/>\nLahdenmaa, Karoliina Maria<br \/>\nLapakko, Tuomas Olli Aapeli<br \/>\nLehtonen, Antti Olavi<br \/>\nLeinonen, Eevert Ruben<br \/>\nLepp\u00e4nen, Ossi Vilho<br \/>\nLiitti, Arttu Jori Tapani<br \/>\nLohjala, Aliisa Jenna Maaria<br \/>\nLukka, Lari Patrik<br \/>\nL\u00e4hevirta, Aleksi Niklas Mikael<br \/>\nMatero, Valtteri Pyry Tapio<br \/>\nMikkola, Jonni Mikael<br \/>\n<strong>*<\/strong><br \/>\nOgata, Eeli Dai<br \/>\nOhvo, Tuomo Ilmari<br \/>\nOjanen, Jere Pauli Antero<br \/>\nOnnela, Eerika Anneli<br \/>\nOripelto, Petteri Samuli<br \/>\nParkkinen, Iida Martta Sofia<br \/>\nPitkonen, Kati Maiju Hannele<br \/>\nRantala, Valtteri Kalle Johannes<br \/>\nRantti, Sara Liisa-Emilia<br \/>\nReentie, Jenna Eveliina<br \/>\nRiihilahti, Essi Viivi Amanda<br \/>\nRiikonen, Ria Jenna Kristina<br \/>\nSaastamoinen, Anni Elina<br \/>\nSimola, Veeti Ukko Eemeli<br \/>\nTajas, Timo Antero<br \/>\nTienhaara, Julia Amanda<br \/>\nTilus, Leevi Tapani<br \/>\nVeijalainen, Eppu<br \/>\nVesala, Alina Oona Aleksandra<br \/>\nVuorilehmus, Viljami Olavi<br \/>\nV\u00e4\u00e4t\u00e4inen, Veeti Oskari<br \/>\n\u00c4ij\u00e4naho, Juho Joukonpoika<\/p>\n<p><em><br \/>\n<strong>*<\/strong> henkil\u00f6 ei ole antanut lupaa nimens\u00e4 julkaisuun<\/em><\/p>\n","protected":false},"excerpt":{"rendered":"<p>Opiskelupaikka otetaan vastaan esitt\u00e4m\u00e4ll\u00e4 perusasteen p\u00e4\u00e4tt\u00f6todistus Parolan lukion kansliassa viimeist\u00e4\u00e4n maanantaina 17.6. klo 12.00 menness\u00e4. Alhainen, Timo Tapio Bj\u00f6rkskog, Anna [&hellip;]<\/p>\n","protected":false},"author":5,"featured_media":540,"comment_status":"closed","ping_status":"closed","sticky":false,"template":"","format":"standard","meta":{"_acf_changed":false,"_relevanssi_hide_post":"","_relevanssi_hide_content":"","_relevanssi_pin_for_all":"","_relevanssi_pin_keywords":"","_relevanssi_unpin_keywords":"","_relevanssi_related_keywords":"","_relevanssi_related_include_ids":"","_relevanssi_related_exclude_ids":"","_relevanssi_related_no_append":"","_relevanssi_related_not_related":"","_relevanssi_related_posts":"","_relevanssi_noindex_reason":"","footnotes":""},"categories":[3],"tags":[],"class_list":["post-840","post","type-post","status-publish","format-standard","has-post-thumbnail","hentry","category-ajankohtaista"],"acf":[],"yoast_head":"<title>Parolan lukioon yhteishaussa valitut opiskelijat - Parolan lukio<\/title>\n<meta name=\"robots\" content=\"index, follow, max-snippet:-1, max-image-preview:large, max-video-preview:-1\" \/>\n<link rel=\"canonical\" href=\"https:\/\/www.kktavastia.fi\/lukiot-parola\/ajankohtaista\/2019\/yhteishaussa-valitut-opiskelijat\/\" \/>\n<meta property=\"og:locale\" content=\"fi_FI\" \/>\n<meta property=\"og:type\" content=\"article\" \/>\n<meta property=\"og:title\" content=\"Parolan lukioon yhteishaussa valitut opiskelijat - Parolan lukio\" \/>\n<meta property=\"og:description\" content=\"Opiskelupaikka otetaan vastaan esitt\u00e4m\u00e4ll\u00e4 perusasteen p\u00e4\u00e4tt\u00f6todistus Parolan lukion kansliassa viimeist\u00e4\u00e4n maanantaina 17.6. klo 12.00 menness\u00e4. Alhainen, Timo Tapio Bj\u00f6rkskog, Anna [&hellip;]\" \/>\n<meta property=\"og:url\" content=\"https:\/\/www.kktavastia.fi\/lukiot-parola\/ajankohtaista\/2019\/yhteishaussa-valitut-opiskelijat\/\" \/>\n<meta property=\"og:site_name\" content=\"Parolan lukio\" \/>\n<meta property=\"article:published_time\" content=\"2019-06-12T21:00:20+00:00\" \/>\n<meta property=\"og:image\" content=\"https:\/\/www.kktavastia.fi\/media\/sites\/5\/tavastia-neliotunnus_lukiot.png\" \/>\n\t<meta property=\"og:image:width\" content=\"965\" \/>\n\t<meta property=\"og:image:height\" content=\"845\" \/>\n\t<meta property=\"og:image:type\" content=\"image\/png\" \/>\n<meta name=\"author\" content=\"sannajalli\" \/>\n<meta name=\"twitter:card\" content=\"summary_large_image\" \/>\n<script type=\"application\/ld+json\" class=\"yoast-schema-graph\">{\"@context\":\"https:\\\/\\\/schema.org\",\"@graph\":[{\"@type\":\"Article\",\"@id\":\"https:\\\/\\\/www.kktavastia.fi\\\/lukiot-parola\\\/ajankohtaista\\\/2019\\\/yhteishaussa-valitut-opiskelijat\\\/#article\",\"isPartOf\":{\"@id\":\"https:\\\/\\\/www.kktavastia.fi\\\/lukiot-parola\\\/ajankohtaista\\\/2019\\\/yhteishaussa-valitut-opiskelijat\\\/\"},\"author\":{\"name\":\"sannajalli\",\"@id\":\"https:\\\/\\\/www.kktavastia.fi\\\/lukiot-parola\\\/#\\\/schema\\\/person\\\/5124cdf24960861f89c21a474417e84c\"},\"headline\":\"Parolan lukioon yhteishaussa valitut opiskelijat\",\"datePublished\":\"2019-06-12T21:00:20+00:00\",\"mainEntityOfPage\":{\"@id\":\"https:\\\/\\\/www.kktavastia.fi\\\/lukiot-parola\\\/ajankohtaista\\\/2019\\\/yhteishaussa-valitut-opiskelijat\\\/\"},\"wordCount\":237,\"image\":{\"@id\":\"https:\\\/\\\/www.kktavastia.fi\\\/lukiot-parola\\\/ajankohtaista\\\/2019\\\/yhteishaussa-valitut-opiskelijat\\\/#primaryimage\"},\"thumbnailUrl\":\"https:\\\/\\\/www.kktavastia.fi\\\/media\\\/sites\\\/5\\\/tavastia-neliotunnus_lukiot.png\",\"articleSection\":[\"Ajankohtaista\"],\"inLanguage\":\"fi\"},{\"@type\":\"WebPage\",\"@id\":\"https:\\\/\\\/www.kktavastia.fi\\\/lukiot-parola\\\/ajankohtaista\\\/2019\\\/yhteishaussa-valitut-opiskelijat\\\/\",\"url\":\"https:\\\/\\\/www.kktavastia.fi\\\/lukiot-parola\\\/ajankohtaista\\\/2019\\\/yhteishaussa-valitut-opiskelijat\\\/\",\"name\":\"Parolan lukioon yhteishaussa valitut opiskelijat - Parolan lukio\",\"isPartOf\":{\"@id\":\"https:\\\/\\\/www.kktavastia.fi\\\/lukiot-parola\\\/#website\"},\"primaryImageOfPage\":{\"@id\":\"https:\\\/\\\/www.kktavastia.fi\\\/lukiot-parola\\\/ajankohtaista\\\/2019\\\/yhteishaussa-valitut-opiskelijat\\\/#primaryimage\"},\"image\":{\"@id\":\"https:\\\/\\\/www.kktavastia.fi\\\/lukiot-parola\\\/ajankohtaista\\\/2019\\\/yhteishaussa-valitut-opiskelijat\\\/#primaryimage\"},\"thumbnailUrl\":\"https:\\\/\\\/www.kktavastia.fi\\\/media\\\/sites\\\/5\\\/tavastia-neliotunnus_lukiot.png\",\"datePublished\":\"2019-06-12T21:00:20+00:00\",\"author\":{\"@id\":\"https:\\\/\\\/www.kktavastia.fi\\\/lukiot-parola\\\/#\\\/schema\\\/person\\\/5124cdf24960861f89c21a474417e84c\"},\"breadcrumb\":{\"@id\":\"https:\\\/\\\/www.kktavastia.fi\\\/lukiot-parola\\\/ajankohtaista\\\/2019\\\/yhteishaussa-valitut-opiskelijat\\\/#breadcrumb\"},\"inLanguage\":\"fi\",\"potentialAction\":[{\"@type\":\"ReadAction\",\"target\":[\"https:\\\/\\\/www.kktavastia.fi\\\/lukiot-parola\\\/ajankohtaista\\\/2019\\\/yhteishaussa-valitut-opiskelijat\\\/\"]}]},{\"@type\":\"ImageObject\",\"inLanguage\":\"fi\",\"@id\":\"https:\\\/\\\/www.kktavastia.fi\\\/lukiot-parola\\\/ajankohtaista\\\/2019\\\/yhteishaussa-valitut-opiskelijat\\\/#primaryimage\",\"url\":\"https:\\\/\\\/www.kktavastia.fi\\\/media\\\/sites\\\/5\\\/tavastia-neliotunnus_lukiot.png\",\"contentUrl\":\"https:\\\/\\\/www.kktavastia.fi\\\/media\\\/sites\\\/5\\\/tavastia-neliotunnus_lukiot.png\",\"width\":965,\"height\":845},{\"@type\":\"BreadcrumbList\",\"@id\":\"https:\\\/\\\/www.kktavastia.fi\\\/lukiot-parola\\\/ajankohtaista\\\/2019\\\/yhteishaussa-valitut-opiskelijat\\\/#breadcrumb\",\"itemListElement\":[{\"@type\":\"ListItem\",\"position\":1,\"name\":\"Home\",\"item\":\"https:\\\/\\\/www.kktavastia.fi\\\/lukiot-parola\\\/\"},{\"@type\":\"ListItem\",\"position\":2,\"name\":\"Parolan lukioon yhteishaussa valitut opiskelijat\"}]},{\"@type\":\"WebSite\",\"@id\":\"https:\\\/\\\/www.kktavastia.fi\\\/lukiot-parola\\\/#website\",\"url\":\"https:\\\/\\\/www.kktavastia.fi\\\/lukiot-parola\\\/\",\"name\":\"Parolan lukio\",\"description\":\"\",\"potentialAction\":[{\"@type\":\"SearchAction\",\"target\":{\"@type\":\"EntryPoint\",\"urlTemplate\":\"https:\\\/\\\/www.kktavastia.fi\\\/lukiot-parola\\\/?s={search_term_string}\"},\"query-input\":{\"@type\":\"PropertyValueSpecification\",\"valueRequired\":true,\"valueName\":\"search_term_string\"}}],\"inLanguage\":\"fi\"},{\"@type\":\"Person\",\"@id\":\"https:\\\/\\\/www.kktavastia.fi\\\/lukiot-parola\\\/#\\\/schema\\\/person\\\/5124cdf24960861f89c21a474417e84c\",\"name\":\"sannajalli\",\"image\":{\"@type\":\"ImageObject\",\"inLanguage\":\"fi\",\"@id\":\"https:\\\/\\\/secure.gravatar.com\\\/avatar\\\/5a90797dc90f9ae04e1821fb5ead7872f6cb5e56ea86cb2a991873d12dd0c83a?s=96&d=mm&r=g\",\"url\":\"https:\\\/\\\/secure.gravatar.com\\\/avatar\\\/5a90797dc90f9ae04e1821fb5ead7872f6cb5e56ea86cb2a991873d12dd0c83a?s=96&d=mm&r=g\",\"contentUrl\":\"https:\\\/\\\/secure.gravatar.com\\\/avatar\\\/5a90797dc90f9ae04e1821fb5ead7872f6cb5e56ea86cb2a991873d12dd0c83a?s=96&d=mm&r=g\",\"caption\":\"sannajalli\"},\"url\":\"https:\\\/\\\/www.kktavastia.fi\\\/lukiot-parola\\\/ajankohtaista\\\/author\\\/sannajalli\\\/\"}]}<\/script>","yoast_head_json":{"title":"Parolan lukioon yhteishaussa valitut opiskelijat - Parolan lukio","robots":{"index":"index","follow":"follow","max-snippet":"max-snippet:-1","max-image-preview":"max-image-preview:large","max-video-preview":"max-video-preview:-1"},"canonical":"https:\/\/www.kktavastia.fi\/lukiot-parola\/ajankohtaista\/2019\/yhteishaussa-valitut-opiskelijat\/","og_locale":"fi_FI","og_type":"article","og_title":"Parolan lukioon yhteishaussa valitut opiskelijat - Parolan lukio","og_description":"Opiskelupaikka otetaan vastaan esitt\u00e4m\u00e4ll\u00e4 perusasteen p\u00e4\u00e4tt\u00f6todistus Parolan lukion kansliassa viimeist\u00e4\u00e4n maanantaina 17.6. klo 12.00 menness\u00e4. Alhainen, Timo Tapio Bj\u00f6rkskog, Anna [&hellip;]","og_url":"https:\/\/www.kktavastia.fi\/lukiot-parola\/ajankohtaista\/2019\/yhteishaussa-valitut-opiskelijat\/","og_site_name":"Parolan lukio","article_published_time":"2019-06-12T21:00:20+00:00","og_image":[{"width":965,"height":845,"url":"https:\/\/www.kktavastia.fi\/media\/sites\/5\/tavastia-neliotunnus_lukiot.png","type":"image\/png"}],"author":"sannajalli","twitter_card":"summary_large_image","schema":{"@context":"https:\/\/schema.org","@graph":[{"@type":"Article","@id":"https:\/\/www.kktavastia.fi\/lukiot-parola\/ajankohtaista\/2019\/yhteishaussa-valitut-opiskelijat\/#article","isPartOf":{"@id":"https:\/\/www.kktavastia.fi\/lukiot-parola\/ajankohtaista\/2019\/yhteishaussa-valitut-opiskelijat\/"},"author":{"name":"sannajalli","@id":"https:\/\/www.kktavastia.fi\/lukiot-parola\/#\/schema\/person\/5124cdf24960861f89c21a474417e84c"},"headline":"Parolan lukioon yhteishaussa valitut opiskelijat","datePublished":"2019-06-12T21:00:20+00:00","mainEntityOfPage":{"@id":"https:\/\/www.kktavastia.fi\/lukiot-parola\/ajankohtaista\/2019\/yhteishaussa-valitut-opiskelijat\/"},"wordCount":237,"image":{"@id":"https:\/\/www.kktavastia.fi\/lukiot-parola\/ajankohtaista\/2019\/yhteishaussa-valitut-opiskelijat\/#primaryimage"},"thumbnailUrl":"https:\/\/www.kktavastia.fi\/media\/sites\/5\/tavastia-neliotunnus_lukiot.png","articleSection":["Ajankohtaista"],"inLanguage":"fi"},{"@type":"WebPage","@id":"https:\/\/www.kktavastia.fi\/lukiot-parola\/ajankohtaista\/2019\/yhteishaussa-valitut-opiskelijat\/","url":"https:\/\/www.kktavastia.fi\/lukiot-parola\/ajankohtaista\/2019\/yhteishaussa-valitut-opiskelijat\/","name":"Parolan lukioon yhteishaussa valitut opiskelijat - Parolan lukio","isPartOf":{"@id":"https:\/\/www.kktavastia.fi\/lukiot-parola\/#website"},"primaryImageOfPage":{"@id":"https:\/\/www.kktavastia.fi\/lukiot-parola\/ajankohtaista\/2019\/yhteishaussa-valitut-opiskelijat\/#primaryimage"},"image":{"@id":"https:\/\/www.kktavastia.fi\/lukiot-parola\/ajankohtaista\/2019\/yhteishaussa-valitut-opiskelijat\/#primaryimage"},"thumbnailUrl":"https:\/\/www.kktavastia.fi\/media\/sites\/5\/tavastia-neliotunnus_lukiot.png","datePublished":"2019-06-12T21:00:20+00:00","author":{"@id":"https:\/\/www.kktavastia.fi\/lukiot-parola\/#\/schema\/person\/5124cdf24960861f89c21a474417e84c"},"breadcrumb":{"@id":"https:\/\/www.kktavastia.fi\/lukiot-parola\/ajankohtaista\/2019\/yhteishaussa-valitut-opiskelijat\/#breadcrumb"},"inLanguage":"fi","potentialAction":[{"@type":"ReadAction","target":["https:\/\/www.kktavastia.fi\/lukiot-parola\/ajankohtaista\/2019\/yhteishaussa-valitut-opiskelijat\/"]}]},{"@type":"ImageObject","inLanguage":"fi","@id":"https:\/\/www.kktavastia.fi\/lukiot-parola\/ajankohtaista\/2019\/yhteishaussa-valitut-opiskelijat\/#primaryimage","url":"https:\/\/www.kktavastia.fi\/media\/sites\/5\/tavastia-neliotunnus_lukiot.png","contentUrl":"https:\/\/www.kktavastia.fi\/media\/sites\/5\/tavastia-neliotunnus_lukiot.png","width":965,"height":845},{"@type":"BreadcrumbList","@id":"https:\/\/www.kktavastia.fi\/lukiot-parola\/ajankohtaista\/2019\/yhteishaussa-valitut-opiskelijat\/#breadcrumb","itemListElement":[{"@type":"ListItem","position":1,"name":"Home","item":"https:\/\/www.kktavastia.fi\/lukiot-parola\/"},{"@type":"ListItem","position":2,"name":"Parolan lukioon yhteishaussa valitut opiskelijat"}]},{"@type":"WebSite","@id":"https:\/\/www.kktavastia.fi\/lukiot-parola\/#website","url":"https:\/\/www.kktavastia.fi\/lukiot-parola\/","name":"Parolan lukio","description":"","potentialAction":[{"@type":"SearchAction","target":{"@type":"EntryPoint","urlTemplate":"https:\/\/www.kktavastia.fi\/lukiot-parola\/?s={search_term_string}"},"query-input":{"@type":"PropertyValueSpecification","valueRequired":true,"valueName":"search_term_string"}}],"inLanguage":"fi"},{"@type":"Person","@id":"https:\/\/www.kktavastia.fi\/lukiot-parola\/#\/schema\/person\/5124cdf24960861f89c21a474417e84c","name":"sannajalli","image":{"@type":"ImageObject","inLanguage":"fi","@id":"https:\/\/secure.gravatar.com\/avatar\/5a90797dc90f9ae04e1821fb5ead7872f6cb5e56ea86cb2a991873d12dd0c83a?s=96&d=mm&r=g","url":"https:\/\/secure.gravatar.com\/avatar\/5a90797dc90f9ae04e1821fb5ead7872f6cb5e56ea86cb2a991873d12dd0c83a?s=96&d=mm&r=g","contentUrl":"https:\/\/secure.gravatar.com\/avatar\/5a90797dc90f9ae04e1821fb5ead7872f6cb5e56ea86cb2a991873d12dd0c83a?s=96&d=mm&r=g","caption":"sannajalli"},"url":"https:\/\/www.kktavastia.fi\/lukiot-parola\/ajankohtaista\/author\/sannajalli\/"}]}},"_links":{"self":[{"href":"https:\/\/www.kktavastia.fi\/lukiot-parola\/wp-json\/wp\/v2\/posts\/840","targetHints":{"allow":["GET"]}}],"collection":[{"href":"https:\/\/www.kktavastia.fi\/lukiot-parola\/wp-json\/wp\/v2\/posts"}],"about":[{"href":"https:\/\/www.kktavastia.fi\/lukiot-parola\/wp-json\/wp\/v2\/types\/post"}],"author":[{"embeddable":true,"href":"https:\/\/www.kktavastia.fi\/lukiot-parola\/wp-json\/wp\/v2\/users\/5"}],"replies":[{"embeddable":true,"href":"https:\/\/www.kktavastia.fi\/lukiot-parola\/wp-json\/wp\/v2\/comments?post=840"}],"version-history":[{"count":0,"href":"https:\/\/www.kktavastia.fi\/lukiot-parola\/wp-json\/wp\/v2\/posts\/840\/revisions"}],"wp:featuredmedia":[{"embeddable":true,"href":"https:\/\/www.kktavastia.fi\/lukiot-parola\/wp-json\/wp\/v2\/media\/540"}],"wp:attachment":[{"href":"https:\/\/www.kktavastia.fi\/lukiot-parola\/wp-json\/wp\/v2\/media?parent=840"}],"wp:term":[{"taxonomy":"category","embeddable":true,"href":"https:\/\/www.kktavastia.fi\/lukiot-parola\/wp-json\/wp\/v2\/categories?post=840"},{"taxonomy":"post_tag","embeddable":true,"href":"https:\/\/www.kktavastia.fi\/lukiot-parola\/wp-json\/wp\/v2\/tags?post=840"}],"curies":[{"name":"wp","href":"https:\/\/api.w.org\/{rel}","templated":true}]}}