{"id":784,"date":"2019-01-16T16:57:36","date_gmt":"2019-01-16T14:57:36","guid":{"rendered":"https:\/\/www.kktavastia.fi\/parolan-lukio\/?p=784"},"modified":"2019-01-16T16:57:36","modified_gmt":"2019-01-16T14:57:36","slug":"parolan-lukio-suuntautuu-talouden-teknologian-ja-yhteiskunnallisten-alojen-opintokokonaisuuteen","status":"publish","type":"post","link":"https:\/\/www.kktavastia.fi\/lukiot-parola\/ajankohtaista\/2019\/parolan-lukio-suuntautuu-talouden-teknologian-ja-yhteiskunnallisten-alojen-opintokokonaisuuteen\/","title":{"rendered":"Parolan lukio suuntautuu talouden, teknologian ja yhteiskunnallisten alojen opintokokonaisuuteen"},"content":{"rendered":"<figure id=\"attachment_785\" aria-describedby=\"caption-attachment-785\" style=\"width: 300px\" class=\"wp-caption alignright\"><a href=\"https:\/\/www.kktavastia.fi\/media\/sites\/5\/aloitus-lepaalla.jpg\"><img loading=\"lazy\" decoding=\"async\" class=\"size-medium wp-image-785\" src=\"https:\/\/www.kktavastia.fi\/media\/sites\/5\/aloitus-lepaalla-300x225.jpg\" alt=\"\" width=\"300\" height=\"225\" srcset=\"https:\/\/www.kktavastia.fi\/media\/sites\/5\/aloitus-lepaalla-300x225.jpg 300w, https:\/\/www.kktavastia.fi\/media\/sites\/5\/aloitus-lepaalla-1024x768.jpg 1024w, https:\/\/www.kktavastia.fi\/media\/sites\/5\/aloitus-lepaalla-768x576.jpg 768w, https:\/\/www.kktavastia.fi\/media\/sites\/5\/aloitus-lepaalla-1536x1152.jpg 1536w, https:\/\/www.kktavastia.fi\/media\/sites\/5\/aloitus-lepaalla-20x15.jpg 20w, https:\/\/www.kktavastia.fi\/media\/sites\/5\/aloitus-lepaalla.jpg 1896w\" sizes=\"auto, (max-width: 300px) 100vw, 300px\" \/><\/a><figcaption id=\"caption-attachment-785\" class=\"wp-caption-text\">Syksyll\u00e4 2018 aloittaneiden opiskelijoiden ryhm\u00e4ytymist\u00e4 Lepaalla.<\/figcaption><\/figure>\n<p>Parolan lukion opiskelijoiden keskuudessa on voimakasta kiinnostusta talouden, teknologian ja yhteiskunnallisten alojen jatko-opiskelua sek\u00e4 alan ty\u00f6el\u00e4m\u00e4\u00e4 kohtaan. Opiskelijoita on my\u00f6s sijoittunut jatko-opintoihin n\u00e4ille aloille. Parolan lukio k\u00e4ynnist\u00e4\u00e4 siksi syksyll\u00e4 2019 opintokokonaisuuden, jonka teemoina ovat talous, teknologia ja yhteiskunta, jolloin Parolan lukion opiskelijoille tarjotaan mahdollisuutta suunnata opiskeluaan talouteen, teknologiaan ja yhteiskunnalliseen osaamiseen.<\/p>\n<p>Painotusta varten Parolan lukio k\u00e4ynnist\u00e4\u00e4 Taitava tietoyhteiskunnan toimija -hankkeen, joka k\u00e4ynnistyy kev\u00e4\u00e4n 2019 aikana pilottina. Pilotointivaiheen j\u00e4lkeen opintokokonaisuuden voivat valita syksyll\u00e4 2019 Parolan lukiossa aloittavat uudet opiskelijat.<\/p>\n<p>Lukio-opintojen henkil\u00f6kohtaisen suunnitelman laatiminen on jokaisen lukiolaisen keskeinen v\u00e4line oman tulevaisuuden rakentamiseksi. Suunnitelma nivoo yhteen lukio-opiskelun, ylioppilaskokeet, jatko-opinnot sek\u00e4 tulevaisuuden ty\u00f6el\u00e4m\u00e4ss\u00e4 tarvittavat valmiudet.<\/p>\n<h5>Reijo J\u00e4rvinen, rehtori Parolan lukio<\/h5>\n","protected":false},"excerpt":{"rendered":"<p>Parolan lukion opiskelijoiden keskuudessa on voimakasta kiinnostusta talouden, teknologian ja yhteiskunnallisten alojen jatko-opiskelua sek\u00e4 alan ty\u00f6el\u00e4m\u00e4\u00e4 kohtaan. Opiskelijoita on my\u00f6s [&hellip;]<\/p>\n","protected":false},"author":14,"featured_media":785,"comment_status":"closed","ping_status":"closed","sticky":false,"template":"","format":"standard","meta":{"_acf_changed":false,"_relevanssi_hide_post":"","_relevanssi_hide_content":"","_relevanssi_pin_for_all":"","_relevanssi_pin_keywords":"","_relevanssi_unpin_keywords":"","_relevanssi_related_keywords":"","_relevanssi_related_include_ids":"","_relevanssi_related_exclude_ids":"","_relevanssi_related_no_append":"","_relevanssi_related_not_related":"","_relevanssi_related_posts":"","_relevanssi_noindex_reason":"","footnotes":""},"categories":[3],"tags":[],"class_list":["post-784","post","type-post","status-publish","format-standard","has-post-thumbnail","hentry","category-ajankohtaista"],"acf":[],"yoast_head":"<title>Parolan lukio suuntautuu talouden, teknologian ja yhteiskunnallisten alojen opintokokonaisuuteen - Parolan lukio<\/title>\n<meta name=\"robots\" content=\"index, follow, max-snippet:-1, max-image-preview:large, max-video-preview:-1\" \/>\n<link rel=\"canonical\" href=\"https:\/\/www.kktavastia.fi\/lukiot-parola\/ajankohtaista\/2019\/parolan-lukio-suuntautuu-talouden-teknologian-ja-yhteiskunnallisten-alojen-opintokokonaisuuteen\/\" \/>\n<meta property=\"og:locale\" content=\"fi_FI\" \/>\n<meta property=\"og:type\" content=\"article\" \/>\n<meta property=\"og:title\" content=\"Parolan lukio suuntautuu talouden, teknologian ja yhteiskunnallisten alojen opintokokonaisuuteen - Parolan lukio\" \/>\n<meta property=\"og:description\" content=\"Parolan lukion opiskelijoiden keskuudessa on voimakasta kiinnostusta talouden, teknologian ja yhteiskunnallisten alojen jatko-opiskelua sek\u00e4 alan ty\u00f6el\u00e4m\u00e4\u00e4 kohtaan. Opiskelijoita on my\u00f6s [&hellip;]\" \/>\n<meta property=\"og:url\" content=\"https:\/\/www.kktavastia.fi\/lukiot-parola\/ajankohtaista\/2019\/parolan-lukio-suuntautuu-talouden-teknologian-ja-yhteiskunnallisten-alojen-opintokokonaisuuteen\/\" \/>\n<meta property=\"og:site_name\" content=\"Parolan lukio\" \/>\n<meta property=\"article:published_time\" content=\"2019-01-16T14:57:36+00:00\" \/>\n<meta property=\"og:image\" content=\"https:\/\/www.kktavastia.fi\/media\/sites\/5\/aloitus-lepaalla.jpg\" \/>\n\t<meta property=\"og:image:width\" content=\"1896\" \/>\n\t<meta property=\"og:image:height\" content=\"1422\" \/>\n\t<meta property=\"og:image:type\" content=\"image\/jpeg\" \/>\n<meta name=\"author\" content=\"Outi Ruohela\" \/>\n<meta name=\"twitter:card\" content=\"summary_large_image\" \/>\n<script type=\"application\/ld+json\" class=\"yoast-schema-graph\">{\"@context\":\"https:\\\/\\\/schema.org\",\"@graph\":[{\"@type\":\"Article\",\"@id\":\"https:\\\/\\\/www.kktavastia.fi\\\/lukiot-parola\\\/ajankohtaista\\\/2019\\\/parolan-lukio-suuntautuu-talouden-teknologian-ja-yhteiskunnallisten-alojen-opintokokonaisuuteen\\\/#article\",\"isPartOf\":{\"@id\":\"https:\\\/\\\/www.kktavastia.fi\\\/lukiot-parola\\\/ajankohtaista\\\/2019\\\/parolan-lukio-suuntautuu-talouden-teknologian-ja-yhteiskunnallisten-alojen-opintokokonaisuuteen\\\/\"},\"author\":{\"name\":\"Outi Ruohela\",\"@id\":\"https:\\\/\\\/www.kktavastia.fi\\\/lukiot-parola\\\/#\\\/schema\\\/person\\\/68a0de11bcf6807c61ba2f6ad45cb745\"},\"headline\":\"Parolan lukio suuntautuu talouden, teknologian ja yhteiskunnallisten alojen opintokokonaisuuteen\",\"datePublished\":\"2019-01-16T14:57:36+00:00\",\"mainEntityOfPage\":{\"@id\":\"https:\\\/\\\/www.kktavastia.fi\\\/lukiot-parola\\\/ajankohtaista\\\/2019\\\/parolan-lukio-suuntautuu-talouden-teknologian-ja-yhteiskunnallisten-alojen-opintokokonaisuuteen\\\/\"},\"wordCount\":140,\"image\":{\"@id\":\"https:\\\/\\\/www.kktavastia.fi\\\/lukiot-parola\\\/ajankohtaista\\\/2019\\\/parolan-lukio-suuntautuu-talouden-teknologian-ja-yhteiskunnallisten-alojen-opintokokonaisuuteen\\\/#primaryimage\"},\"thumbnailUrl\":\"https:\\\/\\\/www.kktavastia.fi\\\/media\\\/sites\\\/5\\\/aloitus-lepaalla.jpg\",\"articleSection\":[\"Ajankohtaista\"],\"inLanguage\":\"fi\"},{\"@type\":\"WebPage\",\"@id\":\"https:\\\/\\\/www.kktavastia.fi\\\/lukiot-parola\\\/ajankohtaista\\\/2019\\\/parolan-lukio-suuntautuu-talouden-teknologian-ja-yhteiskunnallisten-alojen-opintokokonaisuuteen\\\/\",\"url\":\"https:\\\/\\\/www.kktavastia.fi\\\/lukiot-parola\\\/ajankohtaista\\\/2019\\\/parolan-lukio-suuntautuu-talouden-teknologian-ja-yhteiskunnallisten-alojen-opintokokonaisuuteen\\\/\",\"name\":\"Parolan lukio suuntautuu talouden, teknologian ja yhteiskunnallisten alojen opintokokonaisuuteen - Parolan lukio\",\"isPartOf\":{\"@id\":\"https:\\\/\\\/www.kktavastia.fi\\\/lukiot-parola\\\/#website\"},\"primaryImageOfPage\":{\"@id\":\"https:\\\/\\\/www.kktavastia.fi\\\/lukiot-parola\\\/ajankohtaista\\\/2019\\\/parolan-lukio-suuntautuu-talouden-teknologian-ja-yhteiskunnallisten-alojen-opintokokonaisuuteen\\\/#primaryimage\"},\"image\":{\"@id\":\"https:\\\/\\\/www.kktavastia.fi\\\/lukiot-parola\\\/ajankohtaista\\\/2019\\\/parolan-lukio-suuntautuu-talouden-teknologian-ja-yhteiskunnallisten-alojen-opintokokonaisuuteen\\\/#primaryimage\"},\"thumbnailUrl\":\"https:\\\/\\\/www.kktavastia.fi\\\/media\\\/sites\\\/5\\\/aloitus-lepaalla.jpg\",\"datePublished\":\"2019-01-16T14:57:36+00:00\",\"author\":{\"@id\":\"https:\\\/\\\/www.kktavastia.fi\\\/lukiot-parola\\\/#\\\/schema\\\/person\\\/68a0de11bcf6807c61ba2f6ad45cb745\"},\"breadcrumb\":{\"@id\":\"https:\\\/\\\/www.kktavastia.fi\\\/lukiot-parola\\\/ajankohtaista\\\/2019\\\/parolan-lukio-suuntautuu-talouden-teknologian-ja-yhteiskunnallisten-alojen-opintokokonaisuuteen\\\/#breadcrumb\"},\"inLanguage\":\"fi\",\"potentialAction\":[{\"@type\":\"ReadAction\",\"target\":[\"https:\\\/\\\/www.kktavastia.fi\\\/lukiot-parola\\\/ajankohtaista\\\/2019\\\/parolan-lukio-suuntautuu-talouden-teknologian-ja-yhteiskunnallisten-alojen-opintokokonaisuuteen\\\/\"]}]},{\"@type\":\"ImageObject\",\"inLanguage\":\"fi\",\"@id\":\"https:\\\/\\\/www.kktavastia.fi\\\/lukiot-parola\\\/ajankohtaista\\\/2019\\\/parolan-lukio-suuntautuu-talouden-teknologian-ja-yhteiskunnallisten-alojen-opintokokonaisuuteen\\\/#primaryimage\",\"url\":\"https:\\\/\\\/www.kktavastia.fi\\\/media\\\/sites\\\/5\\\/aloitus-lepaalla.jpg\",\"contentUrl\":\"https:\\\/\\\/www.kktavastia.fi\\\/media\\\/sites\\\/5\\\/aloitus-lepaalla.jpg\",\"width\":1896,\"height\":1422,\"caption\":\"Syksyll\u00e4 2018 aloittaneiden opiskelijoiden ryhm\u00e4ytymist\u00e4 Lepaalla.\"},{\"@type\":\"BreadcrumbList\",\"@id\":\"https:\\\/\\\/www.kktavastia.fi\\\/lukiot-parola\\\/ajankohtaista\\\/2019\\\/parolan-lukio-suuntautuu-talouden-teknologian-ja-yhteiskunnallisten-alojen-opintokokonaisuuteen\\\/#breadcrumb\",\"itemListElement\":[{\"@type\":\"ListItem\",\"position\":1,\"name\":\"Home\",\"item\":\"https:\\\/\\\/www.kktavastia.fi\\\/lukiot-parola\\\/\"},{\"@type\":\"ListItem\",\"position\":2,\"name\":\"Parolan lukio suuntautuu talouden, teknologian ja yhteiskunnallisten alojen opintokokonaisuuteen\"}]},{\"@type\":\"WebSite\",\"@id\":\"https:\\\/\\\/www.kktavastia.fi\\\/lukiot-parola\\\/#website\",\"url\":\"https:\\\/\\\/www.kktavastia.fi\\\/lukiot-parola\\\/\",\"name\":\"Parolan lukio\",\"description\":\"\",\"potentialAction\":[{\"@type\":\"SearchAction\",\"target\":{\"@type\":\"EntryPoint\",\"urlTemplate\":\"https:\\\/\\\/www.kktavastia.fi\\\/lukiot-parola\\\/?s={search_term_string}\"},\"query-input\":{\"@type\":\"PropertyValueSpecification\",\"valueRequired\":true,\"valueName\":\"search_term_string\"}}],\"inLanguage\":\"fi\"},{\"@type\":\"Person\",\"@id\":\"https:\\\/\\\/www.kktavastia.fi\\\/lukiot-parola\\\/#\\\/schema\\\/person\\\/68a0de11bcf6807c61ba2f6ad45cb745\",\"name\":\"Outi Ruohela\",\"image\":{\"@type\":\"ImageObject\",\"inLanguage\":\"fi\",\"@id\":\"https:\\\/\\\/secure.gravatar.com\\\/avatar\\\/ce424d158e08bec42b1b156b6e605564461a483003b32e6d17f03d992cdd1c80?s=96&d=mm&r=g\",\"url\":\"https:\\\/\\\/secure.gravatar.com\\\/avatar\\\/ce424d158e08bec42b1b156b6e605564461a483003b32e6d17f03d992cdd1c80?s=96&d=mm&r=g\",\"contentUrl\":\"https:\\\/\\\/secure.gravatar.com\\\/avatar\\\/ce424d158e08bec42b1b156b6e605564461a483003b32e6d17f03d992cdd1c80?s=96&d=mm&r=g\",\"caption\":\"Outi Ruohela\"},\"url\":\"https:\\\/\\\/www.kktavastia.fi\\\/lukiot-parola\\\/ajankohtaista\\\/author\\\/outi-ruohelakktavastia-fi\\\/\"}]}<\/script>","yoast_head_json":{"title":"Parolan lukio suuntautuu talouden, teknologian ja yhteiskunnallisten alojen opintokokonaisuuteen - Parolan lukio","robots":{"index":"index","follow":"follow","max-snippet":"max-snippet:-1","max-image-preview":"max-image-preview:large","max-video-preview":"max-video-preview:-1"},"canonical":"https:\/\/www.kktavastia.fi\/lukiot-parola\/ajankohtaista\/2019\/parolan-lukio-suuntautuu-talouden-teknologian-ja-yhteiskunnallisten-alojen-opintokokonaisuuteen\/","og_locale":"fi_FI","og_type":"article","og_title":"Parolan lukio suuntautuu talouden, teknologian ja yhteiskunnallisten alojen opintokokonaisuuteen - Parolan lukio","og_description":"Parolan lukion opiskelijoiden keskuudessa on voimakasta kiinnostusta talouden, teknologian ja yhteiskunnallisten alojen jatko-opiskelua sek\u00e4 alan ty\u00f6el\u00e4m\u00e4\u00e4 kohtaan. Opiskelijoita on my\u00f6s [&hellip;]","og_url":"https:\/\/www.kktavastia.fi\/lukiot-parola\/ajankohtaista\/2019\/parolan-lukio-suuntautuu-talouden-teknologian-ja-yhteiskunnallisten-alojen-opintokokonaisuuteen\/","og_site_name":"Parolan lukio","article_published_time":"2019-01-16T14:57:36+00:00","og_image":[{"width":1896,"height":1422,"url":"https:\/\/www.kktavastia.fi\/media\/sites\/5\/aloitus-lepaalla.jpg","type":"image\/jpeg"}],"author":"Outi Ruohela","twitter_card":"summary_large_image","schema":{"@context":"https:\/\/schema.org","@graph":[{"@type":"Article","@id":"https:\/\/www.kktavastia.fi\/lukiot-parola\/ajankohtaista\/2019\/parolan-lukio-suuntautuu-talouden-teknologian-ja-yhteiskunnallisten-alojen-opintokokonaisuuteen\/#article","isPartOf":{"@id":"https:\/\/www.kktavastia.fi\/lukiot-parola\/ajankohtaista\/2019\/parolan-lukio-suuntautuu-talouden-teknologian-ja-yhteiskunnallisten-alojen-opintokokonaisuuteen\/"},"author":{"name":"Outi Ruohela","@id":"https:\/\/www.kktavastia.fi\/lukiot-parola\/#\/schema\/person\/68a0de11bcf6807c61ba2f6ad45cb745"},"headline":"Parolan lukio suuntautuu talouden, teknologian ja yhteiskunnallisten alojen opintokokonaisuuteen","datePublished":"2019-01-16T14:57:36+00:00","mainEntityOfPage":{"@id":"https:\/\/www.kktavastia.fi\/lukiot-parola\/ajankohtaista\/2019\/parolan-lukio-suuntautuu-talouden-teknologian-ja-yhteiskunnallisten-alojen-opintokokonaisuuteen\/"},"wordCount":140,"image":{"@id":"https:\/\/www.kktavastia.fi\/lukiot-parola\/ajankohtaista\/2019\/parolan-lukio-suuntautuu-talouden-teknologian-ja-yhteiskunnallisten-alojen-opintokokonaisuuteen\/#primaryimage"},"thumbnailUrl":"https:\/\/www.kktavastia.fi\/media\/sites\/5\/aloitus-lepaalla.jpg","articleSection":["Ajankohtaista"],"inLanguage":"fi"},{"@type":"WebPage","@id":"https:\/\/www.kktavastia.fi\/lukiot-parola\/ajankohtaista\/2019\/parolan-lukio-suuntautuu-talouden-teknologian-ja-yhteiskunnallisten-alojen-opintokokonaisuuteen\/","url":"https:\/\/www.kktavastia.fi\/lukiot-parola\/ajankohtaista\/2019\/parolan-lukio-suuntautuu-talouden-teknologian-ja-yhteiskunnallisten-alojen-opintokokonaisuuteen\/","name":"Parolan lukio suuntautuu talouden, teknologian ja yhteiskunnallisten alojen opintokokonaisuuteen - Parolan lukio","isPartOf":{"@id":"https:\/\/www.kktavastia.fi\/lukiot-parola\/#website"},"primaryImageOfPage":{"@id":"https:\/\/www.kktavastia.fi\/lukiot-parola\/ajankohtaista\/2019\/parolan-lukio-suuntautuu-talouden-teknologian-ja-yhteiskunnallisten-alojen-opintokokonaisuuteen\/#primaryimage"},"image":{"@id":"https:\/\/www.kktavastia.fi\/lukiot-parola\/ajankohtaista\/2019\/parolan-lukio-suuntautuu-talouden-teknologian-ja-yhteiskunnallisten-alojen-opintokokonaisuuteen\/#primaryimage"},"thumbnailUrl":"https:\/\/www.kktavastia.fi\/media\/sites\/5\/aloitus-lepaalla.jpg","datePublished":"2019-01-16T14:57:36+00:00","author":{"@id":"https:\/\/www.kktavastia.fi\/lukiot-parola\/#\/schema\/person\/68a0de11bcf6807c61ba2f6ad45cb745"},"breadcrumb":{"@id":"https:\/\/www.kktavastia.fi\/lukiot-parola\/ajankohtaista\/2019\/parolan-lukio-suuntautuu-talouden-teknologian-ja-yhteiskunnallisten-alojen-opintokokonaisuuteen\/#breadcrumb"},"inLanguage":"fi","potentialAction":[{"@type":"ReadAction","target":["https:\/\/www.kktavastia.fi\/lukiot-parola\/ajankohtaista\/2019\/parolan-lukio-suuntautuu-talouden-teknologian-ja-yhteiskunnallisten-alojen-opintokokonaisuuteen\/"]}]},{"@type":"ImageObject","inLanguage":"fi","@id":"https:\/\/www.kktavastia.fi\/lukiot-parola\/ajankohtaista\/2019\/parolan-lukio-suuntautuu-talouden-teknologian-ja-yhteiskunnallisten-alojen-opintokokonaisuuteen\/#primaryimage","url":"https:\/\/www.kktavastia.fi\/media\/sites\/5\/aloitus-lepaalla.jpg","contentUrl":"https:\/\/www.kktavastia.fi\/media\/sites\/5\/aloitus-lepaalla.jpg","width":1896,"height":1422,"caption":"Syksyll\u00e4 2018 aloittaneiden opiskelijoiden ryhm\u00e4ytymist\u00e4 Lepaalla."},{"@type":"BreadcrumbList","@id":"https:\/\/www.kktavastia.fi\/lukiot-parola\/ajankohtaista\/2019\/parolan-lukio-suuntautuu-talouden-teknologian-ja-yhteiskunnallisten-alojen-opintokokonaisuuteen\/#breadcrumb","itemListElement":[{"@type":"ListItem","position":1,"name":"Home","item":"https:\/\/www.kktavastia.fi\/lukiot-parola\/"},{"@type":"ListItem","position":2,"name":"Parolan lukio suuntautuu talouden, teknologian ja yhteiskunnallisten alojen opintokokonaisuuteen"}]},{"@type":"WebSite","@id":"https:\/\/www.kktavastia.fi\/lukiot-parola\/#website","url":"https:\/\/www.kktavastia.fi\/lukiot-parola\/","name":"Parolan lukio","description":"","potentialAction":[{"@type":"SearchAction","target":{"@type":"EntryPoint","urlTemplate":"https:\/\/www.kktavastia.fi\/lukiot-parola\/?s={search_term_string}"},"query-input":{"@type":"PropertyValueSpecification","valueRequired":true,"valueName":"search_term_string"}}],"inLanguage":"fi"},{"@type":"Person","@id":"https:\/\/www.kktavastia.fi\/lukiot-parola\/#\/schema\/person\/68a0de11bcf6807c61ba2f6ad45cb745","name":"Outi Ruohela","image":{"@type":"ImageObject","inLanguage":"fi","@id":"https:\/\/secure.gravatar.com\/avatar\/ce424d158e08bec42b1b156b6e605564461a483003b32e6d17f03d992cdd1c80?s=96&d=mm&r=g","url":"https:\/\/secure.gravatar.com\/avatar\/ce424d158e08bec42b1b156b6e605564461a483003b32e6d17f03d992cdd1c80?s=96&d=mm&r=g","contentUrl":"https:\/\/secure.gravatar.com\/avatar\/ce424d158e08bec42b1b156b6e605564461a483003b32e6d17f03d992cdd1c80?s=96&d=mm&r=g","caption":"Outi Ruohela"},"url":"https:\/\/www.kktavastia.fi\/lukiot-parola\/ajankohtaista\/author\/outi-ruohelakktavastia-fi\/"}]}},"_links":{"self":[{"href":"https:\/\/www.kktavastia.fi\/lukiot-parola\/wp-json\/wp\/v2\/posts\/784","targetHints":{"allow":["GET"]}}],"collection":[{"href":"https:\/\/www.kktavastia.fi\/lukiot-parola\/wp-json\/wp\/v2\/posts"}],"about":[{"href":"https:\/\/www.kktavastia.fi\/lukiot-parola\/wp-json\/wp\/v2\/types\/post"}],"author":[{"embeddable":true,"href":"https:\/\/www.kktavastia.fi\/lukiot-parola\/wp-json\/wp\/v2\/users\/14"}],"replies":[{"embeddable":true,"href":"https:\/\/www.kktavastia.fi\/lukiot-parola\/wp-json\/wp\/v2\/comments?post=784"}],"version-history":[{"count":0,"href":"https:\/\/www.kktavastia.fi\/lukiot-parola\/wp-json\/wp\/v2\/posts\/784\/revisions"}],"wp:featuredmedia":[{"embeddable":true,"href":"https:\/\/www.kktavastia.fi\/lukiot-parola\/wp-json\/wp\/v2\/media\/785"}],"wp:attachment":[{"href":"https:\/\/www.kktavastia.fi\/lukiot-parola\/wp-json\/wp\/v2\/media?parent=784"}],"wp:term":[{"taxonomy":"category","embeddable":true,"href":"https:\/\/www.kktavastia.fi\/lukiot-parola\/wp-json\/wp\/v2\/categories?post=784"},{"taxonomy":"post_tag","embeddable":true,"href":"https:\/\/www.kktavastia.fi\/lukiot-parola\/wp-json\/wp\/v2\/tags?post=784"}],"curies":[{"name":"wp","href":"https:\/\/api.w.org\/{rel}","templated":true}]}}