{"id":762,"date":"2018-12-13T15:55:45","date_gmt":"2018-12-13T13:55:45","guid":{"rendered":"https:\/\/www.kktavastia.fi\/parolan-lukio\/?p=762"},"modified":"2018-12-13T15:55:45","modified_gmt":"2018-12-13T13:55:45","slug":"uuden-ylioppilaan-lakitusjuhla-ja-itsenaisyysjuhla","status":"publish","type":"post","link":"https:\/\/www.kktavastia.fi\/lukiot-parola\/ajankohtaista\/2018\/uuden-ylioppilaan-lakitusjuhla-ja-itsenaisyysjuhla\/","title":{"rendered":"Uuden ylioppilaan lakitusjuhla ja itsen\u00e4isyysjuhla"},"content":{"rendered":"<p>&nbsp;<\/p>\n<div id='gallery-1' class='gallery galleryid-762 gallery-columns-5 gallery-size-thumbnail'><figure class='gallery-item'>\n\t\t\t<div class='gallery-icon portrait'>\n\t\t\t\t<a href='https:\/\/www.kktavastia.fi\/lukiot-parola\/ajankohtaista\/2018\/uuden-ylioppilaan-lakitusjuhla-ja-itsenaisyysjuhla\/dsc00506\/'><img loading=\"lazy\" decoding=\"async\" width=\"150\" height=\"150\" src=\"https:\/\/www.kktavastia.fi\/media\/sites\/5\/dsc00506-150x150.jpg\" class=\"attachment-thumbnail size-thumbnail\" alt=\"\" \/><\/a>\n\t\t\t<\/div><\/figure><figure class='gallery-item'>\n\t\t\t<div class='gallery-icon landscape'>\n\t\t\t\t<a href='https:\/\/www.kktavastia.fi\/lukiot-parola\/ajankohtaista\/2018\/uuden-ylioppilaan-lakitusjuhla-ja-itsenaisyysjuhla\/dsc00495\/'><img loading=\"lazy\" decoding=\"async\" width=\"150\" height=\"150\" src=\"https:\/\/www.kktavastia.fi\/media\/sites\/5\/dsc00495-150x150.jpg\" class=\"attachment-thumbnail size-thumbnail\" alt=\"\" \/><\/a>\n\t\t\t<\/div><\/figure><figure class='gallery-item'>\n\t\t\t<div class='gallery-icon landscape'>\n\t\t\t\t<a href='https:\/\/www.kktavastia.fi\/lukiot-parola\/ajankohtaista\/2018\/uuden-ylioppilaan-lakitusjuhla-ja-itsenaisyysjuhla\/dsc00520\/'><img loading=\"lazy\" decoding=\"async\" width=\"150\" height=\"150\" src=\"https:\/\/www.kktavastia.fi\/media\/sites\/5\/dsc00520-150x150.jpg\" class=\"attachment-thumbnail size-thumbnail\" alt=\"\" \/><\/a>\n\t\t\t<\/div><\/figure><figure class='gallery-item'>\n\t\t\t<div class='gallery-icon portrait'>\n\t\t\t\t<a href='https:\/\/www.kktavastia.fi\/lukiot-parola\/ajankohtaista\/2018\/uuden-ylioppilaan-lakitusjuhla-ja-itsenaisyysjuhla\/dsc00509www\/'><img loading=\"lazy\" decoding=\"async\" width=\"150\" height=\"150\" src=\"https:\/\/www.kktavastia.fi\/media\/sites\/5\/dsc00509www-150x150.jpg\" class=\"attachment-thumbnail size-thumbnail\" alt=\"\" aria-describedby=\"gallery-1-765\" \/><\/a>\n\t\t\t<\/div>\n\t\t\t\t<figcaption class='wp-caption-text gallery-caption' id='gallery-1-765'>\n\t\t\t\tRehtori Reijo J\u00e4rvinen. \n\t\t\t\t<\/figcaption><\/figure><figure class='gallery-item'>\n\t\t\t<div class='gallery-icon landscape'>\n\t\t\t\t<a href='https:\/\/www.kktavastia.fi\/lukiot-parola\/ajankohtaista\/2018\/uuden-ylioppilaan-lakitusjuhla-ja-itsenaisyysjuhla\/dsc00507www\/'><img loading=\"lazy\" decoding=\"async\" width=\"150\" height=\"150\" src=\"https:\/\/www.kktavastia.fi\/media\/sites\/5\/dsc00507www-150x150.jpg\" class=\"attachment-thumbnail size-thumbnail\" alt=\"\" \/><\/a>\n\t\t\t<\/div><\/figure><figure class='gallery-item'>\n\t\t\t<div class='gallery-icon landscape'>\n\t\t\t\t<a href='https:\/\/www.kktavastia.fi\/lukiot-parola\/ajankohtaista\/2018\/uuden-ylioppilaan-lakitusjuhla-ja-itsenaisyysjuhla\/dsc00511\/'><img loading=\"lazy\" decoding=\"async\" width=\"150\" height=\"150\" src=\"https:\/\/www.kktavastia.fi\/media\/sites\/5\/dsc00511-150x150.jpg\" class=\"attachment-thumbnail size-thumbnail\" alt=\"\" aria-describedby=\"gallery-1-766\" \/><\/a>\n\t\t\t<\/div>\n\t\t\t\t<figcaption class='wp-caption-text gallery-caption' id='gallery-1-766'>\n\t\t\t\tOnnea uudelle ylioppilaalle.\n\t\t\t\t<\/figcaption><\/figure><figure class='gallery-item'>\n\t\t\t<div class='gallery-icon landscape'>\n\t\t\t\t<a href='https:\/\/www.kktavastia.fi\/lukiot-parola\/ajankohtaista\/2018\/uuden-ylioppilaan-lakitusjuhla-ja-itsenaisyysjuhla\/dsc00512\/'><img loading=\"lazy\" decoding=\"async\" width=\"150\" height=\"150\" src=\"https:\/\/www.kktavastia.fi\/media\/sites\/5\/dsc00512-150x150.jpg\" class=\"attachment-thumbnail size-thumbnail\" alt=\"\" \/><\/a>\n\t\t\t<\/div><\/figure><figure class='gallery-item'>\n\t\t\t<div class='gallery-icon portrait'>\n\t\t\t\t<a href='https:\/\/www.kktavastia.fi\/lukiot-parola\/ajankohtaista\/2018\/uuden-ylioppilaan-lakitusjuhla-ja-itsenaisyysjuhla\/dsc00514www\/'><img loading=\"lazy\" decoding=\"async\" width=\"150\" height=\"150\" src=\"https:\/\/www.kktavastia.fi\/media\/sites\/5\/dsc00514www-150x150.jpg\" class=\"attachment-thumbnail size-thumbnail\" alt=\"\" \/><\/a>\n\t\t\t<\/div><\/figure><figure class='gallery-item'>\n\t\t\t<div class='gallery-icon landscape'>\n\t\t\t\t<a href='https:\/\/www.kktavastia.fi\/lukiot-parola\/ajankohtaista\/2018\/uuden-ylioppilaan-lakitusjuhla-ja-itsenaisyysjuhla\/dsc00517www\/'><img loading=\"lazy\" decoding=\"async\" width=\"150\" height=\"150\" src=\"https:\/\/www.kktavastia.fi\/media\/sites\/5\/dsc00517www-150x150.jpg\" class=\"attachment-thumbnail size-thumbnail\" alt=\"\" aria-describedby=\"gallery-1-769\" \/><\/a>\n\t\t\t<\/div>\n\t\t\t\t<figcaption class='wp-caption-text gallery-caption' id='gallery-1-769'>\n\t\t\t\tOn juhlakahvin aika.\n\t\t\t\t<\/figcaption><\/figure>\n\t\t<\/div>\n\n<p>Parolan lukion uusi ylioppilas Katarina Koistinen\u00a0lakitettiin juhlavasti ja samalla vietettiin Itsen\u00e4isyysjuhlaa. Aamu aloitettiin perinteisell\u00e4 lipunnostolla ja Vapauden viestikapulan vaihdolla koulun pihalla. Lipunnoston j\u00e4lkeen oli ylioppilaan juhlahetki kutsuvieraille.<\/p>\n<h5>Kuvat: Tuomas Nieminen<\/h5>\n","protected":false},"excerpt":{"rendered":"<p>&nbsp; Parolan lukion uusi ylioppilas Katarina Koistinen\u00a0lakitettiin juhlavasti ja samalla vietettiin Itsen\u00e4isyysjuhlaa. Aamu aloitettiin perinteisell\u00e4 lipunnostolla ja Vapauden viestikapulan vaihdolla [&hellip;]<\/p>\n","protected":false},"author":14,"featured_media":767,"comment_status":"closed","ping_status":"closed","sticky":false,"template":"","format":"standard","meta":{"_acf_changed":false,"_relevanssi_hide_post":"","_relevanssi_hide_content":"","_relevanssi_pin_for_all":"","_relevanssi_pin_keywords":"","_relevanssi_unpin_keywords":"","_relevanssi_related_keywords":"","_relevanssi_related_include_ids":"","_relevanssi_related_exclude_ids":"","_relevanssi_related_no_append":"","_relevanssi_related_not_related":"","_relevanssi_related_posts":"","_relevanssi_noindex_reason":"","footnotes":""},"categories":[3],"tags":[],"class_list":["post-762","post","type-post","status-publish","format-standard","has-post-thumbnail","hentry","category-ajankohtaista"],"acf":[],"yoast_head":"<title>Uuden ylioppilaan lakitusjuhla ja itsen\u00e4isyysjuhla - Parolan lukio<\/title>\n<meta name=\"robots\" content=\"index, follow, max-snippet:-1, max-image-preview:large, max-video-preview:-1\" \/>\n<link rel=\"canonical\" href=\"https:\/\/www.kktavastia.fi\/lukiot-parola\/ajankohtaista\/2018\/uuden-ylioppilaan-lakitusjuhla-ja-itsenaisyysjuhla\/\" \/>\n<meta property=\"og:locale\" content=\"fi_FI\" \/>\n<meta property=\"og:type\" content=\"article\" \/>\n<meta property=\"og:title\" content=\"Uuden ylioppilaan lakitusjuhla ja itsen\u00e4isyysjuhla - Parolan lukio\" \/>\n<meta property=\"og:description\" content=\"&nbsp; Parolan lukion uusi ylioppilas Katarina Koistinen\u00a0lakitettiin juhlavasti ja samalla vietettiin Itsen\u00e4isyysjuhlaa. Aamu aloitettiin perinteisell\u00e4 lipunnostolla ja Vapauden viestikapulan vaihdolla [&hellip;]\" \/>\n<meta property=\"og:url\" content=\"https:\/\/www.kktavastia.fi\/lukiot-parola\/ajankohtaista\/2018\/uuden-ylioppilaan-lakitusjuhla-ja-itsenaisyysjuhla\/\" \/>\n<meta property=\"og:site_name\" content=\"Parolan lukio\" \/>\n<meta property=\"article:published_time\" content=\"2018-12-13T13:55:45+00:00\" \/>\n<meta property=\"og:image\" content=\"https:\/\/www.kktavastia.fi\/media\/sites\/5\/dsc00512.jpg\" \/>\n\t<meta property=\"og:image:width\" content=\"2000\" \/>\n\t<meta property=\"og:image:height\" content=\"1826\" \/>\n\t<meta property=\"og:image:type\" content=\"image\/jpeg\" \/>\n<meta name=\"author\" content=\"Outi Ruohela\" \/>\n<meta name=\"twitter:card\" content=\"summary_large_image\" \/>\n<script type=\"application\/ld+json\" class=\"yoast-schema-graph\">{\"@context\":\"https:\\\/\\\/schema.org\",\"@graph\":[{\"@type\":\"Article\",\"@id\":\"https:\\\/\\\/www.kktavastia.fi\\\/lukiot-parola\\\/ajankohtaista\\\/2018\\\/uuden-ylioppilaan-lakitusjuhla-ja-itsenaisyysjuhla\\\/#article\",\"isPartOf\":{\"@id\":\"https:\\\/\\\/www.kktavastia.fi\\\/lukiot-parola\\\/ajankohtaista\\\/2018\\\/uuden-ylioppilaan-lakitusjuhla-ja-itsenaisyysjuhla\\\/\"},\"author\":{\"name\":\"Outi Ruohela\",\"@id\":\"https:\\\/\\\/www.kktavastia.fi\\\/lukiot-parola\\\/#\\\/schema\\\/person\\\/68a0de11bcf6807c61ba2f6ad45cb745\"},\"headline\":\"Uuden ylioppilaan lakitusjuhla ja itsen\u00e4isyysjuhla\",\"datePublished\":\"2018-12-13T13:55:45+00:00\",\"mainEntityOfPage\":{\"@id\":\"https:\\\/\\\/www.kktavastia.fi\\\/lukiot-parola\\\/ajankohtaista\\\/2018\\\/uuden-ylioppilaan-lakitusjuhla-ja-itsenaisyysjuhla\\\/\"},\"wordCount\":43,\"image\":{\"@id\":\"https:\\\/\\\/www.kktavastia.fi\\\/lukiot-parola\\\/ajankohtaista\\\/2018\\\/uuden-ylioppilaan-lakitusjuhla-ja-itsenaisyysjuhla\\\/#primaryimage\"},\"thumbnailUrl\":\"https:\\\/\\\/www.kktavastia.fi\\\/media\\\/sites\\\/5\\\/dsc00512.jpg\",\"articleSection\":[\"Ajankohtaista\"],\"inLanguage\":\"fi\"},{\"@type\":\"WebPage\",\"@id\":\"https:\\\/\\\/www.kktavastia.fi\\\/lukiot-parola\\\/ajankohtaista\\\/2018\\\/uuden-ylioppilaan-lakitusjuhla-ja-itsenaisyysjuhla\\\/\",\"url\":\"https:\\\/\\\/www.kktavastia.fi\\\/lukiot-parola\\\/ajankohtaista\\\/2018\\\/uuden-ylioppilaan-lakitusjuhla-ja-itsenaisyysjuhla\\\/\",\"name\":\"Uuden ylioppilaan lakitusjuhla ja itsen\u00e4isyysjuhla - Parolan lukio\",\"isPartOf\":{\"@id\":\"https:\\\/\\\/www.kktavastia.fi\\\/lukiot-parola\\\/#website\"},\"primaryImageOfPage\":{\"@id\":\"https:\\\/\\\/www.kktavastia.fi\\\/lukiot-parola\\\/ajankohtaista\\\/2018\\\/uuden-ylioppilaan-lakitusjuhla-ja-itsenaisyysjuhla\\\/#primaryimage\"},\"image\":{\"@id\":\"https:\\\/\\\/www.kktavastia.fi\\\/lukiot-parola\\\/ajankohtaista\\\/2018\\\/uuden-ylioppilaan-lakitusjuhla-ja-itsenaisyysjuhla\\\/#primaryimage\"},\"thumbnailUrl\":\"https:\\\/\\\/www.kktavastia.fi\\\/media\\\/sites\\\/5\\\/dsc00512.jpg\",\"datePublished\":\"2018-12-13T13:55:45+00:00\",\"author\":{\"@id\":\"https:\\\/\\\/www.kktavastia.fi\\\/lukiot-parola\\\/#\\\/schema\\\/person\\\/68a0de11bcf6807c61ba2f6ad45cb745\"},\"breadcrumb\":{\"@id\":\"https:\\\/\\\/www.kktavastia.fi\\\/lukiot-parola\\\/ajankohtaista\\\/2018\\\/uuden-ylioppilaan-lakitusjuhla-ja-itsenaisyysjuhla\\\/#breadcrumb\"},\"inLanguage\":\"fi\",\"potentialAction\":[{\"@type\":\"ReadAction\",\"target\":[\"https:\\\/\\\/www.kktavastia.fi\\\/lukiot-parola\\\/ajankohtaista\\\/2018\\\/uuden-ylioppilaan-lakitusjuhla-ja-itsenaisyysjuhla\\\/\"]}]},{\"@type\":\"ImageObject\",\"inLanguage\":\"fi\",\"@id\":\"https:\\\/\\\/www.kktavastia.fi\\\/lukiot-parola\\\/ajankohtaista\\\/2018\\\/uuden-ylioppilaan-lakitusjuhla-ja-itsenaisyysjuhla\\\/#primaryimage\",\"url\":\"https:\\\/\\\/www.kktavastia.fi\\\/media\\\/sites\\\/5\\\/dsc00512.jpg\",\"contentUrl\":\"https:\\\/\\\/www.kktavastia.fi\\\/media\\\/sites\\\/5\\\/dsc00512.jpg\",\"width\":2000,\"height\":1826},{\"@type\":\"BreadcrumbList\",\"@id\":\"https:\\\/\\\/www.kktavastia.fi\\\/lukiot-parola\\\/ajankohtaista\\\/2018\\\/uuden-ylioppilaan-lakitusjuhla-ja-itsenaisyysjuhla\\\/#breadcrumb\",\"itemListElement\":[{\"@type\":\"ListItem\",\"position\":1,\"name\":\"Home\",\"item\":\"https:\\\/\\\/www.kktavastia.fi\\\/lukiot-parola\\\/\"},{\"@type\":\"ListItem\",\"position\":2,\"name\":\"Uuden ylioppilaan lakitusjuhla ja itsen\u00e4isyysjuhla\"}]},{\"@type\":\"WebSite\",\"@id\":\"https:\\\/\\\/www.kktavastia.fi\\\/lukiot-parola\\\/#website\",\"url\":\"https:\\\/\\\/www.kktavastia.fi\\\/lukiot-parola\\\/\",\"name\":\"Parolan lukio\",\"description\":\"\",\"potentialAction\":[{\"@type\":\"SearchAction\",\"target\":{\"@type\":\"EntryPoint\",\"urlTemplate\":\"https:\\\/\\\/www.kktavastia.fi\\\/lukiot-parola\\\/?s={search_term_string}\"},\"query-input\":{\"@type\":\"PropertyValueSpecification\",\"valueRequired\":true,\"valueName\":\"search_term_string\"}}],\"inLanguage\":\"fi\"},{\"@type\":\"Person\",\"@id\":\"https:\\\/\\\/www.kktavastia.fi\\\/lukiot-parola\\\/#\\\/schema\\\/person\\\/68a0de11bcf6807c61ba2f6ad45cb745\",\"name\":\"Outi Ruohela\",\"image\":{\"@type\":\"ImageObject\",\"inLanguage\":\"fi\",\"@id\":\"https:\\\/\\\/secure.gravatar.com\\\/avatar\\\/ce424d158e08bec42b1b156b6e605564461a483003b32e6d17f03d992cdd1c80?s=96&d=mm&r=g\",\"url\":\"https:\\\/\\\/secure.gravatar.com\\\/avatar\\\/ce424d158e08bec42b1b156b6e605564461a483003b32e6d17f03d992cdd1c80?s=96&d=mm&r=g\",\"contentUrl\":\"https:\\\/\\\/secure.gravatar.com\\\/avatar\\\/ce424d158e08bec42b1b156b6e605564461a483003b32e6d17f03d992cdd1c80?s=96&d=mm&r=g\",\"caption\":\"Outi Ruohela\"},\"url\":\"https:\\\/\\\/www.kktavastia.fi\\\/lukiot-parola\\\/ajankohtaista\\\/author\\\/outi-ruohelakktavastia-fi\\\/\"}]}<\/script>","yoast_head_json":{"title":"Uuden ylioppilaan lakitusjuhla ja itsen\u00e4isyysjuhla - Parolan lukio","robots":{"index":"index","follow":"follow","max-snippet":"max-snippet:-1","max-image-preview":"max-image-preview:large","max-video-preview":"max-video-preview:-1"},"canonical":"https:\/\/www.kktavastia.fi\/lukiot-parola\/ajankohtaista\/2018\/uuden-ylioppilaan-lakitusjuhla-ja-itsenaisyysjuhla\/","og_locale":"fi_FI","og_type":"article","og_title":"Uuden ylioppilaan lakitusjuhla ja itsen\u00e4isyysjuhla - Parolan lukio","og_description":"&nbsp; Parolan lukion uusi ylioppilas Katarina Koistinen\u00a0lakitettiin juhlavasti ja samalla vietettiin Itsen\u00e4isyysjuhlaa. Aamu aloitettiin perinteisell\u00e4 lipunnostolla ja Vapauden viestikapulan vaihdolla [&hellip;]","og_url":"https:\/\/www.kktavastia.fi\/lukiot-parola\/ajankohtaista\/2018\/uuden-ylioppilaan-lakitusjuhla-ja-itsenaisyysjuhla\/","og_site_name":"Parolan lukio","article_published_time":"2018-12-13T13:55:45+00:00","og_image":[{"width":2000,"height":1826,"url":"https:\/\/www.kktavastia.fi\/media\/sites\/5\/dsc00512.jpg","type":"image\/jpeg"}],"author":"Outi Ruohela","twitter_card":"summary_large_image","schema":{"@context":"https:\/\/schema.org","@graph":[{"@type":"Article","@id":"https:\/\/www.kktavastia.fi\/lukiot-parola\/ajankohtaista\/2018\/uuden-ylioppilaan-lakitusjuhla-ja-itsenaisyysjuhla\/#article","isPartOf":{"@id":"https:\/\/www.kktavastia.fi\/lukiot-parola\/ajankohtaista\/2018\/uuden-ylioppilaan-lakitusjuhla-ja-itsenaisyysjuhla\/"},"author":{"name":"Outi Ruohela","@id":"https:\/\/www.kktavastia.fi\/lukiot-parola\/#\/schema\/person\/68a0de11bcf6807c61ba2f6ad45cb745"},"headline":"Uuden ylioppilaan lakitusjuhla ja itsen\u00e4isyysjuhla","datePublished":"2018-12-13T13:55:45+00:00","mainEntityOfPage":{"@id":"https:\/\/www.kktavastia.fi\/lukiot-parola\/ajankohtaista\/2018\/uuden-ylioppilaan-lakitusjuhla-ja-itsenaisyysjuhla\/"},"wordCount":43,"image":{"@id":"https:\/\/www.kktavastia.fi\/lukiot-parola\/ajankohtaista\/2018\/uuden-ylioppilaan-lakitusjuhla-ja-itsenaisyysjuhla\/#primaryimage"},"thumbnailUrl":"https:\/\/www.kktavastia.fi\/media\/sites\/5\/dsc00512.jpg","articleSection":["Ajankohtaista"],"inLanguage":"fi"},{"@type":"WebPage","@id":"https:\/\/www.kktavastia.fi\/lukiot-parola\/ajankohtaista\/2018\/uuden-ylioppilaan-lakitusjuhla-ja-itsenaisyysjuhla\/","url":"https:\/\/www.kktavastia.fi\/lukiot-parola\/ajankohtaista\/2018\/uuden-ylioppilaan-lakitusjuhla-ja-itsenaisyysjuhla\/","name":"Uuden ylioppilaan lakitusjuhla ja itsen\u00e4isyysjuhla - Parolan lukio","isPartOf":{"@id":"https:\/\/www.kktavastia.fi\/lukiot-parola\/#website"},"primaryImageOfPage":{"@id":"https:\/\/www.kktavastia.fi\/lukiot-parola\/ajankohtaista\/2018\/uuden-ylioppilaan-lakitusjuhla-ja-itsenaisyysjuhla\/#primaryimage"},"image":{"@id":"https:\/\/www.kktavastia.fi\/lukiot-parola\/ajankohtaista\/2018\/uuden-ylioppilaan-lakitusjuhla-ja-itsenaisyysjuhla\/#primaryimage"},"thumbnailUrl":"https:\/\/www.kktavastia.fi\/media\/sites\/5\/dsc00512.jpg","datePublished":"2018-12-13T13:55:45+00:00","author":{"@id":"https:\/\/www.kktavastia.fi\/lukiot-parola\/#\/schema\/person\/68a0de11bcf6807c61ba2f6ad45cb745"},"breadcrumb":{"@id":"https:\/\/www.kktavastia.fi\/lukiot-parola\/ajankohtaista\/2018\/uuden-ylioppilaan-lakitusjuhla-ja-itsenaisyysjuhla\/#breadcrumb"},"inLanguage":"fi","potentialAction":[{"@type":"ReadAction","target":["https:\/\/www.kktavastia.fi\/lukiot-parola\/ajankohtaista\/2018\/uuden-ylioppilaan-lakitusjuhla-ja-itsenaisyysjuhla\/"]}]},{"@type":"ImageObject","inLanguage":"fi","@id":"https:\/\/www.kktavastia.fi\/lukiot-parola\/ajankohtaista\/2018\/uuden-ylioppilaan-lakitusjuhla-ja-itsenaisyysjuhla\/#primaryimage","url":"https:\/\/www.kktavastia.fi\/media\/sites\/5\/dsc00512.jpg","contentUrl":"https:\/\/www.kktavastia.fi\/media\/sites\/5\/dsc00512.jpg","width":2000,"height":1826},{"@type":"BreadcrumbList","@id":"https:\/\/www.kktavastia.fi\/lukiot-parola\/ajankohtaista\/2018\/uuden-ylioppilaan-lakitusjuhla-ja-itsenaisyysjuhla\/#breadcrumb","itemListElement":[{"@type":"ListItem","position":1,"name":"Home","item":"https:\/\/www.kktavastia.fi\/lukiot-parola\/"},{"@type":"ListItem","position":2,"name":"Uuden ylioppilaan lakitusjuhla ja itsen\u00e4isyysjuhla"}]},{"@type":"WebSite","@id":"https:\/\/www.kktavastia.fi\/lukiot-parola\/#website","url":"https:\/\/www.kktavastia.fi\/lukiot-parola\/","name":"Parolan lukio","description":"","potentialAction":[{"@type":"SearchAction","target":{"@type":"EntryPoint","urlTemplate":"https:\/\/www.kktavastia.fi\/lukiot-parola\/?s={search_term_string}"},"query-input":{"@type":"PropertyValueSpecification","valueRequired":true,"valueName":"search_term_string"}}],"inLanguage":"fi"},{"@type":"Person","@id":"https:\/\/www.kktavastia.fi\/lukiot-parola\/#\/schema\/person\/68a0de11bcf6807c61ba2f6ad45cb745","name":"Outi Ruohela","image":{"@type":"ImageObject","inLanguage":"fi","@id":"https:\/\/secure.gravatar.com\/avatar\/ce424d158e08bec42b1b156b6e605564461a483003b32e6d17f03d992cdd1c80?s=96&d=mm&r=g","url":"https:\/\/secure.gravatar.com\/avatar\/ce424d158e08bec42b1b156b6e605564461a483003b32e6d17f03d992cdd1c80?s=96&d=mm&r=g","contentUrl":"https:\/\/secure.gravatar.com\/avatar\/ce424d158e08bec42b1b156b6e605564461a483003b32e6d17f03d992cdd1c80?s=96&d=mm&r=g","caption":"Outi Ruohela"},"url":"https:\/\/www.kktavastia.fi\/lukiot-parola\/ajankohtaista\/author\/outi-ruohelakktavastia-fi\/"}]}},"_links":{"self":[{"href":"https:\/\/www.kktavastia.fi\/lukiot-parola\/wp-json\/wp\/v2\/posts\/762","targetHints":{"allow":["GET"]}}],"collection":[{"href":"https:\/\/www.kktavastia.fi\/lukiot-parola\/wp-json\/wp\/v2\/posts"}],"about":[{"href":"https:\/\/www.kktavastia.fi\/lukiot-parola\/wp-json\/wp\/v2\/types\/post"}],"author":[{"embeddable":true,"href":"https:\/\/www.kktavastia.fi\/lukiot-parola\/wp-json\/wp\/v2\/users\/14"}],"replies":[{"embeddable":true,"href":"https:\/\/www.kktavastia.fi\/lukiot-parola\/wp-json\/wp\/v2\/comments?post=762"}],"version-history":[{"count":0,"href":"https:\/\/www.kktavastia.fi\/lukiot-parola\/wp-json\/wp\/v2\/posts\/762\/revisions"}],"wp:featuredmedia":[{"embeddable":true,"href":"https:\/\/www.kktavastia.fi\/lukiot-parola\/wp-json\/wp\/v2\/media\/767"}],"wp:attachment":[{"href":"https:\/\/www.kktavastia.fi\/lukiot-parola\/wp-json\/wp\/v2\/media?parent=762"}],"wp:term":[{"taxonomy":"category","embeddable":true,"href":"https:\/\/www.kktavastia.fi\/lukiot-parola\/wp-json\/wp\/v2\/categories?post=762"},{"taxonomy":"post_tag","embeddable":true,"href":"https:\/\/www.kktavastia.fi\/lukiot-parola\/wp-json\/wp\/v2\/tags?post=762"}],"curies":[{"name":"wp","href":"https:\/\/api.w.org\/{rel}","templated":true}]}}