{"id":503,"date":"2017-05-11T09:25:34","date_gmt":"2017-05-11T06:25:34","guid":{"rendered":"https:\/\/www.kktavastia.fi\/parolan-lukio\/?p=503"},"modified":"2017-05-11T09:25:34","modified_gmt":"2017-05-11T06:25:34","slug":"parolan-lukiolaisten-opintomatka-roomaan","status":"publish","type":"post","link":"https:\/\/www.kktavastia.fi\/lukiot-parola\/ajankohtaista\/2017\/parolan-lukiolaisten-opintomatka-roomaan\/","title":{"rendered":"Parolan lukiolaisten opintomatka Roomaan"},"content":{"rendered":"<div id='gallery-1' class='gallery galleryid-503 gallery-columns-5 gallery-size-thumbnail'><figure class='gallery-item'>\n\t\t\t<div class='gallery-icon landscape'>\n\t\t\t\t<a href='https:\/\/www.kktavastia.fi\/lukiot-parola\/ajankohtaista\/2017\/parolan-lukiolaisten-opintomatka-roomaan\/18301479_685942878258826_7971862468274455409_n\/'><img loading=\"lazy\" decoding=\"async\" width=\"150\" height=\"150\" src=\"https:\/\/www.kktavastia.fi\/media\/sites\/5\/18301479_685942878258826_7971862468274455409_n-150x150.jpg\" class=\"attachment-thumbnail size-thumbnail\" alt=\"\" \/><\/a>\n\t\t\t<\/div><\/figure><figure class='gallery-item'>\n\t\t\t<div class='gallery-icon landscape'>\n\t\t\t\t<a href='https:\/\/www.kktavastia.fi\/lukiot-parola\/ajankohtaista\/2017\/parolan-lukiolaisten-opintomatka-roomaan\/18301538_686390371547410_4303799188201391376_n\/'><img loading=\"lazy\" decoding=\"async\" width=\"150\" height=\"150\" src=\"https:\/\/www.kktavastia.fi\/media\/sites\/5\/18301538_686390371547410_4303799188201391376_n-150x150.jpg\" class=\"attachment-thumbnail size-thumbnail\" alt=\"\" \/><\/a>\n\t\t\t<\/div><\/figure><figure class='gallery-item'>\n\t\t\t<div class='gallery-icon landscape'>\n\t\t\t\t<a href='https:\/\/www.kktavastia.fi\/lukiot-parola\/ajankohtaista\/2017\/parolan-lukiolaisten-opintomatka-roomaan\/18403080_687335881452859_5529952769089472808_n\/'><img loading=\"lazy\" decoding=\"async\" width=\"150\" height=\"150\" src=\"https:\/\/www.kktavastia.fi\/media\/sites\/5\/18403080_687335881452859_5529952769089472808_n-150x150.jpg\" class=\"attachment-thumbnail size-thumbnail\" alt=\"\" \/><\/a>\n\t\t\t<\/div><\/figure><figure class='gallery-item'>\n\t\t\t<div class='gallery-icon landscape'>\n\t\t\t\t<a href='https:\/\/www.kktavastia.fi\/lukiot-parola\/ajankohtaista\/2017\/parolan-lukiolaisten-opintomatka-roomaan\/18301477_686856978167416_3171957942373561747_n\/'><img loading=\"lazy\" decoding=\"async\" width=\"150\" height=\"150\" src=\"https:\/\/www.kktavastia.fi\/media\/sites\/5\/18301477_686856978167416_3171957942373561747_n-150x150.jpg\" class=\"attachment-thumbnail size-thumbnail\" alt=\"\" \/><\/a>\n\t\t\t<\/div><\/figure><figure class='gallery-item'>\n\t\t\t<div class='gallery-icon landscape'>\n\t\t\t\t<a href='https:\/\/www.kktavastia.fi\/lukiot-parola\/ajankohtaista\/2017\/parolan-lukiolaisten-opintomatka-roomaan\/18404029_1480398475325608_1279763334697647280_o\/'><img loading=\"lazy\" decoding=\"async\" width=\"150\" height=\"150\" src=\"https:\/\/www.kktavastia.fi\/media\/sites\/5\/18404029_1480398475325608_1279763334697647280_o-150x150.jpg\" class=\"attachment-thumbnail size-thumbnail\" alt=\"\" \/><\/a>\n\t\t\t<\/div><\/figure>\n\t\t<\/div>\n\n<p>Opintomatka Roomaan alkoi tutustumisella kaupungin keskeisiin n\u00e4ht\u00e4vyyksiin. Toisena p\u00e4iv\u00e4n\u00e4 tutustuttiin katakombeihin ja Vatikaanin n\u00e4ht\u00e4vyyksiin. Lis\u00e4\u00e4 tunnelmia ja kuvia julkaistaan illan mittaan t\u00e4m\u00e4n postauksen kommenteissa.<\/p>\n<p>Kolmas p\u00e4iv\u00e4 tiistai 9.5 sujui varsin mukavissa merkeiss\u00e4. Aamupala oli ehk\u00e4 hieman yksitoikkoinen, mutta varmasti jokaiselle l\u00f6ytyi jotakin. P\u00e4iv\u00e4n aikana askelia kertyi muutama, mutta ainakin omasta mielest\u00e4ni jokainen askel oli astumisen arvoinen. Aamulla hotellilta l\u00e4hdetty\u00e4mme saavuimme Ostia Anticaan, jossa p\u00e4\u00e4simme tutustumaan suureen ulkoilmamuseoon, eli vuosisatoja hyl\u00e4ttyn\u00e4 olleeseen satamakaupunkiin. Ostia Anticasta siirryimme Ostia Lidoon, eli Ostian ranta-alueelle, jossa nautimme lounaan, sek\u00e4 ihastelimme hienoja merimaisemia. Rohkeimmat saattoivat jopa k\u00e4yd\u00e4 meress\u00e4 uimassa. Viimeinen, muttei todellakaan v\u00e4h\u00e4isin kohteemme oli Castel Gandolfo. Gastel Gandolfo oli n\u00e4ht\u00e4vyyten\u00e4 aivan omaa tasoaan, ja pelkkien maisemien ihastelemisen lis\u00e4ksi rohkeimmat p\u00e4\u00e4siv\u00e4t uimaan Lake Albanoon. Illallinen nautittiin Donna Vittoria -ravintolassa, jossa meille tarjoiltiin alkupalaksi bombolotti cacio e pepe, jonka j\u00e4lkeen p\u00f6yt\u00e4\u00e4n tuotiin salaatin kanssa tarjoiltu leike milanolaisittain. J\u00e4lkiruokana kauden hedelmi\u00e4. Illallisen j\u00e4lkeen matka jatkui takaisin hotellille. P\u00e4iv\u00e4 oli kaiken kaikkiaan eritt\u00e4in n\u00e4ht\u00e4vyysrikas, ja monelle se saattoi my\u00f6s olla ainutkertainen kokemus. Muutenkin p\u00e4iv\u00e4 sujui mallikkaasti kaikin osin, joten p\u00e4iv\u00e4\u00e4 voisi mielest\u00e4ni kutsua menestykseksi! <em>Aku Peltola<\/em><\/p>\n<p>Nelj\u00e4n p\u00e4iv\u00e4 keskiviikko 10.5. l\u00e4hti k\u00e4yntiin hyvin nukutun y\u00f6n ja aamupalan j\u00e4lkeen. Siit\u00e4 suuntasimme bussille, jolla matkasimme kahden tunnin matkan Roomasta pohjoiseen kyl\u00e4\u00e4n nimelt\u00e4 Cerverteri. Siell\u00e4 katsoimme etruskihautoja, joita etruskit olivat rakentaneet noin 2500 vuotta sitten. Haudat olivat kukkuloiden sis\u00e4\u00e4n rakennettuja. T\u00e4m\u00e4n j\u00e4lkeen suuntasimme Cerverterin kyl\u00e4\u00e4n sy\u00f6m\u00e4\u00e4n, jossa jokainen s\u00f6i omatoimisesti. Sy\u00f6misen j\u00e4lkeen l\u00e4hdimme toisille etruskihaudoille, jotka sijaitsivat pienen bussimatkan p\u00e4\u00e4ss\u00e4 Tarquiniassa. N\u00e4m\u00e4 haudat olivat kallion sis\u00e4\u00e4n rakennettuja, ja haudoissa oli viel\u00e4 paljon maalauksia j\u00e4ljell\u00e4. Tarquinian j\u00e4lkeen l\u00e4hdimme kahden tunnin matkalle kohti takaisin Roomaa. Siell\u00e4 oli hieman vapaa-aikaa shoppailuun ennen ruokailua. Menimme sy\u00f6m\u00e4\u00e4n PuroSud Blu -ravintolaan. Alkupalana oli lasagna alla pugliese (Apulian alueen lasagne, jossa on lihapullia), p\u00e4\u00e4ruokana uunipossua perunoiden kera, j\u00e4lkiruokana sisilialainen granita. T\u00e4h\u00e4nkin p\u00e4iv\u00e4\u00e4n mahtui my\u00f6s paljon k\u00e4vely\u00e4. <em>Konsta V\u00e4is\u00e4nen<\/em><\/p>\n<p>T\u00e4t\u00e4 kirjoitettaessa opiskelijat ovat viel\u00e4 Roomassa, joten lopputunnelmat voit lukea Parolan lukion <a href=\"https:\/\/www.facebook.com\/parolanlukio\/?fref=ts\" target=\"_blank\" rel=\"noopener noreferrer\">Facebookista<\/a>\u00a0tai Lukuvuoden varrelta 2016-2017, joka ilmestyy 3.6.2017.<\/p>\n<h5><em>\u00a0<\/em><\/h5>\n","protected":false},"excerpt":{"rendered":"<p>Opintomatka Roomaan alkoi tutustumisella kaupungin keskeisiin n\u00e4ht\u00e4vyyksiin. Toisena p\u00e4iv\u00e4n\u00e4 tutustuttiin katakombeihin ja Vatikaanin n\u00e4ht\u00e4vyyksiin. Lis\u00e4\u00e4 tunnelmia ja kuvia julkaistaan illan [&hellip;]<\/p>\n","protected":false},"author":14,"featured_media":506,"comment_status":"closed","ping_status":"closed","sticky":false,"template":"","format":"standard","meta":{"_acf_changed":false,"_relevanssi_hide_post":"","_relevanssi_hide_content":"","_relevanssi_pin_for_all":"","_relevanssi_pin_keywords":"","_relevanssi_unpin_keywords":"","_relevanssi_related_keywords":"","_relevanssi_related_include_ids":"","_relevanssi_related_exclude_ids":"","_relevanssi_related_no_append":"","_relevanssi_related_not_related":"","_relevanssi_related_posts":"","_relevanssi_noindex_reason":"","footnotes":""},"categories":[3],"tags":[],"class_list":["post-503","post","type-post","status-publish","format-standard","has-post-thumbnail","hentry","category-ajankohtaista"],"acf":[],"yoast_head":"<title>Parolan lukiolaisten opintomatka Roomaan - Parolan lukio<\/title>\n<meta name=\"robots\" content=\"index, follow, max-snippet:-1, max-image-preview:large, max-video-preview:-1\" \/>\n<link rel=\"canonical\" href=\"https:\/\/www.kktavastia.fi\/lukiot-parola\/ajankohtaista\/2017\/parolan-lukiolaisten-opintomatka-roomaan\/\" \/>\n<meta property=\"og:locale\" content=\"fi_FI\" \/>\n<meta property=\"og:type\" content=\"article\" \/>\n<meta property=\"og:title\" content=\"Parolan lukiolaisten opintomatka Roomaan - Parolan lukio\" \/>\n<meta property=\"og:description\" content=\"Opintomatka Roomaan alkoi tutustumisella kaupungin keskeisiin n\u00e4ht\u00e4vyyksiin. Toisena p\u00e4iv\u00e4n\u00e4 tutustuttiin katakombeihin ja Vatikaanin n\u00e4ht\u00e4vyyksiin. Lis\u00e4\u00e4 tunnelmia ja kuvia julkaistaan illan [&hellip;]\" \/>\n<meta property=\"og:url\" content=\"https:\/\/www.kktavastia.fi\/lukiot-parola\/ajankohtaista\/2017\/parolan-lukiolaisten-opintomatka-roomaan\/\" \/>\n<meta property=\"og:site_name\" content=\"Parolan lukio\" \/>\n<meta property=\"article:published_time\" content=\"2017-05-11T06:25:34+00:00\" \/>\n<meta property=\"og:image\" content=\"https:\/\/www.kktavastia.fi\/media\/sites\/5\/18403080_687335881452859_5529952769089472808_n.jpg\" \/>\n\t<meta property=\"og:image:width\" content=\"960\" \/>\n\t<meta property=\"og:image:height\" content=\"540\" \/>\n\t<meta property=\"og:image:type\" content=\"image\/jpeg\" \/>\n<meta name=\"author\" content=\"Outi Ruohela\" \/>\n<meta name=\"twitter:card\" content=\"summary_large_image\" \/>\n<script type=\"application\/ld+json\" class=\"yoast-schema-graph\">{\"@context\":\"https:\\\/\\\/schema.org\",\"@graph\":[{\"@type\":\"Article\",\"@id\":\"https:\\\/\\\/www.kktavastia.fi\\\/lukiot-parola\\\/ajankohtaista\\\/2017\\\/parolan-lukiolaisten-opintomatka-roomaan\\\/#article\",\"isPartOf\":{\"@id\":\"https:\\\/\\\/www.kktavastia.fi\\\/lukiot-parola\\\/ajankohtaista\\\/2017\\\/parolan-lukiolaisten-opintomatka-roomaan\\\/\"},\"author\":{\"name\":\"Outi Ruohela\",\"@id\":\"https:\\\/\\\/www.kktavastia.fi\\\/lukiot-parola\\\/#\\\/schema\\\/person\\\/68a0de11bcf6807c61ba2f6ad45cb745\"},\"headline\":\"Parolan lukiolaisten opintomatka Roomaan\",\"datePublished\":\"2017-05-11T06:25:34+00:00\",\"mainEntityOfPage\":{\"@id\":\"https:\\\/\\\/www.kktavastia.fi\\\/lukiot-parola\\\/ajankohtaista\\\/2017\\\/parolan-lukiolaisten-opintomatka-roomaan\\\/\"},\"wordCount\":397,\"image\":{\"@id\":\"https:\\\/\\\/www.kktavastia.fi\\\/lukiot-parola\\\/ajankohtaista\\\/2017\\\/parolan-lukiolaisten-opintomatka-roomaan\\\/#primaryimage\"},\"thumbnailUrl\":\"https:\\\/\\\/www.kktavastia.fi\\\/media\\\/sites\\\/5\\\/18403080_687335881452859_5529952769089472808_n.jpg\",\"articleSection\":[\"Ajankohtaista\"],\"inLanguage\":\"fi\"},{\"@type\":\"WebPage\",\"@id\":\"https:\\\/\\\/www.kktavastia.fi\\\/lukiot-parola\\\/ajankohtaista\\\/2017\\\/parolan-lukiolaisten-opintomatka-roomaan\\\/\",\"url\":\"https:\\\/\\\/www.kktavastia.fi\\\/lukiot-parola\\\/ajankohtaista\\\/2017\\\/parolan-lukiolaisten-opintomatka-roomaan\\\/\",\"name\":\"Parolan lukiolaisten opintomatka Roomaan - Parolan lukio\",\"isPartOf\":{\"@id\":\"https:\\\/\\\/www.kktavastia.fi\\\/lukiot-parola\\\/#website\"},\"primaryImageOfPage\":{\"@id\":\"https:\\\/\\\/www.kktavastia.fi\\\/lukiot-parola\\\/ajankohtaista\\\/2017\\\/parolan-lukiolaisten-opintomatka-roomaan\\\/#primaryimage\"},\"image\":{\"@id\":\"https:\\\/\\\/www.kktavastia.fi\\\/lukiot-parola\\\/ajankohtaista\\\/2017\\\/parolan-lukiolaisten-opintomatka-roomaan\\\/#primaryimage\"},\"thumbnailUrl\":\"https:\\\/\\\/www.kktavastia.fi\\\/media\\\/sites\\\/5\\\/18403080_687335881452859_5529952769089472808_n.jpg\",\"datePublished\":\"2017-05-11T06:25:34+00:00\",\"author\":{\"@id\":\"https:\\\/\\\/www.kktavastia.fi\\\/lukiot-parola\\\/#\\\/schema\\\/person\\\/68a0de11bcf6807c61ba2f6ad45cb745\"},\"breadcrumb\":{\"@id\":\"https:\\\/\\\/www.kktavastia.fi\\\/lukiot-parola\\\/ajankohtaista\\\/2017\\\/parolan-lukiolaisten-opintomatka-roomaan\\\/#breadcrumb\"},\"inLanguage\":\"fi\",\"potentialAction\":[{\"@type\":\"ReadAction\",\"target\":[\"https:\\\/\\\/www.kktavastia.fi\\\/lukiot-parola\\\/ajankohtaista\\\/2017\\\/parolan-lukiolaisten-opintomatka-roomaan\\\/\"]}]},{\"@type\":\"ImageObject\",\"inLanguage\":\"fi\",\"@id\":\"https:\\\/\\\/www.kktavastia.fi\\\/lukiot-parola\\\/ajankohtaista\\\/2017\\\/parolan-lukiolaisten-opintomatka-roomaan\\\/#primaryimage\",\"url\":\"https:\\\/\\\/www.kktavastia.fi\\\/media\\\/sites\\\/5\\\/18403080_687335881452859_5529952769089472808_n.jpg\",\"contentUrl\":\"https:\\\/\\\/www.kktavastia.fi\\\/media\\\/sites\\\/5\\\/18403080_687335881452859_5529952769089472808_n.jpg\",\"width\":960,\"height\":540},{\"@type\":\"BreadcrumbList\",\"@id\":\"https:\\\/\\\/www.kktavastia.fi\\\/lukiot-parola\\\/ajankohtaista\\\/2017\\\/parolan-lukiolaisten-opintomatka-roomaan\\\/#breadcrumb\",\"itemListElement\":[{\"@type\":\"ListItem\",\"position\":1,\"name\":\"Home\",\"item\":\"https:\\\/\\\/www.kktavastia.fi\\\/lukiot-parola\\\/\"},{\"@type\":\"ListItem\",\"position\":2,\"name\":\"Parolan lukiolaisten opintomatka Roomaan\"}]},{\"@type\":\"WebSite\",\"@id\":\"https:\\\/\\\/www.kktavastia.fi\\\/lukiot-parola\\\/#website\",\"url\":\"https:\\\/\\\/www.kktavastia.fi\\\/lukiot-parola\\\/\",\"name\":\"Parolan lukio\",\"description\":\"\",\"potentialAction\":[{\"@type\":\"SearchAction\",\"target\":{\"@type\":\"EntryPoint\",\"urlTemplate\":\"https:\\\/\\\/www.kktavastia.fi\\\/lukiot-parola\\\/?s={search_term_string}\"},\"query-input\":{\"@type\":\"PropertyValueSpecification\",\"valueRequired\":true,\"valueName\":\"search_term_string\"}}],\"inLanguage\":\"fi\"},{\"@type\":\"Person\",\"@id\":\"https:\\\/\\\/www.kktavastia.fi\\\/lukiot-parola\\\/#\\\/schema\\\/person\\\/68a0de11bcf6807c61ba2f6ad45cb745\",\"name\":\"Outi Ruohela\",\"image\":{\"@type\":\"ImageObject\",\"inLanguage\":\"fi\",\"@id\":\"https:\\\/\\\/secure.gravatar.com\\\/avatar\\\/ce424d158e08bec42b1b156b6e605564461a483003b32e6d17f03d992cdd1c80?s=96&d=mm&r=g\",\"url\":\"https:\\\/\\\/secure.gravatar.com\\\/avatar\\\/ce424d158e08bec42b1b156b6e605564461a483003b32e6d17f03d992cdd1c80?s=96&d=mm&r=g\",\"contentUrl\":\"https:\\\/\\\/secure.gravatar.com\\\/avatar\\\/ce424d158e08bec42b1b156b6e605564461a483003b32e6d17f03d992cdd1c80?s=96&d=mm&r=g\",\"caption\":\"Outi Ruohela\"},\"url\":\"https:\\\/\\\/www.kktavastia.fi\\\/lukiot-parola\\\/ajankohtaista\\\/author\\\/outi-ruohelakktavastia-fi\\\/\"}]}<\/script>","yoast_head_json":{"title":"Parolan lukiolaisten opintomatka Roomaan - Parolan lukio","robots":{"index":"index","follow":"follow","max-snippet":"max-snippet:-1","max-image-preview":"max-image-preview:large","max-video-preview":"max-video-preview:-1"},"canonical":"https:\/\/www.kktavastia.fi\/lukiot-parola\/ajankohtaista\/2017\/parolan-lukiolaisten-opintomatka-roomaan\/","og_locale":"fi_FI","og_type":"article","og_title":"Parolan lukiolaisten opintomatka Roomaan - Parolan lukio","og_description":"Opintomatka Roomaan alkoi tutustumisella kaupungin keskeisiin n\u00e4ht\u00e4vyyksiin. Toisena p\u00e4iv\u00e4n\u00e4 tutustuttiin katakombeihin ja Vatikaanin n\u00e4ht\u00e4vyyksiin. Lis\u00e4\u00e4 tunnelmia ja kuvia julkaistaan illan [&hellip;]","og_url":"https:\/\/www.kktavastia.fi\/lukiot-parola\/ajankohtaista\/2017\/parolan-lukiolaisten-opintomatka-roomaan\/","og_site_name":"Parolan lukio","article_published_time":"2017-05-11T06:25:34+00:00","og_image":[{"width":960,"height":540,"url":"https:\/\/www.kktavastia.fi\/media\/sites\/5\/18403080_687335881452859_5529952769089472808_n.jpg","type":"image\/jpeg"}],"author":"Outi Ruohela","twitter_card":"summary_large_image","schema":{"@context":"https:\/\/schema.org","@graph":[{"@type":"Article","@id":"https:\/\/www.kktavastia.fi\/lukiot-parola\/ajankohtaista\/2017\/parolan-lukiolaisten-opintomatka-roomaan\/#article","isPartOf":{"@id":"https:\/\/www.kktavastia.fi\/lukiot-parola\/ajankohtaista\/2017\/parolan-lukiolaisten-opintomatka-roomaan\/"},"author":{"name":"Outi Ruohela","@id":"https:\/\/www.kktavastia.fi\/lukiot-parola\/#\/schema\/person\/68a0de11bcf6807c61ba2f6ad45cb745"},"headline":"Parolan lukiolaisten opintomatka Roomaan","datePublished":"2017-05-11T06:25:34+00:00","mainEntityOfPage":{"@id":"https:\/\/www.kktavastia.fi\/lukiot-parola\/ajankohtaista\/2017\/parolan-lukiolaisten-opintomatka-roomaan\/"},"wordCount":397,"image":{"@id":"https:\/\/www.kktavastia.fi\/lukiot-parola\/ajankohtaista\/2017\/parolan-lukiolaisten-opintomatka-roomaan\/#primaryimage"},"thumbnailUrl":"https:\/\/www.kktavastia.fi\/media\/sites\/5\/18403080_687335881452859_5529952769089472808_n.jpg","articleSection":["Ajankohtaista"],"inLanguage":"fi"},{"@type":"WebPage","@id":"https:\/\/www.kktavastia.fi\/lukiot-parola\/ajankohtaista\/2017\/parolan-lukiolaisten-opintomatka-roomaan\/","url":"https:\/\/www.kktavastia.fi\/lukiot-parola\/ajankohtaista\/2017\/parolan-lukiolaisten-opintomatka-roomaan\/","name":"Parolan lukiolaisten opintomatka Roomaan - Parolan lukio","isPartOf":{"@id":"https:\/\/www.kktavastia.fi\/lukiot-parola\/#website"},"primaryImageOfPage":{"@id":"https:\/\/www.kktavastia.fi\/lukiot-parola\/ajankohtaista\/2017\/parolan-lukiolaisten-opintomatka-roomaan\/#primaryimage"},"image":{"@id":"https:\/\/www.kktavastia.fi\/lukiot-parola\/ajankohtaista\/2017\/parolan-lukiolaisten-opintomatka-roomaan\/#primaryimage"},"thumbnailUrl":"https:\/\/www.kktavastia.fi\/media\/sites\/5\/18403080_687335881452859_5529952769089472808_n.jpg","datePublished":"2017-05-11T06:25:34+00:00","author":{"@id":"https:\/\/www.kktavastia.fi\/lukiot-parola\/#\/schema\/person\/68a0de11bcf6807c61ba2f6ad45cb745"},"breadcrumb":{"@id":"https:\/\/www.kktavastia.fi\/lukiot-parola\/ajankohtaista\/2017\/parolan-lukiolaisten-opintomatka-roomaan\/#breadcrumb"},"inLanguage":"fi","potentialAction":[{"@type":"ReadAction","target":["https:\/\/www.kktavastia.fi\/lukiot-parola\/ajankohtaista\/2017\/parolan-lukiolaisten-opintomatka-roomaan\/"]}]},{"@type":"ImageObject","inLanguage":"fi","@id":"https:\/\/www.kktavastia.fi\/lukiot-parola\/ajankohtaista\/2017\/parolan-lukiolaisten-opintomatka-roomaan\/#primaryimage","url":"https:\/\/www.kktavastia.fi\/media\/sites\/5\/18403080_687335881452859_5529952769089472808_n.jpg","contentUrl":"https:\/\/www.kktavastia.fi\/media\/sites\/5\/18403080_687335881452859_5529952769089472808_n.jpg","width":960,"height":540},{"@type":"BreadcrumbList","@id":"https:\/\/www.kktavastia.fi\/lukiot-parola\/ajankohtaista\/2017\/parolan-lukiolaisten-opintomatka-roomaan\/#breadcrumb","itemListElement":[{"@type":"ListItem","position":1,"name":"Home","item":"https:\/\/www.kktavastia.fi\/lukiot-parola\/"},{"@type":"ListItem","position":2,"name":"Parolan lukiolaisten opintomatka Roomaan"}]},{"@type":"WebSite","@id":"https:\/\/www.kktavastia.fi\/lukiot-parola\/#website","url":"https:\/\/www.kktavastia.fi\/lukiot-parola\/","name":"Parolan lukio","description":"","potentialAction":[{"@type":"SearchAction","target":{"@type":"EntryPoint","urlTemplate":"https:\/\/www.kktavastia.fi\/lukiot-parola\/?s={search_term_string}"},"query-input":{"@type":"PropertyValueSpecification","valueRequired":true,"valueName":"search_term_string"}}],"inLanguage":"fi"},{"@type":"Person","@id":"https:\/\/www.kktavastia.fi\/lukiot-parola\/#\/schema\/person\/68a0de11bcf6807c61ba2f6ad45cb745","name":"Outi Ruohela","image":{"@type":"ImageObject","inLanguage":"fi","@id":"https:\/\/secure.gravatar.com\/avatar\/ce424d158e08bec42b1b156b6e605564461a483003b32e6d17f03d992cdd1c80?s=96&d=mm&r=g","url":"https:\/\/secure.gravatar.com\/avatar\/ce424d158e08bec42b1b156b6e605564461a483003b32e6d17f03d992cdd1c80?s=96&d=mm&r=g","contentUrl":"https:\/\/secure.gravatar.com\/avatar\/ce424d158e08bec42b1b156b6e605564461a483003b32e6d17f03d992cdd1c80?s=96&d=mm&r=g","caption":"Outi Ruohela"},"url":"https:\/\/www.kktavastia.fi\/lukiot-parola\/ajankohtaista\/author\/outi-ruohelakktavastia-fi\/"}]}},"_links":{"self":[{"href":"https:\/\/www.kktavastia.fi\/lukiot-parola\/wp-json\/wp\/v2\/posts\/503","targetHints":{"allow":["GET"]}}],"collection":[{"href":"https:\/\/www.kktavastia.fi\/lukiot-parola\/wp-json\/wp\/v2\/posts"}],"about":[{"href":"https:\/\/www.kktavastia.fi\/lukiot-parola\/wp-json\/wp\/v2\/types\/post"}],"author":[{"embeddable":true,"href":"https:\/\/www.kktavastia.fi\/lukiot-parola\/wp-json\/wp\/v2\/users\/14"}],"replies":[{"embeddable":true,"href":"https:\/\/www.kktavastia.fi\/lukiot-parola\/wp-json\/wp\/v2\/comments?post=503"}],"version-history":[{"count":0,"href":"https:\/\/www.kktavastia.fi\/lukiot-parola\/wp-json\/wp\/v2\/posts\/503\/revisions"}],"wp:featuredmedia":[{"embeddable":true,"href":"https:\/\/www.kktavastia.fi\/lukiot-parola\/wp-json\/wp\/v2\/media\/506"}],"wp:attachment":[{"href":"https:\/\/www.kktavastia.fi\/lukiot-parola\/wp-json\/wp\/v2\/media?parent=503"}],"wp:term":[{"taxonomy":"category","embeddable":true,"href":"https:\/\/www.kktavastia.fi\/lukiot-parola\/wp-json\/wp\/v2\/categories?post=503"},{"taxonomy":"post_tag","embeddable":true,"href":"https:\/\/www.kktavastia.fi\/lukiot-parola\/wp-json\/wp\/v2\/tags?post=503"}],"curies":[{"name":"wp","href":"https:\/\/api.w.org\/{rel}","templated":true}]}}