{"id":1236,"date":"2022-01-13T11:26:09","date_gmt":"2022-01-13T09:26:09","guid":{"rendered":"https:\/\/www.kktavastia.fi\/lukiot-parola\/?p=1236"},"modified":"2022-01-13T11:29:15","modified_gmt":"2022-01-13T09:29:15","slug":"tervetuloa-tutustumaan-parolan-lukioon","status":"publish","type":"post","link":"https:\/\/www.kktavastia.fi\/lukiot-parola\/ajankohtaista\/2022\/tervetuloa-tutustumaan-parolan-lukioon\/","title":{"rendered":"Tervetuloa tutustumaan Parolan lukioon!"},"content":{"rendered":"\n<p>Tule tutustumaan Parolan lukioon virtuaalisessa esittelyillassa. Ilta on tarkoitettu yhdeks\u00e4sluokkalaisille, heid\u00e4n huoltajilleen ja kaikille lukio-opinnoista kiinnostuneille ja se j\u00e4rjestet\u00e4\u00e4n verkkotapahtumana Teamsissa. Klikkaa itsesi mukaan <strong>maanantaina 24.1.2022 klo 18<\/strong> alkaen alla olevasta linkist\u00e4! Tervetuloa!<\/p>\n\n\n\n<p>Linkki aukeaa ennen tapahtuman alkamista klo 17.30.<\/p>\n\n\n\n<div class=\"wp-block-buttons is-layout-flex wp-block-buttons-is-layout-flex\">\n<div class=\"wp-block-button\"><a class=\"wp-block-button__link\" href=\"https:\/\/teams.microsoft.com\/l\/meetup-join\/19%3ameeting_Y2M1NDlhNTktNmM2NS00YWY0LWFlOTYtNzg2ZjNmOGYwN2Nm%40thread.v2\/0?context=%7b%22Tid%22%3a%22d365352c-1600-481f-8903-aeed74588508%22%2c%22Oid%22%3a%22ea8272c1-3259-499b-a86c-5c9f9efdaa58%22%7d\" target=\"_blank\" rel=\"noreferrer noopener\">Linkki esittelyiltaan verkossa<\/a><\/div>\n<\/div>\n\n\n\n<p><\/p>\n","protected":false},"excerpt":{"rendered":"<p>Tule tutustumaan Parolan lukioon virtuaalisessa esittelyillassa. Ilta on tarkoitettu yhdeks\u00e4sluokkalaisille, heid\u00e4n huoltajilleen ja kaikille lukio-opinnoista kiinnostuneille ja se j\u00e4rjestet\u00e4\u00e4n verkkotapahtumana [&hellip;]<\/p>\n","protected":false},"author":3,"featured_media":1238,"comment_status":"closed","ping_status":"closed","sticky":false,"template":"","format":"standard","meta":{"_acf_changed":false,"_relevanssi_hide_post":"","_relevanssi_hide_content":"","_relevanssi_pin_for_all":"","_relevanssi_pin_keywords":"","_relevanssi_unpin_keywords":"","_relevanssi_related_keywords":"","_relevanssi_related_include_ids":"","_relevanssi_related_exclude_ids":"","_relevanssi_related_no_append":"","_relevanssi_related_not_related":"","_relevanssi_related_posts":"928,840,1180,503,890,1171","_relevanssi_noindex_reason":"","footnotes":""},"categories":[3],"tags":[],"class_list":["post-1236","post","type-post","status-publish","format-standard","has-post-thumbnail","hentry","category-ajankohtaista"],"acf":[],"yoast_head":"<title>Tervetuloa tutustumaan Parolan lukioon! - Parolan lukio<\/title>\n<meta name=\"robots\" content=\"index, follow, max-snippet:-1, max-image-preview:large, max-video-preview:-1\" \/>\n<link rel=\"canonical\" href=\"https:\/\/www.kktavastia.fi\/lukiot-parola\/ajankohtaista\/2022\/tervetuloa-tutustumaan-parolan-lukioon\/\" \/>\n<meta property=\"og:locale\" content=\"fi_FI\" \/>\n<meta property=\"og:type\" content=\"article\" \/>\n<meta property=\"og:title\" content=\"Tervetuloa tutustumaan Parolan lukioon! - Parolan lukio\" \/>\n<meta property=\"og:description\" content=\"Tule tutustumaan Parolan lukioon virtuaalisessa esittelyillassa. Ilta on tarkoitettu yhdeks\u00e4sluokkalaisille, heid\u00e4n huoltajilleen ja kaikille lukio-opinnoista kiinnostuneille ja se j\u00e4rjestet\u00e4\u00e4n verkkotapahtumana [&hellip;]\" \/>\n<meta property=\"og:url\" content=\"https:\/\/www.kktavastia.fi\/lukiot-parola\/ajankohtaista\/2022\/tervetuloa-tutustumaan-parolan-lukioon\/\" \/>\n<meta property=\"og:site_name\" content=\"Parolan lukio\" \/>\n<meta property=\"article:published_time\" content=\"2022-01-13T09:26:09+00:00\" \/>\n<meta property=\"article:modified_time\" content=\"2022-01-13T09:29:15+00:00\" \/>\n<meta property=\"og:image\" content=\"https:\/\/www.kktavastia.fi\/media\/sites\/5\/computer-g11de444c1_1920.jpg\" \/>\n\t<meta property=\"og:image:width\" content=\"1920\" \/>\n\t<meta property=\"og:image:height\" content=\"1279\" \/>\n\t<meta property=\"og:image:type\" content=\"image\/jpeg\" \/>\n<meta name=\"author\" content=\"jennimanninen\" \/>\n<meta name=\"twitter:card\" content=\"summary_large_image\" \/>\n<script type=\"application\/ld+json\" class=\"yoast-schema-graph\">{\"@context\":\"https:\\\/\\\/schema.org\",\"@graph\":[{\"@type\":\"Article\",\"@id\":\"https:\\\/\\\/www.kktavastia.fi\\\/lukiot-parola\\\/ajankohtaista\\\/2022\\\/tervetuloa-tutustumaan-parolan-lukioon\\\/#article\",\"isPartOf\":{\"@id\":\"https:\\\/\\\/www.kktavastia.fi\\\/lukiot-parola\\\/ajankohtaista\\\/2022\\\/tervetuloa-tutustumaan-parolan-lukioon\\\/\"},\"author\":{\"name\":\"jennimanninen\",\"@id\":\"https:\\\/\\\/www.kktavastia.fi\\\/lukiot-parola\\\/#\\\/schema\\\/person\\\/024aefaad0a17654b61e7deb02a467ab\"},\"headline\":\"Tervetuloa tutustumaan Parolan lukioon!\",\"datePublished\":\"2022-01-13T09:26:09+00:00\",\"dateModified\":\"2022-01-13T09:29:15+00:00\",\"mainEntityOfPage\":{\"@id\":\"https:\\\/\\\/www.kktavastia.fi\\\/lukiot-parola\\\/ajankohtaista\\\/2022\\\/tervetuloa-tutustumaan-parolan-lukioon\\\/\"},\"wordCount\":48,\"image\":{\"@id\":\"https:\\\/\\\/www.kktavastia.fi\\\/lukiot-parola\\\/ajankohtaista\\\/2022\\\/tervetuloa-tutustumaan-parolan-lukioon\\\/#primaryimage\"},\"thumbnailUrl\":\"https:\\\/\\\/www.kktavastia.fi\\\/media\\\/sites\\\/5\\\/computer-g11de444c1_1920.jpg\",\"articleSection\":[\"Ajankohtaista\"],\"inLanguage\":\"fi\"},{\"@type\":\"WebPage\",\"@id\":\"https:\\\/\\\/www.kktavastia.fi\\\/lukiot-parola\\\/ajankohtaista\\\/2022\\\/tervetuloa-tutustumaan-parolan-lukioon\\\/\",\"url\":\"https:\\\/\\\/www.kktavastia.fi\\\/lukiot-parola\\\/ajankohtaista\\\/2022\\\/tervetuloa-tutustumaan-parolan-lukioon\\\/\",\"name\":\"Tervetuloa tutustumaan Parolan lukioon! - Parolan lukio\",\"isPartOf\":{\"@id\":\"https:\\\/\\\/www.kktavastia.fi\\\/lukiot-parola\\\/#website\"},\"primaryImageOfPage\":{\"@id\":\"https:\\\/\\\/www.kktavastia.fi\\\/lukiot-parola\\\/ajankohtaista\\\/2022\\\/tervetuloa-tutustumaan-parolan-lukioon\\\/#primaryimage\"},\"image\":{\"@id\":\"https:\\\/\\\/www.kktavastia.fi\\\/lukiot-parola\\\/ajankohtaista\\\/2022\\\/tervetuloa-tutustumaan-parolan-lukioon\\\/#primaryimage\"},\"thumbnailUrl\":\"https:\\\/\\\/www.kktavastia.fi\\\/media\\\/sites\\\/5\\\/computer-g11de444c1_1920.jpg\",\"datePublished\":\"2022-01-13T09:26:09+00:00\",\"dateModified\":\"2022-01-13T09:29:15+00:00\",\"author\":{\"@id\":\"https:\\\/\\\/www.kktavastia.fi\\\/lukiot-parola\\\/#\\\/schema\\\/person\\\/024aefaad0a17654b61e7deb02a467ab\"},\"breadcrumb\":{\"@id\":\"https:\\\/\\\/www.kktavastia.fi\\\/lukiot-parola\\\/ajankohtaista\\\/2022\\\/tervetuloa-tutustumaan-parolan-lukioon\\\/#breadcrumb\"},\"inLanguage\":\"fi\",\"potentialAction\":[{\"@type\":\"ReadAction\",\"target\":[\"https:\\\/\\\/www.kktavastia.fi\\\/lukiot-parola\\\/ajankohtaista\\\/2022\\\/tervetuloa-tutustumaan-parolan-lukioon\\\/\"]}]},{\"@type\":\"ImageObject\",\"inLanguage\":\"fi\",\"@id\":\"https:\\\/\\\/www.kktavastia.fi\\\/lukiot-parola\\\/ajankohtaista\\\/2022\\\/tervetuloa-tutustumaan-parolan-lukioon\\\/#primaryimage\",\"url\":\"https:\\\/\\\/www.kktavastia.fi\\\/media\\\/sites\\\/5\\\/computer-g11de444c1_1920.jpg\",\"contentUrl\":\"https:\\\/\\\/www.kktavastia.fi\\\/media\\\/sites\\\/5\\\/computer-g11de444c1_1920.jpg\",\"width\":1920,\"height\":1279},{\"@type\":\"BreadcrumbList\",\"@id\":\"https:\\\/\\\/www.kktavastia.fi\\\/lukiot-parola\\\/ajankohtaista\\\/2022\\\/tervetuloa-tutustumaan-parolan-lukioon\\\/#breadcrumb\",\"itemListElement\":[{\"@type\":\"ListItem\",\"position\":1,\"name\":\"Home\",\"item\":\"https:\\\/\\\/www.kktavastia.fi\\\/lukiot-parola\\\/\"},{\"@type\":\"ListItem\",\"position\":2,\"name\":\"Tervetuloa tutustumaan Parolan lukioon!\"}]},{\"@type\":\"WebSite\",\"@id\":\"https:\\\/\\\/www.kktavastia.fi\\\/lukiot-parola\\\/#website\",\"url\":\"https:\\\/\\\/www.kktavastia.fi\\\/lukiot-parola\\\/\",\"name\":\"Parolan lukio\",\"description\":\"\",\"potentialAction\":[{\"@type\":\"SearchAction\",\"target\":{\"@type\":\"EntryPoint\",\"urlTemplate\":\"https:\\\/\\\/www.kktavastia.fi\\\/lukiot-parola\\\/?s={search_term_string}\"},\"query-input\":{\"@type\":\"PropertyValueSpecification\",\"valueRequired\":true,\"valueName\":\"search_term_string\"}}],\"inLanguage\":\"fi\"},{\"@type\":\"Person\",\"@id\":\"https:\\\/\\\/www.kktavastia.fi\\\/lukiot-parola\\\/#\\\/schema\\\/person\\\/024aefaad0a17654b61e7deb02a467ab\",\"name\":\"jennimanninen\",\"image\":{\"@type\":\"ImageObject\",\"inLanguage\":\"fi\",\"@id\":\"https:\\\/\\\/secure.gravatar.com\\\/avatar\\\/5457e44008198bb53daa774600a7e8e4246bcac6a14afc3db6e5d007d9dc6f39?s=96&d=mm&r=g\",\"url\":\"https:\\\/\\\/secure.gravatar.com\\\/avatar\\\/5457e44008198bb53daa774600a7e8e4246bcac6a14afc3db6e5d007d9dc6f39?s=96&d=mm&r=g\",\"contentUrl\":\"https:\\\/\\\/secure.gravatar.com\\\/avatar\\\/5457e44008198bb53daa774600a7e8e4246bcac6a14afc3db6e5d007d9dc6f39?s=96&d=mm&r=g\",\"caption\":\"jennimanninen\"},\"url\":\"https:\\\/\\\/www.kktavastia.fi\\\/lukiot-parola\\\/ajankohtaista\\\/author\\\/jennimanninen\\\/\"}]}<\/script>","yoast_head_json":{"title":"Tervetuloa tutustumaan Parolan lukioon! - Parolan lukio","robots":{"index":"index","follow":"follow","max-snippet":"max-snippet:-1","max-image-preview":"max-image-preview:large","max-video-preview":"max-video-preview:-1"},"canonical":"https:\/\/www.kktavastia.fi\/lukiot-parola\/ajankohtaista\/2022\/tervetuloa-tutustumaan-parolan-lukioon\/","og_locale":"fi_FI","og_type":"article","og_title":"Tervetuloa tutustumaan Parolan lukioon! - Parolan lukio","og_description":"Tule tutustumaan Parolan lukioon virtuaalisessa esittelyillassa. Ilta on tarkoitettu yhdeks\u00e4sluokkalaisille, heid\u00e4n huoltajilleen ja kaikille lukio-opinnoista kiinnostuneille ja se j\u00e4rjestet\u00e4\u00e4n verkkotapahtumana [&hellip;]","og_url":"https:\/\/www.kktavastia.fi\/lukiot-parola\/ajankohtaista\/2022\/tervetuloa-tutustumaan-parolan-lukioon\/","og_site_name":"Parolan lukio","article_published_time":"2022-01-13T09:26:09+00:00","article_modified_time":"2022-01-13T09:29:15+00:00","og_image":[{"width":1920,"height":1279,"url":"https:\/\/www.kktavastia.fi\/media\/sites\/5\/computer-g11de444c1_1920.jpg","type":"image\/jpeg"}],"author":"jennimanninen","twitter_card":"summary_large_image","schema":{"@context":"https:\/\/schema.org","@graph":[{"@type":"Article","@id":"https:\/\/www.kktavastia.fi\/lukiot-parola\/ajankohtaista\/2022\/tervetuloa-tutustumaan-parolan-lukioon\/#article","isPartOf":{"@id":"https:\/\/www.kktavastia.fi\/lukiot-parola\/ajankohtaista\/2022\/tervetuloa-tutustumaan-parolan-lukioon\/"},"author":{"name":"jennimanninen","@id":"https:\/\/www.kktavastia.fi\/lukiot-parola\/#\/schema\/person\/024aefaad0a17654b61e7deb02a467ab"},"headline":"Tervetuloa tutustumaan Parolan lukioon!","datePublished":"2022-01-13T09:26:09+00:00","dateModified":"2022-01-13T09:29:15+00:00","mainEntityOfPage":{"@id":"https:\/\/www.kktavastia.fi\/lukiot-parola\/ajankohtaista\/2022\/tervetuloa-tutustumaan-parolan-lukioon\/"},"wordCount":48,"image":{"@id":"https:\/\/www.kktavastia.fi\/lukiot-parola\/ajankohtaista\/2022\/tervetuloa-tutustumaan-parolan-lukioon\/#primaryimage"},"thumbnailUrl":"https:\/\/www.kktavastia.fi\/media\/sites\/5\/computer-g11de444c1_1920.jpg","articleSection":["Ajankohtaista"],"inLanguage":"fi"},{"@type":"WebPage","@id":"https:\/\/www.kktavastia.fi\/lukiot-parola\/ajankohtaista\/2022\/tervetuloa-tutustumaan-parolan-lukioon\/","url":"https:\/\/www.kktavastia.fi\/lukiot-parola\/ajankohtaista\/2022\/tervetuloa-tutustumaan-parolan-lukioon\/","name":"Tervetuloa tutustumaan Parolan lukioon! - Parolan lukio","isPartOf":{"@id":"https:\/\/www.kktavastia.fi\/lukiot-parola\/#website"},"primaryImageOfPage":{"@id":"https:\/\/www.kktavastia.fi\/lukiot-parola\/ajankohtaista\/2022\/tervetuloa-tutustumaan-parolan-lukioon\/#primaryimage"},"image":{"@id":"https:\/\/www.kktavastia.fi\/lukiot-parola\/ajankohtaista\/2022\/tervetuloa-tutustumaan-parolan-lukioon\/#primaryimage"},"thumbnailUrl":"https:\/\/www.kktavastia.fi\/media\/sites\/5\/computer-g11de444c1_1920.jpg","datePublished":"2022-01-13T09:26:09+00:00","dateModified":"2022-01-13T09:29:15+00:00","author":{"@id":"https:\/\/www.kktavastia.fi\/lukiot-parola\/#\/schema\/person\/024aefaad0a17654b61e7deb02a467ab"},"breadcrumb":{"@id":"https:\/\/www.kktavastia.fi\/lukiot-parola\/ajankohtaista\/2022\/tervetuloa-tutustumaan-parolan-lukioon\/#breadcrumb"},"inLanguage":"fi","potentialAction":[{"@type":"ReadAction","target":["https:\/\/www.kktavastia.fi\/lukiot-parola\/ajankohtaista\/2022\/tervetuloa-tutustumaan-parolan-lukioon\/"]}]},{"@type":"ImageObject","inLanguage":"fi","@id":"https:\/\/www.kktavastia.fi\/lukiot-parola\/ajankohtaista\/2022\/tervetuloa-tutustumaan-parolan-lukioon\/#primaryimage","url":"https:\/\/www.kktavastia.fi\/media\/sites\/5\/computer-g11de444c1_1920.jpg","contentUrl":"https:\/\/www.kktavastia.fi\/media\/sites\/5\/computer-g11de444c1_1920.jpg","width":1920,"height":1279},{"@type":"BreadcrumbList","@id":"https:\/\/www.kktavastia.fi\/lukiot-parola\/ajankohtaista\/2022\/tervetuloa-tutustumaan-parolan-lukioon\/#breadcrumb","itemListElement":[{"@type":"ListItem","position":1,"name":"Home","item":"https:\/\/www.kktavastia.fi\/lukiot-parola\/"},{"@type":"ListItem","position":2,"name":"Tervetuloa tutustumaan Parolan lukioon!"}]},{"@type":"WebSite","@id":"https:\/\/www.kktavastia.fi\/lukiot-parola\/#website","url":"https:\/\/www.kktavastia.fi\/lukiot-parola\/","name":"Parolan lukio","description":"","potentialAction":[{"@type":"SearchAction","target":{"@type":"EntryPoint","urlTemplate":"https:\/\/www.kktavastia.fi\/lukiot-parola\/?s={search_term_string}"},"query-input":{"@type":"PropertyValueSpecification","valueRequired":true,"valueName":"search_term_string"}}],"inLanguage":"fi"},{"@type":"Person","@id":"https:\/\/www.kktavastia.fi\/lukiot-parola\/#\/schema\/person\/024aefaad0a17654b61e7deb02a467ab","name":"jennimanninen","image":{"@type":"ImageObject","inLanguage":"fi","@id":"https:\/\/secure.gravatar.com\/avatar\/5457e44008198bb53daa774600a7e8e4246bcac6a14afc3db6e5d007d9dc6f39?s=96&d=mm&r=g","url":"https:\/\/secure.gravatar.com\/avatar\/5457e44008198bb53daa774600a7e8e4246bcac6a14afc3db6e5d007d9dc6f39?s=96&d=mm&r=g","contentUrl":"https:\/\/secure.gravatar.com\/avatar\/5457e44008198bb53daa774600a7e8e4246bcac6a14afc3db6e5d007d9dc6f39?s=96&d=mm&r=g","caption":"jennimanninen"},"url":"https:\/\/www.kktavastia.fi\/lukiot-parola\/ajankohtaista\/author\/jennimanninen\/"}]}},"_links":{"self":[{"href":"https:\/\/www.kktavastia.fi\/lukiot-parola\/wp-json\/wp\/v2\/posts\/1236","targetHints":{"allow":["GET"]}}],"collection":[{"href":"https:\/\/www.kktavastia.fi\/lukiot-parola\/wp-json\/wp\/v2\/posts"}],"about":[{"href":"https:\/\/www.kktavastia.fi\/lukiot-parola\/wp-json\/wp\/v2\/types\/post"}],"author":[{"embeddable":true,"href":"https:\/\/www.kktavastia.fi\/lukiot-parola\/wp-json\/wp\/v2\/users\/3"}],"replies":[{"embeddable":true,"href":"https:\/\/www.kktavastia.fi\/lukiot-parola\/wp-json\/wp\/v2\/comments?post=1236"}],"version-history":[{"count":2,"href":"https:\/\/www.kktavastia.fi\/lukiot-parola\/wp-json\/wp\/v2\/posts\/1236\/revisions"}],"predecessor-version":[{"id":1239,"href":"https:\/\/www.kktavastia.fi\/lukiot-parola\/wp-json\/wp\/v2\/posts\/1236\/revisions\/1239"}],"wp:featuredmedia":[{"embeddable":true,"href":"https:\/\/www.kktavastia.fi\/lukiot-parola\/wp-json\/wp\/v2\/media\/1238"}],"wp:attachment":[{"href":"https:\/\/www.kktavastia.fi\/lukiot-parola\/wp-json\/wp\/v2\/media?parent=1236"}],"wp:term":[{"taxonomy":"category","embeddable":true,"href":"https:\/\/www.kktavastia.fi\/lukiot-parola\/wp-json\/wp\/v2\/categories?post=1236"},{"taxonomy":"post_tag","embeddable":true,"href":"https:\/\/www.kktavastia.fi\/lukiot-parola\/wp-json\/wp\/v2\/tags?post=1236"}],"curies":[{"name":"wp","href":"https:\/\/api.w.org\/{rel}","templated":true}]}}