{"id":1180,"date":"2021-06-23T10:37:02","date_gmt":"2021-06-23T07:37:02","guid":{"rendered":"https:\/\/www.kktavastia.fi\/lukiot-parola\/?p=1180"},"modified":"2021-06-23T10:37:03","modified_gmt":"2021-06-23T07:37:03","slug":"huoltokatko-verkkosivuillamme","status":"publish","type":"post","link":"https:\/\/www.kktavastia.fi\/lukiot-parola\/ajankohtaista\/2021\/huoltokatko-verkkosivuillamme\/","title":{"rendered":"Huoltokatko verkkosivuillamme"},"content":{"rendered":"\n<p>Verkkosivujemme yll\u00e4pito tiedottaa, ett\u00e4 palvelimillamme on poikkeuksellisesti huoltokatko tiistaina 29.6.2021 kello 18.00\u201320.00. Huoltokatkon aikana teht\u00e4v\u00e4n p\u00e4ivityksen ansiosta sivustot saavat k\u00e4ytt\u00f6\u00f6ns\u00e4 uudempaa teknologiaa ja nopeutuvat. Siirrosta aiheutuu muutamia katkoksia, joiden kesto voi olla hieman normaalia huoltokatkoa pidempi. Yll\u00e4pit\u00e4j\u00e4 pyrkii minimoimaan aiheutuvan katkoksen vaikutukset sivustojen toimintaan.<\/p>\n","protected":false},"excerpt":{"rendered":"<p>Verkkosivujemme yll\u00e4pito tiedottaa, ett\u00e4 palvelimillamme on poikkeuksellisesti huoltokatko tiistaina 29.6.2021 kello 18.00\u201320.00. Huoltokatkon aikana teht\u00e4v\u00e4n p\u00e4ivityksen ansiosta sivustot saavat k\u00e4ytt\u00f6\u00f6ns\u00e4 [&hellip;]<\/p>\n","protected":false},"author":3,"featured_media":0,"comment_status":"closed","ping_status":"closed","sticky":false,"template":"","format":"standard","meta":{"_acf_changed":false,"_relevanssi_hide_post":"","_relevanssi_hide_content":"","_relevanssi_pin_for_all":"","_relevanssi_pin_keywords":"","_relevanssi_unpin_keywords":"","_relevanssi_related_keywords":"","_relevanssi_related_include_ids":"","_relevanssi_related_exclude_ids":"","_relevanssi_related_no_append":"","_relevanssi_related_not_related":"","_relevanssi_related_posts":"710,655,1110,594,806,804","_relevanssi_noindex_reason":"","footnotes":""},"categories":[3],"tags":[],"class_list":["post-1180","post","type-post","status-publish","format-standard","hentry","category-ajankohtaista"],"acf":[],"yoast_head":"<title>Huoltokatko verkkosivuillamme - Parolan lukio<\/title>\n<meta name=\"robots\" content=\"index, follow, max-snippet:-1, max-image-preview:large, max-video-preview:-1\" \/>\n<link rel=\"canonical\" href=\"https:\/\/www.kktavastia.fi\/lukiot-parola\/ajankohtaista\/2021\/huoltokatko-verkkosivuillamme\/\" \/>\n<meta property=\"og:locale\" content=\"fi_FI\" \/>\n<meta property=\"og:type\" content=\"article\" \/>\n<meta property=\"og:title\" content=\"Huoltokatko verkkosivuillamme - Parolan lukio\" \/>\n<meta property=\"og:description\" content=\"Verkkosivujemme yll\u00e4pito tiedottaa, ett\u00e4 palvelimillamme on poikkeuksellisesti huoltokatko tiistaina 29.6.2021 kello 18.00\u201320.00. Huoltokatkon aikana teht\u00e4v\u00e4n p\u00e4ivityksen ansiosta sivustot saavat k\u00e4ytt\u00f6\u00f6ns\u00e4 [&hellip;]\" \/>\n<meta property=\"og:url\" content=\"https:\/\/www.kktavastia.fi\/lukiot-parola\/ajankohtaista\/2021\/huoltokatko-verkkosivuillamme\/\" \/>\n<meta property=\"og:site_name\" content=\"Parolan lukio\" \/>\n<meta property=\"article:published_time\" content=\"2021-06-23T07:37:02+00:00\" \/>\n<meta property=\"article:modified_time\" content=\"2021-06-23T07:37:03+00:00\" \/>\n<meta name=\"author\" content=\"jennimanninen\" \/>\n<meta name=\"twitter:card\" content=\"summary_large_image\" \/>\n<script type=\"application\/ld+json\" class=\"yoast-schema-graph\">{\"@context\":\"https:\\\/\\\/schema.org\",\"@graph\":[{\"@type\":\"Article\",\"@id\":\"https:\\\/\\\/www.kktavastia.fi\\\/lukiot-parola\\\/ajankohtaista\\\/2021\\\/huoltokatko-verkkosivuillamme\\\/#article\",\"isPartOf\":{\"@id\":\"https:\\\/\\\/www.kktavastia.fi\\\/lukiot-parola\\\/ajankohtaista\\\/2021\\\/huoltokatko-verkkosivuillamme\\\/\"},\"author\":{\"name\":\"jennimanninen\",\"@id\":\"https:\\\/\\\/www.kktavastia.fi\\\/lukiot-parola\\\/#\\\/schema\\\/person\\\/024aefaad0a17654b61e7deb02a467ab\"},\"headline\":\"Huoltokatko verkkosivuillamme\",\"datePublished\":\"2021-06-23T07:37:02+00:00\",\"dateModified\":\"2021-06-23T07:37:03+00:00\",\"mainEntityOfPage\":{\"@id\":\"https:\\\/\\\/www.kktavastia.fi\\\/lukiot-parola\\\/ajankohtaista\\\/2021\\\/huoltokatko-verkkosivuillamme\\\/\"},\"wordCount\":52,\"articleSection\":[\"Ajankohtaista\"],\"inLanguage\":\"fi\"},{\"@type\":\"WebPage\",\"@id\":\"https:\\\/\\\/www.kktavastia.fi\\\/lukiot-parola\\\/ajankohtaista\\\/2021\\\/huoltokatko-verkkosivuillamme\\\/\",\"url\":\"https:\\\/\\\/www.kktavastia.fi\\\/lukiot-parola\\\/ajankohtaista\\\/2021\\\/huoltokatko-verkkosivuillamme\\\/\",\"name\":\"Huoltokatko verkkosivuillamme - Parolan lukio\",\"isPartOf\":{\"@id\":\"https:\\\/\\\/www.kktavastia.fi\\\/lukiot-parola\\\/#website\"},\"datePublished\":\"2021-06-23T07:37:02+00:00\",\"dateModified\":\"2021-06-23T07:37:03+00:00\",\"author\":{\"@id\":\"https:\\\/\\\/www.kktavastia.fi\\\/lukiot-parola\\\/#\\\/schema\\\/person\\\/024aefaad0a17654b61e7deb02a467ab\"},\"breadcrumb\":{\"@id\":\"https:\\\/\\\/www.kktavastia.fi\\\/lukiot-parola\\\/ajankohtaista\\\/2021\\\/huoltokatko-verkkosivuillamme\\\/#breadcrumb\"},\"inLanguage\":\"fi\",\"potentialAction\":[{\"@type\":\"ReadAction\",\"target\":[\"https:\\\/\\\/www.kktavastia.fi\\\/lukiot-parola\\\/ajankohtaista\\\/2021\\\/huoltokatko-verkkosivuillamme\\\/\"]}]},{\"@type\":\"BreadcrumbList\",\"@id\":\"https:\\\/\\\/www.kktavastia.fi\\\/lukiot-parola\\\/ajankohtaista\\\/2021\\\/huoltokatko-verkkosivuillamme\\\/#breadcrumb\",\"itemListElement\":[{\"@type\":\"ListItem\",\"position\":1,\"name\":\"Home\",\"item\":\"https:\\\/\\\/www.kktavastia.fi\\\/lukiot-parola\\\/\"},{\"@type\":\"ListItem\",\"position\":2,\"name\":\"Huoltokatko verkkosivuillamme\"}]},{\"@type\":\"WebSite\",\"@id\":\"https:\\\/\\\/www.kktavastia.fi\\\/lukiot-parola\\\/#website\",\"url\":\"https:\\\/\\\/www.kktavastia.fi\\\/lukiot-parola\\\/\",\"name\":\"Parolan lukio\",\"description\":\"\",\"potentialAction\":[{\"@type\":\"SearchAction\",\"target\":{\"@type\":\"EntryPoint\",\"urlTemplate\":\"https:\\\/\\\/www.kktavastia.fi\\\/lukiot-parola\\\/?s={search_term_string}\"},\"query-input\":{\"@type\":\"PropertyValueSpecification\",\"valueRequired\":true,\"valueName\":\"search_term_string\"}}],\"inLanguage\":\"fi\"},{\"@type\":\"Person\",\"@id\":\"https:\\\/\\\/www.kktavastia.fi\\\/lukiot-parola\\\/#\\\/schema\\\/person\\\/024aefaad0a17654b61e7deb02a467ab\",\"name\":\"jennimanninen\",\"image\":{\"@type\":\"ImageObject\",\"inLanguage\":\"fi\",\"@id\":\"https:\\\/\\\/secure.gravatar.com\\\/avatar\\\/5457e44008198bb53daa774600a7e8e4246bcac6a14afc3db6e5d007d9dc6f39?s=96&d=mm&r=g\",\"url\":\"https:\\\/\\\/secure.gravatar.com\\\/avatar\\\/5457e44008198bb53daa774600a7e8e4246bcac6a14afc3db6e5d007d9dc6f39?s=96&d=mm&r=g\",\"contentUrl\":\"https:\\\/\\\/secure.gravatar.com\\\/avatar\\\/5457e44008198bb53daa774600a7e8e4246bcac6a14afc3db6e5d007d9dc6f39?s=96&d=mm&r=g\",\"caption\":\"jennimanninen\"},\"url\":\"https:\\\/\\\/www.kktavastia.fi\\\/lukiot-parola\\\/ajankohtaista\\\/author\\\/jennimanninen\\\/\"}]}<\/script>","yoast_head_json":{"title":"Huoltokatko verkkosivuillamme - Parolan lukio","robots":{"index":"index","follow":"follow","max-snippet":"max-snippet:-1","max-image-preview":"max-image-preview:large","max-video-preview":"max-video-preview:-1"},"canonical":"https:\/\/www.kktavastia.fi\/lukiot-parola\/ajankohtaista\/2021\/huoltokatko-verkkosivuillamme\/","og_locale":"fi_FI","og_type":"article","og_title":"Huoltokatko verkkosivuillamme - Parolan lukio","og_description":"Verkkosivujemme yll\u00e4pito tiedottaa, ett\u00e4 palvelimillamme on poikkeuksellisesti huoltokatko tiistaina 29.6.2021 kello 18.00\u201320.00. Huoltokatkon aikana teht\u00e4v\u00e4n p\u00e4ivityksen ansiosta sivustot saavat k\u00e4ytt\u00f6\u00f6ns\u00e4 [&hellip;]","og_url":"https:\/\/www.kktavastia.fi\/lukiot-parola\/ajankohtaista\/2021\/huoltokatko-verkkosivuillamme\/","og_site_name":"Parolan lukio","article_published_time":"2021-06-23T07:37:02+00:00","article_modified_time":"2021-06-23T07:37:03+00:00","author":"jennimanninen","twitter_card":"summary_large_image","schema":{"@context":"https:\/\/schema.org","@graph":[{"@type":"Article","@id":"https:\/\/www.kktavastia.fi\/lukiot-parola\/ajankohtaista\/2021\/huoltokatko-verkkosivuillamme\/#article","isPartOf":{"@id":"https:\/\/www.kktavastia.fi\/lukiot-parola\/ajankohtaista\/2021\/huoltokatko-verkkosivuillamme\/"},"author":{"name":"jennimanninen","@id":"https:\/\/www.kktavastia.fi\/lukiot-parola\/#\/schema\/person\/024aefaad0a17654b61e7deb02a467ab"},"headline":"Huoltokatko verkkosivuillamme","datePublished":"2021-06-23T07:37:02+00:00","dateModified":"2021-06-23T07:37:03+00:00","mainEntityOfPage":{"@id":"https:\/\/www.kktavastia.fi\/lukiot-parola\/ajankohtaista\/2021\/huoltokatko-verkkosivuillamme\/"},"wordCount":52,"articleSection":["Ajankohtaista"],"inLanguage":"fi"},{"@type":"WebPage","@id":"https:\/\/www.kktavastia.fi\/lukiot-parola\/ajankohtaista\/2021\/huoltokatko-verkkosivuillamme\/","url":"https:\/\/www.kktavastia.fi\/lukiot-parola\/ajankohtaista\/2021\/huoltokatko-verkkosivuillamme\/","name":"Huoltokatko verkkosivuillamme - Parolan lukio","isPartOf":{"@id":"https:\/\/www.kktavastia.fi\/lukiot-parola\/#website"},"datePublished":"2021-06-23T07:37:02+00:00","dateModified":"2021-06-23T07:37:03+00:00","author":{"@id":"https:\/\/www.kktavastia.fi\/lukiot-parola\/#\/schema\/person\/024aefaad0a17654b61e7deb02a467ab"},"breadcrumb":{"@id":"https:\/\/www.kktavastia.fi\/lukiot-parola\/ajankohtaista\/2021\/huoltokatko-verkkosivuillamme\/#breadcrumb"},"inLanguage":"fi","potentialAction":[{"@type":"ReadAction","target":["https:\/\/www.kktavastia.fi\/lukiot-parola\/ajankohtaista\/2021\/huoltokatko-verkkosivuillamme\/"]}]},{"@type":"BreadcrumbList","@id":"https:\/\/www.kktavastia.fi\/lukiot-parola\/ajankohtaista\/2021\/huoltokatko-verkkosivuillamme\/#breadcrumb","itemListElement":[{"@type":"ListItem","position":1,"name":"Home","item":"https:\/\/www.kktavastia.fi\/lukiot-parola\/"},{"@type":"ListItem","position":2,"name":"Huoltokatko verkkosivuillamme"}]},{"@type":"WebSite","@id":"https:\/\/www.kktavastia.fi\/lukiot-parola\/#website","url":"https:\/\/www.kktavastia.fi\/lukiot-parola\/","name":"Parolan lukio","description":"","potentialAction":[{"@type":"SearchAction","target":{"@type":"EntryPoint","urlTemplate":"https:\/\/www.kktavastia.fi\/lukiot-parola\/?s={search_term_string}"},"query-input":{"@type":"PropertyValueSpecification","valueRequired":true,"valueName":"search_term_string"}}],"inLanguage":"fi"},{"@type":"Person","@id":"https:\/\/www.kktavastia.fi\/lukiot-parola\/#\/schema\/person\/024aefaad0a17654b61e7deb02a467ab","name":"jennimanninen","image":{"@type":"ImageObject","inLanguage":"fi","@id":"https:\/\/secure.gravatar.com\/avatar\/5457e44008198bb53daa774600a7e8e4246bcac6a14afc3db6e5d007d9dc6f39?s=96&d=mm&r=g","url":"https:\/\/secure.gravatar.com\/avatar\/5457e44008198bb53daa774600a7e8e4246bcac6a14afc3db6e5d007d9dc6f39?s=96&d=mm&r=g","contentUrl":"https:\/\/secure.gravatar.com\/avatar\/5457e44008198bb53daa774600a7e8e4246bcac6a14afc3db6e5d007d9dc6f39?s=96&d=mm&r=g","caption":"jennimanninen"},"url":"https:\/\/www.kktavastia.fi\/lukiot-parola\/ajankohtaista\/author\/jennimanninen\/"}]}},"_links":{"self":[{"href":"https:\/\/www.kktavastia.fi\/lukiot-parola\/wp-json\/wp\/v2\/posts\/1180","targetHints":{"allow":["GET"]}}],"collection":[{"href":"https:\/\/www.kktavastia.fi\/lukiot-parola\/wp-json\/wp\/v2\/posts"}],"about":[{"href":"https:\/\/www.kktavastia.fi\/lukiot-parola\/wp-json\/wp\/v2\/types\/post"}],"author":[{"embeddable":true,"href":"https:\/\/www.kktavastia.fi\/lukiot-parola\/wp-json\/wp\/v2\/users\/3"}],"replies":[{"embeddable":true,"href":"https:\/\/www.kktavastia.fi\/lukiot-parola\/wp-json\/wp\/v2\/comments?post=1180"}],"version-history":[{"count":1,"href":"https:\/\/www.kktavastia.fi\/lukiot-parola\/wp-json\/wp\/v2\/posts\/1180\/revisions"}],"predecessor-version":[{"id":1182,"href":"https:\/\/www.kktavastia.fi\/lukiot-parola\/wp-json\/wp\/v2\/posts\/1180\/revisions\/1182"}],"wp:attachment":[{"href":"https:\/\/www.kktavastia.fi\/lukiot-parola\/wp-json\/wp\/v2\/media?parent=1180"}],"wp:term":[{"taxonomy":"category","embeddable":true,"href":"https:\/\/www.kktavastia.fi\/lukiot-parola\/wp-json\/wp\/v2\/categories?post=1180"},{"taxonomy":"post_tag","embeddable":true,"href":"https:\/\/www.kktavastia.fi\/lukiot-parola\/wp-json\/wp\/v2\/tags?post=1180"}],"curies":[{"name":"wp","href":"https:\/\/api.w.org\/{rel}","templated":true}]}}