{"id":1134,"date":"2021-06-03T10:46:43","date_gmt":"2021-06-03T07:46:43","guid":{"rendered":"https:\/\/www.kktavastia.fi\/lukiot-parola\/?p=1134"},"modified":"2021-06-03T10:46:44","modified_gmt":"2021-06-03T07:46:44","slug":"ylioppilasjuhlan-striimaus-taalta-mukaan-linjoille","status":"publish","type":"post","link":"https:\/\/www.kktavastia.fi\/lukiot-parola\/ajankohtaista\/2021\/ylioppilasjuhlan-striimaus-taalta-mukaan-linjoille\/","title":{"rendered":"Ylioppilasjuhlan striimaus \u2013 t\u00e4\u00e4lt\u00e4 mukaan linjoille"},"content":{"rendered":"\n<p>Tervetuloa seuraamaan Parolan lukion ylioppilasjuhlaa kotisohvalta k\u00e4sin!<\/p>\n\n\n\n<p>Lakkiaisjuhla alkaa lauantaina 5.6.2021 kello 11.30. Mukaan p\u00e4\u00e4set <a href=\"https:\/\/www.youtube.com\/watch?v=TuDg_v31W58\">t\u00e4st\u00e4 linkist\u00e4<\/a>.<\/p>\n\n\n\n<p>Paljon onnea viel\u00e4 kerran kaikille uusille ylioppilaille!<\/p>\n","protected":false},"excerpt":{"rendered":"<p>Tervetuloa seuraamaan Parolan lukion ylioppilasjuhlaa kotisohvalta k\u00e4sin! Lakkiaisjuhla alkaa lauantaina 5.6.2021 kello 11.30. Mukaan p\u00e4\u00e4set t\u00e4st\u00e4 linkist\u00e4. Paljon onnea viel\u00e4 [&hellip;]<\/p>\n","protected":false},"author":6,"featured_media":1054,"comment_status":"closed","ping_status":"closed","sticky":false,"template":"","format":"standard","meta":{"_acf_changed":false,"_relevanssi_hide_post":"","_relevanssi_hide_content":"","_relevanssi_pin_for_all":"","_relevanssi_pin_keywords":"","_relevanssi_unpin_keywords":"","_relevanssi_related_keywords":"","_relevanssi_related_include_ids":"","_relevanssi_related_exclude_ids":"","_relevanssi_related_no_append":"","_relevanssi_related_not_related":"","_relevanssi_related_posts":"435,655,840,1094,762,961","_relevanssi_noindex_reason":"","footnotes":""},"categories":[3],"tags":[],"class_list":["post-1134","post","type-post","status-publish","format-standard","has-post-thumbnail","hentry","category-ajankohtaista"],"acf":[],"yoast_head":"<title>Ylioppilasjuhlan striimaus \u2013 t\u00e4\u00e4lt\u00e4 mukaan linjoille - Parolan lukio<\/title>\n<meta name=\"robots\" content=\"index, follow, max-snippet:-1, max-image-preview:large, max-video-preview:-1\" \/>\n<link rel=\"canonical\" href=\"https:\/\/www.kktavastia.fi\/lukiot-parola\/ajankohtaista\/2021\/ylioppilasjuhlan-striimaus-taalta-mukaan-linjoille\/\" \/>\n<meta property=\"og:locale\" content=\"fi_FI\" \/>\n<meta property=\"og:type\" content=\"article\" \/>\n<meta property=\"og:title\" content=\"Ylioppilasjuhlan striimaus \u2013 t\u00e4\u00e4lt\u00e4 mukaan linjoille - Parolan lukio\" \/>\n<meta property=\"og:description\" content=\"Tervetuloa seuraamaan Parolan lukion ylioppilasjuhlaa kotisohvalta k\u00e4sin! Lakkiaisjuhla alkaa lauantaina 5.6.2021 kello 11.30. Mukaan p\u00e4\u00e4set t\u00e4st\u00e4 linkist\u00e4. Paljon onnea viel\u00e4 [&hellip;]\" \/>\n<meta property=\"og:url\" content=\"https:\/\/www.kktavastia.fi\/lukiot-parola\/ajankohtaista\/2021\/ylioppilasjuhlan-striimaus-taalta-mukaan-linjoille\/\" \/>\n<meta property=\"og:site_name\" content=\"Parolan lukio\" \/>\n<meta property=\"article:published_time\" content=\"2021-06-03T07:46:43+00:00\" \/>\n<meta property=\"article:modified_time\" content=\"2021-06-03T07:46:44+00:00\" \/>\n<meta property=\"og:image\" content=\"https:\/\/www.kktavastia.fi\/media\/sites\/5\/yolakit-scaled.jpg\" \/>\n\t<meta property=\"og:image:width\" content=\"2048\" \/>\n\t<meta property=\"og:image:height\" content=\"1365\" \/>\n\t<meta property=\"og:image:type\" content=\"image\/jpeg\" \/>\n<meta name=\"author\" content=\"saraseppala\" \/>\n<meta name=\"twitter:card\" content=\"summary_large_image\" \/>\n<script type=\"application\/ld+json\" class=\"yoast-schema-graph\">{\"@context\":\"https:\\\/\\\/schema.org\",\"@graph\":[{\"@type\":\"Article\",\"@id\":\"https:\\\/\\\/www.kktavastia.fi\\\/lukiot-parola\\\/ajankohtaista\\\/2021\\\/ylioppilasjuhlan-striimaus-taalta-mukaan-linjoille\\\/#article\",\"isPartOf\":{\"@id\":\"https:\\\/\\\/www.kktavastia.fi\\\/lukiot-parola\\\/ajankohtaista\\\/2021\\\/ylioppilasjuhlan-striimaus-taalta-mukaan-linjoille\\\/\"},\"author\":{\"name\":\"saraseppala\",\"@id\":\"https:\\\/\\\/www.kktavastia.fi\\\/lukiot-parola\\\/#\\\/schema\\\/person\\\/817cce3016d2f14b9a7ed273534dcf4d\"},\"headline\":\"Ylioppilasjuhlan striimaus \u2013 t\u00e4\u00e4lt\u00e4 mukaan linjoille\",\"datePublished\":\"2021-06-03T07:46:43+00:00\",\"dateModified\":\"2021-06-03T07:46:44+00:00\",\"mainEntityOfPage\":{\"@id\":\"https:\\\/\\\/www.kktavastia.fi\\\/lukiot-parola\\\/ajankohtaista\\\/2021\\\/ylioppilasjuhlan-striimaus-taalta-mukaan-linjoille\\\/\"},\"wordCount\":31,\"image\":{\"@id\":\"https:\\\/\\\/www.kktavastia.fi\\\/lukiot-parola\\\/ajankohtaista\\\/2021\\\/ylioppilasjuhlan-striimaus-taalta-mukaan-linjoille\\\/#primaryimage\"},\"thumbnailUrl\":\"https:\\\/\\\/www.kktavastia.fi\\\/media\\\/sites\\\/5\\\/yolakit-scaled.jpg\",\"articleSection\":[\"Ajankohtaista\"],\"inLanguage\":\"fi\"},{\"@type\":\"WebPage\",\"@id\":\"https:\\\/\\\/www.kktavastia.fi\\\/lukiot-parola\\\/ajankohtaista\\\/2021\\\/ylioppilasjuhlan-striimaus-taalta-mukaan-linjoille\\\/\",\"url\":\"https:\\\/\\\/www.kktavastia.fi\\\/lukiot-parola\\\/ajankohtaista\\\/2021\\\/ylioppilasjuhlan-striimaus-taalta-mukaan-linjoille\\\/\",\"name\":\"Ylioppilasjuhlan striimaus \u2013 t\u00e4\u00e4lt\u00e4 mukaan linjoille - Parolan lukio\",\"isPartOf\":{\"@id\":\"https:\\\/\\\/www.kktavastia.fi\\\/lukiot-parola\\\/#website\"},\"primaryImageOfPage\":{\"@id\":\"https:\\\/\\\/www.kktavastia.fi\\\/lukiot-parola\\\/ajankohtaista\\\/2021\\\/ylioppilasjuhlan-striimaus-taalta-mukaan-linjoille\\\/#primaryimage\"},\"image\":{\"@id\":\"https:\\\/\\\/www.kktavastia.fi\\\/lukiot-parola\\\/ajankohtaista\\\/2021\\\/ylioppilasjuhlan-striimaus-taalta-mukaan-linjoille\\\/#primaryimage\"},\"thumbnailUrl\":\"https:\\\/\\\/www.kktavastia.fi\\\/media\\\/sites\\\/5\\\/yolakit-scaled.jpg\",\"datePublished\":\"2021-06-03T07:46:43+00:00\",\"dateModified\":\"2021-06-03T07:46:44+00:00\",\"author\":{\"@id\":\"https:\\\/\\\/www.kktavastia.fi\\\/lukiot-parola\\\/#\\\/schema\\\/person\\\/817cce3016d2f14b9a7ed273534dcf4d\"},\"breadcrumb\":{\"@id\":\"https:\\\/\\\/www.kktavastia.fi\\\/lukiot-parola\\\/ajankohtaista\\\/2021\\\/ylioppilasjuhlan-striimaus-taalta-mukaan-linjoille\\\/#breadcrumb\"},\"inLanguage\":\"fi\",\"potentialAction\":[{\"@type\":\"ReadAction\",\"target\":[\"https:\\\/\\\/www.kktavastia.fi\\\/lukiot-parola\\\/ajankohtaista\\\/2021\\\/ylioppilasjuhlan-striimaus-taalta-mukaan-linjoille\\\/\"]}]},{\"@type\":\"ImageObject\",\"inLanguage\":\"fi\",\"@id\":\"https:\\\/\\\/www.kktavastia.fi\\\/lukiot-parola\\\/ajankohtaista\\\/2021\\\/ylioppilasjuhlan-striimaus-taalta-mukaan-linjoille\\\/#primaryimage\",\"url\":\"https:\\\/\\\/www.kktavastia.fi\\\/media\\\/sites\\\/5\\\/yolakit-scaled.jpg\",\"contentUrl\":\"https:\\\/\\\/www.kktavastia.fi\\\/media\\\/sites\\\/5\\\/yolakit-scaled.jpg\",\"width\":2048,\"height\":1365,\"caption\":\"ylioppilaslakit\"},{\"@type\":\"BreadcrumbList\",\"@id\":\"https:\\\/\\\/www.kktavastia.fi\\\/lukiot-parola\\\/ajankohtaista\\\/2021\\\/ylioppilasjuhlan-striimaus-taalta-mukaan-linjoille\\\/#breadcrumb\",\"itemListElement\":[{\"@type\":\"ListItem\",\"position\":1,\"name\":\"Home\",\"item\":\"https:\\\/\\\/www.kktavastia.fi\\\/lukiot-parola\\\/\"},{\"@type\":\"ListItem\",\"position\":2,\"name\":\"Ylioppilasjuhlan striimaus \u2013 t\u00e4\u00e4lt\u00e4 mukaan linjoille\"}]},{\"@type\":\"WebSite\",\"@id\":\"https:\\\/\\\/www.kktavastia.fi\\\/lukiot-parola\\\/#website\",\"url\":\"https:\\\/\\\/www.kktavastia.fi\\\/lukiot-parola\\\/\",\"name\":\"Parolan lukio\",\"description\":\"\",\"potentialAction\":[{\"@type\":\"SearchAction\",\"target\":{\"@type\":\"EntryPoint\",\"urlTemplate\":\"https:\\\/\\\/www.kktavastia.fi\\\/lukiot-parola\\\/?s={search_term_string}\"},\"query-input\":{\"@type\":\"PropertyValueSpecification\",\"valueRequired\":true,\"valueName\":\"search_term_string\"}}],\"inLanguage\":\"fi\"},{\"@type\":\"Person\",\"@id\":\"https:\\\/\\\/www.kktavastia.fi\\\/lukiot-parola\\\/#\\\/schema\\\/person\\\/817cce3016d2f14b9a7ed273534dcf4d\",\"name\":\"saraseppala\",\"image\":{\"@type\":\"ImageObject\",\"inLanguage\":\"fi\",\"@id\":\"https:\\\/\\\/secure.gravatar.com\\\/avatar\\\/478c9f0d13d5df0e5e3d2ec80a1d93afb10baa5bf0f981b9874b9ad1ff76cafc?s=96&d=mm&r=g\",\"url\":\"https:\\\/\\\/secure.gravatar.com\\\/avatar\\\/478c9f0d13d5df0e5e3d2ec80a1d93afb10baa5bf0f981b9874b9ad1ff76cafc?s=96&d=mm&r=g\",\"contentUrl\":\"https:\\\/\\\/secure.gravatar.com\\\/avatar\\\/478c9f0d13d5df0e5e3d2ec80a1d93afb10baa5bf0f981b9874b9ad1ff76cafc?s=96&d=mm&r=g\",\"caption\":\"saraseppala\"},\"url\":\"https:\\\/\\\/www.kktavastia.fi\\\/lukiot-parola\\\/ajankohtaista\\\/author\\\/saraseppala\\\/\"}]}<\/script>","yoast_head_json":{"title":"Ylioppilasjuhlan striimaus \u2013 t\u00e4\u00e4lt\u00e4 mukaan linjoille - Parolan lukio","robots":{"index":"index","follow":"follow","max-snippet":"max-snippet:-1","max-image-preview":"max-image-preview:large","max-video-preview":"max-video-preview:-1"},"canonical":"https:\/\/www.kktavastia.fi\/lukiot-parola\/ajankohtaista\/2021\/ylioppilasjuhlan-striimaus-taalta-mukaan-linjoille\/","og_locale":"fi_FI","og_type":"article","og_title":"Ylioppilasjuhlan striimaus \u2013 t\u00e4\u00e4lt\u00e4 mukaan linjoille - Parolan lukio","og_description":"Tervetuloa seuraamaan Parolan lukion ylioppilasjuhlaa kotisohvalta k\u00e4sin! Lakkiaisjuhla alkaa lauantaina 5.6.2021 kello 11.30. Mukaan p\u00e4\u00e4set t\u00e4st\u00e4 linkist\u00e4. Paljon onnea viel\u00e4 [&hellip;]","og_url":"https:\/\/www.kktavastia.fi\/lukiot-parola\/ajankohtaista\/2021\/ylioppilasjuhlan-striimaus-taalta-mukaan-linjoille\/","og_site_name":"Parolan lukio","article_published_time":"2021-06-03T07:46:43+00:00","article_modified_time":"2021-06-03T07:46:44+00:00","og_image":[{"width":2048,"height":1365,"url":"https:\/\/www.kktavastia.fi\/media\/sites\/5\/yolakit-scaled.jpg","type":"image\/jpeg"}],"author":"saraseppala","twitter_card":"summary_large_image","schema":{"@context":"https:\/\/schema.org","@graph":[{"@type":"Article","@id":"https:\/\/www.kktavastia.fi\/lukiot-parola\/ajankohtaista\/2021\/ylioppilasjuhlan-striimaus-taalta-mukaan-linjoille\/#article","isPartOf":{"@id":"https:\/\/www.kktavastia.fi\/lukiot-parola\/ajankohtaista\/2021\/ylioppilasjuhlan-striimaus-taalta-mukaan-linjoille\/"},"author":{"name":"saraseppala","@id":"https:\/\/www.kktavastia.fi\/lukiot-parola\/#\/schema\/person\/817cce3016d2f14b9a7ed273534dcf4d"},"headline":"Ylioppilasjuhlan striimaus \u2013 t\u00e4\u00e4lt\u00e4 mukaan linjoille","datePublished":"2021-06-03T07:46:43+00:00","dateModified":"2021-06-03T07:46:44+00:00","mainEntityOfPage":{"@id":"https:\/\/www.kktavastia.fi\/lukiot-parola\/ajankohtaista\/2021\/ylioppilasjuhlan-striimaus-taalta-mukaan-linjoille\/"},"wordCount":31,"image":{"@id":"https:\/\/www.kktavastia.fi\/lukiot-parola\/ajankohtaista\/2021\/ylioppilasjuhlan-striimaus-taalta-mukaan-linjoille\/#primaryimage"},"thumbnailUrl":"https:\/\/www.kktavastia.fi\/media\/sites\/5\/yolakit-scaled.jpg","articleSection":["Ajankohtaista"],"inLanguage":"fi"},{"@type":"WebPage","@id":"https:\/\/www.kktavastia.fi\/lukiot-parola\/ajankohtaista\/2021\/ylioppilasjuhlan-striimaus-taalta-mukaan-linjoille\/","url":"https:\/\/www.kktavastia.fi\/lukiot-parola\/ajankohtaista\/2021\/ylioppilasjuhlan-striimaus-taalta-mukaan-linjoille\/","name":"Ylioppilasjuhlan striimaus \u2013 t\u00e4\u00e4lt\u00e4 mukaan linjoille - Parolan lukio","isPartOf":{"@id":"https:\/\/www.kktavastia.fi\/lukiot-parola\/#website"},"primaryImageOfPage":{"@id":"https:\/\/www.kktavastia.fi\/lukiot-parola\/ajankohtaista\/2021\/ylioppilasjuhlan-striimaus-taalta-mukaan-linjoille\/#primaryimage"},"image":{"@id":"https:\/\/www.kktavastia.fi\/lukiot-parola\/ajankohtaista\/2021\/ylioppilasjuhlan-striimaus-taalta-mukaan-linjoille\/#primaryimage"},"thumbnailUrl":"https:\/\/www.kktavastia.fi\/media\/sites\/5\/yolakit-scaled.jpg","datePublished":"2021-06-03T07:46:43+00:00","dateModified":"2021-06-03T07:46:44+00:00","author":{"@id":"https:\/\/www.kktavastia.fi\/lukiot-parola\/#\/schema\/person\/817cce3016d2f14b9a7ed273534dcf4d"},"breadcrumb":{"@id":"https:\/\/www.kktavastia.fi\/lukiot-parola\/ajankohtaista\/2021\/ylioppilasjuhlan-striimaus-taalta-mukaan-linjoille\/#breadcrumb"},"inLanguage":"fi","potentialAction":[{"@type":"ReadAction","target":["https:\/\/www.kktavastia.fi\/lukiot-parola\/ajankohtaista\/2021\/ylioppilasjuhlan-striimaus-taalta-mukaan-linjoille\/"]}]},{"@type":"ImageObject","inLanguage":"fi","@id":"https:\/\/www.kktavastia.fi\/lukiot-parola\/ajankohtaista\/2021\/ylioppilasjuhlan-striimaus-taalta-mukaan-linjoille\/#primaryimage","url":"https:\/\/www.kktavastia.fi\/media\/sites\/5\/yolakit-scaled.jpg","contentUrl":"https:\/\/www.kktavastia.fi\/media\/sites\/5\/yolakit-scaled.jpg","width":2048,"height":1365,"caption":"ylioppilaslakit"},{"@type":"BreadcrumbList","@id":"https:\/\/www.kktavastia.fi\/lukiot-parola\/ajankohtaista\/2021\/ylioppilasjuhlan-striimaus-taalta-mukaan-linjoille\/#breadcrumb","itemListElement":[{"@type":"ListItem","position":1,"name":"Home","item":"https:\/\/www.kktavastia.fi\/lukiot-parola\/"},{"@type":"ListItem","position":2,"name":"Ylioppilasjuhlan striimaus \u2013 t\u00e4\u00e4lt\u00e4 mukaan linjoille"}]},{"@type":"WebSite","@id":"https:\/\/www.kktavastia.fi\/lukiot-parola\/#website","url":"https:\/\/www.kktavastia.fi\/lukiot-parola\/","name":"Parolan lukio","description":"","potentialAction":[{"@type":"SearchAction","target":{"@type":"EntryPoint","urlTemplate":"https:\/\/www.kktavastia.fi\/lukiot-parola\/?s={search_term_string}"},"query-input":{"@type":"PropertyValueSpecification","valueRequired":true,"valueName":"search_term_string"}}],"inLanguage":"fi"},{"@type":"Person","@id":"https:\/\/www.kktavastia.fi\/lukiot-parola\/#\/schema\/person\/817cce3016d2f14b9a7ed273534dcf4d","name":"saraseppala","image":{"@type":"ImageObject","inLanguage":"fi","@id":"https:\/\/secure.gravatar.com\/avatar\/478c9f0d13d5df0e5e3d2ec80a1d93afb10baa5bf0f981b9874b9ad1ff76cafc?s=96&d=mm&r=g","url":"https:\/\/secure.gravatar.com\/avatar\/478c9f0d13d5df0e5e3d2ec80a1d93afb10baa5bf0f981b9874b9ad1ff76cafc?s=96&d=mm&r=g","contentUrl":"https:\/\/secure.gravatar.com\/avatar\/478c9f0d13d5df0e5e3d2ec80a1d93afb10baa5bf0f981b9874b9ad1ff76cafc?s=96&d=mm&r=g","caption":"saraseppala"},"url":"https:\/\/www.kktavastia.fi\/lukiot-parola\/ajankohtaista\/author\/saraseppala\/"}]}},"_links":{"self":[{"href":"https:\/\/www.kktavastia.fi\/lukiot-parola\/wp-json\/wp\/v2\/posts\/1134","targetHints":{"allow":["GET"]}}],"collection":[{"href":"https:\/\/www.kktavastia.fi\/lukiot-parola\/wp-json\/wp\/v2\/posts"}],"about":[{"href":"https:\/\/www.kktavastia.fi\/lukiot-parola\/wp-json\/wp\/v2\/types\/post"}],"author":[{"embeddable":true,"href":"https:\/\/www.kktavastia.fi\/lukiot-parola\/wp-json\/wp\/v2\/users\/6"}],"replies":[{"embeddable":true,"href":"https:\/\/www.kktavastia.fi\/lukiot-parola\/wp-json\/wp\/v2\/comments?post=1134"}],"version-history":[{"count":1,"href":"https:\/\/www.kktavastia.fi\/lukiot-parola\/wp-json\/wp\/v2\/posts\/1134\/revisions"}],"predecessor-version":[{"id":1135,"href":"https:\/\/www.kktavastia.fi\/lukiot-parola\/wp-json\/wp\/v2\/posts\/1134\/revisions\/1135"}],"wp:featuredmedia":[{"embeddable":true,"href":"https:\/\/www.kktavastia.fi\/lukiot-parola\/wp-json\/wp\/v2\/media\/1054"}],"wp:attachment":[{"href":"https:\/\/www.kktavastia.fi\/lukiot-parola\/wp-json\/wp\/v2\/media?parent=1134"}],"wp:term":[{"taxonomy":"category","embeddable":true,"href":"https:\/\/www.kktavastia.fi\/lukiot-parola\/wp-json\/wp\/v2\/categories?post=1134"},{"taxonomy":"post_tag","embeddable":true,"href":"https:\/\/www.kktavastia.fi\/lukiot-parola\/wp-json\/wp\/v2\/tags?post=1134"}],"curies":[{"name":"wp","href":"https:\/\/api.w.org\/{rel}","templated":true}]}}