{"id":1121,"date":"2021-05-09T17:33:04","date_gmt":"2021-05-09T14:33:04","guid":{"rendered":"https:\/\/www.kktavastia.fi\/lukiot-parola\/?p=1121"},"modified":"2021-05-09T17:33:05","modified_gmt":"2021-05-09T14:33:05","slug":"parolan-lukio-etaopetukseen-varotoimena","status":"publish","type":"post","link":"https:\/\/www.kktavastia.fi\/lukiot-parola\/ajankohtaista\/2021\/parolan-lukio-etaopetukseen-varotoimena\/","title":{"rendered":"Parolan lukio et\u00e4opetukseen varotoimena"},"content":{"rendered":"\n<p>Parolan yhteiskoulun korona-altistumisten vuoksi my\u00f6s Parolan lukio siirtyy et\u00e4opetukseen maanantaista 10.5. alkaen. Henkil\u00f6kuntaa ja opiskelijoita on tiedotettu asiasta lauantaina.<\/p>\n\n\n\n<p>Kyseess\u00e4 on varotoimi, jolla halutaan katkaista mahdolliset tartuntaketjut. Yht\u00e4\u00e4n lukion opiskelijaa tai henkil\u00f6kuntaan kuuluvaa ei ole altistunut virukselle tai joutunut karanteeniin. Varotoimi kuitenkin tarvitaan, sill\u00e4 oppilaitoksella on yhteisi\u00e4 opettajia sek\u00e4 tiloja yhteiskoulun kanssa.<\/p>\n\n\n\n<p>Et\u00e4opetusjakson pituus riippuu siit\u00e4, miten tilanne tartuntojen osalta kehittyy l\u00e4hiaikoina.<\/p>\n","protected":false},"excerpt":{"rendered":"<p>Parolan yhteiskoulun korona-altistumisten vuoksi my\u00f6s Parolan lukio siirtyy et\u00e4opetukseen maanantaista 10.5. alkaen. Henkil\u00f6kuntaa ja opiskelijoita on tiedotettu asiasta lauantaina. Kyseess\u00e4 [&hellip;]<\/p>\n","protected":false},"author":3,"featured_media":123,"comment_status":"closed","ping_status":"closed","sticky":false,"template":"","format":"standard","meta":{"_acf_changed":false,"_relevanssi_hide_post":"","_relevanssi_hide_content":"","_relevanssi_pin_for_all":"","_relevanssi_pin_keywords":"","_relevanssi_unpin_keywords":"","_relevanssi_related_keywords":"","_relevanssi_related_include_ids":"","_relevanssi_related_exclude_ids":"","_relevanssi_related_no_append":"","_relevanssi_related_not_related":"","_relevanssi_related_posts":"833,1103,890,710,1100,662","_relevanssi_noindex_reason":"","footnotes":""},"categories":[3],"tags":[6,4,7],"class_list":["post-1121","post","type-post","status-publish","format-standard","has-post-thumbnail","hentry","category-ajankohtaista","tag-etaopetus","tag-korona","tag-varotoimi"],"acf":[],"yoast_head":"<title>Parolan lukio et\u00e4opetukseen varotoimena - Parolan lukio<\/title>\n<meta name=\"robots\" content=\"index, follow, max-snippet:-1, max-image-preview:large, max-video-preview:-1\" \/>\n<link rel=\"canonical\" href=\"https:\/\/www.kktavastia.fi\/lukiot-parola\/ajankohtaista\/2021\/parolan-lukio-etaopetukseen-varotoimena\/\" \/>\n<meta property=\"og:locale\" content=\"fi_FI\" \/>\n<meta property=\"og:type\" content=\"article\" \/>\n<meta property=\"og:title\" content=\"Parolan lukio et\u00e4opetukseen varotoimena - Parolan lukio\" \/>\n<meta property=\"og:description\" content=\"Parolan yhteiskoulun korona-altistumisten vuoksi my\u00f6s Parolan lukio siirtyy et\u00e4opetukseen maanantaista 10.5. alkaen. Henkil\u00f6kuntaa ja opiskelijoita on tiedotettu asiasta lauantaina. Kyseess\u00e4 [&hellip;]\" \/>\n<meta property=\"og:url\" content=\"https:\/\/www.kktavastia.fi\/lukiot-parola\/ajankohtaista\/2021\/parolan-lukio-etaopetukseen-varotoimena\/\" \/>\n<meta property=\"og:site_name\" content=\"Parolan lukio\" \/>\n<meta property=\"article:published_time\" content=\"2021-05-09T14:33:04+00:00\" \/>\n<meta property=\"article:modified_time\" content=\"2021-05-09T14:33:05+00:00\" \/>\n<meta property=\"og:image\" content=\"https:\/\/www.kktavastia.fi\/media\/sites\/5\/parolan-uusi-koulu-ihmisia-pihalla-scaled.jpg\" \/>\n\t<meta property=\"og:image:width\" content=\"2048\" \/>\n\t<meta property=\"og:image:height\" content=\"1448\" \/>\n\t<meta property=\"og:image:type\" content=\"image\/jpeg\" \/>\n<meta name=\"author\" content=\"jennimanninen\" \/>\n<meta name=\"twitter:card\" content=\"summary_large_image\" \/>\n<script type=\"application\/ld+json\" class=\"yoast-schema-graph\">{\"@context\":\"https:\\\/\\\/schema.org\",\"@graph\":[{\"@type\":\"Article\",\"@id\":\"https:\\\/\\\/www.kktavastia.fi\\\/lukiot-parola\\\/ajankohtaista\\\/2021\\\/parolan-lukio-etaopetukseen-varotoimena\\\/#article\",\"isPartOf\":{\"@id\":\"https:\\\/\\\/www.kktavastia.fi\\\/lukiot-parola\\\/ajankohtaista\\\/2021\\\/parolan-lukio-etaopetukseen-varotoimena\\\/\"},\"author\":{\"name\":\"jennimanninen\",\"@id\":\"https:\\\/\\\/www.kktavastia.fi\\\/lukiot-parola\\\/#\\\/schema\\\/person\\\/024aefaad0a17654b61e7deb02a467ab\"},\"headline\":\"Parolan lukio et\u00e4opetukseen varotoimena\",\"datePublished\":\"2021-05-09T14:33:04+00:00\",\"dateModified\":\"2021-05-09T14:33:05+00:00\",\"mainEntityOfPage\":{\"@id\":\"https:\\\/\\\/www.kktavastia.fi\\\/lukiot-parola\\\/ajankohtaista\\\/2021\\\/parolan-lukio-etaopetukseen-varotoimena\\\/\"},\"wordCount\":73,\"image\":{\"@id\":\"https:\\\/\\\/www.kktavastia.fi\\\/lukiot-parola\\\/ajankohtaista\\\/2021\\\/parolan-lukio-etaopetukseen-varotoimena\\\/#primaryimage\"},\"thumbnailUrl\":\"https:\\\/\\\/www.kktavastia.fi\\\/media\\\/sites\\\/5\\\/parolan-uusi-koulu-ihmisia-pihalla-scaled.jpg\",\"keywords\":[\"et\u00e4opetus\",\"korona\",\"varotoimi\"],\"articleSection\":[\"Ajankohtaista\"],\"inLanguage\":\"fi\"},{\"@type\":\"WebPage\",\"@id\":\"https:\\\/\\\/www.kktavastia.fi\\\/lukiot-parola\\\/ajankohtaista\\\/2021\\\/parolan-lukio-etaopetukseen-varotoimena\\\/\",\"url\":\"https:\\\/\\\/www.kktavastia.fi\\\/lukiot-parola\\\/ajankohtaista\\\/2021\\\/parolan-lukio-etaopetukseen-varotoimena\\\/\",\"name\":\"Parolan lukio et\u00e4opetukseen varotoimena - Parolan lukio\",\"isPartOf\":{\"@id\":\"https:\\\/\\\/www.kktavastia.fi\\\/lukiot-parola\\\/#website\"},\"primaryImageOfPage\":{\"@id\":\"https:\\\/\\\/www.kktavastia.fi\\\/lukiot-parola\\\/ajankohtaista\\\/2021\\\/parolan-lukio-etaopetukseen-varotoimena\\\/#primaryimage\"},\"image\":{\"@id\":\"https:\\\/\\\/www.kktavastia.fi\\\/lukiot-parola\\\/ajankohtaista\\\/2021\\\/parolan-lukio-etaopetukseen-varotoimena\\\/#primaryimage\"},\"thumbnailUrl\":\"https:\\\/\\\/www.kktavastia.fi\\\/media\\\/sites\\\/5\\\/parolan-uusi-koulu-ihmisia-pihalla-scaled.jpg\",\"datePublished\":\"2021-05-09T14:33:04+00:00\",\"dateModified\":\"2021-05-09T14:33:05+00:00\",\"author\":{\"@id\":\"https:\\\/\\\/www.kktavastia.fi\\\/lukiot-parola\\\/#\\\/schema\\\/person\\\/024aefaad0a17654b61e7deb02a467ab\"},\"breadcrumb\":{\"@id\":\"https:\\\/\\\/www.kktavastia.fi\\\/lukiot-parola\\\/ajankohtaista\\\/2021\\\/parolan-lukio-etaopetukseen-varotoimena\\\/#breadcrumb\"},\"inLanguage\":\"fi\",\"potentialAction\":[{\"@type\":\"ReadAction\",\"target\":[\"https:\\\/\\\/www.kktavastia.fi\\\/lukiot-parola\\\/ajankohtaista\\\/2021\\\/parolan-lukio-etaopetukseen-varotoimena\\\/\"]}]},{\"@type\":\"ImageObject\",\"inLanguage\":\"fi\",\"@id\":\"https:\\\/\\\/www.kktavastia.fi\\\/lukiot-parola\\\/ajankohtaista\\\/2021\\\/parolan-lukio-etaopetukseen-varotoimena\\\/#primaryimage\",\"url\":\"https:\\\/\\\/www.kktavastia.fi\\\/media\\\/sites\\\/5\\\/parolan-uusi-koulu-ihmisia-pihalla-scaled.jpg\",\"contentUrl\":\"https:\\\/\\\/www.kktavastia.fi\\\/media\\\/sites\\\/5\\\/parolan-uusi-koulu-ihmisia-pihalla-scaled.jpg\",\"width\":2048,\"height\":1448,\"caption\":\"parolan lukiorakennus katariinankulma\"},{\"@type\":\"BreadcrumbList\",\"@id\":\"https:\\\/\\\/www.kktavastia.fi\\\/lukiot-parola\\\/ajankohtaista\\\/2021\\\/parolan-lukio-etaopetukseen-varotoimena\\\/#breadcrumb\",\"itemListElement\":[{\"@type\":\"ListItem\",\"position\":1,\"name\":\"Home\",\"item\":\"https:\\\/\\\/www.kktavastia.fi\\\/lukiot-parola\\\/\"},{\"@type\":\"ListItem\",\"position\":2,\"name\":\"Parolan lukio et\u00e4opetukseen varotoimena\"}]},{\"@type\":\"WebSite\",\"@id\":\"https:\\\/\\\/www.kktavastia.fi\\\/lukiot-parola\\\/#website\",\"url\":\"https:\\\/\\\/www.kktavastia.fi\\\/lukiot-parola\\\/\",\"name\":\"Parolan lukio\",\"description\":\"\",\"potentialAction\":[{\"@type\":\"SearchAction\",\"target\":{\"@type\":\"EntryPoint\",\"urlTemplate\":\"https:\\\/\\\/www.kktavastia.fi\\\/lukiot-parola\\\/?s={search_term_string}\"},\"query-input\":{\"@type\":\"PropertyValueSpecification\",\"valueRequired\":true,\"valueName\":\"search_term_string\"}}],\"inLanguage\":\"fi\"},{\"@type\":\"Person\",\"@id\":\"https:\\\/\\\/www.kktavastia.fi\\\/lukiot-parola\\\/#\\\/schema\\\/person\\\/024aefaad0a17654b61e7deb02a467ab\",\"name\":\"jennimanninen\",\"image\":{\"@type\":\"ImageObject\",\"inLanguage\":\"fi\",\"@id\":\"https:\\\/\\\/secure.gravatar.com\\\/avatar\\\/5457e44008198bb53daa774600a7e8e4246bcac6a14afc3db6e5d007d9dc6f39?s=96&d=mm&r=g\",\"url\":\"https:\\\/\\\/secure.gravatar.com\\\/avatar\\\/5457e44008198bb53daa774600a7e8e4246bcac6a14afc3db6e5d007d9dc6f39?s=96&d=mm&r=g\",\"contentUrl\":\"https:\\\/\\\/secure.gravatar.com\\\/avatar\\\/5457e44008198bb53daa774600a7e8e4246bcac6a14afc3db6e5d007d9dc6f39?s=96&d=mm&r=g\",\"caption\":\"jennimanninen\"},\"url\":\"https:\\\/\\\/www.kktavastia.fi\\\/lukiot-parola\\\/ajankohtaista\\\/author\\\/jennimanninen\\\/\"}]}<\/script>","yoast_head_json":{"title":"Parolan lukio et\u00e4opetukseen varotoimena - Parolan lukio","robots":{"index":"index","follow":"follow","max-snippet":"max-snippet:-1","max-image-preview":"max-image-preview:large","max-video-preview":"max-video-preview:-1"},"canonical":"https:\/\/www.kktavastia.fi\/lukiot-parola\/ajankohtaista\/2021\/parolan-lukio-etaopetukseen-varotoimena\/","og_locale":"fi_FI","og_type":"article","og_title":"Parolan lukio et\u00e4opetukseen varotoimena - Parolan lukio","og_description":"Parolan yhteiskoulun korona-altistumisten vuoksi my\u00f6s Parolan lukio siirtyy et\u00e4opetukseen maanantaista 10.5. alkaen. Henkil\u00f6kuntaa ja opiskelijoita on tiedotettu asiasta lauantaina. Kyseess\u00e4 [&hellip;]","og_url":"https:\/\/www.kktavastia.fi\/lukiot-parola\/ajankohtaista\/2021\/parolan-lukio-etaopetukseen-varotoimena\/","og_site_name":"Parolan lukio","article_published_time":"2021-05-09T14:33:04+00:00","article_modified_time":"2021-05-09T14:33:05+00:00","og_image":[{"width":2048,"height":1448,"url":"https:\/\/www.kktavastia.fi\/media\/sites\/5\/parolan-uusi-koulu-ihmisia-pihalla-scaled.jpg","type":"image\/jpeg"}],"author":"jennimanninen","twitter_card":"summary_large_image","schema":{"@context":"https:\/\/schema.org","@graph":[{"@type":"Article","@id":"https:\/\/www.kktavastia.fi\/lukiot-parola\/ajankohtaista\/2021\/parolan-lukio-etaopetukseen-varotoimena\/#article","isPartOf":{"@id":"https:\/\/www.kktavastia.fi\/lukiot-parola\/ajankohtaista\/2021\/parolan-lukio-etaopetukseen-varotoimena\/"},"author":{"name":"jennimanninen","@id":"https:\/\/www.kktavastia.fi\/lukiot-parola\/#\/schema\/person\/024aefaad0a17654b61e7deb02a467ab"},"headline":"Parolan lukio et\u00e4opetukseen varotoimena","datePublished":"2021-05-09T14:33:04+00:00","dateModified":"2021-05-09T14:33:05+00:00","mainEntityOfPage":{"@id":"https:\/\/www.kktavastia.fi\/lukiot-parola\/ajankohtaista\/2021\/parolan-lukio-etaopetukseen-varotoimena\/"},"wordCount":73,"image":{"@id":"https:\/\/www.kktavastia.fi\/lukiot-parola\/ajankohtaista\/2021\/parolan-lukio-etaopetukseen-varotoimena\/#primaryimage"},"thumbnailUrl":"https:\/\/www.kktavastia.fi\/media\/sites\/5\/parolan-uusi-koulu-ihmisia-pihalla-scaled.jpg","keywords":["et\u00e4opetus","korona","varotoimi"],"articleSection":["Ajankohtaista"],"inLanguage":"fi"},{"@type":"WebPage","@id":"https:\/\/www.kktavastia.fi\/lukiot-parola\/ajankohtaista\/2021\/parolan-lukio-etaopetukseen-varotoimena\/","url":"https:\/\/www.kktavastia.fi\/lukiot-parola\/ajankohtaista\/2021\/parolan-lukio-etaopetukseen-varotoimena\/","name":"Parolan lukio et\u00e4opetukseen varotoimena - Parolan lukio","isPartOf":{"@id":"https:\/\/www.kktavastia.fi\/lukiot-parola\/#website"},"primaryImageOfPage":{"@id":"https:\/\/www.kktavastia.fi\/lukiot-parola\/ajankohtaista\/2021\/parolan-lukio-etaopetukseen-varotoimena\/#primaryimage"},"image":{"@id":"https:\/\/www.kktavastia.fi\/lukiot-parola\/ajankohtaista\/2021\/parolan-lukio-etaopetukseen-varotoimena\/#primaryimage"},"thumbnailUrl":"https:\/\/www.kktavastia.fi\/media\/sites\/5\/parolan-uusi-koulu-ihmisia-pihalla-scaled.jpg","datePublished":"2021-05-09T14:33:04+00:00","dateModified":"2021-05-09T14:33:05+00:00","author":{"@id":"https:\/\/www.kktavastia.fi\/lukiot-parola\/#\/schema\/person\/024aefaad0a17654b61e7deb02a467ab"},"breadcrumb":{"@id":"https:\/\/www.kktavastia.fi\/lukiot-parola\/ajankohtaista\/2021\/parolan-lukio-etaopetukseen-varotoimena\/#breadcrumb"},"inLanguage":"fi","potentialAction":[{"@type":"ReadAction","target":["https:\/\/www.kktavastia.fi\/lukiot-parola\/ajankohtaista\/2021\/parolan-lukio-etaopetukseen-varotoimena\/"]}]},{"@type":"ImageObject","inLanguage":"fi","@id":"https:\/\/www.kktavastia.fi\/lukiot-parola\/ajankohtaista\/2021\/parolan-lukio-etaopetukseen-varotoimena\/#primaryimage","url":"https:\/\/www.kktavastia.fi\/media\/sites\/5\/parolan-uusi-koulu-ihmisia-pihalla-scaled.jpg","contentUrl":"https:\/\/www.kktavastia.fi\/media\/sites\/5\/parolan-uusi-koulu-ihmisia-pihalla-scaled.jpg","width":2048,"height":1448,"caption":"parolan lukiorakennus katariinankulma"},{"@type":"BreadcrumbList","@id":"https:\/\/www.kktavastia.fi\/lukiot-parola\/ajankohtaista\/2021\/parolan-lukio-etaopetukseen-varotoimena\/#breadcrumb","itemListElement":[{"@type":"ListItem","position":1,"name":"Home","item":"https:\/\/www.kktavastia.fi\/lukiot-parola\/"},{"@type":"ListItem","position":2,"name":"Parolan lukio et\u00e4opetukseen varotoimena"}]},{"@type":"WebSite","@id":"https:\/\/www.kktavastia.fi\/lukiot-parola\/#website","url":"https:\/\/www.kktavastia.fi\/lukiot-parola\/","name":"Parolan lukio","description":"","potentialAction":[{"@type":"SearchAction","target":{"@type":"EntryPoint","urlTemplate":"https:\/\/www.kktavastia.fi\/lukiot-parola\/?s={search_term_string}"},"query-input":{"@type":"PropertyValueSpecification","valueRequired":true,"valueName":"search_term_string"}}],"inLanguage":"fi"},{"@type":"Person","@id":"https:\/\/www.kktavastia.fi\/lukiot-parola\/#\/schema\/person\/024aefaad0a17654b61e7deb02a467ab","name":"jennimanninen","image":{"@type":"ImageObject","inLanguage":"fi","@id":"https:\/\/secure.gravatar.com\/avatar\/5457e44008198bb53daa774600a7e8e4246bcac6a14afc3db6e5d007d9dc6f39?s=96&d=mm&r=g","url":"https:\/\/secure.gravatar.com\/avatar\/5457e44008198bb53daa774600a7e8e4246bcac6a14afc3db6e5d007d9dc6f39?s=96&d=mm&r=g","contentUrl":"https:\/\/secure.gravatar.com\/avatar\/5457e44008198bb53daa774600a7e8e4246bcac6a14afc3db6e5d007d9dc6f39?s=96&d=mm&r=g","caption":"jennimanninen"},"url":"https:\/\/www.kktavastia.fi\/lukiot-parola\/ajankohtaista\/author\/jennimanninen\/"}]}},"_links":{"self":[{"href":"https:\/\/www.kktavastia.fi\/lukiot-parola\/wp-json\/wp\/v2\/posts\/1121","targetHints":{"allow":["GET"]}}],"collection":[{"href":"https:\/\/www.kktavastia.fi\/lukiot-parola\/wp-json\/wp\/v2\/posts"}],"about":[{"href":"https:\/\/www.kktavastia.fi\/lukiot-parola\/wp-json\/wp\/v2\/types\/post"}],"author":[{"embeddable":true,"href":"https:\/\/www.kktavastia.fi\/lukiot-parola\/wp-json\/wp\/v2\/users\/3"}],"replies":[{"embeddable":true,"href":"https:\/\/www.kktavastia.fi\/lukiot-parola\/wp-json\/wp\/v2\/comments?post=1121"}],"version-history":[{"count":1,"href":"https:\/\/www.kktavastia.fi\/lukiot-parola\/wp-json\/wp\/v2\/posts\/1121\/revisions"}],"predecessor-version":[{"id":1122,"href":"https:\/\/www.kktavastia.fi\/lukiot-parola\/wp-json\/wp\/v2\/posts\/1121\/revisions\/1122"}],"wp:featuredmedia":[{"embeddable":true,"href":"https:\/\/www.kktavastia.fi\/lukiot-parola\/wp-json\/wp\/v2\/media\/123"}],"wp:attachment":[{"href":"https:\/\/www.kktavastia.fi\/lukiot-parola\/wp-json\/wp\/v2\/media?parent=1121"}],"wp:term":[{"taxonomy":"category","embeddable":true,"href":"https:\/\/www.kktavastia.fi\/lukiot-parola\/wp-json\/wp\/v2\/categories?post=1121"},{"taxonomy":"post_tag","embeddable":true,"href":"https:\/\/www.kktavastia.fi\/lukiot-parola\/wp-json\/wp\/v2\/tags?post=1121"}],"curies":[{"name":"wp","href":"https:\/\/api.w.org\/{rel}","templated":true}]}}