{"id":498,"date":"2015-11-03T20:23:18","date_gmt":"2015-11-03T18:23:18","guid":{"rendered":"https:\/\/www.kktavastia.fi\/lammin-lukio\/?p=498"},"modified":"2015-11-03T20:23:18","modified_gmt":"2015-11-03T18:23:18","slug":"lammin-lukion-vanhempainilta-17-11-2015","status":"publish","type":"post","link":"https:\/\/www.kktavastia.fi\/lukiot-lammi\/2015\/lammin-lukion-vanhempainilta-17-11-2015\/","title":{"rendered":"Lammin lukion vanhempainilta 17.11.2015"},"content":{"rendered":"<h3><span style=\"font-size: medium\">Hyv\u00e4t lukiolaisten huoltajat!<\/span><\/h3>\n<p><span style=\"font-size: medium\">Lammin<\/span><span style=\"font-size: medium\"> lukion vanhempainilta pidet\u00e4\u00e4n tiistaina 17.11.2015 klo 17.30-20 Hakkalan koulurakennuksen ruokasalissa ja yl\u00e4kerran luokissa.<\/span><\/p>\n<p><span style=\"font-size: medium\">Tilaisuus alkaa klo 17.30<\/span><span style=\"font-size: medium\"> koulun <\/span><span style=\"font-size: medium\">ruokasalissa<\/span><span style=\"font-size: medium\"> kahvituksella.<\/span><span style=\"font-size: medium\"> V<\/span><span style=\"font-size: medium\">apaaehtoisella maksulla tuetaan kansainv\u00e4lisyys<\/span><span style=\"font-size: medium\">hankkeita.<\/span><\/p>\n<p><span style=\"font-size: medium\">Klo 18-19\u00a0on yhteinen osuus, jossa esitell\u00e4\u00e4n Lammin <\/span><span style=\"font-size: medium\">lukion toimintaa ja<\/span><span style=\"font-size: medium\"> hankkeita.<\/span><\/p>\n<p><span style=\"font-size: medium\">Yhteisen osuuden j\u00e4lkeen<\/span> <span style=\"font-size: medium\">k\u00e4sitell\u00e4\u00e4n<\/span><span style=\"font-size: medium\"> ryhm\u00e4kohtaisesti<\/span><span style=\"font-size: medium\">\u00a0ajankohtaisia asioita: <\/span><span style=\"font-size: medium\">1. vuoden opiskelijoilla liittyv\u00e4t yleisesti lukio-opiskeluun, 2. vuosikurssin opiskelijoilla ylioppilastutkintoon ja 3. vuosikurssin opiskelijoilla jatko-opintoihin.<\/span><span style=\"font-size: medium\"><br \/>\n<\/span><\/p>\n<p><span style=\"font-size: medium\">Tervetuloa!<\/span><\/p>\n<p><span style=\"font-size: medium\">Esa K\u00e4hk\u00f6nen<br \/>\nrehtori<br \/>\n<\/span><\/p>\n","protected":false},"excerpt":{"rendered":"<p>Hyv\u00e4t lukiolaisten huoltajat! Lammin lukion vanhempainilta pidet\u00e4\u00e4n tiistaina 17.11.2015 klo 17.30-20 Hakkalan koulurakennuksen ruokasalissa ja yl\u00e4kerran luokissa. Tilaisuus alkaa klo [&hellip;]<\/p>\n","protected":false},"author":23,"featured_media":0,"comment_status":"open","ping_status":"open","sticky":false,"template":"","format":"standard","meta":{"_acf_changed":false,"_relevanssi_hide_post":"","_relevanssi_hide_content":"","_relevanssi_pin_for_all":"","_relevanssi_pin_keywords":"","_relevanssi_unpin_keywords":"","_relevanssi_related_keywords":"","_relevanssi_related_include_ids":"","_relevanssi_related_exclude_ids":"","_relevanssi_related_no_append":"","_relevanssi_related_not_related":"","_relevanssi_related_posts":"","_relevanssi_noindex_reason":"","footnotes":""},"categories":[3],"tags":[],"class_list":["post-498","post","type-post","status-publish","format-standard","hentry","category-ajankohtaista"],"acf":[],"yoast_head":"<title>Lammin lukion vanhempainilta 17.11.2015 - Lammin lukio<\/title>\n<meta name=\"robots\" content=\"index, follow, max-snippet:-1, max-image-preview:large, max-video-preview:-1\" \/>\n<link rel=\"canonical\" href=\"https:\/\/www.kktavastia.fi\/lukiot-lammi\/2015\/lammin-lukion-vanhempainilta-17-11-2015\/\" \/>\n<meta property=\"og:locale\" content=\"fi_FI\" \/>\n<meta property=\"og:type\" content=\"article\" \/>\n<meta property=\"og:title\" content=\"Lammin lukion vanhempainilta 17.11.2015 - Lammin lukio\" \/>\n<meta property=\"og:description\" content=\"Hyv\u00e4t lukiolaisten huoltajat! Lammin lukion vanhempainilta pidet\u00e4\u00e4n tiistaina 17.11.2015 klo 17.30-20 Hakkalan koulurakennuksen ruokasalissa ja yl\u00e4kerran luokissa. Tilaisuus alkaa klo [&hellip;]\" \/>\n<meta property=\"og:url\" content=\"https:\/\/www.kktavastia.fi\/lukiot-lammi\/2015\/lammin-lukion-vanhempainilta-17-11-2015\/\" \/>\n<meta property=\"og:site_name\" content=\"Lammin lukio\" \/>\n<meta property=\"article:published_time\" content=\"2015-11-03T18:23:18+00:00\" \/>\n<meta name=\"author\" content=\"Esa K\u00e4hk\u00f6nen\" \/>\n<meta name=\"twitter:card\" content=\"summary_large_image\" \/>\n<script type=\"application\/ld+json\" class=\"yoast-schema-graph\">{\"@context\":\"https:\\\/\\\/schema.org\",\"@graph\":[{\"@type\":\"Article\",\"@id\":\"https:\\\/\\\/www.kktavastia.fi\\\/lukiot-lammi\\\/2015\\\/lammin-lukion-vanhempainilta-17-11-2015\\\/#article\",\"isPartOf\":{\"@id\":\"https:\\\/\\\/www.kktavastia.fi\\\/lukiot-lammi\\\/2015\\\/lammin-lukion-vanhempainilta-17-11-2015\\\/\"},\"author\":{\"name\":\"Esa K\u00e4hk\u00f6nen\",\"@id\":\"https:\\\/\\\/www.kktavastia.fi\\\/lukiot-lammi\\\/#\\\/schema\\\/person\\\/bb396a3086f7dc5ae4ca76dd86d014f9\"},\"headline\":\"Lammin lukion vanhempainilta 17.11.2015\",\"datePublished\":\"2015-11-03T18:23:18+00:00\",\"mainEntityOfPage\":{\"@id\":\"https:\\\/\\\/www.kktavastia.fi\\\/lukiot-lammi\\\/2015\\\/lammin-lukion-vanhempainilta-17-11-2015\\\/\"},\"wordCount\":78,\"commentCount\":0,\"articleSection\":[\"Ajankohtaista\"],\"inLanguage\":\"fi\",\"potentialAction\":[{\"@type\":\"CommentAction\",\"name\":\"Comment\",\"target\":[\"https:\\\/\\\/www.kktavastia.fi\\\/lukiot-lammi\\\/2015\\\/lammin-lukion-vanhempainilta-17-11-2015\\\/#respond\"]}]},{\"@type\":\"WebPage\",\"@id\":\"https:\\\/\\\/www.kktavastia.fi\\\/lukiot-lammi\\\/2015\\\/lammin-lukion-vanhempainilta-17-11-2015\\\/\",\"url\":\"https:\\\/\\\/www.kktavastia.fi\\\/lukiot-lammi\\\/2015\\\/lammin-lukion-vanhempainilta-17-11-2015\\\/\",\"name\":\"Lammin lukion vanhempainilta 17.11.2015 - Lammin lukio\",\"isPartOf\":{\"@id\":\"https:\\\/\\\/www.kktavastia.fi\\\/lukiot-lammi\\\/#website\"},\"datePublished\":\"2015-11-03T18:23:18+00:00\",\"author\":{\"@id\":\"https:\\\/\\\/www.kktavastia.fi\\\/lukiot-lammi\\\/#\\\/schema\\\/person\\\/bb396a3086f7dc5ae4ca76dd86d014f9\"},\"breadcrumb\":{\"@id\":\"https:\\\/\\\/www.kktavastia.fi\\\/lukiot-lammi\\\/2015\\\/lammin-lukion-vanhempainilta-17-11-2015\\\/#breadcrumb\"},\"inLanguage\":\"fi\",\"potentialAction\":[{\"@type\":\"ReadAction\",\"target\":[\"https:\\\/\\\/www.kktavastia.fi\\\/lukiot-lammi\\\/2015\\\/lammin-lukion-vanhempainilta-17-11-2015\\\/\"]}]},{\"@type\":\"BreadcrumbList\",\"@id\":\"https:\\\/\\\/www.kktavastia.fi\\\/lukiot-lammi\\\/2015\\\/lammin-lukion-vanhempainilta-17-11-2015\\\/#breadcrumb\",\"itemListElement\":[{\"@type\":\"ListItem\",\"position\":1,\"name\":\"Home\",\"item\":\"https:\\\/\\\/www.kktavastia.fi\\\/lukiot-lammi\\\/\"},{\"@type\":\"ListItem\",\"position\":2,\"name\":\"Lammin lukion vanhempainilta 17.11.2015\"}]},{\"@type\":\"WebSite\",\"@id\":\"https:\\\/\\\/www.kktavastia.fi\\\/lukiot-lammi\\\/#website\",\"url\":\"https:\\\/\\\/www.kktavastia.fi\\\/lukiot-lammi\\\/\",\"name\":\"Lammin lukio\",\"description\":\"\",\"potentialAction\":[{\"@type\":\"SearchAction\",\"target\":{\"@type\":\"EntryPoint\",\"urlTemplate\":\"https:\\\/\\\/www.kktavastia.fi\\\/lukiot-lammi\\\/?s={search_term_string}\"},\"query-input\":{\"@type\":\"PropertyValueSpecification\",\"valueRequired\":true,\"valueName\":\"search_term_string\"}}],\"inLanguage\":\"fi\"},{\"@type\":\"Person\",\"@id\":\"https:\\\/\\\/www.kktavastia.fi\\\/lukiot-lammi\\\/#\\\/schema\\\/person\\\/bb396a3086f7dc5ae4ca76dd86d014f9\",\"name\":\"Esa K\u00e4hk\u00f6nen\",\"image\":{\"@type\":\"ImageObject\",\"inLanguage\":\"fi\",\"@id\":\"https:\\\/\\\/secure.gravatar.com\\\/avatar\\\/c530995700dc0b23c624680734ea76a1d802b53d19b43d310ed0caf848a0986c?s=96&d=mm&r=g\",\"url\":\"https:\\\/\\\/secure.gravatar.com\\\/avatar\\\/c530995700dc0b23c624680734ea76a1d802b53d19b43d310ed0caf848a0986c?s=96&d=mm&r=g\",\"contentUrl\":\"https:\\\/\\\/secure.gravatar.com\\\/avatar\\\/c530995700dc0b23c624680734ea76a1d802b53d19b43d310ed0caf848a0986c?s=96&d=mm&r=g\",\"caption\":\"Esa K\u00e4hk\u00f6nen\"},\"url\":\"https:\\\/\\\/www.kktavastia.fi\\\/lukiot-lammi\\\/author\\\/esa-kahkonen\\\/\"}]}<\/script>","yoast_head_json":{"title":"Lammin lukion vanhempainilta 17.11.2015 - Lammin lukio","robots":{"index":"index","follow":"follow","max-snippet":"max-snippet:-1","max-image-preview":"max-image-preview:large","max-video-preview":"max-video-preview:-1"},"canonical":"https:\/\/www.kktavastia.fi\/lukiot-lammi\/2015\/lammin-lukion-vanhempainilta-17-11-2015\/","og_locale":"fi_FI","og_type":"article","og_title":"Lammin lukion vanhempainilta 17.11.2015 - Lammin lukio","og_description":"Hyv\u00e4t lukiolaisten huoltajat! Lammin lukion vanhempainilta pidet\u00e4\u00e4n tiistaina 17.11.2015 klo 17.30-20 Hakkalan koulurakennuksen ruokasalissa ja yl\u00e4kerran luokissa. Tilaisuus alkaa klo [&hellip;]","og_url":"https:\/\/www.kktavastia.fi\/lukiot-lammi\/2015\/lammin-lukion-vanhempainilta-17-11-2015\/","og_site_name":"Lammin lukio","article_published_time":"2015-11-03T18:23:18+00:00","author":"Esa K\u00e4hk\u00f6nen","twitter_card":"summary_large_image","schema":{"@context":"https:\/\/schema.org","@graph":[{"@type":"Article","@id":"https:\/\/www.kktavastia.fi\/lukiot-lammi\/2015\/lammin-lukion-vanhempainilta-17-11-2015\/#article","isPartOf":{"@id":"https:\/\/www.kktavastia.fi\/lukiot-lammi\/2015\/lammin-lukion-vanhempainilta-17-11-2015\/"},"author":{"name":"Esa K\u00e4hk\u00f6nen","@id":"https:\/\/www.kktavastia.fi\/lukiot-lammi\/#\/schema\/person\/bb396a3086f7dc5ae4ca76dd86d014f9"},"headline":"Lammin lukion vanhempainilta 17.11.2015","datePublished":"2015-11-03T18:23:18+00:00","mainEntityOfPage":{"@id":"https:\/\/www.kktavastia.fi\/lukiot-lammi\/2015\/lammin-lukion-vanhempainilta-17-11-2015\/"},"wordCount":78,"commentCount":0,"articleSection":["Ajankohtaista"],"inLanguage":"fi","potentialAction":[{"@type":"CommentAction","name":"Comment","target":["https:\/\/www.kktavastia.fi\/lukiot-lammi\/2015\/lammin-lukion-vanhempainilta-17-11-2015\/#respond"]}]},{"@type":"WebPage","@id":"https:\/\/www.kktavastia.fi\/lukiot-lammi\/2015\/lammin-lukion-vanhempainilta-17-11-2015\/","url":"https:\/\/www.kktavastia.fi\/lukiot-lammi\/2015\/lammin-lukion-vanhempainilta-17-11-2015\/","name":"Lammin lukion vanhempainilta 17.11.2015 - Lammin lukio","isPartOf":{"@id":"https:\/\/www.kktavastia.fi\/lukiot-lammi\/#website"},"datePublished":"2015-11-03T18:23:18+00:00","author":{"@id":"https:\/\/www.kktavastia.fi\/lukiot-lammi\/#\/schema\/person\/bb396a3086f7dc5ae4ca76dd86d014f9"},"breadcrumb":{"@id":"https:\/\/www.kktavastia.fi\/lukiot-lammi\/2015\/lammin-lukion-vanhempainilta-17-11-2015\/#breadcrumb"},"inLanguage":"fi","potentialAction":[{"@type":"ReadAction","target":["https:\/\/www.kktavastia.fi\/lukiot-lammi\/2015\/lammin-lukion-vanhempainilta-17-11-2015\/"]}]},{"@type":"BreadcrumbList","@id":"https:\/\/www.kktavastia.fi\/lukiot-lammi\/2015\/lammin-lukion-vanhempainilta-17-11-2015\/#breadcrumb","itemListElement":[{"@type":"ListItem","position":1,"name":"Home","item":"https:\/\/www.kktavastia.fi\/lukiot-lammi\/"},{"@type":"ListItem","position":2,"name":"Lammin lukion vanhempainilta 17.11.2015"}]},{"@type":"WebSite","@id":"https:\/\/www.kktavastia.fi\/lukiot-lammi\/#website","url":"https:\/\/www.kktavastia.fi\/lukiot-lammi\/","name":"Lammin lukio","description":"","potentialAction":[{"@type":"SearchAction","target":{"@type":"EntryPoint","urlTemplate":"https:\/\/www.kktavastia.fi\/lukiot-lammi\/?s={search_term_string}"},"query-input":{"@type":"PropertyValueSpecification","valueRequired":true,"valueName":"search_term_string"}}],"inLanguage":"fi"},{"@type":"Person","@id":"https:\/\/www.kktavastia.fi\/lukiot-lammi\/#\/schema\/person\/bb396a3086f7dc5ae4ca76dd86d014f9","name":"Esa K\u00e4hk\u00f6nen","image":{"@type":"ImageObject","inLanguage":"fi","@id":"https:\/\/secure.gravatar.com\/avatar\/c530995700dc0b23c624680734ea76a1d802b53d19b43d310ed0caf848a0986c?s=96&d=mm&r=g","url":"https:\/\/secure.gravatar.com\/avatar\/c530995700dc0b23c624680734ea76a1d802b53d19b43d310ed0caf848a0986c?s=96&d=mm&r=g","contentUrl":"https:\/\/secure.gravatar.com\/avatar\/c530995700dc0b23c624680734ea76a1d802b53d19b43d310ed0caf848a0986c?s=96&d=mm&r=g","caption":"Esa K\u00e4hk\u00f6nen"},"url":"https:\/\/www.kktavastia.fi\/lukiot-lammi\/author\/esa-kahkonen\/"}]}},"_links":{"self":[{"href":"https:\/\/www.kktavastia.fi\/lukiot-lammi\/wp-json\/wp\/v2\/posts\/498","targetHints":{"allow":["GET"]}}],"collection":[{"href":"https:\/\/www.kktavastia.fi\/lukiot-lammi\/wp-json\/wp\/v2\/posts"}],"about":[{"href":"https:\/\/www.kktavastia.fi\/lukiot-lammi\/wp-json\/wp\/v2\/types\/post"}],"author":[{"embeddable":true,"href":"https:\/\/www.kktavastia.fi\/lukiot-lammi\/wp-json\/wp\/v2\/users\/23"}],"replies":[{"embeddable":true,"href":"https:\/\/www.kktavastia.fi\/lukiot-lammi\/wp-json\/wp\/v2\/comments?post=498"}],"version-history":[{"count":0,"href":"https:\/\/www.kktavastia.fi\/lukiot-lammi\/wp-json\/wp\/v2\/posts\/498\/revisions"}],"wp:attachment":[{"href":"https:\/\/www.kktavastia.fi\/lukiot-lammi\/wp-json\/wp\/v2\/media?parent=498"}],"wp:term":[{"taxonomy":"category","embeddable":true,"href":"https:\/\/www.kktavastia.fi\/lukiot-lammi\/wp-json\/wp\/v2\/categories?post=498"},{"taxonomy":"post_tag","embeddable":true,"href":"https:\/\/www.kktavastia.fi\/lukiot-lammi\/wp-json\/wp\/v2\/tags?post=498"}],"curies":[{"name":"wp","href":"https:\/\/api.w.org\/{rel}","templated":true}]}}