{"id":2025,"date":"2023-05-25T14:47:35","date_gmt":"2023-05-25T11:47:35","guid":{"rendered":"https:\/\/www.kktavastia.fi\/lukiot-lammi\/?p=2025"},"modified":"2023-05-25T14:55:04","modified_gmt":"2023-05-25T11:55:04","slug":"lammin-lukion-ylioppilasjuhla-la-3-6-2023-klo-10-30","status":"publish","type":"post","link":"https:\/\/www.kktavastia.fi\/lukiot-lammi\/2023\/lammin-lukion-ylioppilasjuhla-la-3-6-2023-klo-10-30\/","title":{"rendered":"Lammin lukion ylioppilasjuhla la 3.6.2023 klo 10.30"},"content":{"rendered":"\n<p>Lammin lukion ylioppilaita ja lukuvuoden p\u00e4\u00e4tt\u00e4j\u00e4isi\u00e4 juhlitaan lauantaina 3.6.2023 klo 10.30 Lammin liikuntakeskuksen hallissa.<\/p>\n\n\n\n<p>Juhlan j\u00e4lkeen ylioppilaista otetaan yhteiskuva liikuntahallissa tai s\u00e4\u00e4n salliessa ulkona. My\u00f6s yksityiskuviin on mahdollisuus.<\/p>\n\n\n\n<p>Harjoitukset kev\u00e4\u00e4n ylioppilaille pidet\u00e4\u00e4n perjantaina 2.6.2023&nbsp;klo 14 Lammin liikuntahallissa. Ottakaa harjoitukseen mukaan ylioppilaslakkinne.<\/p>\n","protected":false},"excerpt":{"rendered":"<p>Lammin lukion ylioppilaita ja lukuvuoden p\u00e4\u00e4tt\u00e4j\u00e4isi\u00e4 juhlitaan lauantaina 3.6.2023 klo 10.30 Lammin liikuntakeskuksen hallissa. Juhlan j\u00e4lkeen ylioppilaista otetaan yhteiskuva liikuntahallissa [&hellip;]<\/p>\n","protected":false},"author":23,"featured_media":2027,"comment_status":"closed","ping_status":"closed","sticky":false,"template":"","format":"standard","meta":{"_acf_changed":false,"_relevanssi_hide_post":"","_relevanssi_hide_content":"","_relevanssi_pin_for_all":"","_relevanssi_pin_keywords":"","_relevanssi_unpin_keywords":"","_relevanssi_related_keywords":"","_relevanssi_related_include_ids":"","_relevanssi_related_exclude_ids":"","_relevanssi_related_no_append":"","_relevanssi_related_not_related":"","_relevanssi_related_posts":"498,1518,1422,1435,1693,887","_relevanssi_noindex_reason":"","footnotes":""},"categories":[3],"tags":[],"class_list":["post-2025","post","type-post","status-publish","format-standard","has-post-thumbnail","hentry","category-ajankohtaista"],"acf":[],"yoast_head":"<title>Lammin lukion ylioppilasjuhla la 3.6.2023 klo 10.30 - Lammin lukio<\/title>\n<meta name=\"robots\" content=\"index, follow, max-snippet:-1, max-image-preview:large, max-video-preview:-1\" \/>\n<link rel=\"canonical\" href=\"https:\/\/www.kktavastia.fi\/lukiot-lammi\/2023\/lammin-lukion-ylioppilasjuhla-la-3-6-2023-klo-10-30\/\" \/>\n<meta property=\"og:locale\" content=\"fi_FI\" \/>\n<meta property=\"og:type\" content=\"article\" \/>\n<meta property=\"og:title\" content=\"Lammin lukion ylioppilasjuhla la 3.6.2023 klo 10.30 - Lammin lukio\" \/>\n<meta property=\"og:description\" content=\"Lammin lukion ylioppilaita ja lukuvuoden p\u00e4\u00e4tt\u00e4j\u00e4isi\u00e4 juhlitaan lauantaina 3.6.2023 klo 10.30 Lammin liikuntakeskuksen hallissa. Juhlan j\u00e4lkeen ylioppilaista otetaan yhteiskuva liikuntahallissa [&hellip;]\" \/>\n<meta property=\"og:url\" content=\"https:\/\/www.kktavastia.fi\/lukiot-lammi\/2023\/lammin-lukion-ylioppilasjuhla-la-3-6-2023-klo-10-30\/\" \/>\n<meta property=\"og:site_name\" content=\"Lammin lukio\" \/>\n<meta property=\"article:published_time\" content=\"2023-05-25T11:47:35+00:00\" \/>\n<meta property=\"article:modified_time\" content=\"2023-05-25T11:55:04+00:00\" \/>\n<meta property=\"og:image\" content=\"https:\/\/www.kktavastia.fi\/media\/sites\/7\/ylioppilaslakki-ja-logokansio-3-scaled.jpg\" \/>\n\t<meta property=\"og:image:width\" content=\"2560\" \/>\n\t<meta property=\"og:image:height\" content=\"1707\" \/>\n\t<meta property=\"og:image:type\" content=\"image\/jpeg\" \/>\n<meta name=\"author\" content=\"Esa K\u00e4hk\u00f6nen\" \/>\n<meta name=\"twitter:card\" content=\"summary_large_image\" \/>\n<script type=\"application\/ld+json\" class=\"yoast-schema-graph\">{\"@context\":\"https:\\\/\\\/schema.org\",\"@graph\":[{\"@type\":\"Article\",\"@id\":\"https:\\\/\\\/www.kktavastia.fi\\\/lukiot-lammi\\\/2023\\\/lammin-lukion-ylioppilasjuhla-la-3-6-2023-klo-10-30\\\/#article\",\"isPartOf\":{\"@id\":\"https:\\\/\\\/www.kktavastia.fi\\\/lukiot-lammi\\\/2023\\\/lammin-lukion-ylioppilasjuhla-la-3-6-2023-klo-10-30\\\/\"},\"author\":{\"name\":\"Esa K\u00e4hk\u00f6nen\",\"@id\":\"https:\\\/\\\/www.kktavastia.fi\\\/lukiot-lammi\\\/#\\\/schema\\\/person\\\/bb396a3086f7dc5ae4ca76dd86d014f9\"},\"headline\":\"Lammin lukion ylioppilasjuhla la 3.6.2023 klo 10.30\",\"datePublished\":\"2023-05-25T11:47:35+00:00\",\"dateModified\":\"2023-05-25T11:55:04+00:00\",\"mainEntityOfPage\":{\"@id\":\"https:\\\/\\\/www.kktavastia.fi\\\/lukiot-lammi\\\/2023\\\/lammin-lukion-ylioppilasjuhla-la-3-6-2023-klo-10-30\\\/\"},\"wordCount\":52,\"image\":{\"@id\":\"https:\\\/\\\/www.kktavastia.fi\\\/lukiot-lammi\\\/2023\\\/lammin-lukion-ylioppilasjuhla-la-3-6-2023-klo-10-30\\\/#primaryimage\"},\"thumbnailUrl\":\"https:\\\/\\\/www.kktavastia.fi\\\/media\\\/sites\\\/7\\\/ylioppilaslakki-ja-logokansio-3-scaled.jpg\",\"articleSection\":[\"Ajankohtaista\"],\"inLanguage\":\"fi\"},{\"@type\":\"WebPage\",\"@id\":\"https:\\\/\\\/www.kktavastia.fi\\\/lukiot-lammi\\\/2023\\\/lammin-lukion-ylioppilasjuhla-la-3-6-2023-klo-10-30\\\/\",\"url\":\"https:\\\/\\\/www.kktavastia.fi\\\/lukiot-lammi\\\/2023\\\/lammin-lukion-ylioppilasjuhla-la-3-6-2023-klo-10-30\\\/\",\"name\":\"Lammin lukion ylioppilasjuhla la 3.6.2023 klo 10.30 - Lammin lukio\",\"isPartOf\":{\"@id\":\"https:\\\/\\\/www.kktavastia.fi\\\/lukiot-lammi\\\/#website\"},\"primaryImageOfPage\":{\"@id\":\"https:\\\/\\\/www.kktavastia.fi\\\/lukiot-lammi\\\/2023\\\/lammin-lukion-ylioppilasjuhla-la-3-6-2023-klo-10-30\\\/#primaryimage\"},\"image\":{\"@id\":\"https:\\\/\\\/www.kktavastia.fi\\\/lukiot-lammi\\\/2023\\\/lammin-lukion-ylioppilasjuhla-la-3-6-2023-klo-10-30\\\/#primaryimage\"},\"thumbnailUrl\":\"https:\\\/\\\/www.kktavastia.fi\\\/media\\\/sites\\\/7\\\/ylioppilaslakki-ja-logokansio-3-scaled.jpg\",\"datePublished\":\"2023-05-25T11:47:35+00:00\",\"dateModified\":\"2023-05-25T11:55:04+00:00\",\"author\":{\"@id\":\"https:\\\/\\\/www.kktavastia.fi\\\/lukiot-lammi\\\/#\\\/schema\\\/person\\\/bb396a3086f7dc5ae4ca76dd86d014f9\"},\"breadcrumb\":{\"@id\":\"https:\\\/\\\/www.kktavastia.fi\\\/lukiot-lammi\\\/2023\\\/lammin-lukion-ylioppilasjuhla-la-3-6-2023-klo-10-30\\\/#breadcrumb\"},\"inLanguage\":\"fi\",\"potentialAction\":[{\"@type\":\"ReadAction\",\"target\":[\"https:\\\/\\\/www.kktavastia.fi\\\/lukiot-lammi\\\/2023\\\/lammin-lukion-ylioppilasjuhla-la-3-6-2023-klo-10-30\\\/\"]}]},{\"@type\":\"ImageObject\",\"inLanguage\":\"fi\",\"@id\":\"https:\\\/\\\/www.kktavastia.fi\\\/lukiot-lammi\\\/2023\\\/lammin-lukion-ylioppilasjuhla-la-3-6-2023-klo-10-30\\\/#primaryimage\",\"url\":\"https:\\\/\\\/www.kktavastia.fi\\\/media\\\/sites\\\/7\\\/ylioppilaslakki-ja-logokansio-3-scaled.jpg\",\"contentUrl\":\"https:\\\/\\\/www.kktavastia.fi\\\/media\\\/sites\\\/7\\\/ylioppilaslakki-ja-logokansio-3-scaled.jpg\",\"width\":2560,\"height\":1707},{\"@type\":\"BreadcrumbList\",\"@id\":\"https:\\\/\\\/www.kktavastia.fi\\\/lukiot-lammi\\\/2023\\\/lammin-lukion-ylioppilasjuhla-la-3-6-2023-klo-10-30\\\/#breadcrumb\",\"itemListElement\":[{\"@type\":\"ListItem\",\"position\":1,\"name\":\"Home\",\"item\":\"https:\\\/\\\/www.kktavastia.fi\\\/lukiot-lammi\\\/\"},{\"@type\":\"ListItem\",\"position\":2,\"name\":\"Lammin lukion ylioppilasjuhla la 3.6.2023 klo 10.30\"}]},{\"@type\":\"WebSite\",\"@id\":\"https:\\\/\\\/www.kktavastia.fi\\\/lukiot-lammi\\\/#website\",\"url\":\"https:\\\/\\\/www.kktavastia.fi\\\/lukiot-lammi\\\/\",\"name\":\"Lammin lukio\",\"description\":\"\",\"potentialAction\":[{\"@type\":\"SearchAction\",\"target\":{\"@type\":\"EntryPoint\",\"urlTemplate\":\"https:\\\/\\\/www.kktavastia.fi\\\/lukiot-lammi\\\/?s={search_term_string}\"},\"query-input\":{\"@type\":\"PropertyValueSpecification\",\"valueRequired\":true,\"valueName\":\"search_term_string\"}}],\"inLanguage\":\"fi\"},{\"@type\":\"Person\",\"@id\":\"https:\\\/\\\/www.kktavastia.fi\\\/lukiot-lammi\\\/#\\\/schema\\\/person\\\/bb396a3086f7dc5ae4ca76dd86d014f9\",\"name\":\"Esa K\u00e4hk\u00f6nen\",\"image\":{\"@type\":\"ImageObject\",\"inLanguage\":\"fi\",\"@id\":\"https:\\\/\\\/secure.gravatar.com\\\/avatar\\\/c530995700dc0b23c624680734ea76a1d802b53d19b43d310ed0caf848a0986c?s=96&d=mm&r=g\",\"url\":\"https:\\\/\\\/secure.gravatar.com\\\/avatar\\\/c530995700dc0b23c624680734ea76a1d802b53d19b43d310ed0caf848a0986c?s=96&d=mm&r=g\",\"contentUrl\":\"https:\\\/\\\/secure.gravatar.com\\\/avatar\\\/c530995700dc0b23c624680734ea76a1d802b53d19b43d310ed0caf848a0986c?s=96&d=mm&r=g\",\"caption\":\"Esa K\u00e4hk\u00f6nen\"},\"url\":\"https:\\\/\\\/www.kktavastia.fi\\\/lukiot-lammi\\\/author\\\/esa-kahkonen\\\/\"}]}<\/script>","yoast_head_json":{"title":"Lammin lukion ylioppilasjuhla la 3.6.2023 klo 10.30 - Lammin lukio","robots":{"index":"index","follow":"follow","max-snippet":"max-snippet:-1","max-image-preview":"max-image-preview:large","max-video-preview":"max-video-preview:-1"},"canonical":"https:\/\/www.kktavastia.fi\/lukiot-lammi\/2023\/lammin-lukion-ylioppilasjuhla-la-3-6-2023-klo-10-30\/","og_locale":"fi_FI","og_type":"article","og_title":"Lammin lukion ylioppilasjuhla la 3.6.2023 klo 10.30 - Lammin lukio","og_description":"Lammin lukion ylioppilaita ja lukuvuoden p\u00e4\u00e4tt\u00e4j\u00e4isi\u00e4 juhlitaan lauantaina 3.6.2023 klo 10.30 Lammin liikuntakeskuksen hallissa. Juhlan j\u00e4lkeen ylioppilaista otetaan yhteiskuva liikuntahallissa [&hellip;]","og_url":"https:\/\/www.kktavastia.fi\/lukiot-lammi\/2023\/lammin-lukion-ylioppilasjuhla-la-3-6-2023-klo-10-30\/","og_site_name":"Lammin lukio","article_published_time":"2023-05-25T11:47:35+00:00","article_modified_time":"2023-05-25T11:55:04+00:00","og_image":[{"width":2560,"height":1707,"url":"https:\/\/www.kktavastia.fi\/media\/sites\/7\/ylioppilaslakki-ja-logokansio-3-scaled.jpg","type":"image\/jpeg"}],"author":"Esa K\u00e4hk\u00f6nen","twitter_card":"summary_large_image","schema":{"@context":"https:\/\/schema.org","@graph":[{"@type":"Article","@id":"https:\/\/www.kktavastia.fi\/lukiot-lammi\/2023\/lammin-lukion-ylioppilasjuhla-la-3-6-2023-klo-10-30\/#article","isPartOf":{"@id":"https:\/\/www.kktavastia.fi\/lukiot-lammi\/2023\/lammin-lukion-ylioppilasjuhla-la-3-6-2023-klo-10-30\/"},"author":{"name":"Esa K\u00e4hk\u00f6nen","@id":"https:\/\/www.kktavastia.fi\/lukiot-lammi\/#\/schema\/person\/bb396a3086f7dc5ae4ca76dd86d014f9"},"headline":"Lammin lukion ylioppilasjuhla la 3.6.2023 klo 10.30","datePublished":"2023-05-25T11:47:35+00:00","dateModified":"2023-05-25T11:55:04+00:00","mainEntityOfPage":{"@id":"https:\/\/www.kktavastia.fi\/lukiot-lammi\/2023\/lammin-lukion-ylioppilasjuhla-la-3-6-2023-klo-10-30\/"},"wordCount":52,"image":{"@id":"https:\/\/www.kktavastia.fi\/lukiot-lammi\/2023\/lammin-lukion-ylioppilasjuhla-la-3-6-2023-klo-10-30\/#primaryimage"},"thumbnailUrl":"https:\/\/www.kktavastia.fi\/media\/sites\/7\/ylioppilaslakki-ja-logokansio-3-scaled.jpg","articleSection":["Ajankohtaista"],"inLanguage":"fi"},{"@type":"WebPage","@id":"https:\/\/www.kktavastia.fi\/lukiot-lammi\/2023\/lammin-lukion-ylioppilasjuhla-la-3-6-2023-klo-10-30\/","url":"https:\/\/www.kktavastia.fi\/lukiot-lammi\/2023\/lammin-lukion-ylioppilasjuhla-la-3-6-2023-klo-10-30\/","name":"Lammin lukion ylioppilasjuhla la 3.6.2023 klo 10.30 - Lammin lukio","isPartOf":{"@id":"https:\/\/www.kktavastia.fi\/lukiot-lammi\/#website"},"primaryImageOfPage":{"@id":"https:\/\/www.kktavastia.fi\/lukiot-lammi\/2023\/lammin-lukion-ylioppilasjuhla-la-3-6-2023-klo-10-30\/#primaryimage"},"image":{"@id":"https:\/\/www.kktavastia.fi\/lukiot-lammi\/2023\/lammin-lukion-ylioppilasjuhla-la-3-6-2023-klo-10-30\/#primaryimage"},"thumbnailUrl":"https:\/\/www.kktavastia.fi\/media\/sites\/7\/ylioppilaslakki-ja-logokansio-3-scaled.jpg","datePublished":"2023-05-25T11:47:35+00:00","dateModified":"2023-05-25T11:55:04+00:00","author":{"@id":"https:\/\/www.kktavastia.fi\/lukiot-lammi\/#\/schema\/person\/bb396a3086f7dc5ae4ca76dd86d014f9"},"breadcrumb":{"@id":"https:\/\/www.kktavastia.fi\/lukiot-lammi\/2023\/lammin-lukion-ylioppilasjuhla-la-3-6-2023-klo-10-30\/#breadcrumb"},"inLanguage":"fi","potentialAction":[{"@type":"ReadAction","target":["https:\/\/www.kktavastia.fi\/lukiot-lammi\/2023\/lammin-lukion-ylioppilasjuhla-la-3-6-2023-klo-10-30\/"]}]},{"@type":"ImageObject","inLanguage":"fi","@id":"https:\/\/www.kktavastia.fi\/lukiot-lammi\/2023\/lammin-lukion-ylioppilasjuhla-la-3-6-2023-klo-10-30\/#primaryimage","url":"https:\/\/www.kktavastia.fi\/media\/sites\/7\/ylioppilaslakki-ja-logokansio-3-scaled.jpg","contentUrl":"https:\/\/www.kktavastia.fi\/media\/sites\/7\/ylioppilaslakki-ja-logokansio-3-scaled.jpg","width":2560,"height":1707},{"@type":"BreadcrumbList","@id":"https:\/\/www.kktavastia.fi\/lukiot-lammi\/2023\/lammin-lukion-ylioppilasjuhla-la-3-6-2023-klo-10-30\/#breadcrumb","itemListElement":[{"@type":"ListItem","position":1,"name":"Home","item":"https:\/\/www.kktavastia.fi\/lukiot-lammi\/"},{"@type":"ListItem","position":2,"name":"Lammin lukion ylioppilasjuhla la 3.6.2023 klo 10.30"}]},{"@type":"WebSite","@id":"https:\/\/www.kktavastia.fi\/lukiot-lammi\/#website","url":"https:\/\/www.kktavastia.fi\/lukiot-lammi\/","name":"Lammin lukio","description":"","potentialAction":[{"@type":"SearchAction","target":{"@type":"EntryPoint","urlTemplate":"https:\/\/www.kktavastia.fi\/lukiot-lammi\/?s={search_term_string}"},"query-input":{"@type":"PropertyValueSpecification","valueRequired":true,"valueName":"search_term_string"}}],"inLanguage":"fi"},{"@type":"Person","@id":"https:\/\/www.kktavastia.fi\/lukiot-lammi\/#\/schema\/person\/bb396a3086f7dc5ae4ca76dd86d014f9","name":"Esa K\u00e4hk\u00f6nen","image":{"@type":"ImageObject","inLanguage":"fi","@id":"https:\/\/secure.gravatar.com\/avatar\/c530995700dc0b23c624680734ea76a1d802b53d19b43d310ed0caf848a0986c?s=96&d=mm&r=g","url":"https:\/\/secure.gravatar.com\/avatar\/c530995700dc0b23c624680734ea76a1d802b53d19b43d310ed0caf848a0986c?s=96&d=mm&r=g","contentUrl":"https:\/\/secure.gravatar.com\/avatar\/c530995700dc0b23c624680734ea76a1d802b53d19b43d310ed0caf848a0986c?s=96&d=mm&r=g","caption":"Esa K\u00e4hk\u00f6nen"},"url":"https:\/\/www.kktavastia.fi\/lukiot-lammi\/author\/esa-kahkonen\/"}]}},"_links":{"self":[{"href":"https:\/\/www.kktavastia.fi\/lukiot-lammi\/wp-json\/wp\/v2\/posts\/2025","targetHints":{"allow":["GET"]}}],"collection":[{"href":"https:\/\/www.kktavastia.fi\/lukiot-lammi\/wp-json\/wp\/v2\/posts"}],"about":[{"href":"https:\/\/www.kktavastia.fi\/lukiot-lammi\/wp-json\/wp\/v2\/types\/post"}],"author":[{"embeddable":true,"href":"https:\/\/www.kktavastia.fi\/lukiot-lammi\/wp-json\/wp\/v2\/users\/23"}],"replies":[{"embeddable":true,"href":"https:\/\/www.kktavastia.fi\/lukiot-lammi\/wp-json\/wp\/v2\/comments?post=2025"}],"version-history":[{"count":1,"href":"https:\/\/www.kktavastia.fi\/lukiot-lammi\/wp-json\/wp\/v2\/posts\/2025\/revisions"}],"predecessor-version":[{"id":2026,"href":"https:\/\/www.kktavastia.fi\/lukiot-lammi\/wp-json\/wp\/v2\/posts\/2025\/revisions\/2026"}],"wp:featuredmedia":[{"embeddable":true,"href":"https:\/\/www.kktavastia.fi\/lukiot-lammi\/wp-json\/wp\/v2\/media\/2027"}],"wp:attachment":[{"href":"https:\/\/www.kktavastia.fi\/lukiot-lammi\/wp-json\/wp\/v2\/media?parent=2025"}],"wp:term":[{"taxonomy":"category","embeddable":true,"href":"https:\/\/www.kktavastia.fi\/lukiot-lammi\/wp-json\/wp\/v2\/categories?post=2025"},{"taxonomy":"post_tag","embeddable":true,"href":"https:\/\/www.kktavastia.fi\/lukiot-lammi\/wp-json\/wp\/v2\/tags?post=2025"}],"curies":[{"name":"wp","href":"https:\/\/api.w.org\/{rel}","templated":true}]}}