{"id":1899,"date":"2023-01-20T15:44:47","date_gmt":"2023-01-20T13:44:47","guid":{"rendered":"https:\/\/www.kktavastia.fi\/lukiot-lammi\/?p=1899"},"modified":"2023-02-16T10:21:34","modified_gmt":"2023-02-16T08:21:34","slug":"tutustu-lammin-lukioon-olemme-taalla-sinua-varten","status":"publish","type":"post","link":"https:\/\/www.kktavastia.fi\/lukiot-lammi\/2023\/tutustu-lammin-lukioon-olemme-taalla-sinua-varten\/","title":{"rendered":"Tutustu Lammin lukioon \u2013 olemme t\u00e4\u00e4ll\u00e4 sinua varten!"},"content":{"rendered":"\n<p>Lammin lukion 15.2.2023 j\u00e4rjestetyn esittelyillan tallenne on n\u00e4ht\u00e4viss\u00e4 etusivun linkist\u00e4.<\/p>\n\n\n\n<p>\u2013 Illan aikana haastateltiin tutor-opiskelijoitamme meid\u00e4n pienen lukiomme opiskeluilmapiirist\u00e4, esitell\u00e4 uutta Luonto- ja ymp\u00e4rist\u00f6painotuslinjaa sek\u00e4 yhteisty\u00f6kumppaneitamme. Lis\u00e4ksi esiteltiin lukiomme muita perinteisi\u00e4 tapahtumia. Illan aikana p\u00e4\u00e4si tutustumaan messutyyppisesti lukion opiskelumenetelmiin ja ty\u00f6tapoihin sek\u00e4 opiskelijoiden mahdollisuuksista saada tukea opintohinsa, kertoo opinto-ohjaaja <strong>Raija Markkanen<\/strong>. <\/p>\n\n\n\n<p>Mukana esittelyillassa ja kysymyksiin vastaamassa olivat koulun rehtorit, opettajat, opiskelijoita sek\u00e4 yhteisty\u00f6kumppaneita.\u00a0<br><a href=\"https:\/\/youtube.com\/live\/gBRfDOVORu4?feature=share\">Tallenne t\u00e4st\u00e4 linkist\u00e4.<\/a> <\/p>\n","protected":false},"excerpt":{"rendered":"<p>Lammin lukion 15.2.2023 j\u00e4rjestetyn esittelyillan tallenne on n\u00e4ht\u00e4viss\u00e4 etusivun linkist\u00e4. \u2013 Illan aikana haastateltiin tutor-opiskelijoitamme meid\u00e4n pienen lukiomme opiskeluilmapiirist\u00e4, esitell\u00e4 [&hellip;]<\/p>\n","protected":false},"author":3,"featured_media":1885,"comment_status":"closed","ping_status":"closed","sticky":false,"template":"","format":"standard","meta":{"_acf_changed":false,"_relevanssi_hide_post":"","_relevanssi_hide_content":"","_relevanssi_pin_for_all":"","_relevanssi_pin_keywords":"","_relevanssi_unpin_keywords":"","_relevanssi_related_keywords":"","_relevanssi_related_include_ids":"","_relevanssi_related_exclude_ids":"","_relevanssi_related_no_append":"","_relevanssi_related_not_related":"","_relevanssi_related_posts":"338,919,1560,1354,1109,1639","_relevanssi_noindex_reason":"","footnotes":""},"categories":[3],"tags":[21,7],"class_list":["post-1899","post","type-post","status-publish","format-standard","has-post-thumbnail","hentry","category-ajankohtaista","tag-esittelyilta","tag-yhteishaku"],"acf":[],"yoast_head":"<title>Tutustu Lammin lukioon \u2013 olemme t\u00e4\u00e4ll\u00e4 sinua varten! - Lammin lukio<\/title>\n<meta name=\"robots\" content=\"index, follow, max-snippet:-1, max-image-preview:large, max-video-preview:-1\" \/>\n<link rel=\"canonical\" href=\"https:\/\/www.kktavastia.fi\/lukiot-lammi\/2023\/tutustu-lammin-lukioon-olemme-taalla-sinua-varten\/\" \/>\n<meta property=\"og:locale\" content=\"fi_FI\" \/>\n<meta property=\"og:type\" content=\"article\" \/>\n<meta property=\"og:title\" content=\"Tutustu Lammin lukioon \u2013 olemme t\u00e4\u00e4ll\u00e4 sinua varten! - Lammin lukio\" \/>\n<meta property=\"og:description\" content=\"Lammin lukion 15.2.2023 j\u00e4rjestetyn esittelyillan tallenne on n\u00e4ht\u00e4viss\u00e4 etusivun linkist\u00e4. \u2013 Illan aikana haastateltiin tutor-opiskelijoitamme meid\u00e4n pienen lukiomme opiskeluilmapiirist\u00e4, esitell\u00e4 [&hellip;]\" \/>\n<meta property=\"og:url\" content=\"https:\/\/www.kktavastia.fi\/lukiot-lammi\/2023\/tutustu-lammin-lukioon-olemme-taalla-sinua-varten\/\" \/>\n<meta property=\"og:site_name\" content=\"Lammin lukio\" \/>\n<meta property=\"article:published_time\" content=\"2023-01-20T13:44:47+00:00\" \/>\n<meta property=\"article:modified_time\" content=\"2023-02-16T08:21:34+00:00\" \/>\n<meta property=\"og:image\" content=\"https:\/\/www.kktavastia.fi\/media\/sites\/7\/tytto-lippis-paassa-lammi-kaannetty-scaled.jpg\" \/>\n\t<meta property=\"og:image:width\" content=\"2048\" \/>\n\t<meta property=\"og:image:height\" content=\"1366\" \/>\n\t<meta property=\"og:image:type\" content=\"image\/jpeg\" \/>\n<meta name=\"author\" content=\"jennimanninen\" \/>\n<meta name=\"twitter:card\" content=\"summary_large_image\" \/>\n<script type=\"application\/ld+json\" class=\"yoast-schema-graph\">{\"@context\":\"https:\\\/\\\/schema.org\",\"@graph\":[{\"@type\":\"Article\",\"@id\":\"https:\\\/\\\/www.kktavastia.fi\\\/lukiot-lammi\\\/2023\\\/tutustu-lammin-lukioon-olemme-taalla-sinua-varten\\\/#article\",\"isPartOf\":{\"@id\":\"https:\\\/\\\/www.kktavastia.fi\\\/lukiot-lammi\\\/2023\\\/tutustu-lammin-lukioon-olemme-taalla-sinua-varten\\\/\"},\"author\":{\"name\":\"jennimanninen\",\"@id\":\"https:\\\/\\\/www.kktavastia.fi\\\/lukiot-lammi\\\/#\\\/schema\\\/person\\\/024aefaad0a17654b61e7deb02a467ab\"},\"headline\":\"Tutustu Lammin lukioon \u2013 olemme t\u00e4\u00e4ll\u00e4 sinua varten!\",\"datePublished\":\"2023-01-20T13:44:47+00:00\",\"dateModified\":\"2023-02-16T08:21:34+00:00\",\"mainEntityOfPage\":{\"@id\":\"https:\\\/\\\/www.kktavastia.fi\\\/lukiot-lammi\\\/2023\\\/tutustu-lammin-lukioon-olemme-taalla-sinua-varten\\\/\"},\"wordCount\":84,\"image\":{\"@id\":\"https:\\\/\\\/www.kktavastia.fi\\\/lukiot-lammi\\\/2023\\\/tutustu-lammin-lukioon-olemme-taalla-sinua-varten\\\/#primaryimage\"},\"thumbnailUrl\":\"https:\\\/\\\/www.kktavastia.fi\\\/media\\\/sites\\\/7\\\/tytto-lippis-paassa-lammi-kaannetty-scaled.jpg\",\"keywords\":[\"esittelyilta\",\"yhteishaku\"],\"articleSection\":[\"Ajankohtaista\"],\"inLanguage\":\"fi\"},{\"@type\":\"WebPage\",\"@id\":\"https:\\\/\\\/www.kktavastia.fi\\\/lukiot-lammi\\\/2023\\\/tutustu-lammin-lukioon-olemme-taalla-sinua-varten\\\/\",\"url\":\"https:\\\/\\\/www.kktavastia.fi\\\/lukiot-lammi\\\/2023\\\/tutustu-lammin-lukioon-olemme-taalla-sinua-varten\\\/\",\"name\":\"Tutustu Lammin lukioon \u2013 olemme t\u00e4\u00e4ll\u00e4 sinua varten! - Lammin lukio\",\"isPartOf\":{\"@id\":\"https:\\\/\\\/www.kktavastia.fi\\\/lukiot-lammi\\\/#website\"},\"primaryImageOfPage\":{\"@id\":\"https:\\\/\\\/www.kktavastia.fi\\\/lukiot-lammi\\\/2023\\\/tutustu-lammin-lukioon-olemme-taalla-sinua-varten\\\/#primaryimage\"},\"image\":{\"@id\":\"https:\\\/\\\/www.kktavastia.fi\\\/lukiot-lammi\\\/2023\\\/tutustu-lammin-lukioon-olemme-taalla-sinua-varten\\\/#primaryimage\"},\"thumbnailUrl\":\"https:\\\/\\\/www.kktavastia.fi\\\/media\\\/sites\\\/7\\\/tytto-lippis-paassa-lammi-kaannetty-scaled.jpg\",\"datePublished\":\"2023-01-20T13:44:47+00:00\",\"dateModified\":\"2023-02-16T08:21:34+00:00\",\"author\":{\"@id\":\"https:\\\/\\\/www.kktavastia.fi\\\/lukiot-lammi\\\/#\\\/schema\\\/person\\\/024aefaad0a17654b61e7deb02a467ab\"},\"breadcrumb\":{\"@id\":\"https:\\\/\\\/www.kktavastia.fi\\\/lukiot-lammi\\\/2023\\\/tutustu-lammin-lukioon-olemme-taalla-sinua-varten\\\/#breadcrumb\"},\"inLanguage\":\"fi\",\"potentialAction\":[{\"@type\":\"ReadAction\",\"target\":[\"https:\\\/\\\/www.kktavastia.fi\\\/lukiot-lammi\\\/2023\\\/tutustu-lammin-lukioon-olemme-taalla-sinua-varten\\\/\"]}]},{\"@type\":\"ImageObject\",\"inLanguage\":\"fi\",\"@id\":\"https:\\\/\\\/www.kktavastia.fi\\\/lukiot-lammi\\\/2023\\\/tutustu-lammin-lukioon-olemme-taalla-sinua-varten\\\/#primaryimage\",\"url\":\"https:\\\/\\\/www.kktavastia.fi\\\/media\\\/sites\\\/7\\\/tytto-lippis-paassa-lammi-kaannetty-scaled.jpg\",\"contentUrl\":\"https:\\\/\\\/www.kktavastia.fi\\\/media\\\/sites\\\/7\\\/tytto-lippis-paassa-lammi-kaannetty-scaled.jpg\",\"width\":2048,\"height\":1366,\"caption\":\"1812416506\"},{\"@type\":\"BreadcrumbList\",\"@id\":\"https:\\\/\\\/www.kktavastia.fi\\\/lukiot-lammi\\\/2023\\\/tutustu-lammin-lukioon-olemme-taalla-sinua-varten\\\/#breadcrumb\",\"itemListElement\":[{\"@type\":\"ListItem\",\"position\":1,\"name\":\"Home\",\"item\":\"https:\\\/\\\/www.kktavastia.fi\\\/lukiot-lammi\\\/\"},{\"@type\":\"ListItem\",\"position\":2,\"name\":\"Tutustu Lammin lukioon \u2013 olemme t\u00e4\u00e4ll\u00e4 sinua varten!\"}]},{\"@type\":\"WebSite\",\"@id\":\"https:\\\/\\\/www.kktavastia.fi\\\/lukiot-lammi\\\/#website\",\"url\":\"https:\\\/\\\/www.kktavastia.fi\\\/lukiot-lammi\\\/\",\"name\":\"Lammin lukio\",\"description\":\"\",\"potentialAction\":[{\"@type\":\"SearchAction\",\"target\":{\"@type\":\"EntryPoint\",\"urlTemplate\":\"https:\\\/\\\/www.kktavastia.fi\\\/lukiot-lammi\\\/?s={search_term_string}\"},\"query-input\":{\"@type\":\"PropertyValueSpecification\",\"valueRequired\":true,\"valueName\":\"search_term_string\"}}],\"inLanguage\":\"fi\"},{\"@type\":\"Person\",\"@id\":\"https:\\\/\\\/www.kktavastia.fi\\\/lukiot-lammi\\\/#\\\/schema\\\/person\\\/024aefaad0a17654b61e7deb02a467ab\",\"name\":\"jennimanninen\",\"image\":{\"@type\":\"ImageObject\",\"inLanguage\":\"fi\",\"@id\":\"https:\\\/\\\/secure.gravatar.com\\\/avatar\\\/5457e44008198bb53daa774600a7e8e4246bcac6a14afc3db6e5d007d9dc6f39?s=96&d=mm&r=g\",\"url\":\"https:\\\/\\\/secure.gravatar.com\\\/avatar\\\/5457e44008198bb53daa774600a7e8e4246bcac6a14afc3db6e5d007d9dc6f39?s=96&d=mm&r=g\",\"contentUrl\":\"https:\\\/\\\/secure.gravatar.com\\\/avatar\\\/5457e44008198bb53daa774600a7e8e4246bcac6a14afc3db6e5d007d9dc6f39?s=96&d=mm&r=g\",\"caption\":\"jennimanninen\"},\"url\":\"https:\\\/\\\/www.kktavastia.fi\\\/lukiot-lammi\\\/author\\\/jennimanninen\\\/\"}]}<\/script>","yoast_head_json":{"title":"Tutustu Lammin lukioon \u2013 olemme t\u00e4\u00e4ll\u00e4 sinua varten! - Lammin lukio","robots":{"index":"index","follow":"follow","max-snippet":"max-snippet:-1","max-image-preview":"max-image-preview:large","max-video-preview":"max-video-preview:-1"},"canonical":"https:\/\/www.kktavastia.fi\/lukiot-lammi\/2023\/tutustu-lammin-lukioon-olemme-taalla-sinua-varten\/","og_locale":"fi_FI","og_type":"article","og_title":"Tutustu Lammin lukioon \u2013 olemme t\u00e4\u00e4ll\u00e4 sinua varten! - Lammin lukio","og_description":"Lammin lukion 15.2.2023 j\u00e4rjestetyn esittelyillan tallenne on n\u00e4ht\u00e4viss\u00e4 etusivun linkist\u00e4. \u2013 Illan aikana haastateltiin tutor-opiskelijoitamme meid\u00e4n pienen lukiomme opiskeluilmapiirist\u00e4, esitell\u00e4 [&hellip;]","og_url":"https:\/\/www.kktavastia.fi\/lukiot-lammi\/2023\/tutustu-lammin-lukioon-olemme-taalla-sinua-varten\/","og_site_name":"Lammin lukio","article_published_time":"2023-01-20T13:44:47+00:00","article_modified_time":"2023-02-16T08:21:34+00:00","og_image":[{"width":2048,"height":1366,"url":"https:\/\/www.kktavastia.fi\/media\/sites\/7\/tytto-lippis-paassa-lammi-kaannetty-scaled.jpg","type":"image\/jpeg"}],"author":"jennimanninen","twitter_card":"summary_large_image","schema":{"@context":"https:\/\/schema.org","@graph":[{"@type":"Article","@id":"https:\/\/www.kktavastia.fi\/lukiot-lammi\/2023\/tutustu-lammin-lukioon-olemme-taalla-sinua-varten\/#article","isPartOf":{"@id":"https:\/\/www.kktavastia.fi\/lukiot-lammi\/2023\/tutustu-lammin-lukioon-olemme-taalla-sinua-varten\/"},"author":{"name":"jennimanninen","@id":"https:\/\/www.kktavastia.fi\/lukiot-lammi\/#\/schema\/person\/024aefaad0a17654b61e7deb02a467ab"},"headline":"Tutustu Lammin lukioon \u2013 olemme t\u00e4\u00e4ll\u00e4 sinua varten!","datePublished":"2023-01-20T13:44:47+00:00","dateModified":"2023-02-16T08:21:34+00:00","mainEntityOfPage":{"@id":"https:\/\/www.kktavastia.fi\/lukiot-lammi\/2023\/tutustu-lammin-lukioon-olemme-taalla-sinua-varten\/"},"wordCount":84,"image":{"@id":"https:\/\/www.kktavastia.fi\/lukiot-lammi\/2023\/tutustu-lammin-lukioon-olemme-taalla-sinua-varten\/#primaryimage"},"thumbnailUrl":"https:\/\/www.kktavastia.fi\/media\/sites\/7\/tytto-lippis-paassa-lammi-kaannetty-scaled.jpg","keywords":["esittelyilta","yhteishaku"],"articleSection":["Ajankohtaista"],"inLanguage":"fi"},{"@type":"WebPage","@id":"https:\/\/www.kktavastia.fi\/lukiot-lammi\/2023\/tutustu-lammin-lukioon-olemme-taalla-sinua-varten\/","url":"https:\/\/www.kktavastia.fi\/lukiot-lammi\/2023\/tutustu-lammin-lukioon-olemme-taalla-sinua-varten\/","name":"Tutustu Lammin lukioon \u2013 olemme t\u00e4\u00e4ll\u00e4 sinua varten! - Lammin lukio","isPartOf":{"@id":"https:\/\/www.kktavastia.fi\/lukiot-lammi\/#website"},"primaryImageOfPage":{"@id":"https:\/\/www.kktavastia.fi\/lukiot-lammi\/2023\/tutustu-lammin-lukioon-olemme-taalla-sinua-varten\/#primaryimage"},"image":{"@id":"https:\/\/www.kktavastia.fi\/lukiot-lammi\/2023\/tutustu-lammin-lukioon-olemme-taalla-sinua-varten\/#primaryimage"},"thumbnailUrl":"https:\/\/www.kktavastia.fi\/media\/sites\/7\/tytto-lippis-paassa-lammi-kaannetty-scaled.jpg","datePublished":"2023-01-20T13:44:47+00:00","dateModified":"2023-02-16T08:21:34+00:00","author":{"@id":"https:\/\/www.kktavastia.fi\/lukiot-lammi\/#\/schema\/person\/024aefaad0a17654b61e7deb02a467ab"},"breadcrumb":{"@id":"https:\/\/www.kktavastia.fi\/lukiot-lammi\/2023\/tutustu-lammin-lukioon-olemme-taalla-sinua-varten\/#breadcrumb"},"inLanguage":"fi","potentialAction":[{"@type":"ReadAction","target":["https:\/\/www.kktavastia.fi\/lukiot-lammi\/2023\/tutustu-lammin-lukioon-olemme-taalla-sinua-varten\/"]}]},{"@type":"ImageObject","inLanguage":"fi","@id":"https:\/\/www.kktavastia.fi\/lukiot-lammi\/2023\/tutustu-lammin-lukioon-olemme-taalla-sinua-varten\/#primaryimage","url":"https:\/\/www.kktavastia.fi\/media\/sites\/7\/tytto-lippis-paassa-lammi-kaannetty-scaled.jpg","contentUrl":"https:\/\/www.kktavastia.fi\/media\/sites\/7\/tytto-lippis-paassa-lammi-kaannetty-scaled.jpg","width":2048,"height":1366,"caption":"1812416506"},{"@type":"BreadcrumbList","@id":"https:\/\/www.kktavastia.fi\/lukiot-lammi\/2023\/tutustu-lammin-lukioon-olemme-taalla-sinua-varten\/#breadcrumb","itemListElement":[{"@type":"ListItem","position":1,"name":"Home","item":"https:\/\/www.kktavastia.fi\/lukiot-lammi\/"},{"@type":"ListItem","position":2,"name":"Tutustu Lammin lukioon \u2013 olemme t\u00e4\u00e4ll\u00e4 sinua varten!"}]},{"@type":"WebSite","@id":"https:\/\/www.kktavastia.fi\/lukiot-lammi\/#website","url":"https:\/\/www.kktavastia.fi\/lukiot-lammi\/","name":"Lammin lukio","description":"","potentialAction":[{"@type":"SearchAction","target":{"@type":"EntryPoint","urlTemplate":"https:\/\/www.kktavastia.fi\/lukiot-lammi\/?s={search_term_string}"},"query-input":{"@type":"PropertyValueSpecification","valueRequired":true,"valueName":"search_term_string"}}],"inLanguage":"fi"},{"@type":"Person","@id":"https:\/\/www.kktavastia.fi\/lukiot-lammi\/#\/schema\/person\/024aefaad0a17654b61e7deb02a467ab","name":"jennimanninen","image":{"@type":"ImageObject","inLanguage":"fi","@id":"https:\/\/secure.gravatar.com\/avatar\/5457e44008198bb53daa774600a7e8e4246bcac6a14afc3db6e5d007d9dc6f39?s=96&d=mm&r=g","url":"https:\/\/secure.gravatar.com\/avatar\/5457e44008198bb53daa774600a7e8e4246bcac6a14afc3db6e5d007d9dc6f39?s=96&d=mm&r=g","contentUrl":"https:\/\/secure.gravatar.com\/avatar\/5457e44008198bb53daa774600a7e8e4246bcac6a14afc3db6e5d007d9dc6f39?s=96&d=mm&r=g","caption":"jennimanninen"},"url":"https:\/\/www.kktavastia.fi\/lukiot-lammi\/author\/jennimanninen\/"}]}},"_links":{"self":[{"href":"https:\/\/www.kktavastia.fi\/lukiot-lammi\/wp-json\/wp\/v2\/posts\/1899","targetHints":{"allow":["GET"]}}],"collection":[{"href":"https:\/\/www.kktavastia.fi\/lukiot-lammi\/wp-json\/wp\/v2\/posts"}],"about":[{"href":"https:\/\/www.kktavastia.fi\/lukiot-lammi\/wp-json\/wp\/v2\/types\/post"}],"author":[{"embeddable":true,"href":"https:\/\/www.kktavastia.fi\/lukiot-lammi\/wp-json\/wp\/v2\/users\/3"}],"replies":[{"embeddable":true,"href":"https:\/\/www.kktavastia.fi\/lukiot-lammi\/wp-json\/wp\/v2\/comments?post=1899"}],"version-history":[{"count":5,"href":"https:\/\/www.kktavastia.fi\/lukiot-lammi\/wp-json\/wp\/v2\/posts\/1899\/revisions"}],"predecessor-version":[{"id":1994,"href":"https:\/\/www.kktavastia.fi\/lukiot-lammi\/wp-json\/wp\/v2\/posts\/1899\/revisions\/1994"}],"wp:featuredmedia":[{"embeddable":true,"href":"https:\/\/www.kktavastia.fi\/lukiot-lammi\/wp-json\/wp\/v2\/media\/1885"}],"wp:attachment":[{"href":"https:\/\/www.kktavastia.fi\/lukiot-lammi\/wp-json\/wp\/v2\/media?parent=1899"}],"wp:term":[{"taxonomy":"category","embeddable":true,"href":"https:\/\/www.kktavastia.fi\/lukiot-lammi\/wp-json\/wp\/v2\/categories?post=1899"},{"taxonomy":"post_tag","embeddable":true,"href":"https:\/\/www.kktavastia.fi\/lukiot-lammi\/wp-json\/wp\/v2\/tags?post=1899"}],"curies":[{"name":"wp","href":"https:\/\/api.w.org\/{rel}","templated":true}]}}