{"id":1485,"date":"2021-05-18T11:20:10","date_gmt":"2021-05-18T08:20:10","guid":{"rendered":"https:\/\/www.kktavastia.fi\/lukiot-lammi\/?p=1485"},"modified":"2021-05-18T21:31:08","modified_gmt":"2021-05-18T18:31:08","slug":"lammin-lukion-uudet-ylioppilaat","status":"publish","type":"post","link":"https:\/\/www.kktavastia.fi\/lukiot-lammi\/2021\/lammin-lukion-uudet-ylioppilaat\/","title":{"rendered":"Lammin lukion uudet ylioppilaat"},"content":{"rendered":"\n<p>Kev\u00e4\u00e4n 2021 ylioppilaskirjoitusten tulokset on julkaistu.<\/p>\n\n\n\n<p>Lammin lukion uudet ylioppilaat ovat:<\/p>\n\n\n\n<p>   <\/p>\n\n\n\n<p>Anttila Janika <br>Berg Janne <br>Heinonen Patrik <br>Hel\u00e9n Kia <br>Jaakkola Elli <br>Joutsjoki Roosa <br>Jussila Juhani <br>Kajuutti Kaapo <br>Kauppinen Joona <br>Kiiskinen Alex <br>Kiiskinen Andreas <br>Koivuniemi Lydia <br>Koskinen Annika <br>Laine Pekka<br>Marttila Kaisa<br>M\u00e4kel\u00e4 Emma<br>M\u00e4kel\u00e4 Saara<br>Niemi Pontus<br>Ojantausta Elmeri<br>Olenius Essi<br>Paimela Heta<br>Polso Silja<br>Saksman Aliina<br>Saksman Anni<br>Savolainen Eevi<br>Sepp\u00e4l\u00e4 Rosa-Maria<br>Vesamaa Liisa<br>Vuorinen Karola<br>\u00c7eki\u00e7 Mehmet<\/p>\n\n\n\n<p>Yksi ylioppilas ei halua nime\u00e4\u00e4n julkisuuteen.<\/p>\n\n\n\n<p>Paljon onnea kaikille hienosta suorituksesta!<\/p>\n","protected":false},"excerpt":{"rendered":"<p>Kev\u00e4\u00e4n 2021 ylioppilaskirjoitusten tulokset on julkaistu. Lammin lukion uudet ylioppilaat ovat: Anttila Janika Berg Janne Heinonen Patrik Hel\u00e9n Kia Jaakkola [&hellip;]<\/p>\n","protected":false},"author":6,"featured_media":1486,"comment_status":"closed","ping_status":"closed","sticky":false,"template":"","format":"standard","meta":{"_acf_changed":false,"_relevanssi_hide_post":"","_relevanssi_hide_content":"","_relevanssi_pin_for_all":"","_relevanssi_pin_keywords":"","_relevanssi_unpin_keywords":"","_relevanssi_related_keywords":"","_relevanssi_related_include_ids":"","_relevanssi_related_exclude_ids":"","_relevanssi_related_no_append":"","_relevanssi_related_not_related":"","_relevanssi_related_posts":"1236,1422,1085,1429,1335,1241","_relevanssi_noindex_reason":"","footnotes":""},"categories":[3],"tags":[],"class_list":["post-1485","post","type-post","status-publish","format-standard","has-post-thumbnail","hentry","category-ajankohtaista"],"acf":[],"yoast_head":"<title>Lammin lukion uudet ylioppilaat - Lammin lukio<\/title>\n<meta name=\"robots\" content=\"index, follow, max-snippet:-1, max-image-preview:large, max-video-preview:-1\" \/>\n<link rel=\"canonical\" href=\"https:\/\/www.kktavastia.fi\/lukiot-lammi\/2021\/lammin-lukion-uudet-ylioppilaat\/\" \/>\n<meta property=\"og:locale\" content=\"fi_FI\" \/>\n<meta property=\"og:type\" content=\"article\" \/>\n<meta property=\"og:title\" content=\"Lammin lukion uudet ylioppilaat - Lammin lukio\" \/>\n<meta property=\"og:description\" content=\"Kev\u00e4\u00e4n 2021 ylioppilaskirjoitusten tulokset on julkaistu. Lammin lukion uudet ylioppilaat ovat: Anttila Janika Berg Janne Heinonen Patrik Hel\u00e9n Kia Jaakkola [&hellip;]\" \/>\n<meta property=\"og:url\" content=\"https:\/\/www.kktavastia.fi\/lukiot-lammi\/2021\/lammin-lukion-uudet-ylioppilaat\/\" \/>\n<meta property=\"og:site_name\" content=\"Lammin lukio\" \/>\n<meta property=\"article:published_time\" content=\"2021-05-18T08:20:10+00:00\" \/>\n<meta property=\"article:modified_time\" content=\"2021-05-18T18:31:08+00:00\" \/>\n<meta property=\"og:image\" content=\"https:\/\/www.kktavastia.fi\/media\/sites\/7\/lakki-1-scaled.jpg\" \/>\n\t<meta property=\"og:image:width\" content=\"2048\" \/>\n\t<meta property=\"og:image:height\" content=\"1152\" \/>\n\t<meta property=\"og:image:type\" content=\"image\/jpeg\" \/>\n<meta name=\"author\" content=\"saraseppala\" \/>\n<meta name=\"twitter:card\" content=\"summary_large_image\" \/>\n<script type=\"application\/ld+json\" class=\"yoast-schema-graph\">{\"@context\":\"https:\\\/\\\/schema.org\",\"@graph\":[{\"@type\":\"Article\",\"@id\":\"https:\\\/\\\/www.kktavastia.fi\\\/lukiot-lammi\\\/2021\\\/lammin-lukion-uudet-ylioppilaat\\\/#article\",\"isPartOf\":{\"@id\":\"https:\\\/\\\/www.kktavastia.fi\\\/lukiot-lammi\\\/2021\\\/lammin-lukion-uudet-ylioppilaat\\\/\"},\"author\":{\"name\":\"saraseppala\",\"@id\":\"https:\\\/\\\/www.kktavastia.fi\\\/lukiot-lammi\\\/#\\\/schema\\\/person\\\/817cce3016d2f14b9a7ed273534dcf4d\"},\"headline\":\"Lammin lukion uudet ylioppilaat\",\"datePublished\":\"2021-05-18T08:20:10+00:00\",\"dateModified\":\"2021-05-18T18:31:08+00:00\",\"mainEntityOfPage\":{\"@id\":\"https:\\\/\\\/www.kktavastia.fi\\\/lukiot-lammi\\\/2021\\\/lammin-lukion-uudet-ylioppilaat\\\/\"},\"wordCount\":75,\"image\":{\"@id\":\"https:\\\/\\\/www.kktavastia.fi\\\/lukiot-lammi\\\/2021\\\/lammin-lukion-uudet-ylioppilaat\\\/#primaryimage\"},\"thumbnailUrl\":\"https:\\\/\\\/www.kktavastia.fi\\\/media\\\/sites\\\/7\\\/lakki-1-scaled.jpg\",\"articleSection\":[\"Ajankohtaista\"],\"inLanguage\":\"fi\"},{\"@type\":\"WebPage\",\"@id\":\"https:\\\/\\\/www.kktavastia.fi\\\/lukiot-lammi\\\/2021\\\/lammin-lukion-uudet-ylioppilaat\\\/\",\"url\":\"https:\\\/\\\/www.kktavastia.fi\\\/lukiot-lammi\\\/2021\\\/lammin-lukion-uudet-ylioppilaat\\\/\",\"name\":\"Lammin lukion uudet ylioppilaat - Lammin lukio\",\"isPartOf\":{\"@id\":\"https:\\\/\\\/www.kktavastia.fi\\\/lukiot-lammi\\\/#website\"},\"primaryImageOfPage\":{\"@id\":\"https:\\\/\\\/www.kktavastia.fi\\\/lukiot-lammi\\\/2021\\\/lammin-lukion-uudet-ylioppilaat\\\/#primaryimage\"},\"image\":{\"@id\":\"https:\\\/\\\/www.kktavastia.fi\\\/lukiot-lammi\\\/2021\\\/lammin-lukion-uudet-ylioppilaat\\\/#primaryimage\"},\"thumbnailUrl\":\"https:\\\/\\\/www.kktavastia.fi\\\/media\\\/sites\\\/7\\\/lakki-1-scaled.jpg\",\"datePublished\":\"2021-05-18T08:20:10+00:00\",\"dateModified\":\"2021-05-18T18:31:08+00:00\",\"author\":{\"@id\":\"https:\\\/\\\/www.kktavastia.fi\\\/lukiot-lammi\\\/#\\\/schema\\\/person\\\/817cce3016d2f14b9a7ed273534dcf4d\"},\"breadcrumb\":{\"@id\":\"https:\\\/\\\/www.kktavastia.fi\\\/lukiot-lammi\\\/2021\\\/lammin-lukion-uudet-ylioppilaat\\\/#breadcrumb\"},\"inLanguage\":\"fi\",\"potentialAction\":[{\"@type\":\"ReadAction\",\"target\":[\"https:\\\/\\\/www.kktavastia.fi\\\/lukiot-lammi\\\/2021\\\/lammin-lukion-uudet-ylioppilaat\\\/\"]}]},{\"@type\":\"ImageObject\",\"inLanguage\":\"fi\",\"@id\":\"https:\\\/\\\/www.kktavastia.fi\\\/lukiot-lammi\\\/2021\\\/lammin-lukion-uudet-ylioppilaat\\\/#primaryimage\",\"url\":\"https:\\\/\\\/www.kktavastia.fi\\\/media\\\/sites\\\/7\\\/lakki-1-scaled.jpg\",\"contentUrl\":\"https:\\\/\\\/www.kktavastia.fi\\\/media\\\/sites\\\/7\\\/lakki-1-scaled.jpg\",\"width\":2048,\"height\":1152,\"caption\":\"Ylioppilaslakki syreenin kukkien keskell\u00e4 valkoista taustaa vasten sis\u00e4ll\u00e4.\"},{\"@type\":\"BreadcrumbList\",\"@id\":\"https:\\\/\\\/www.kktavastia.fi\\\/lukiot-lammi\\\/2021\\\/lammin-lukion-uudet-ylioppilaat\\\/#breadcrumb\",\"itemListElement\":[{\"@type\":\"ListItem\",\"position\":1,\"name\":\"Home\",\"item\":\"https:\\\/\\\/www.kktavastia.fi\\\/lukiot-lammi\\\/\"},{\"@type\":\"ListItem\",\"position\":2,\"name\":\"Lammin lukion uudet ylioppilaat\"}]},{\"@type\":\"WebSite\",\"@id\":\"https:\\\/\\\/www.kktavastia.fi\\\/lukiot-lammi\\\/#website\",\"url\":\"https:\\\/\\\/www.kktavastia.fi\\\/lukiot-lammi\\\/\",\"name\":\"Lammin lukio\",\"description\":\"\",\"potentialAction\":[{\"@type\":\"SearchAction\",\"target\":{\"@type\":\"EntryPoint\",\"urlTemplate\":\"https:\\\/\\\/www.kktavastia.fi\\\/lukiot-lammi\\\/?s={search_term_string}\"},\"query-input\":{\"@type\":\"PropertyValueSpecification\",\"valueRequired\":true,\"valueName\":\"search_term_string\"}}],\"inLanguage\":\"fi\"},{\"@type\":\"Person\",\"@id\":\"https:\\\/\\\/www.kktavastia.fi\\\/lukiot-lammi\\\/#\\\/schema\\\/person\\\/817cce3016d2f14b9a7ed273534dcf4d\",\"name\":\"saraseppala\",\"image\":{\"@type\":\"ImageObject\",\"inLanguage\":\"fi\",\"@id\":\"https:\\\/\\\/secure.gravatar.com\\\/avatar\\\/478c9f0d13d5df0e5e3d2ec80a1d93afb10baa5bf0f981b9874b9ad1ff76cafc?s=96&d=mm&r=g\",\"url\":\"https:\\\/\\\/secure.gravatar.com\\\/avatar\\\/478c9f0d13d5df0e5e3d2ec80a1d93afb10baa5bf0f981b9874b9ad1ff76cafc?s=96&d=mm&r=g\",\"contentUrl\":\"https:\\\/\\\/secure.gravatar.com\\\/avatar\\\/478c9f0d13d5df0e5e3d2ec80a1d93afb10baa5bf0f981b9874b9ad1ff76cafc?s=96&d=mm&r=g\",\"caption\":\"saraseppala\"},\"url\":\"https:\\\/\\\/www.kktavastia.fi\\\/lukiot-lammi\\\/author\\\/saraseppala\\\/\"}]}<\/script>","yoast_head_json":{"title":"Lammin lukion uudet ylioppilaat - Lammin lukio","robots":{"index":"index","follow":"follow","max-snippet":"max-snippet:-1","max-image-preview":"max-image-preview:large","max-video-preview":"max-video-preview:-1"},"canonical":"https:\/\/www.kktavastia.fi\/lukiot-lammi\/2021\/lammin-lukion-uudet-ylioppilaat\/","og_locale":"fi_FI","og_type":"article","og_title":"Lammin lukion uudet ylioppilaat - Lammin lukio","og_description":"Kev\u00e4\u00e4n 2021 ylioppilaskirjoitusten tulokset on julkaistu. Lammin lukion uudet ylioppilaat ovat: Anttila Janika Berg Janne Heinonen Patrik Hel\u00e9n Kia Jaakkola [&hellip;]","og_url":"https:\/\/www.kktavastia.fi\/lukiot-lammi\/2021\/lammin-lukion-uudet-ylioppilaat\/","og_site_name":"Lammin lukio","article_published_time":"2021-05-18T08:20:10+00:00","article_modified_time":"2021-05-18T18:31:08+00:00","og_image":[{"width":2048,"height":1152,"url":"https:\/\/www.kktavastia.fi\/media\/sites\/7\/lakki-1-scaled.jpg","type":"image\/jpeg"}],"author":"saraseppala","twitter_card":"summary_large_image","schema":{"@context":"https:\/\/schema.org","@graph":[{"@type":"Article","@id":"https:\/\/www.kktavastia.fi\/lukiot-lammi\/2021\/lammin-lukion-uudet-ylioppilaat\/#article","isPartOf":{"@id":"https:\/\/www.kktavastia.fi\/lukiot-lammi\/2021\/lammin-lukion-uudet-ylioppilaat\/"},"author":{"name":"saraseppala","@id":"https:\/\/www.kktavastia.fi\/lukiot-lammi\/#\/schema\/person\/817cce3016d2f14b9a7ed273534dcf4d"},"headline":"Lammin lukion uudet ylioppilaat","datePublished":"2021-05-18T08:20:10+00:00","dateModified":"2021-05-18T18:31:08+00:00","mainEntityOfPage":{"@id":"https:\/\/www.kktavastia.fi\/lukiot-lammi\/2021\/lammin-lukion-uudet-ylioppilaat\/"},"wordCount":75,"image":{"@id":"https:\/\/www.kktavastia.fi\/lukiot-lammi\/2021\/lammin-lukion-uudet-ylioppilaat\/#primaryimage"},"thumbnailUrl":"https:\/\/www.kktavastia.fi\/media\/sites\/7\/lakki-1-scaled.jpg","articleSection":["Ajankohtaista"],"inLanguage":"fi"},{"@type":"WebPage","@id":"https:\/\/www.kktavastia.fi\/lukiot-lammi\/2021\/lammin-lukion-uudet-ylioppilaat\/","url":"https:\/\/www.kktavastia.fi\/lukiot-lammi\/2021\/lammin-lukion-uudet-ylioppilaat\/","name":"Lammin lukion uudet ylioppilaat - Lammin lukio","isPartOf":{"@id":"https:\/\/www.kktavastia.fi\/lukiot-lammi\/#website"},"primaryImageOfPage":{"@id":"https:\/\/www.kktavastia.fi\/lukiot-lammi\/2021\/lammin-lukion-uudet-ylioppilaat\/#primaryimage"},"image":{"@id":"https:\/\/www.kktavastia.fi\/lukiot-lammi\/2021\/lammin-lukion-uudet-ylioppilaat\/#primaryimage"},"thumbnailUrl":"https:\/\/www.kktavastia.fi\/media\/sites\/7\/lakki-1-scaled.jpg","datePublished":"2021-05-18T08:20:10+00:00","dateModified":"2021-05-18T18:31:08+00:00","author":{"@id":"https:\/\/www.kktavastia.fi\/lukiot-lammi\/#\/schema\/person\/817cce3016d2f14b9a7ed273534dcf4d"},"breadcrumb":{"@id":"https:\/\/www.kktavastia.fi\/lukiot-lammi\/2021\/lammin-lukion-uudet-ylioppilaat\/#breadcrumb"},"inLanguage":"fi","potentialAction":[{"@type":"ReadAction","target":["https:\/\/www.kktavastia.fi\/lukiot-lammi\/2021\/lammin-lukion-uudet-ylioppilaat\/"]}]},{"@type":"ImageObject","inLanguage":"fi","@id":"https:\/\/www.kktavastia.fi\/lukiot-lammi\/2021\/lammin-lukion-uudet-ylioppilaat\/#primaryimage","url":"https:\/\/www.kktavastia.fi\/media\/sites\/7\/lakki-1-scaled.jpg","contentUrl":"https:\/\/www.kktavastia.fi\/media\/sites\/7\/lakki-1-scaled.jpg","width":2048,"height":1152,"caption":"Ylioppilaslakki syreenin kukkien keskell\u00e4 valkoista taustaa vasten sis\u00e4ll\u00e4."},{"@type":"BreadcrumbList","@id":"https:\/\/www.kktavastia.fi\/lukiot-lammi\/2021\/lammin-lukion-uudet-ylioppilaat\/#breadcrumb","itemListElement":[{"@type":"ListItem","position":1,"name":"Home","item":"https:\/\/www.kktavastia.fi\/lukiot-lammi\/"},{"@type":"ListItem","position":2,"name":"Lammin lukion uudet ylioppilaat"}]},{"@type":"WebSite","@id":"https:\/\/www.kktavastia.fi\/lukiot-lammi\/#website","url":"https:\/\/www.kktavastia.fi\/lukiot-lammi\/","name":"Lammin lukio","description":"","potentialAction":[{"@type":"SearchAction","target":{"@type":"EntryPoint","urlTemplate":"https:\/\/www.kktavastia.fi\/lukiot-lammi\/?s={search_term_string}"},"query-input":{"@type":"PropertyValueSpecification","valueRequired":true,"valueName":"search_term_string"}}],"inLanguage":"fi"},{"@type":"Person","@id":"https:\/\/www.kktavastia.fi\/lukiot-lammi\/#\/schema\/person\/817cce3016d2f14b9a7ed273534dcf4d","name":"saraseppala","image":{"@type":"ImageObject","inLanguage":"fi","@id":"https:\/\/secure.gravatar.com\/avatar\/478c9f0d13d5df0e5e3d2ec80a1d93afb10baa5bf0f981b9874b9ad1ff76cafc?s=96&d=mm&r=g","url":"https:\/\/secure.gravatar.com\/avatar\/478c9f0d13d5df0e5e3d2ec80a1d93afb10baa5bf0f981b9874b9ad1ff76cafc?s=96&d=mm&r=g","contentUrl":"https:\/\/secure.gravatar.com\/avatar\/478c9f0d13d5df0e5e3d2ec80a1d93afb10baa5bf0f981b9874b9ad1ff76cafc?s=96&d=mm&r=g","caption":"saraseppala"},"url":"https:\/\/www.kktavastia.fi\/lukiot-lammi\/author\/saraseppala\/"}]}},"_links":{"self":[{"href":"https:\/\/www.kktavastia.fi\/lukiot-lammi\/wp-json\/wp\/v2\/posts\/1485","targetHints":{"allow":["GET"]}}],"collection":[{"href":"https:\/\/www.kktavastia.fi\/lukiot-lammi\/wp-json\/wp\/v2\/posts"}],"about":[{"href":"https:\/\/www.kktavastia.fi\/lukiot-lammi\/wp-json\/wp\/v2\/types\/post"}],"author":[{"embeddable":true,"href":"https:\/\/www.kktavastia.fi\/lukiot-lammi\/wp-json\/wp\/v2\/users\/6"}],"replies":[{"embeddable":true,"href":"https:\/\/www.kktavastia.fi\/lukiot-lammi\/wp-json\/wp\/v2\/comments?post=1485"}],"version-history":[{"count":7,"href":"https:\/\/www.kktavastia.fi\/lukiot-lammi\/wp-json\/wp\/v2\/posts\/1485\/revisions"}],"predecessor-version":[{"id":1496,"href":"https:\/\/www.kktavastia.fi\/lukiot-lammi\/wp-json\/wp\/v2\/posts\/1485\/revisions\/1496"}],"wp:featuredmedia":[{"embeddable":true,"href":"https:\/\/www.kktavastia.fi\/lukiot-lammi\/wp-json\/wp\/v2\/media\/1486"}],"wp:attachment":[{"href":"https:\/\/www.kktavastia.fi\/lukiot-lammi\/wp-json\/wp\/v2\/media?parent=1485"}],"wp:term":[{"taxonomy":"category","embeddable":true,"href":"https:\/\/www.kktavastia.fi\/lukiot-lammi\/wp-json\/wp\/v2\/categories?post=1485"},{"taxonomy":"post_tag","embeddable":true,"href":"https:\/\/www.kktavastia.fi\/lukiot-lammi\/wp-json\/wp\/v2\/tags?post=1485"}],"curies":[{"name":"wp","href":"https:\/\/api.w.org\/{rel}","templated":true}]}}