{"id":1440,"date":"2021-04-19T09:58:27","date_gmt":"2021-04-19T06:58:27","guid":{"rendered":"https:\/\/www.kktavastia.fi\/lukiot-lammi\/?p=1440"},"modified":"2021-04-19T09:58:28","modified_gmt":"2021-04-19T06:58:28","slug":"lammin-lukio-palaa-lahiopetukseen","status":"publish","type":"post","link":"https:\/\/www.kktavastia.fi\/lukiot-lammi\/2021\/lammin-lukio-palaa-lahiopetukseen\/","title":{"rendered":"Lammin lukio palaa l\u00e4hiopetukseen"},"content":{"rendered":"\n<p>Koronatilanne on helpottanut viime viikkoina, ja Kanta-H\u00e4meen pandemiaryhm\u00e4 suosittaakin nyt seudun toisen asteen oppilaitoksia palaamaan l\u00e4hiopetukseen viimeist\u00e4\u00e4n 26. huhtikuuta. Tavastian oppilaitokset palaavat l\u00e4hiopetukseen niin pian kuin se on opetus- ja ruokailuj\u00e4rjestelyjen kannalta mahdollista. H\u00e4meenlinnan lyseon, Kaurialan, Lammin ja Parolan lukiot siirtyv\u00e4t l\u00e4hiopetukseen torstaina 22. huhtikuuta.<\/p>\n\n\n\n<p>Opiskelijoita muistutetaan siit\u00e4, ett\u00e4 l\u00e4hiopetuksessa tulee noudattaa erityisen tarkasti annettuja ohjeita k\u00e4sienpesusta, maskin k\u00e4yt\u00f6st\u00e4 sek\u00e4 turvav\u00e4leist\u00e4. Tavastiassa on k\u00e4yt\u00f6ss\u00e4 t\u00e4ysim\u00e4\u00e4r\u00e4inen maskisuositus sek\u00e4 opiskelijoilla ett\u00e4 henkil\u00f6kunnalla. Maskeja tulee k\u00e4ytt\u00e4\u00e4 sek\u00e4 ulko- ett\u00e4 sis\u00e4tiloissa.<\/p>\n\n\n\n<p>Muilta osin oppilaitoksissa noudatetaan edelleen annettuja rajoituksia. Kaikkia ylim\u00e4\u00e4r\u00e4isi\u00e4 kontakteja ja kokoontumisia tulee siis edelleen v\u00e4ltt\u00e4\u00e4. Et\u00e4ty\u00f6suositus on voimassa 31. toukokuuta asti niille, joiden teht\u00e4v\u00e4ss\u00e4 se on mahdollista.<\/p>\n\n\n\n<p>Penkkarien ja vanhojentanssien j\u00e4rjest\u00e4mist\u00e4 pandemiaryhm\u00e4 ei suosittele toistaiseksi.<\/p>\n","protected":false},"excerpt":{"rendered":"<p>Koronatilanne on helpottanut viime viikkoina, ja Kanta-H\u00e4meen pandemiaryhm\u00e4 suosittaakin nyt seudun toisen asteen oppilaitoksia palaamaan l\u00e4hiopetukseen viimeist\u00e4\u00e4n 26. huhtikuuta. Tavastian [&hellip;]<\/p>\n","protected":false},"author":6,"featured_media":0,"comment_status":"closed","ping_status":"closed","sticky":false,"template":"","format":"standard","meta":{"_acf_changed":false,"_relevanssi_hide_post":"","_relevanssi_hide_content":"","_relevanssi_pin_for_all":"","_relevanssi_pin_keywords":"","_relevanssi_unpin_keywords":"","_relevanssi_related_keywords":"","_relevanssi_related_include_ids":"","_relevanssi_related_exclude_ids":"","_relevanssi_related_no_append":"","_relevanssi_related_not_related":"","_relevanssi_related_posts":"843,1166,1325,616,1258,1085","_relevanssi_noindex_reason":"","footnotes":""},"categories":[3],"tags":[],"class_list":["post-1440","post","type-post","status-publish","format-standard","hentry","category-ajankohtaista"],"acf":[],"yoast_head":"<title>Lammin lukio palaa l\u00e4hiopetukseen - Lammin lukio<\/title>\n<meta name=\"robots\" content=\"index, follow, max-snippet:-1, max-image-preview:large, max-video-preview:-1\" \/>\n<link rel=\"canonical\" href=\"https:\/\/www.kktavastia.fi\/lukiot-lammi\/2021\/lammin-lukio-palaa-lahiopetukseen\/\" \/>\n<meta property=\"og:locale\" content=\"fi_FI\" \/>\n<meta property=\"og:type\" content=\"article\" \/>\n<meta property=\"og:title\" content=\"Lammin lukio palaa l\u00e4hiopetukseen - Lammin lukio\" \/>\n<meta property=\"og:description\" content=\"Koronatilanne on helpottanut viime viikkoina, ja Kanta-H\u00e4meen pandemiaryhm\u00e4 suosittaakin nyt seudun toisen asteen oppilaitoksia palaamaan l\u00e4hiopetukseen viimeist\u00e4\u00e4n 26. huhtikuuta. Tavastian [&hellip;]\" \/>\n<meta property=\"og:url\" content=\"https:\/\/www.kktavastia.fi\/lukiot-lammi\/2021\/lammin-lukio-palaa-lahiopetukseen\/\" \/>\n<meta property=\"og:site_name\" content=\"Lammin lukio\" \/>\n<meta property=\"article:published_time\" content=\"2021-04-19T06:58:27+00:00\" \/>\n<meta property=\"article:modified_time\" content=\"2021-04-19T06:58:28+00:00\" \/>\n<meta property=\"og:image\" content=\"https:\/\/www.kktavastia.fi\/media\/sites\/7\/paluulahiopetus.png\" \/>\n\t<meta property=\"og:image:width\" content=\"1080\" \/>\n\t<meta property=\"og:image:height\" content=\"1080\" \/>\n\t<meta property=\"og:image:type\" content=\"image\/png\" \/>\n<meta name=\"author\" content=\"saraseppala\" \/>\n<meta name=\"twitter:card\" content=\"summary_large_image\" \/>\n<script type=\"application\/ld+json\" class=\"yoast-schema-graph\">{\"@context\":\"https:\\\/\\\/schema.org\",\"@graph\":[{\"@type\":\"Article\",\"@id\":\"https:\\\/\\\/www.kktavastia.fi\\\/lukiot-lammi\\\/2021\\\/lammin-lukio-palaa-lahiopetukseen\\\/#article\",\"isPartOf\":{\"@id\":\"https:\\\/\\\/www.kktavastia.fi\\\/lukiot-lammi\\\/2021\\\/lammin-lukio-palaa-lahiopetukseen\\\/\"},\"author\":{\"name\":\"saraseppala\",\"@id\":\"https:\\\/\\\/www.kktavastia.fi\\\/lukiot-lammi\\\/#\\\/schema\\\/person\\\/817cce3016d2f14b9a7ed273534dcf4d\"},\"headline\":\"Lammin lukio palaa l\u00e4hiopetukseen\",\"datePublished\":\"2021-04-19T06:58:27+00:00\",\"dateModified\":\"2021-04-19T06:58:28+00:00\",\"mainEntityOfPage\":{\"@id\":\"https:\\\/\\\/www.kktavastia.fi\\\/lukiot-lammi\\\/2021\\\/lammin-lukio-palaa-lahiopetukseen\\\/\"},\"wordCount\":145,\"articleSection\":[\"Ajankohtaista\"],\"inLanguage\":\"fi\"},{\"@type\":\"WebPage\",\"@id\":\"https:\\\/\\\/www.kktavastia.fi\\\/lukiot-lammi\\\/2021\\\/lammin-lukio-palaa-lahiopetukseen\\\/\",\"url\":\"https:\\\/\\\/www.kktavastia.fi\\\/lukiot-lammi\\\/2021\\\/lammin-lukio-palaa-lahiopetukseen\\\/\",\"name\":\"Lammin lukio palaa l\u00e4hiopetukseen - Lammin lukio\",\"isPartOf\":{\"@id\":\"https:\\\/\\\/www.kktavastia.fi\\\/lukiot-lammi\\\/#website\"},\"datePublished\":\"2021-04-19T06:58:27+00:00\",\"dateModified\":\"2021-04-19T06:58:28+00:00\",\"author\":{\"@id\":\"https:\\\/\\\/www.kktavastia.fi\\\/lukiot-lammi\\\/#\\\/schema\\\/person\\\/817cce3016d2f14b9a7ed273534dcf4d\"},\"breadcrumb\":{\"@id\":\"https:\\\/\\\/www.kktavastia.fi\\\/lukiot-lammi\\\/2021\\\/lammin-lukio-palaa-lahiopetukseen\\\/#breadcrumb\"},\"inLanguage\":\"fi\",\"potentialAction\":[{\"@type\":\"ReadAction\",\"target\":[\"https:\\\/\\\/www.kktavastia.fi\\\/lukiot-lammi\\\/2021\\\/lammin-lukio-palaa-lahiopetukseen\\\/\"]}]},{\"@type\":\"BreadcrumbList\",\"@id\":\"https:\\\/\\\/www.kktavastia.fi\\\/lukiot-lammi\\\/2021\\\/lammin-lukio-palaa-lahiopetukseen\\\/#breadcrumb\",\"itemListElement\":[{\"@type\":\"ListItem\",\"position\":1,\"name\":\"Home\",\"item\":\"https:\\\/\\\/www.kktavastia.fi\\\/lukiot-lammi\\\/\"},{\"@type\":\"ListItem\",\"position\":2,\"name\":\"Lammin lukio palaa l\u00e4hiopetukseen\"}]},{\"@type\":\"WebSite\",\"@id\":\"https:\\\/\\\/www.kktavastia.fi\\\/lukiot-lammi\\\/#website\",\"url\":\"https:\\\/\\\/www.kktavastia.fi\\\/lukiot-lammi\\\/\",\"name\":\"Lammin lukio\",\"description\":\"\",\"potentialAction\":[{\"@type\":\"SearchAction\",\"target\":{\"@type\":\"EntryPoint\",\"urlTemplate\":\"https:\\\/\\\/www.kktavastia.fi\\\/lukiot-lammi\\\/?s={search_term_string}\"},\"query-input\":{\"@type\":\"PropertyValueSpecification\",\"valueRequired\":true,\"valueName\":\"search_term_string\"}}],\"inLanguage\":\"fi\"},{\"@type\":\"Person\",\"@id\":\"https:\\\/\\\/www.kktavastia.fi\\\/lukiot-lammi\\\/#\\\/schema\\\/person\\\/817cce3016d2f14b9a7ed273534dcf4d\",\"name\":\"saraseppala\",\"image\":{\"@type\":\"ImageObject\",\"inLanguage\":\"fi\",\"@id\":\"https:\\\/\\\/secure.gravatar.com\\\/avatar\\\/478c9f0d13d5df0e5e3d2ec80a1d93afb10baa5bf0f981b9874b9ad1ff76cafc?s=96&d=mm&r=g\",\"url\":\"https:\\\/\\\/secure.gravatar.com\\\/avatar\\\/478c9f0d13d5df0e5e3d2ec80a1d93afb10baa5bf0f981b9874b9ad1ff76cafc?s=96&d=mm&r=g\",\"contentUrl\":\"https:\\\/\\\/secure.gravatar.com\\\/avatar\\\/478c9f0d13d5df0e5e3d2ec80a1d93afb10baa5bf0f981b9874b9ad1ff76cafc?s=96&d=mm&r=g\",\"caption\":\"saraseppala\"},\"url\":\"https:\\\/\\\/www.kktavastia.fi\\\/lukiot-lammi\\\/author\\\/saraseppala\\\/\"}]}<\/script>","yoast_head_json":{"title":"Lammin lukio palaa l\u00e4hiopetukseen - Lammin lukio","robots":{"index":"index","follow":"follow","max-snippet":"max-snippet:-1","max-image-preview":"max-image-preview:large","max-video-preview":"max-video-preview:-1"},"canonical":"https:\/\/www.kktavastia.fi\/lukiot-lammi\/2021\/lammin-lukio-palaa-lahiopetukseen\/","og_locale":"fi_FI","og_type":"article","og_title":"Lammin lukio palaa l\u00e4hiopetukseen - Lammin lukio","og_description":"Koronatilanne on helpottanut viime viikkoina, ja Kanta-H\u00e4meen pandemiaryhm\u00e4 suosittaakin nyt seudun toisen asteen oppilaitoksia palaamaan l\u00e4hiopetukseen viimeist\u00e4\u00e4n 26. huhtikuuta. Tavastian [&hellip;]","og_url":"https:\/\/www.kktavastia.fi\/lukiot-lammi\/2021\/lammin-lukio-palaa-lahiopetukseen\/","og_site_name":"Lammin lukio","article_published_time":"2021-04-19T06:58:27+00:00","article_modified_time":"2021-04-19T06:58:28+00:00","og_image":[{"width":1080,"height":1080,"url":"https:\/\/www.kktavastia.fi\/media\/sites\/7\/paluulahiopetus.png","type":"image\/png"}],"author":"saraseppala","twitter_card":"summary_large_image","schema":{"@context":"https:\/\/schema.org","@graph":[{"@type":"Article","@id":"https:\/\/www.kktavastia.fi\/lukiot-lammi\/2021\/lammin-lukio-palaa-lahiopetukseen\/#article","isPartOf":{"@id":"https:\/\/www.kktavastia.fi\/lukiot-lammi\/2021\/lammin-lukio-palaa-lahiopetukseen\/"},"author":{"name":"saraseppala","@id":"https:\/\/www.kktavastia.fi\/lukiot-lammi\/#\/schema\/person\/817cce3016d2f14b9a7ed273534dcf4d"},"headline":"Lammin lukio palaa l\u00e4hiopetukseen","datePublished":"2021-04-19T06:58:27+00:00","dateModified":"2021-04-19T06:58:28+00:00","mainEntityOfPage":{"@id":"https:\/\/www.kktavastia.fi\/lukiot-lammi\/2021\/lammin-lukio-palaa-lahiopetukseen\/"},"wordCount":145,"articleSection":["Ajankohtaista"],"inLanguage":"fi"},{"@type":"WebPage","@id":"https:\/\/www.kktavastia.fi\/lukiot-lammi\/2021\/lammin-lukio-palaa-lahiopetukseen\/","url":"https:\/\/www.kktavastia.fi\/lukiot-lammi\/2021\/lammin-lukio-palaa-lahiopetukseen\/","name":"Lammin lukio palaa l\u00e4hiopetukseen - Lammin lukio","isPartOf":{"@id":"https:\/\/www.kktavastia.fi\/lukiot-lammi\/#website"},"datePublished":"2021-04-19T06:58:27+00:00","dateModified":"2021-04-19T06:58:28+00:00","author":{"@id":"https:\/\/www.kktavastia.fi\/lukiot-lammi\/#\/schema\/person\/817cce3016d2f14b9a7ed273534dcf4d"},"breadcrumb":{"@id":"https:\/\/www.kktavastia.fi\/lukiot-lammi\/2021\/lammin-lukio-palaa-lahiopetukseen\/#breadcrumb"},"inLanguage":"fi","potentialAction":[{"@type":"ReadAction","target":["https:\/\/www.kktavastia.fi\/lukiot-lammi\/2021\/lammin-lukio-palaa-lahiopetukseen\/"]}]},{"@type":"BreadcrumbList","@id":"https:\/\/www.kktavastia.fi\/lukiot-lammi\/2021\/lammin-lukio-palaa-lahiopetukseen\/#breadcrumb","itemListElement":[{"@type":"ListItem","position":1,"name":"Home","item":"https:\/\/www.kktavastia.fi\/lukiot-lammi\/"},{"@type":"ListItem","position":2,"name":"Lammin lukio palaa l\u00e4hiopetukseen"}]},{"@type":"WebSite","@id":"https:\/\/www.kktavastia.fi\/lukiot-lammi\/#website","url":"https:\/\/www.kktavastia.fi\/lukiot-lammi\/","name":"Lammin lukio","description":"","potentialAction":[{"@type":"SearchAction","target":{"@type":"EntryPoint","urlTemplate":"https:\/\/www.kktavastia.fi\/lukiot-lammi\/?s={search_term_string}"},"query-input":{"@type":"PropertyValueSpecification","valueRequired":true,"valueName":"search_term_string"}}],"inLanguage":"fi"},{"@type":"Person","@id":"https:\/\/www.kktavastia.fi\/lukiot-lammi\/#\/schema\/person\/817cce3016d2f14b9a7ed273534dcf4d","name":"saraseppala","image":{"@type":"ImageObject","inLanguage":"fi","@id":"https:\/\/secure.gravatar.com\/avatar\/478c9f0d13d5df0e5e3d2ec80a1d93afb10baa5bf0f981b9874b9ad1ff76cafc?s=96&d=mm&r=g","url":"https:\/\/secure.gravatar.com\/avatar\/478c9f0d13d5df0e5e3d2ec80a1d93afb10baa5bf0f981b9874b9ad1ff76cafc?s=96&d=mm&r=g","contentUrl":"https:\/\/secure.gravatar.com\/avatar\/478c9f0d13d5df0e5e3d2ec80a1d93afb10baa5bf0f981b9874b9ad1ff76cafc?s=96&d=mm&r=g","caption":"saraseppala"},"url":"https:\/\/www.kktavastia.fi\/lukiot-lammi\/author\/saraseppala\/"}]}},"_links":{"self":[{"href":"https:\/\/www.kktavastia.fi\/lukiot-lammi\/wp-json\/wp\/v2\/posts\/1440","targetHints":{"allow":["GET"]}}],"collection":[{"href":"https:\/\/www.kktavastia.fi\/lukiot-lammi\/wp-json\/wp\/v2\/posts"}],"about":[{"href":"https:\/\/www.kktavastia.fi\/lukiot-lammi\/wp-json\/wp\/v2\/types\/post"}],"author":[{"embeddable":true,"href":"https:\/\/www.kktavastia.fi\/lukiot-lammi\/wp-json\/wp\/v2\/users\/6"}],"replies":[{"embeddable":true,"href":"https:\/\/www.kktavastia.fi\/lukiot-lammi\/wp-json\/wp\/v2\/comments?post=1440"}],"version-history":[{"count":1,"href":"https:\/\/www.kktavastia.fi\/lukiot-lammi\/wp-json\/wp\/v2\/posts\/1440\/revisions"}],"predecessor-version":[{"id":1442,"href":"https:\/\/www.kktavastia.fi\/lukiot-lammi\/wp-json\/wp\/v2\/posts\/1440\/revisions\/1442"}],"wp:attachment":[{"href":"https:\/\/www.kktavastia.fi\/lukiot-lammi\/wp-json\/wp\/v2\/media?parent=1440"}],"wp:term":[{"taxonomy":"category","embeddable":true,"href":"https:\/\/www.kktavastia.fi\/lukiot-lammi\/wp-json\/wp\/v2\/categories?post=1440"},{"taxonomy":"post_tag","embeddable":true,"href":"https:\/\/www.kktavastia.fi\/lukiot-lammi\/wp-json\/wp\/v2\/tags?post=1440"}],"curies":[{"name":"wp","href":"https:\/\/api.w.org\/{rel}","templated":true}]}}