{"id":1241,"date":"2020-03-06T19:15:35","date_gmt":"2020-03-06T17:15:35","guid":{"rendered":"https:\/\/www.kktavastia.fi\/lammin-lukio\/?p=1241"},"modified":"2020-03-06T19:15:35","modified_gmt":"2020-03-06T17:15:35","slug":"pallo-jalkaan-lammin-lukion-musikaali-6-9-5-2020","status":"publish","type":"post","link":"https:\/\/www.kktavastia.fi\/lukiot-lammi\/2020\/pallo-jalkaan-lammin-lukion-musikaali-6-9-5-2020\/","title":{"rendered":"Pallo jalkaan &#8211; Lammin lukion musikaali 6.-9.5.2020"},"content":{"rendered":"<p><a href=\"https:\/\/www.kktavastia.fi\/media\/sites\/7\/lammin-lukion-musikaali-2020.jpg\"><img loading=\"lazy\" decoding=\"async\" class=\"alignright wp-image-1242 size-medium\" src=\"https:\/\/www.kktavastia.fi\/media\/sites\/7\/lammin-lukion-musikaali-2020-300x300.jpg\" alt=\"Lammin lukion musikaali 2020\" width=\"300\" height=\"300\" srcset=\"https:\/\/www.kktavastia.fi\/media\/sites\/7\/lammin-lukion-musikaali-2020-300x300.jpg 300w, https:\/\/www.kktavastia.fi\/media\/sites\/7\/lammin-lukion-musikaali-2020-1024x1024.jpg 1024w, https:\/\/www.kktavastia.fi\/media\/sites\/7\/lammin-lukion-musikaali-2020-150x150.jpg 150w, https:\/\/www.kktavastia.fi\/media\/sites\/7\/lammin-lukion-musikaali-2020-768x768.jpg 768w, https:\/\/www.kktavastia.fi\/media\/sites\/7\/lammin-lukion-musikaali-2020-20x20.jpg 20w, https:\/\/www.kktavastia.fi\/media\/sites\/7\/lammin-lukion-musikaali-2020.jpg 1080w\" sizes=\"auto, (max-width: 300px) 100vw, 300px\" \/><\/a><\/p>\n<h4>Musikaali perutaan kev\u00e4\u00e4lt\u00e4 2020<\/h4>\n<p>Koulutuskuntayhtym\u00e4 Tavastia on julkaissut 12.3.2020 opiskelijoille ja huoltajille tiedotteen <em>Tavastian ohjeita opiskelijalle ja huoltajalle koronaviruksen levi\u00e4misen hillitsemiseksi<\/em>. Tiedotteessa ohjeistetaan:<\/p>\n<p>&#8221;Tavastiassa kaikkien tilaisuuksien ja tapahtumien j\u00e4rjest\u00e4minen sek\u00e4 osallistuminen niihin on peruttu toistaiseksi. T\u00e4m\u00e4 koskee kaikkia Tavastian yksik\u00f6it\u00e4, niiden ty\u00f6ntekij\u00f6it\u00e4 ja opiskelijoita. Tarkkaa aikarajaa rajoitukselle emme pysty antamaan, mutta (tilaisuuksien ja tapahtumien) siirt\u00e4minen syksyyn on todenn\u00e4k\u00f6ist\u00e4.&#8221;<\/p>\n<p>Koulutuskuntayhtym\u00e4 Tavastian ohjeistuksen mukaisesti Lammin lukion musikaali perutaan kev\u00e4\u00e4lt\u00e4 2020 ja siirret\u00e4\u00e4n mahdollisuuksien mukaan syyslukukaudelle 2020. Todenn\u00e4k\u00f6inen j\u00e4rjest\u00e4misajankohta on lokakuussa syysloman j\u00e4lkeen.<\/p>\n<p>Lammin lukiossa musikaali on toteutettu vuodesta 1986 alkaen. T\u00e4n\u00e4 vuonna vuorossa on 34. musikaali, ja musikaali on nimelt\u00e4\u00e4n <em>Pallo jalkaan<\/em>. Musikaalin\u00e4yt\u00f6ksi\u00e4 j\u00e4rjestet\u00e4\u00e4n nelj\u00e4n\u00e4 iltana viikossa, ja yleis\u00f6m\u00e4\u00e4r\u00e4 vaihtelee vuosittain noin 1\u00a0000 \u2013 1 400 osallistujan v\u00e4lill\u00e4. Musikaali on merkitt\u00e4v\u00e4 vetovoimatekij\u00e4 ja erityispiirre Lammin lukiossa. Lammin pit\u00e4j\u00e4ss\u00e4 lukion musikaali on puolestaan er\u00e4s merkitt\u00e4vimmist\u00e4 vuotuisista kulttuuritapahtumista.<\/p>\n<p>Esa K\u00e4hk\u00f6nen, rehtori<\/p>\n<p>&nbsp;<\/p>\n<p>Lammin lukion musikaali on t\u00e4n\u00e4 vuonna nimelt\u00e4\u00e4n <em>Pallo jalkaan<\/em>.<\/p>\n<p>Musikaali esitet\u00e4\u00e4n nelj\u00e4n\u00e4 iltana ke 6.5. &#8211; la 9.5.2020 klo 19 alkaen Lammin liikuntakeskuksen liikuntahallissa (Lamminraitti 37, 19600 Lammi).<\/p>\n<p>Lippujen hinnat ennakkoon ostettuna:<\/p>\n<ul>\n<li>8 \u20ac lapset (alle 16-vuotiaat)<\/li>\n<li>10 \u20ac opiskelijat, el\u00e4kel\u00e4iset, varusmiehet<\/li>\n<li>12 \u20ac aikuiset<\/li>\n<\/ul>\n<p>Lippujen hinnat ovelta ostettuna:<\/p>\n<ul>\n<li>11 \u20ac lapset (alle 16-vuotiaat)<\/li>\n<li>13 \u20ac opiskelijat, el\u00e4kel\u00e4iset, varusmiehet<\/li>\n<li>15 \u20ac aikuiset<\/li>\n<\/ul>\n<p>Tervetuloa Lammin lukion musikaaliin!<\/p>\n","protected":false},"excerpt":{"rendered":"<p>Musikaali perutaan kev\u00e4\u00e4lt\u00e4 2020 Koulutuskuntayhtym\u00e4 Tavastia on julkaissut 12.3.2020 opiskelijoille ja huoltajille tiedotteen Tavastian ohjeita opiskelijalle ja huoltajalle koronaviruksen levi\u00e4misen [&hellip;]<\/p>\n","protected":false},"author":23,"featured_media":1266,"comment_status":"closed","ping_status":"closed","sticky":false,"template":"","format":"standard","meta":{"_acf_changed":false,"_relevanssi_hide_post":"","_relevanssi_hide_content":"","_relevanssi_pin_for_all":"","_relevanssi_pin_keywords":"","_relevanssi_unpin_keywords":"","_relevanssi_related_keywords":"","_relevanssi_related_include_ids":"","_relevanssi_related_exclude_ids":"","_relevanssi_related_no_append":"","_relevanssi_related_not_related":"","_relevanssi_related_posts":"","_relevanssi_noindex_reason":"","footnotes":""},"categories":[3],"tags":[],"class_list":["post-1241","post","type-post","status-publish","format-standard","has-post-thumbnail","hentry","category-ajankohtaista"],"acf":[],"yoast_head":"<title>Pallo jalkaan - Lammin lukion musikaali 6.-9.5.2020 - Lammin lukio<\/title>\n<meta name=\"robots\" content=\"index, follow, max-snippet:-1, max-image-preview:large, max-video-preview:-1\" \/>\n<link rel=\"canonical\" href=\"https:\/\/www.kktavastia.fi\/lukiot-lammi\/2020\/pallo-jalkaan-lammin-lukion-musikaali-6-9-5-2020\/\" \/>\n<meta property=\"og:locale\" content=\"fi_FI\" \/>\n<meta property=\"og:type\" content=\"article\" \/>\n<meta property=\"og:title\" content=\"Pallo jalkaan - Lammin lukion musikaali 6.-9.5.2020 - Lammin lukio\" \/>\n<meta property=\"og:description\" content=\"Musikaali perutaan kev\u00e4\u00e4lt\u00e4 2020 Koulutuskuntayhtym\u00e4 Tavastia on julkaissut 12.3.2020 opiskelijoille ja huoltajille tiedotteen Tavastian ohjeita opiskelijalle ja huoltajalle koronaviruksen levi\u00e4misen [&hellip;]\" \/>\n<meta property=\"og:url\" content=\"https:\/\/www.kktavastia.fi\/lukiot-lammi\/2020\/pallo-jalkaan-lammin-lukion-musikaali-6-9-5-2020\/\" \/>\n<meta property=\"og:site_name\" content=\"Lammin lukio\" \/>\n<meta property=\"article:published_time\" content=\"2020-03-06T17:15:35+00:00\" \/>\n<meta property=\"og:image\" content=\"https:\/\/www.kktavastia.fi\/media\/sites\/7\/pallo-jalkaan.jpg\" \/>\n\t<meta property=\"og:image:width\" content=\"400\" \/>\n\t<meta property=\"og:image:height\" content=\"343\" \/>\n\t<meta property=\"og:image:type\" content=\"image\/jpeg\" \/>\n<meta name=\"author\" content=\"Esa K\u00e4hk\u00f6nen\" \/>\n<meta name=\"twitter:card\" content=\"summary_large_image\" \/>\n<script type=\"application\/ld+json\" class=\"yoast-schema-graph\">{\"@context\":\"https:\\\/\\\/schema.org\",\"@graph\":[{\"@type\":\"Article\",\"@id\":\"https:\\\/\\\/www.kktavastia.fi\\\/lukiot-lammi\\\/2020\\\/pallo-jalkaan-lammin-lukion-musikaali-6-9-5-2020\\\/#article\",\"isPartOf\":{\"@id\":\"https:\\\/\\\/www.kktavastia.fi\\\/lukiot-lammi\\\/2020\\\/pallo-jalkaan-lammin-lukion-musikaali-6-9-5-2020\\\/\"},\"author\":{\"name\":\"Esa K\u00e4hk\u00f6nen\",\"@id\":\"https:\\\/\\\/www.kktavastia.fi\\\/lukiot-lammi\\\/#\\\/schema\\\/person\\\/bb396a3086f7dc5ae4ca76dd86d014f9\"},\"headline\":\"Pallo jalkaan &#8211; Lammin lukion musikaali 6.-9.5.2020\",\"datePublished\":\"2020-03-06T17:15:35+00:00\",\"mainEntityOfPage\":{\"@id\":\"https:\\\/\\\/www.kktavastia.fi\\\/lukiot-lammi\\\/2020\\\/pallo-jalkaan-lammin-lukion-musikaali-6-9-5-2020\\\/\"},\"wordCount\":227,\"image\":{\"@id\":\"https:\\\/\\\/www.kktavastia.fi\\\/lukiot-lammi\\\/2020\\\/pallo-jalkaan-lammin-lukion-musikaali-6-9-5-2020\\\/#primaryimage\"},\"thumbnailUrl\":\"https:\\\/\\\/www.kktavastia.fi\\\/media\\\/sites\\\/7\\\/pallo-jalkaan.jpg\",\"articleSection\":[\"Ajankohtaista\"],\"inLanguage\":\"fi\"},{\"@type\":\"WebPage\",\"@id\":\"https:\\\/\\\/www.kktavastia.fi\\\/lukiot-lammi\\\/2020\\\/pallo-jalkaan-lammin-lukion-musikaali-6-9-5-2020\\\/\",\"url\":\"https:\\\/\\\/www.kktavastia.fi\\\/lukiot-lammi\\\/2020\\\/pallo-jalkaan-lammin-lukion-musikaali-6-9-5-2020\\\/\",\"name\":\"Pallo jalkaan - Lammin lukion musikaali 6.-9.5.2020 - Lammin lukio\",\"isPartOf\":{\"@id\":\"https:\\\/\\\/www.kktavastia.fi\\\/lukiot-lammi\\\/#website\"},\"primaryImageOfPage\":{\"@id\":\"https:\\\/\\\/www.kktavastia.fi\\\/lukiot-lammi\\\/2020\\\/pallo-jalkaan-lammin-lukion-musikaali-6-9-5-2020\\\/#primaryimage\"},\"image\":{\"@id\":\"https:\\\/\\\/www.kktavastia.fi\\\/lukiot-lammi\\\/2020\\\/pallo-jalkaan-lammin-lukion-musikaali-6-9-5-2020\\\/#primaryimage\"},\"thumbnailUrl\":\"https:\\\/\\\/www.kktavastia.fi\\\/media\\\/sites\\\/7\\\/pallo-jalkaan.jpg\",\"datePublished\":\"2020-03-06T17:15:35+00:00\",\"author\":{\"@id\":\"https:\\\/\\\/www.kktavastia.fi\\\/lukiot-lammi\\\/#\\\/schema\\\/person\\\/bb396a3086f7dc5ae4ca76dd86d014f9\"},\"breadcrumb\":{\"@id\":\"https:\\\/\\\/www.kktavastia.fi\\\/lukiot-lammi\\\/2020\\\/pallo-jalkaan-lammin-lukion-musikaali-6-9-5-2020\\\/#breadcrumb\"},\"inLanguage\":\"fi\",\"potentialAction\":[{\"@type\":\"ReadAction\",\"target\":[\"https:\\\/\\\/www.kktavastia.fi\\\/lukiot-lammi\\\/2020\\\/pallo-jalkaan-lammin-lukion-musikaali-6-9-5-2020\\\/\"]}]},{\"@type\":\"ImageObject\",\"inLanguage\":\"fi\",\"@id\":\"https:\\\/\\\/www.kktavastia.fi\\\/lukiot-lammi\\\/2020\\\/pallo-jalkaan-lammin-lukion-musikaali-6-9-5-2020\\\/#primaryimage\",\"url\":\"https:\\\/\\\/www.kktavastia.fi\\\/media\\\/sites\\\/7\\\/pallo-jalkaan.jpg\",\"contentUrl\":\"https:\\\/\\\/www.kktavastia.fi\\\/media\\\/sites\\\/7\\\/pallo-jalkaan.jpg\",\"width\":400,\"height\":343},{\"@type\":\"BreadcrumbList\",\"@id\":\"https:\\\/\\\/www.kktavastia.fi\\\/lukiot-lammi\\\/2020\\\/pallo-jalkaan-lammin-lukion-musikaali-6-9-5-2020\\\/#breadcrumb\",\"itemListElement\":[{\"@type\":\"ListItem\",\"position\":1,\"name\":\"Home\",\"item\":\"https:\\\/\\\/www.kktavastia.fi\\\/lukiot-lammi\\\/\"},{\"@type\":\"ListItem\",\"position\":2,\"name\":\"Pallo jalkaan &#8211; Lammin lukion musikaali 6.-9.5.2020\"}]},{\"@type\":\"WebSite\",\"@id\":\"https:\\\/\\\/www.kktavastia.fi\\\/lukiot-lammi\\\/#website\",\"url\":\"https:\\\/\\\/www.kktavastia.fi\\\/lukiot-lammi\\\/\",\"name\":\"Lammin lukio\",\"description\":\"\",\"potentialAction\":[{\"@type\":\"SearchAction\",\"target\":{\"@type\":\"EntryPoint\",\"urlTemplate\":\"https:\\\/\\\/www.kktavastia.fi\\\/lukiot-lammi\\\/?s={search_term_string}\"},\"query-input\":{\"@type\":\"PropertyValueSpecification\",\"valueRequired\":true,\"valueName\":\"search_term_string\"}}],\"inLanguage\":\"fi\"},{\"@type\":\"Person\",\"@id\":\"https:\\\/\\\/www.kktavastia.fi\\\/lukiot-lammi\\\/#\\\/schema\\\/person\\\/bb396a3086f7dc5ae4ca76dd86d014f9\",\"name\":\"Esa K\u00e4hk\u00f6nen\",\"image\":{\"@type\":\"ImageObject\",\"inLanguage\":\"fi\",\"@id\":\"https:\\\/\\\/secure.gravatar.com\\\/avatar\\\/c530995700dc0b23c624680734ea76a1d802b53d19b43d310ed0caf848a0986c?s=96&d=mm&r=g\",\"url\":\"https:\\\/\\\/secure.gravatar.com\\\/avatar\\\/c530995700dc0b23c624680734ea76a1d802b53d19b43d310ed0caf848a0986c?s=96&d=mm&r=g\",\"contentUrl\":\"https:\\\/\\\/secure.gravatar.com\\\/avatar\\\/c530995700dc0b23c624680734ea76a1d802b53d19b43d310ed0caf848a0986c?s=96&d=mm&r=g\",\"caption\":\"Esa K\u00e4hk\u00f6nen\"},\"url\":\"https:\\\/\\\/www.kktavastia.fi\\\/lukiot-lammi\\\/author\\\/esa-kahkonen\\\/\"}]}<\/script>","yoast_head_json":{"title":"Pallo jalkaan - Lammin lukion musikaali 6.-9.5.2020 - Lammin lukio","robots":{"index":"index","follow":"follow","max-snippet":"max-snippet:-1","max-image-preview":"max-image-preview:large","max-video-preview":"max-video-preview:-1"},"canonical":"https:\/\/www.kktavastia.fi\/lukiot-lammi\/2020\/pallo-jalkaan-lammin-lukion-musikaali-6-9-5-2020\/","og_locale":"fi_FI","og_type":"article","og_title":"Pallo jalkaan - Lammin lukion musikaali 6.-9.5.2020 - Lammin lukio","og_description":"Musikaali perutaan kev\u00e4\u00e4lt\u00e4 2020 Koulutuskuntayhtym\u00e4 Tavastia on julkaissut 12.3.2020 opiskelijoille ja huoltajille tiedotteen Tavastian ohjeita opiskelijalle ja huoltajalle koronaviruksen levi\u00e4misen [&hellip;]","og_url":"https:\/\/www.kktavastia.fi\/lukiot-lammi\/2020\/pallo-jalkaan-lammin-lukion-musikaali-6-9-5-2020\/","og_site_name":"Lammin lukio","article_published_time":"2020-03-06T17:15:35+00:00","og_image":[{"width":400,"height":343,"url":"https:\/\/www.kktavastia.fi\/media\/sites\/7\/pallo-jalkaan.jpg","type":"image\/jpeg"}],"author":"Esa K\u00e4hk\u00f6nen","twitter_card":"summary_large_image","schema":{"@context":"https:\/\/schema.org","@graph":[{"@type":"Article","@id":"https:\/\/www.kktavastia.fi\/lukiot-lammi\/2020\/pallo-jalkaan-lammin-lukion-musikaali-6-9-5-2020\/#article","isPartOf":{"@id":"https:\/\/www.kktavastia.fi\/lukiot-lammi\/2020\/pallo-jalkaan-lammin-lukion-musikaali-6-9-5-2020\/"},"author":{"name":"Esa K\u00e4hk\u00f6nen","@id":"https:\/\/www.kktavastia.fi\/lukiot-lammi\/#\/schema\/person\/bb396a3086f7dc5ae4ca76dd86d014f9"},"headline":"Pallo jalkaan &#8211; Lammin lukion musikaali 6.-9.5.2020","datePublished":"2020-03-06T17:15:35+00:00","mainEntityOfPage":{"@id":"https:\/\/www.kktavastia.fi\/lukiot-lammi\/2020\/pallo-jalkaan-lammin-lukion-musikaali-6-9-5-2020\/"},"wordCount":227,"image":{"@id":"https:\/\/www.kktavastia.fi\/lukiot-lammi\/2020\/pallo-jalkaan-lammin-lukion-musikaali-6-9-5-2020\/#primaryimage"},"thumbnailUrl":"https:\/\/www.kktavastia.fi\/media\/sites\/7\/pallo-jalkaan.jpg","articleSection":["Ajankohtaista"],"inLanguage":"fi"},{"@type":"WebPage","@id":"https:\/\/www.kktavastia.fi\/lukiot-lammi\/2020\/pallo-jalkaan-lammin-lukion-musikaali-6-9-5-2020\/","url":"https:\/\/www.kktavastia.fi\/lukiot-lammi\/2020\/pallo-jalkaan-lammin-lukion-musikaali-6-9-5-2020\/","name":"Pallo jalkaan - Lammin lukion musikaali 6.-9.5.2020 - Lammin lukio","isPartOf":{"@id":"https:\/\/www.kktavastia.fi\/lukiot-lammi\/#website"},"primaryImageOfPage":{"@id":"https:\/\/www.kktavastia.fi\/lukiot-lammi\/2020\/pallo-jalkaan-lammin-lukion-musikaali-6-9-5-2020\/#primaryimage"},"image":{"@id":"https:\/\/www.kktavastia.fi\/lukiot-lammi\/2020\/pallo-jalkaan-lammin-lukion-musikaali-6-9-5-2020\/#primaryimage"},"thumbnailUrl":"https:\/\/www.kktavastia.fi\/media\/sites\/7\/pallo-jalkaan.jpg","datePublished":"2020-03-06T17:15:35+00:00","author":{"@id":"https:\/\/www.kktavastia.fi\/lukiot-lammi\/#\/schema\/person\/bb396a3086f7dc5ae4ca76dd86d014f9"},"breadcrumb":{"@id":"https:\/\/www.kktavastia.fi\/lukiot-lammi\/2020\/pallo-jalkaan-lammin-lukion-musikaali-6-9-5-2020\/#breadcrumb"},"inLanguage":"fi","potentialAction":[{"@type":"ReadAction","target":["https:\/\/www.kktavastia.fi\/lukiot-lammi\/2020\/pallo-jalkaan-lammin-lukion-musikaali-6-9-5-2020\/"]}]},{"@type":"ImageObject","inLanguage":"fi","@id":"https:\/\/www.kktavastia.fi\/lukiot-lammi\/2020\/pallo-jalkaan-lammin-lukion-musikaali-6-9-5-2020\/#primaryimage","url":"https:\/\/www.kktavastia.fi\/media\/sites\/7\/pallo-jalkaan.jpg","contentUrl":"https:\/\/www.kktavastia.fi\/media\/sites\/7\/pallo-jalkaan.jpg","width":400,"height":343},{"@type":"BreadcrumbList","@id":"https:\/\/www.kktavastia.fi\/lukiot-lammi\/2020\/pallo-jalkaan-lammin-lukion-musikaali-6-9-5-2020\/#breadcrumb","itemListElement":[{"@type":"ListItem","position":1,"name":"Home","item":"https:\/\/www.kktavastia.fi\/lukiot-lammi\/"},{"@type":"ListItem","position":2,"name":"Pallo jalkaan &#8211; Lammin lukion musikaali 6.-9.5.2020"}]},{"@type":"WebSite","@id":"https:\/\/www.kktavastia.fi\/lukiot-lammi\/#website","url":"https:\/\/www.kktavastia.fi\/lukiot-lammi\/","name":"Lammin lukio","description":"","potentialAction":[{"@type":"SearchAction","target":{"@type":"EntryPoint","urlTemplate":"https:\/\/www.kktavastia.fi\/lukiot-lammi\/?s={search_term_string}"},"query-input":{"@type":"PropertyValueSpecification","valueRequired":true,"valueName":"search_term_string"}}],"inLanguage":"fi"},{"@type":"Person","@id":"https:\/\/www.kktavastia.fi\/lukiot-lammi\/#\/schema\/person\/bb396a3086f7dc5ae4ca76dd86d014f9","name":"Esa K\u00e4hk\u00f6nen","image":{"@type":"ImageObject","inLanguage":"fi","@id":"https:\/\/secure.gravatar.com\/avatar\/c530995700dc0b23c624680734ea76a1d802b53d19b43d310ed0caf848a0986c?s=96&d=mm&r=g","url":"https:\/\/secure.gravatar.com\/avatar\/c530995700dc0b23c624680734ea76a1d802b53d19b43d310ed0caf848a0986c?s=96&d=mm&r=g","contentUrl":"https:\/\/secure.gravatar.com\/avatar\/c530995700dc0b23c624680734ea76a1d802b53d19b43d310ed0caf848a0986c?s=96&d=mm&r=g","caption":"Esa K\u00e4hk\u00f6nen"},"url":"https:\/\/www.kktavastia.fi\/lukiot-lammi\/author\/esa-kahkonen\/"}]}},"_links":{"self":[{"href":"https:\/\/www.kktavastia.fi\/lukiot-lammi\/wp-json\/wp\/v2\/posts\/1241","targetHints":{"allow":["GET"]}}],"collection":[{"href":"https:\/\/www.kktavastia.fi\/lukiot-lammi\/wp-json\/wp\/v2\/posts"}],"about":[{"href":"https:\/\/www.kktavastia.fi\/lukiot-lammi\/wp-json\/wp\/v2\/types\/post"}],"author":[{"embeddable":true,"href":"https:\/\/www.kktavastia.fi\/lukiot-lammi\/wp-json\/wp\/v2\/users\/23"}],"replies":[{"embeddable":true,"href":"https:\/\/www.kktavastia.fi\/lukiot-lammi\/wp-json\/wp\/v2\/comments?post=1241"}],"version-history":[{"count":0,"href":"https:\/\/www.kktavastia.fi\/lukiot-lammi\/wp-json\/wp\/v2\/posts\/1241\/revisions"}],"wp:featuredmedia":[{"embeddable":true,"href":"https:\/\/www.kktavastia.fi\/lukiot-lammi\/wp-json\/wp\/v2\/media\/1266"}],"wp:attachment":[{"href":"https:\/\/www.kktavastia.fi\/lukiot-lammi\/wp-json\/wp\/v2\/media?parent=1241"}],"wp:term":[{"taxonomy":"category","embeddable":true,"href":"https:\/\/www.kktavastia.fi\/lukiot-lammi\/wp-json\/wp\/v2\/categories?post=1241"},{"taxonomy":"post_tag","embeddable":true,"href":"https:\/\/www.kktavastia.fi\/lukiot-lammi\/wp-json\/wp\/v2\/tags?post=1241"}],"curies":[{"name":"wp","href":"https:\/\/api.w.org\/{rel}","templated":true}]}}