{"id":1166,"date":"2019-05-23T10:21:36","date_gmt":"2019-05-23T07:21:36","guid":{"rendered":"https:\/\/www.kktavastia.fi\/lammin-lukio\/?p=1166"},"modified":"2019-05-23T10:21:36","modified_gmt":"2019-05-23T07:21:36","slug":"ylioppilasjuhla-la-1-6-2019-klo-10-30","status":"publish","type":"post","link":"https:\/\/www.kktavastia.fi\/lukiot-lammi\/2019\/ylioppilasjuhla-la-1-6-2019-klo-10-30\/","title":{"rendered":"Ylioppilasjuhla la 1.6.2019 klo 10.30"},"content":{"rendered":"<p>Lammin lukion ylioppilasjuhlaa vietet\u00e4\u00e4n lauantaina 1.6.2019 klo 10.30 alkaen Lammin liikuntakeskuksen liikuntahallissa. Juhlaan osallistuvat ylioppilaat ja heid\u00e4n l\u00e4heisens\u00e4 sek\u00e4 lukion opiskelijat ja henkil\u00f6kunta. L\u00e4mpim\u00e4sti tervetulleita juhlavieraita ovat my\u00f6s 50 vuotta sitten Lammin lukiosta valmistuneet riemuylioppilaat.<\/p>\n<p>Esa K\u00e4hk\u00f6nen, rehtori<\/p>\n","protected":false},"excerpt":{"rendered":"<p>Lammin lukion ylioppilasjuhlaa vietet\u00e4\u00e4n lauantaina 1.6.2019 klo 10.30 alkaen Lammin liikuntakeskuksen liikuntahallissa. Juhlaan osallistuvat ylioppilaat ja heid\u00e4n l\u00e4heisens\u00e4 sek\u00e4 lukion [&hellip;]<\/p>\n","protected":false},"author":23,"featured_media":502,"comment_status":"closed","ping_status":"closed","sticky":false,"template":"","format":"standard","meta":{"_acf_changed":false,"_relevanssi_hide_post":"","_relevanssi_hide_content":"","_relevanssi_pin_for_all":"","_relevanssi_pin_keywords":"","_relevanssi_unpin_keywords":"","_relevanssi_related_keywords":"","_relevanssi_related_include_ids":"","_relevanssi_related_exclude_ids":"","_relevanssi_related_no_append":"","_relevanssi_related_not_related":"","_relevanssi_related_posts":"","_relevanssi_noindex_reason":"","footnotes":""},"categories":[3],"tags":[],"class_list":["post-1166","post","type-post","status-publish","format-standard","has-post-thumbnail","hentry","category-ajankohtaista"],"acf":[],"yoast_head":"<title>Ylioppilasjuhla la 1.6.2019 klo 10.30 - Lammin lukio<\/title>\n<meta name=\"robots\" content=\"index, follow, max-snippet:-1, max-image-preview:large, max-video-preview:-1\" \/>\n<link rel=\"canonical\" href=\"https:\/\/www.kktavastia.fi\/lukiot-lammi\/2019\/ylioppilasjuhla-la-1-6-2019-klo-10-30\/\" \/>\n<meta property=\"og:locale\" content=\"fi_FI\" \/>\n<meta property=\"og:type\" content=\"article\" \/>\n<meta property=\"og:title\" content=\"Ylioppilasjuhla la 1.6.2019 klo 10.30 - Lammin lukio\" \/>\n<meta property=\"og:description\" content=\"Lammin lukion ylioppilasjuhlaa vietet\u00e4\u00e4n lauantaina 1.6.2019 klo 10.30 alkaen Lammin liikuntakeskuksen liikuntahallissa. Juhlaan osallistuvat ylioppilaat ja heid\u00e4n l\u00e4heisens\u00e4 sek\u00e4 lukion [&hellip;]\" \/>\n<meta property=\"og:url\" content=\"https:\/\/www.kktavastia.fi\/lukiot-lammi\/2019\/ylioppilasjuhla-la-1-6-2019-klo-10-30\/\" \/>\n<meta property=\"og:site_name\" content=\"Lammin lukio\" \/>\n<meta property=\"article:published_time\" content=\"2019-05-23T07:21:36+00:00\" \/>\n<meta property=\"og:image\" content=\"https:\/\/www.kktavastia.fi\/media\/sites\/7\/yo-lakki.jpg\" \/>\n\t<meta property=\"og:image:width\" content=\"2000\" \/>\n\t<meta property=\"og:image:height\" content=\"1333\" \/>\n\t<meta property=\"og:image:type\" content=\"image\/jpeg\" \/>\n<meta name=\"author\" content=\"Esa K\u00e4hk\u00f6nen\" \/>\n<meta name=\"twitter:card\" content=\"summary_large_image\" \/>\n<script type=\"application\/ld+json\" class=\"yoast-schema-graph\">{\"@context\":\"https:\\\/\\\/schema.org\",\"@graph\":[{\"@type\":\"Article\",\"@id\":\"https:\\\/\\\/www.kktavastia.fi\\\/lukiot-lammi\\\/2019\\\/ylioppilasjuhla-la-1-6-2019-klo-10-30\\\/#article\",\"isPartOf\":{\"@id\":\"https:\\\/\\\/www.kktavastia.fi\\\/lukiot-lammi\\\/2019\\\/ylioppilasjuhla-la-1-6-2019-klo-10-30\\\/\"},\"author\":{\"name\":\"Esa K\u00e4hk\u00f6nen\",\"@id\":\"https:\\\/\\\/www.kktavastia.fi\\\/lukiot-lammi\\\/#\\\/schema\\\/person\\\/bb396a3086f7dc5ae4ca76dd86d014f9\"},\"headline\":\"Ylioppilasjuhla la 1.6.2019 klo 10.30\",\"datePublished\":\"2019-05-23T07:21:36+00:00\",\"mainEntityOfPage\":{\"@id\":\"https:\\\/\\\/www.kktavastia.fi\\\/lukiot-lammi\\\/2019\\\/ylioppilasjuhla-la-1-6-2019-klo-10-30\\\/\"},\"wordCount\":47,\"image\":{\"@id\":\"https:\\\/\\\/www.kktavastia.fi\\\/lukiot-lammi\\\/2019\\\/ylioppilasjuhla-la-1-6-2019-klo-10-30\\\/#primaryimage\"},\"thumbnailUrl\":\"https:\\\/\\\/www.kktavastia.fi\\\/media\\\/sites\\\/7\\\/yo-lakki.jpg\",\"articleSection\":[\"Ajankohtaista\"],\"inLanguage\":\"fi\"},{\"@type\":\"WebPage\",\"@id\":\"https:\\\/\\\/www.kktavastia.fi\\\/lukiot-lammi\\\/2019\\\/ylioppilasjuhla-la-1-6-2019-klo-10-30\\\/\",\"url\":\"https:\\\/\\\/www.kktavastia.fi\\\/lukiot-lammi\\\/2019\\\/ylioppilasjuhla-la-1-6-2019-klo-10-30\\\/\",\"name\":\"Ylioppilasjuhla la 1.6.2019 klo 10.30 - Lammin lukio\",\"isPartOf\":{\"@id\":\"https:\\\/\\\/www.kktavastia.fi\\\/lukiot-lammi\\\/#website\"},\"primaryImageOfPage\":{\"@id\":\"https:\\\/\\\/www.kktavastia.fi\\\/lukiot-lammi\\\/2019\\\/ylioppilasjuhla-la-1-6-2019-klo-10-30\\\/#primaryimage\"},\"image\":{\"@id\":\"https:\\\/\\\/www.kktavastia.fi\\\/lukiot-lammi\\\/2019\\\/ylioppilasjuhla-la-1-6-2019-klo-10-30\\\/#primaryimage\"},\"thumbnailUrl\":\"https:\\\/\\\/www.kktavastia.fi\\\/media\\\/sites\\\/7\\\/yo-lakki.jpg\",\"datePublished\":\"2019-05-23T07:21:36+00:00\",\"author\":{\"@id\":\"https:\\\/\\\/www.kktavastia.fi\\\/lukiot-lammi\\\/#\\\/schema\\\/person\\\/bb396a3086f7dc5ae4ca76dd86d014f9\"},\"breadcrumb\":{\"@id\":\"https:\\\/\\\/www.kktavastia.fi\\\/lukiot-lammi\\\/2019\\\/ylioppilasjuhla-la-1-6-2019-klo-10-30\\\/#breadcrumb\"},\"inLanguage\":\"fi\",\"potentialAction\":[{\"@type\":\"ReadAction\",\"target\":[\"https:\\\/\\\/www.kktavastia.fi\\\/lukiot-lammi\\\/2019\\\/ylioppilasjuhla-la-1-6-2019-klo-10-30\\\/\"]}]},{\"@type\":\"ImageObject\",\"inLanguage\":\"fi\",\"@id\":\"https:\\\/\\\/www.kktavastia.fi\\\/lukiot-lammi\\\/2019\\\/ylioppilasjuhla-la-1-6-2019-klo-10-30\\\/#primaryimage\",\"url\":\"https:\\\/\\\/www.kktavastia.fi\\\/media\\\/sites\\\/7\\\/yo-lakki.jpg\",\"contentUrl\":\"https:\\\/\\\/www.kktavastia.fi\\\/media\\\/sites\\\/7\\\/yo-lakki.jpg\",\"width\":2000,\"height\":1333},{\"@type\":\"BreadcrumbList\",\"@id\":\"https:\\\/\\\/www.kktavastia.fi\\\/lukiot-lammi\\\/2019\\\/ylioppilasjuhla-la-1-6-2019-klo-10-30\\\/#breadcrumb\",\"itemListElement\":[{\"@type\":\"ListItem\",\"position\":1,\"name\":\"Home\",\"item\":\"https:\\\/\\\/www.kktavastia.fi\\\/lukiot-lammi\\\/\"},{\"@type\":\"ListItem\",\"position\":2,\"name\":\"Ylioppilasjuhla la 1.6.2019 klo 10.30\"}]},{\"@type\":\"WebSite\",\"@id\":\"https:\\\/\\\/www.kktavastia.fi\\\/lukiot-lammi\\\/#website\",\"url\":\"https:\\\/\\\/www.kktavastia.fi\\\/lukiot-lammi\\\/\",\"name\":\"Lammin lukio\",\"description\":\"\",\"potentialAction\":[{\"@type\":\"SearchAction\",\"target\":{\"@type\":\"EntryPoint\",\"urlTemplate\":\"https:\\\/\\\/www.kktavastia.fi\\\/lukiot-lammi\\\/?s={search_term_string}\"},\"query-input\":{\"@type\":\"PropertyValueSpecification\",\"valueRequired\":true,\"valueName\":\"search_term_string\"}}],\"inLanguage\":\"fi\"},{\"@type\":\"Person\",\"@id\":\"https:\\\/\\\/www.kktavastia.fi\\\/lukiot-lammi\\\/#\\\/schema\\\/person\\\/bb396a3086f7dc5ae4ca76dd86d014f9\",\"name\":\"Esa K\u00e4hk\u00f6nen\",\"image\":{\"@type\":\"ImageObject\",\"inLanguage\":\"fi\",\"@id\":\"https:\\\/\\\/secure.gravatar.com\\\/avatar\\\/c530995700dc0b23c624680734ea76a1d802b53d19b43d310ed0caf848a0986c?s=96&d=mm&r=g\",\"url\":\"https:\\\/\\\/secure.gravatar.com\\\/avatar\\\/c530995700dc0b23c624680734ea76a1d802b53d19b43d310ed0caf848a0986c?s=96&d=mm&r=g\",\"contentUrl\":\"https:\\\/\\\/secure.gravatar.com\\\/avatar\\\/c530995700dc0b23c624680734ea76a1d802b53d19b43d310ed0caf848a0986c?s=96&d=mm&r=g\",\"caption\":\"Esa K\u00e4hk\u00f6nen\"},\"url\":\"https:\\\/\\\/www.kktavastia.fi\\\/lukiot-lammi\\\/author\\\/esa-kahkonen\\\/\"}]}<\/script>","yoast_head_json":{"title":"Ylioppilasjuhla la 1.6.2019 klo 10.30 - Lammin lukio","robots":{"index":"index","follow":"follow","max-snippet":"max-snippet:-1","max-image-preview":"max-image-preview:large","max-video-preview":"max-video-preview:-1"},"canonical":"https:\/\/www.kktavastia.fi\/lukiot-lammi\/2019\/ylioppilasjuhla-la-1-6-2019-klo-10-30\/","og_locale":"fi_FI","og_type":"article","og_title":"Ylioppilasjuhla la 1.6.2019 klo 10.30 - Lammin lukio","og_description":"Lammin lukion ylioppilasjuhlaa vietet\u00e4\u00e4n lauantaina 1.6.2019 klo 10.30 alkaen Lammin liikuntakeskuksen liikuntahallissa. Juhlaan osallistuvat ylioppilaat ja heid\u00e4n l\u00e4heisens\u00e4 sek\u00e4 lukion [&hellip;]","og_url":"https:\/\/www.kktavastia.fi\/lukiot-lammi\/2019\/ylioppilasjuhla-la-1-6-2019-klo-10-30\/","og_site_name":"Lammin lukio","article_published_time":"2019-05-23T07:21:36+00:00","og_image":[{"width":2000,"height":1333,"url":"https:\/\/www.kktavastia.fi\/media\/sites\/7\/yo-lakki.jpg","type":"image\/jpeg"}],"author":"Esa K\u00e4hk\u00f6nen","twitter_card":"summary_large_image","schema":{"@context":"https:\/\/schema.org","@graph":[{"@type":"Article","@id":"https:\/\/www.kktavastia.fi\/lukiot-lammi\/2019\/ylioppilasjuhla-la-1-6-2019-klo-10-30\/#article","isPartOf":{"@id":"https:\/\/www.kktavastia.fi\/lukiot-lammi\/2019\/ylioppilasjuhla-la-1-6-2019-klo-10-30\/"},"author":{"name":"Esa K\u00e4hk\u00f6nen","@id":"https:\/\/www.kktavastia.fi\/lukiot-lammi\/#\/schema\/person\/bb396a3086f7dc5ae4ca76dd86d014f9"},"headline":"Ylioppilasjuhla la 1.6.2019 klo 10.30","datePublished":"2019-05-23T07:21:36+00:00","mainEntityOfPage":{"@id":"https:\/\/www.kktavastia.fi\/lukiot-lammi\/2019\/ylioppilasjuhla-la-1-6-2019-klo-10-30\/"},"wordCount":47,"image":{"@id":"https:\/\/www.kktavastia.fi\/lukiot-lammi\/2019\/ylioppilasjuhla-la-1-6-2019-klo-10-30\/#primaryimage"},"thumbnailUrl":"https:\/\/www.kktavastia.fi\/media\/sites\/7\/yo-lakki.jpg","articleSection":["Ajankohtaista"],"inLanguage":"fi"},{"@type":"WebPage","@id":"https:\/\/www.kktavastia.fi\/lukiot-lammi\/2019\/ylioppilasjuhla-la-1-6-2019-klo-10-30\/","url":"https:\/\/www.kktavastia.fi\/lukiot-lammi\/2019\/ylioppilasjuhla-la-1-6-2019-klo-10-30\/","name":"Ylioppilasjuhla la 1.6.2019 klo 10.30 - Lammin lukio","isPartOf":{"@id":"https:\/\/www.kktavastia.fi\/lukiot-lammi\/#website"},"primaryImageOfPage":{"@id":"https:\/\/www.kktavastia.fi\/lukiot-lammi\/2019\/ylioppilasjuhla-la-1-6-2019-klo-10-30\/#primaryimage"},"image":{"@id":"https:\/\/www.kktavastia.fi\/lukiot-lammi\/2019\/ylioppilasjuhla-la-1-6-2019-klo-10-30\/#primaryimage"},"thumbnailUrl":"https:\/\/www.kktavastia.fi\/media\/sites\/7\/yo-lakki.jpg","datePublished":"2019-05-23T07:21:36+00:00","author":{"@id":"https:\/\/www.kktavastia.fi\/lukiot-lammi\/#\/schema\/person\/bb396a3086f7dc5ae4ca76dd86d014f9"},"breadcrumb":{"@id":"https:\/\/www.kktavastia.fi\/lukiot-lammi\/2019\/ylioppilasjuhla-la-1-6-2019-klo-10-30\/#breadcrumb"},"inLanguage":"fi","potentialAction":[{"@type":"ReadAction","target":["https:\/\/www.kktavastia.fi\/lukiot-lammi\/2019\/ylioppilasjuhla-la-1-6-2019-klo-10-30\/"]}]},{"@type":"ImageObject","inLanguage":"fi","@id":"https:\/\/www.kktavastia.fi\/lukiot-lammi\/2019\/ylioppilasjuhla-la-1-6-2019-klo-10-30\/#primaryimage","url":"https:\/\/www.kktavastia.fi\/media\/sites\/7\/yo-lakki.jpg","contentUrl":"https:\/\/www.kktavastia.fi\/media\/sites\/7\/yo-lakki.jpg","width":2000,"height":1333},{"@type":"BreadcrumbList","@id":"https:\/\/www.kktavastia.fi\/lukiot-lammi\/2019\/ylioppilasjuhla-la-1-6-2019-klo-10-30\/#breadcrumb","itemListElement":[{"@type":"ListItem","position":1,"name":"Home","item":"https:\/\/www.kktavastia.fi\/lukiot-lammi\/"},{"@type":"ListItem","position":2,"name":"Ylioppilasjuhla la 1.6.2019 klo 10.30"}]},{"@type":"WebSite","@id":"https:\/\/www.kktavastia.fi\/lukiot-lammi\/#website","url":"https:\/\/www.kktavastia.fi\/lukiot-lammi\/","name":"Lammin lukio","description":"","potentialAction":[{"@type":"SearchAction","target":{"@type":"EntryPoint","urlTemplate":"https:\/\/www.kktavastia.fi\/lukiot-lammi\/?s={search_term_string}"},"query-input":{"@type":"PropertyValueSpecification","valueRequired":true,"valueName":"search_term_string"}}],"inLanguage":"fi"},{"@type":"Person","@id":"https:\/\/www.kktavastia.fi\/lukiot-lammi\/#\/schema\/person\/bb396a3086f7dc5ae4ca76dd86d014f9","name":"Esa K\u00e4hk\u00f6nen","image":{"@type":"ImageObject","inLanguage":"fi","@id":"https:\/\/secure.gravatar.com\/avatar\/c530995700dc0b23c624680734ea76a1d802b53d19b43d310ed0caf848a0986c?s=96&d=mm&r=g","url":"https:\/\/secure.gravatar.com\/avatar\/c530995700dc0b23c624680734ea76a1d802b53d19b43d310ed0caf848a0986c?s=96&d=mm&r=g","contentUrl":"https:\/\/secure.gravatar.com\/avatar\/c530995700dc0b23c624680734ea76a1d802b53d19b43d310ed0caf848a0986c?s=96&d=mm&r=g","caption":"Esa K\u00e4hk\u00f6nen"},"url":"https:\/\/www.kktavastia.fi\/lukiot-lammi\/author\/esa-kahkonen\/"}]}},"_links":{"self":[{"href":"https:\/\/www.kktavastia.fi\/lukiot-lammi\/wp-json\/wp\/v2\/posts\/1166","targetHints":{"allow":["GET"]}}],"collection":[{"href":"https:\/\/www.kktavastia.fi\/lukiot-lammi\/wp-json\/wp\/v2\/posts"}],"about":[{"href":"https:\/\/www.kktavastia.fi\/lukiot-lammi\/wp-json\/wp\/v2\/types\/post"}],"author":[{"embeddable":true,"href":"https:\/\/www.kktavastia.fi\/lukiot-lammi\/wp-json\/wp\/v2\/users\/23"}],"replies":[{"embeddable":true,"href":"https:\/\/www.kktavastia.fi\/lukiot-lammi\/wp-json\/wp\/v2\/comments?post=1166"}],"version-history":[{"count":0,"href":"https:\/\/www.kktavastia.fi\/lukiot-lammi\/wp-json\/wp\/v2\/posts\/1166\/revisions"}],"wp:featuredmedia":[{"embeddable":true,"href":"https:\/\/www.kktavastia.fi\/lukiot-lammi\/wp-json\/wp\/v2\/media\/502"}],"wp:attachment":[{"href":"https:\/\/www.kktavastia.fi\/lukiot-lammi\/wp-json\/wp\/v2\/media?parent=1166"}],"wp:term":[{"taxonomy":"category","embeddable":true,"href":"https:\/\/www.kktavastia.fi\/lukiot-lammi\/wp-json\/wp\/v2\/categories?post=1166"},{"taxonomy":"post_tag","embeddable":true,"href":"https:\/\/www.kktavastia.fi\/lukiot-lammi\/wp-json\/wp\/v2\/tags?post=1166"}],"curies":[{"name":"wp","href":"https:\/\/api.w.org\/{rel}","templated":true}]}}