{"id":1151,"date":"2019-05-15T12:01:54","date_gmt":"2019-05-15T09:01:54","guid":{"rendered":"https:\/\/www.kktavastia.fi\/lammin-lukio\/?p=1151"},"modified":"2019-05-15T12:01:54","modified_gmt":"2019-05-15T09:01:54","slug":"lammin-lukion-kevaan-2019-ylioppilaat","status":"publish","type":"post","link":"https:\/\/www.kktavastia.fi\/lukiot-lammi\/2019\/lammin-lukion-kevaan-2019-ylioppilaat\/","title":{"rendered":"Lammin lukion kev\u00e4\u00e4n 2019 ylioppilaat"},"content":{"rendered":"<figure id=\"attachment_1152\" aria-describedby=\"caption-attachment-1152\" style=\"width: 250px\" class=\"wp-caption alignright\"><a href=\"https:\/\/www.kktavastia.fi\/media\/sites\/7\/lakki2.jpg\"><img loading=\"lazy\" decoding=\"async\" class=\"wp-image-1152\" src=\"https:\/\/www.kktavastia.fi\/media\/sites\/7\/lakki2.jpg\" alt=\"\" width=\"250\" height=\"167\" srcset=\"https:\/\/www.kktavastia.fi\/media\/sites\/7\/lakki2.jpg 2000w, https:\/\/www.kktavastia.fi\/media\/sites\/7\/lakki2-300x200.jpg 300w, https:\/\/www.kktavastia.fi\/media\/sites\/7\/lakki2-1024x682.jpg 1024w, https:\/\/www.kktavastia.fi\/media\/sites\/7\/lakki2-768x512.jpg 768w, https:\/\/www.kktavastia.fi\/media\/sites\/7\/lakki2-1536x1024.jpg 1536w, https:\/\/www.kktavastia.fi\/media\/sites\/7\/lakki2-20x13.jpg 20w\" sizes=\"auto, (max-width: 250px) 100vw, 250px\" \/><\/a><figcaption id=\"caption-attachment-1152\" class=\"wp-caption-text\"><em><strong>L\u00e4mpim\u00e4t onnittelut uusille ylioppilaille!<\/strong><\/em><\/figcaption><\/figure>\n<p>Anttila Jesse<br \/>\nArola Oskari<br \/>\nBrofeldt Ada<br \/>\nEloranta Eemeli<br \/>\nHaltia Saara<br \/>\nHel\u00e9n Nette<br \/>\nHuostila Hanna<br \/>\nHuovinen Veikka<br \/>\nJoutsjoki Riina<br \/>\nKankaanm\u00e4ki Elli<br \/>\nKauppinen Julia<br \/>\nKettunen Siiri<br \/>\nKiljunen Ville<br \/>\nKoivu Kosti<br \/>\nKoskinen Roni<br \/>\nKoskue Teemu<br \/>\nLaine Kalle<br \/>\nLehti Luukas<br \/>\nLehtinen Mikael<br \/>\nM\u00e4kel\u00e4 Siiri<br \/>\nM\u00e4kinen Vilho<br \/>\nNikkinen Niko<br \/>\nNorrbacka Sini-Tuulia<br \/>\nOksanen Saana<br \/>\nRiihim\u00e4ki Matti<br \/>\nSaarman Jussi<br \/>\nSavolainen Katariina<br \/>\nSepp\u00e4l\u00e4 Mia<br \/>\nS\u00e4llinen Miro<br \/>\nToukovalkama Tapio<br \/>\nTuominen Anni<br \/>\nVall Katariina<br \/>\nVeikkola Josefiina<br \/>\nV\u00e4h\u00e4s\u00f6yrinki Veikko<\/p>\n","protected":false},"excerpt":{"rendered":"<p>Anttila Jesse Arola Oskari Brofeldt Ada Eloranta Eemeli Haltia Saara Hel\u00e9n Nette Huostila Hanna Huovinen Veikka Joutsjoki Riina Kankaanm\u00e4ki Elli [&hellip;]<\/p>\n","protected":false},"author":5,"featured_media":1152,"comment_status":"closed","ping_status":"closed","sticky":false,"template":"","format":"standard","meta":{"_acf_changed":false,"_relevanssi_hide_post":"","_relevanssi_hide_content":"","_relevanssi_pin_for_all":"","_relevanssi_pin_keywords":"","_relevanssi_unpin_keywords":"","_relevanssi_related_keywords":"","_relevanssi_related_include_ids":"","_relevanssi_related_exclude_ids":"","_relevanssi_related_no_append":"","_relevanssi_related_not_related":"","_relevanssi_related_posts":"","_relevanssi_noindex_reason":"","footnotes":""},"categories":[3],"tags":[],"class_list":["post-1151","post","type-post","status-publish","format-standard","has-post-thumbnail","hentry","category-ajankohtaista"],"acf":[],"yoast_head":"<title>Lammin lukion kev\u00e4\u00e4n 2019 ylioppilaat - Lammin lukio<\/title>\n<meta name=\"robots\" content=\"index, follow, max-snippet:-1, max-image-preview:large, max-video-preview:-1\" \/>\n<link rel=\"canonical\" href=\"https:\/\/www.kktavastia.fi\/lukiot-lammi\/2019\/lammin-lukion-kevaan-2019-ylioppilaat\/\" \/>\n<meta property=\"og:locale\" content=\"fi_FI\" \/>\n<meta property=\"og:type\" content=\"article\" \/>\n<meta property=\"og:title\" content=\"Lammin lukion kev\u00e4\u00e4n 2019 ylioppilaat - Lammin lukio\" \/>\n<meta property=\"og:description\" content=\"Anttila Jesse Arola Oskari Brofeldt Ada Eloranta Eemeli Haltia Saara Hel\u00e9n Nette Huostila Hanna Huovinen Veikka Joutsjoki Riina Kankaanm\u00e4ki Elli [&hellip;]\" \/>\n<meta property=\"og:url\" content=\"https:\/\/www.kktavastia.fi\/lukiot-lammi\/2019\/lammin-lukion-kevaan-2019-ylioppilaat\/\" \/>\n<meta property=\"og:site_name\" content=\"Lammin lukio\" \/>\n<meta property=\"article:published_time\" content=\"2019-05-15T09:01:54+00:00\" \/>\n<meta property=\"og:image\" content=\"https:\/\/www.kktavastia.fi\/media\/sites\/7\/lakki2.jpg\" \/>\n\t<meta property=\"og:image:width\" content=\"2000\" \/>\n\t<meta property=\"og:image:height\" content=\"1333\" \/>\n\t<meta property=\"og:image:type\" content=\"image\/jpeg\" \/>\n<meta name=\"author\" content=\"sannajalli\" \/>\n<meta name=\"twitter:card\" content=\"summary_large_image\" \/>\n<script type=\"application\/ld+json\" class=\"yoast-schema-graph\">{\"@context\":\"https:\\\/\\\/schema.org\",\"@graph\":[{\"@type\":\"Article\",\"@id\":\"https:\\\/\\\/www.kktavastia.fi\\\/lukiot-lammi\\\/2019\\\/lammin-lukion-kevaan-2019-ylioppilaat\\\/#article\",\"isPartOf\":{\"@id\":\"https:\\\/\\\/www.kktavastia.fi\\\/lukiot-lammi\\\/2019\\\/lammin-lukion-kevaan-2019-ylioppilaat\\\/\"},\"author\":{\"name\":\"sannajalli\",\"@id\":\"https:\\\/\\\/www.kktavastia.fi\\\/lukiot-lammi\\\/#\\\/schema\\\/person\\\/5124cdf24960861f89c21a474417e84c\"},\"headline\":\"Lammin lukion kev\u00e4\u00e4n 2019 ylioppilaat\",\"datePublished\":\"2019-05-15T09:01:54+00:00\",\"mainEntityOfPage\":{\"@id\":\"https:\\\/\\\/www.kktavastia.fi\\\/lukiot-lammi\\\/2019\\\/lammin-lukion-kevaan-2019-ylioppilaat\\\/\"},\"wordCount\":96,\"image\":{\"@id\":\"https:\\\/\\\/www.kktavastia.fi\\\/lukiot-lammi\\\/2019\\\/lammin-lukion-kevaan-2019-ylioppilaat\\\/#primaryimage\"},\"thumbnailUrl\":\"https:\\\/\\\/www.kktavastia.fi\\\/media\\\/sites\\\/7\\\/lakki2.jpg\",\"articleSection\":[\"Ajankohtaista\"],\"inLanguage\":\"fi\"},{\"@type\":\"WebPage\",\"@id\":\"https:\\\/\\\/www.kktavastia.fi\\\/lukiot-lammi\\\/2019\\\/lammin-lukion-kevaan-2019-ylioppilaat\\\/\",\"url\":\"https:\\\/\\\/www.kktavastia.fi\\\/lukiot-lammi\\\/2019\\\/lammin-lukion-kevaan-2019-ylioppilaat\\\/\",\"name\":\"Lammin lukion kev\u00e4\u00e4n 2019 ylioppilaat - Lammin lukio\",\"isPartOf\":{\"@id\":\"https:\\\/\\\/www.kktavastia.fi\\\/lukiot-lammi\\\/#website\"},\"primaryImageOfPage\":{\"@id\":\"https:\\\/\\\/www.kktavastia.fi\\\/lukiot-lammi\\\/2019\\\/lammin-lukion-kevaan-2019-ylioppilaat\\\/#primaryimage\"},\"image\":{\"@id\":\"https:\\\/\\\/www.kktavastia.fi\\\/lukiot-lammi\\\/2019\\\/lammin-lukion-kevaan-2019-ylioppilaat\\\/#primaryimage\"},\"thumbnailUrl\":\"https:\\\/\\\/www.kktavastia.fi\\\/media\\\/sites\\\/7\\\/lakki2.jpg\",\"datePublished\":\"2019-05-15T09:01:54+00:00\",\"author\":{\"@id\":\"https:\\\/\\\/www.kktavastia.fi\\\/lukiot-lammi\\\/#\\\/schema\\\/person\\\/5124cdf24960861f89c21a474417e84c\"},\"breadcrumb\":{\"@id\":\"https:\\\/\\\/www.kktavastia.fi\\\/lukiot-lammi\\\/2019\\\/lammin-lukion-kevaan-2019-ylioppilaat\\\/#breadcrumb\"},\"inLanguage\":\"fi\",\"potentialAction\":[{\"@type\":\"ReadAction\",\"target\":[\"https:\\\/\\\/www.kktavastia.fi\\\/lukiot-lammi\\\/2019\\\/lammin-lukion-kevaan-2019-ylioppilaat\\\/\"]}]},{\"@type\":\"ImageObject\",\"inLanguage\":\"fi\",\"@id\":\"https:\\\/\\\/www.kktavastia.fi\\\/lukiot-lammi\\\/2019\\\/lammin-lukion-kevaan-2019-ylioppilaat\\\/#primaryimage\",\"url\":\"https:\\\/\\\/www.kktavastia.fi\\\/media\\\/sites\\\/7\\\/lakki2.jpg\",\"contentUrl\":\"https:\\\/\\\/www.kktavastia.fi\\\/media\\\/sites\\\/7\\\/lakki2.jpg\",\"width\":2000,\"height\":1333,\"caption\":\"Ylioppilaslakki syreenin kukkien keskell\u00e4 valkoista taustaa vasten sis\u00e4ll\u00e4.\"},{\"@type\":\"BreadcrumbList\",\"@id\":\"https:\\\/\\\/www.kktavastia.fi\\\/lukiot-lammi\\\/2019\\\/lammin-lukion-kevaan-2019-ylioppilaat\\\/#breadcrumb\",\"itemListElement\":[{\"@type\":\"ListItem\",\"position\":1,\"name\":\"Home\",\"item\":\"https:\\\/\\\/www.kktavastia.fi\\\/lukiot-lammi\\\/\"},{\"@type\":\"ListItem\",\"position\":2,\"name\":\"Lammin lukion kev\u00e4\u00e4n 2019 ylioppilaat\"}]},{\"@type\":\"WebSite\",\"@id\":\"https:\\\/\\\/www.kktavastia.fi\\\/lukiot-lammi\\\/#website\",\"url\":\"https:\\\/\\\/www.kktavastia.fi\\\/lukiot-lammi\\\/\",\"name\":\"Lammin lukio\",\"description\":\"\",\"potentialAction\":[{\"@type\":\"SearchAction\",\"target\":{\"@type\":\"EntryPoint\",\"urlTemplate\":\"https:\\\/\\\/www.kktavastia.fi\\\/lukiot-lammi\\\/?s={search_term_string}\"},\"query-input\":{\"@type\":\"PropertyValueSpecification\",\"valueRequired\":true,\"valueName\":\"search_term_string\"}}],\"inLanguage\":\"fi\"},{\"@type\":\"Person\",\"@id\":\"https:\\\/\\\/www.kktavastia.fi\\\/lukiot-lammi\\\/#\\\/schema\\\/person\\\/5124cdf24960861f89c21a474417e84c\",\"name\":\"sannajalli\",\"image\":{\"@type\":\"ImageObject\",\"inLanguage\":\"fi\",\"@id\":\"https:\\\/\\\/secure.gravatar.com\\\/avatar\\\/5a90797dc90f9ae04e1821fb5ead7872f6cb5e56ea86cb2a991873d12dd0c83a?s=96&d=mm&r=g\",\"url\":\"https:\\\/\\\/secure.gravatar.com\\\/avatar\\\/5a90797dc90f9ae04e1821fb5ead7872f6cb5e56ea86cb2a991873d12dd0c83a?s=96&d=mm&r=g\",\"contentUrl\":\"https:\\\/\\\/secure.gravatar.com\\\/avatar\\\/5a90797dc90f9ae04e1821fb5ead7872f6cb5e56ea86cb2a991873d12dd0c83a?s=96&d=mm&r=g\",\"caption\":\"sannajalli\"},\"url\":\"https:\\\/\\\/www.kktavastia.fi\\\/lukiot-lammi\\\/author\\\/sannajalli\\\/\"}]}<\/script>","yoast_head_json":{"title":"Lammin lukion kev\u00e4\u00e4n 2019 ylioppilaat - Lammin lukio","robots":{"index":"index","follow":"follow","max-snippet":"max-snippet:-1","max-image-preview":"max-image-preview:large","max-video-preview":"max-video-preview:-1"},"canonical":"https:\/\/www.kktavastia.fi\/lukiot-lammi\/2019\/lammin-lukion-kevaan-2019-ylioppilaat\/","og_locale":"fi_FI","og_type":"article","og_title":"Lammin lukion kev\u00e4\u00e4n 2019 ylioppilaat - Lammin lukio","og_description":"Anttila Jesse Arola Oskari Brofeldt Ada Eloranta Eemeli Haltia Saara Hel\u00e9n Nette Huostila Hanna Huovinen Veikka Joutsjoki Riina Kankaanm\u00e4ki Elli [&hellip;]","og_url":"https:\/\/www.kktavastia.fi\/lukiot-lammi\/2019\/lammin-lukion-kevaan-2019-ylioppilaat\/","og_site_name":"Lammin lukio","article_published_time":"2019-05-15T09:01:54+00:00","og_image":[{"width":2000,"height":1333,"url":"https:\/\/www.kktavastia.fi\/media\/sites\/7\/lakki2.jpg","type":"image\/jpeg"}],"author":"sannajalli","twitter_card":"summary_large_image","schema":{"@context":"https:\/\/schema.org","@graph":[{"@type":"Article","@id":"https:\/\/www.kktavastia.fi\/lukiot-lammi\/2019\/lammin-lukion-kevaan-2019-ylioppilaat\/#article","isPartOf":{"@id":"https:\/\/www.kktavastia.fi\/lukiot-lammi\/2019\/lammin-lukion-kevaan-2019-ylioppilaat\/"},"author":{"name":"sannajalli","@id":"https:\/\/www.kktavastia.fi\/lukiot-lammi\/#\/schema\/person\/5124cdf24960861f89c21a474417e84c"},"headline":"Lammin lukion kev\u00e4\u00e4n 2019 ylioppilaat","datePublished":"2019-05-15T09:01:54+00:00","mainEntityOfPage":{"@id":"https:\/\/www.kktavastia.fi\/lukiot-lammi\/2019\/lammin-lukion-kevaan-2019-ylioppilaat\/"},"wordCount":96,"image":{"@id":"https:\/\/www.kktavastia.fi\/lukiot-lammi\/2019\/lammin-lukion-kevaan-2019-ylioppilaat\/#primaryimage"},"thumbnailUrl":"https:\/\/www.kktavastia.fi\/media\/sites\/7\/lakki2.jpg","articleSection":["Ajankohtaista"],"inLanguage":"fi"},{"@type":"WebPage","@id":"https:\/\/www.kktavastia.fi\/lukiot-lammi\/2019\/lammin-lukion-kevaan-2019-ylioppilaat\/","url":"https:\/\/www.kktavastia.fi\/lukiot-lammi\/2019\/lammin-lukion-kevaan-2019-ylioppilaat\/","name":"Lammin lukion kev\u00e4\u00e4n 2019 ylioppilaat - Lammin lukio","isPartOf":{"@id":"https:\/\/www.kktavastia.fi\/lukiot-lammi\/#website"},"primaryImageOfPage":{"@id":"https:\/\/www.kktavastia.fi\/lukiot-lammi\/2019\/lammin-lukion-kevaan-2019-ylioppilaat\/#primaryimage"},"image":{"@id":"https:\/\/www.kktavastia.fi\/lukiot-lammi\/2019\/lammin-lukion-kevaan-2019-ylioppilaat\/#primaryimage"},"thumbnailUrl":"https:\/\/www.kktavastia.fi\/media\/sites\/7\/lakki2.jpg","datePublished":"2019-05-15T09:01:54+00:00","author":{"@id":"https:\/\/www.kktavastia.fi\/lukiot-lammi\/#\/schema\/person\/5124cdf24960861f89c21a474417e84c"},"breadcrumb":{"@id":"https:\/\/www.kktavastia.fi\/lukiot-lammi\/2019\/lammin-lukion-kevaan-2019-ylioppilaat\/#breadcrumb"},"inLanguage":"fi","potentialAction":[{"@type":"ReadAction","target":["https:\/\/www.kktavastia.fi\/lukiot-lammi\/2019\/lammin-lukion-kevaan-2019-ylioppilaat\/"]}]},{"@type":"ImageObject","inLanguage":"fi","@id":"https:\/\/www.kktavastia.fi\/lukiot-lammi\/2019\/lammin-lukion-kevaan-2019-ylioppilaat\/#primaryimage","url":"https:\/\/www.kktavastia.fi\/media\/sites\/7\/lakki2.jpg","contentUrl":"https:\/\/www.kktavastia.fi\/media\/sites\/7\/lakki2.jpg","width":2000,"height":1333,"caption":"Ylioppilaslakki syreenin kukkien keskell\u00e4 valkoista taustaa vasten sis\u00e4ll\u00e4."},{"@type":"BreadcrumbList","@id":"https:\/\/www.kktavastia.fi\/lukiot-lammi\/2019\/lammin-lukion-kevaan-2019-ylioppilaat\/#breadcrumb","itemListElement":[{"@type":"ListItem","position":1,"name":"Home","item":"https:\/\/www.kktavastia.fi\/lukiot-lammi\/"},{"@type":"ListItem","position":2,"name":"Lammin lukion kev\u00e4\u00e4n 2019 ylioppilaat"}]},{"@type":"WebSite","@id":"https:\/\/www.kktavastia.fi\/lukiot-lammi\/#website","url":"https:\/\/www.kktavastia.fi\/lukiot-lammi\/","name":"Lammin lukio","description":"","potentialAction":[{"@type":"SearchAction","target":{"@type":"EntryPoint","urlTemplate":"https:\/\/www.kktavastia.fi\/lukiot-lammi\/?s={search_term_string}"},"query-input":{"@type":"PropertyValueSpecification","valueRequired":true,"valueName":"search_term_string"}}],"inLanguage":"fi"},{"@type":"Person","@id":"https:\/\/www.kktavastia.fi\/lukiot-lammi\/#\/schema\/person\/5124cdf24960861f89c21a474417e84c","name":"sannajalli","image":{"@type":"ImageObject","inLanguage":"fi","@id":"https:\/\/secure.gravatar.com\/avatar\/5a90797dc90f9ae04e1821fb5ead7872f6cb5e56ea86cb2a991873d12dd0c83a?s=96&d=mm&r=g","url":"https:\/\/secure.gravatar.com\/avatar\/5a90797dc90f9ae04e1821fb5ead7872f6cb5e56ea86cb2a991873d12dd0c83a?s=96&d=mm&r=g","contentUrl":"https:\/\/secure.gravatar.com\/avatar\/5a90797dc90f9ae04e1821fb5ead7872f6cb5e56ea86cb2a991873d12dd0c83a?s=96&d=mm&r=g","caption":"sannajalli"},"url":"https:\/\/www.kktavastia.fi\/lukiot-lammi\/author\/sannajalli\/"}]}},"_links":{"self":[{"href":"https:\/\/www.kktavastia.fi\/lukiot-lammi\/wp-json\/wp\/v2\/posts\/1151","targetHints":{"allow":["GET"]}}],"collection":[{"href":"https:\/\/www.kktavastia.fi\/lukiot-lammi\/wp-json\/wp\/v2\/posts"}],"about":[{"href":"https:\/\/www.kktavastia.fi\/lukiot-lammi\/wp-json\/wp\/v2\/types\/post"}],"author":[{"embeddable":true,"href":"https:\/\/www.kktavastia.fi\/lukiot-lammi\/wp-json\/wp\/v2\/users\/5"}],"replies":[{"embeddable":true,"href":"https:\/\/www.kktavastia.fi\/lukiot-lammi\/wp-json\/wp\/v2\/comments?post=1151"}],"version-history":[{"count":0,"href":"https:\/\/www.kktavastia.fi\/lukiot-lammi\/wp-json\/wp\/v2\/posts\/1151\/revisions"}],"wp:featuredmedia":[{"embeddable":true,"href":"https:\/\/www.kktavastia.fi\/lukiot-lammi\/wp-json\/wp\/v2\/media\/1152"}],"wp:attachment":[{"href":"https:\/\/www.kktavastia.fi\/lukiot-lammi\/wp-json\/wp\/v2\/media?parent=1151"}],"wp:term":[{"taxonomy":"category","embeddable":true,"href":"https:\/\/www.kktavastia.fi\/lukiot-lammi\/wp-json\/wp\/v2\/categories?post=1151"},{"taxonomy":"post_tag","embeddable":true,"href":"https:\/\/www.kktavastia.fi\/lukiot-lammi\/wp-json\/wp\/v2\/tags?post=1151"}],"curies":[{"name":"wp","href":"https:\/\/api.w.org\/{rel}","templated":true}]}}