{"id":4998,"date":"2026-03-17T14:25:48","date_gmt":"2026-03-17T12:25:48","guid":{"rendered":"https:\/\/www.kktavastia.fi\/lukiot-kauriala\/?p=4998"},"modified":"2026-03-17T14:27:15","modified_gmt":"2026-03-17T12:27:15","slug":"yhteishaku-paattyy-taidelinjalle-hakeneet-huomio","status":"publish","type":"post","link":"https:\/\/www.kktavastia.fi\/lukiot-kauriala\/2026\/yhteishaku-paattyy-taidelinjalle-hakeneet-huomio\/","title":{"rendered":"Yhteishaku p\u00e4\u00e4ttyy &#8211; taidelinjalle hakeneet huomio"},"content":{"rendered":"\n<p>Yhteishaku p\u00e4\u00e4ttyy ti 17.3.2026. Jos olet hakenut taidelinjalle (jollakin hakusijalla), muista palauttaa portfolio sek\u00e4 vastata motivaatiokirjeeseen 27.3. klo 15 menness\u00e4. <\/p>\n\n\n\n<p>Jotta voit tulla valituksi linjalle, t\u00e4ytyy mainitut asiat hoitaa kuntoon. Motivaatiokirjeest\u00e4 ja portfoliosta on saatava v\u00e4hint\u00e4\u00e4n 4 pistett\u00e4. <\/p>\n\n\n\n<p>Tarkemmat ohjeet portfolioon ja linkki ovat <a href=\"https:\/\/www.kktavastia.fi\/lukiot-kauriala\/erityislinjat\/taidelinja\/\" id=\"https:\/\/www.kktavastia.fi\/lukiot-kauriala\/erityislinjat\/taidelinja\/\" target=\"_blank\" rel=\"noreferrer noopener\">t\u00e4ss\u00e4<\/a>. <\/p>\n\n\n\n<p><\/p>\n","protected":false},"excerpt":{"rendered":"<p>Yhteishaku p\u00e4\u00e4ttyy ti 17.3.2026. Jos olet hakenut taidelinjalle (jollakin hakusijalla), muista palauttaa portfolio sek\u00e4 vastata motivaatiokirjeeseen 27.3. klo 15 menness\u00e4. [&hellip;]<\/p>\n","protected":false},"author":21,"featured_media":4235,"comment_status":"closed","ping_status":"closed","sticky":false,"template":"","format":"standard","meta":{"_acf_changed":false,"_relevanssi_hide_post":"","_relevanssi_hide_content":"","_relevanssi_pin_for_all":"","_relevanssi_pin_keywords":"","_relevanssi_unpin_keywords":"","_relevanssi_related_keywords":"","_relevanssi_related_include_ids":"","_relevanssi_related_exclude_ids":"","_relevanssi_related_no_append":"","_relevanssi_related_not_related":"","_relevanssi_related_posts":"4818,4420,4816,4575,2359,3427","_relevanssi_noindex_reason":"","footnotes":""},"categories":[3],"tags":[],"class_list":["post-4998","post","type-post","status-publish","format-standard","has-post-thumbnail","hentry","category-ajankohtaista"],"acf":[],"yoast_head":"<title>Yhteishaku p\u00e4\u00e4ttyy - taidelinjalle hakeneet huomio - Kaurialan lukio<\/title>\n<meta name=\"robots\" content=\"index, follow, max-snippet:-1, max-image-preview:large, max-video-preview:-1\" \/>\n<link rel=\"canonical\" href=\"https:\/\/www.kktavastia.fi\/lukiot-kauriala\/2026\/yhteishaku-paattyy-taidelinjalle-hakeneet-huomio\/\" \/>\n<meta property=\"og:locale\" content=\"fi_FI\" \/>\n<meta property=\"og:type\" content=\"article\" \/>\n<meta property=\"og:title\" content=\"Yhteishaku p\u00e4\u00e4ttyy - taidelinjalle hakeneet huomio - Kaurialan lukio\" \/>\n<meta property=\"og:description\" content=\"Yhteishaku p\u00e4\u00e4ttyy ti 17.3.2026. Jos olet hakenut taidelinjalle (jollakin hakusijalla), muista palauttaa portfolio sek\u00e4 vastata motivaatiokirjeeseen 27.3. klo 15 menness\u00e4. [&hellip;]\" \/>\n<meta property=\"og:url\" content=\"https:\/\/www.kktavastia.fi\/lukiot-kauriala\/2026\/yhteishaku-paattyy-taidelinjalle-hakeneet-huomio\/\" \/>\n<meta property=\"og:site_name\" content=\"Kaurialan lukio\" \/>\n<meta property=\"article:published_time\" content=\"2026-03-17T12:25:48+00:00\" \/>\n<meta property=\"article:modified_time\" content=\"2026-03-17T12:27:15+00:00\" \/>\n<meta property=\"og:image\" content=\"https:\/\/www.kktavastia.fi\/media\/sites\/6\/koulu_thinglink.png\" \/>\n\t<meta property=\"og:image:width\" content=\"1739\" \/>\n\t<meta property=\"og:image:height\" content=\"709\" \/>\n\t<meta property=\"og:image:type\" content=\"image\/png\" \/>\n<meta name=\"author\" content=\"Jussi Mestari\" \/>\n<meta name=\"twitter:card\" content=\"summary_large_image\" \/>\n<script type=\"application\/ld+json\" class=\"yoast-schema-graph\">{\"@context\":\"https:\\\/\\\/schema.org\",\"@graph\":[{\"@type\":\"Article\",\"@id\":\"https:\\\/\\\/www.kktavastia.fi\\\/lukiot-kauriala\\\/2026\\\/yhteishaku-paattyy-taidelinjalle-hakeneet-huomio\\\/#article\",\"isPartOf\":{\"@id\":\"https:\\\/\\\/www.kktavastia.fi\\\/lukiot-kauriala\\\/2026\\\/yhteishaku-paattyy-taidelinjalle-hakeneet-huomio\\\/\"},\"author\":{\"name\":\"Jussi Mestari\",\"@id\":\"https:\\\/\\\/www.kktavastia.fi\\\/lukiot-kauriala\\\/#\\\/schema\\\/person\\\/f9bb98abf6427da492b38c879b796c55\"},\"headline\":\"Yhteishaku p\u00e4\u00e4ttyy &#8211; taidelinjalle hakeneet huomio\",\"datePublished\":\"2026-03-17T12:25:48+00:00\",\"dateModified\":\"2026-03-17T12:27:15+00:00\",\"mainEntityOfPage\":{\"@id\":\"https:\\\/\\\/www.kktavastia.fi\\\/lukiot-kauriala\\\/2026\\\/yhteishaku-paattyy-taidelinjalle-hakeneet-huomio\\\/\"},\"wordCount\":53,\"image\":{\"@id\":\"https:\\\/\\\/www.kktavastia.fi\\\/lukiot-kauriala\\\/2026\\\/yhteishaku-paattyy-taidelinjalle-hakeneet-huomio\\\/#primaryimage\"},\"thumbnailUrl\":\"https:\\\/\\\/www.kktavastia.fi\\\/media\\\/sites\\\/6\\\/koulu_thinglink.png\",\"articleSection\":[\"Ajankohtaista\"],\"inLanguage\":\"fi\"},{\"@type\":\"WebPage\",\"@id\":\"https:\\\/\\\/www.kktavastia.fi\\\/lukiot-kauriala\\\/2026\\\/yhteishaku-paattyy-taidelinjalle-hakeneet-huomio\\\/\",\"url\":\"https:\\\/\\\/www.kktavastia.fi\\\/lukiot-kauriala\\\/2026\\\/yhteishaku-paattyy-taidelinjalle-hakeneet-huomio\\\/\",\"name\":\"Yhteishaku p\u00e4\u00e4ttyy - taidelinjalle hakeneet huomio - Kaurialan lukio\",\"isPartOf\":{\"@id\":\"https:\\\/\\\/www.kktavastia.fi\\\/lukiot-kauriala\\\/#website\"},\"primaryImageOfPage\":{\"@id\":\"https:\\\/\\\/www.kktavastia.fi\\\/lukiot-kauriala\\\/2026\\\/yhteishaku-paattyy-taidelinjalle-hakeneet-huomio\\\/#primaryimage\"},\"image\":{\"@id\":\"https:\\\/\\\/www.kktavastia.fi\\\/lukiot-kauriala\\\/2026\\\/yhteishaku-paattyy-taidelinjalle-hakeneet-huomio\\\/#primaryimage\"},\"thumbnailUrl\":\"https:\\\/\\\/www.kktavastia.fi\\\/media\\\/sites\\\/6\\\/koulu_thinglink.png\",\"datePublished\":\"2026-03-17T12:25:48+00:00\",\"dateModified\":\"2026-03-17T12:27:15+00:00\",\"author\":{\"@id\":\"https:\\\/\\\/www.kktavastia.fi\\\/lukiot-kauriala\\\/#\\\/schema\\\/person\\\/f9bb98abf6427da492b38c879b796c55\"},\"breadcrumb\":{\"@id\":\"https:\\\/\\\/www.kktavastia.fi\\\/lukiot-kauriala\\\/2026\\\/yhteishaku-paattyy-taidelinjalle-hakeneet-huomio\\\/#breadcrumb\"},\"inLanguage\":\"fi\",\"potentialAction\":[{\"@type\":\"ReadAction\",\"target\":[\"https:\\\/\\\/www.kktavastia.fi\\\/lukiot-kauriala\\\/2026\\\/yhteishaku-paattyy-taidelinjalle-hakeneet-huomio\\\/\"]}]},{\"@type\":\"ImageObject\",\"inLanguage\":\"fi\",\"@id\":\"https:\\\/\\\/www.kktavastia.fi\\\/lukiot-kauriala\\\/2026\\\/yhteishaku-paattyy-taidelinjalle-hakeneet-huomio\\\/#primaryimage\",\"url\":\"https:\\\/\\\/www.kktavastia.fi\\\/media\\\/sites\\\/6\\\/koulu_thinglink.png\",\"contentUrl\":\"https:\\\/\\\/www.kktavastia.fi\\\/media\\\/sites\\\/6\\\/koulu_thinglink.png\",\"width\":1739,\"height\":709},{\"@type\":\"BreadcrumbList\",\"@id\":\"https:\\\/\\\/www.kktavastia.fi\\\/lukiot-kauriala\\\/2026\\\/yhteishaku-paattyy-taidelinjalle-hakeneet-huomio\\\/#breadcrumb\",\"itemListElement\":[{\"@type\":\"ListItem\",\"position\":1,\"name\":\"Home\",\"item\":\"https:\\\/\\\/www.kktavastia.fi\\\/lukiot-kauriala\\\/\"},{\"@type\":\"ListItem\",\"position\":2,\"name\":\"Yhteishaku p\u00e4\u00e4ttyy &#8211; taidelinjalle hakeneet huomio\"}]},{\"@type\":\"WebSite\",\"@id\":\"https:\\\/\\\/www.kktavastia.fi\\\/lukiot-kauriala\\\/#website\",\"url\":\"https:\\\/\\\/www.kktavastia.fi\\\/lukiot-kauriala\\\/\",\"name\":\"Kaurialan lukio\",\"description\":\"\",\"potentialAction\":[{\"@type\":\"SearchAction\",\"target\":{\"@type\":\"EntryPoint\",\"urlTemplate\":\"https:\\\/\\\/www.kktavastia.fi\\\/lukiot-kauriala\\\/?s={search_term_string}\"},\"query-input\":{\"@type\":\"PropertyValueSpecification\",\"valueRequired\":true,\"valueName\":\"search_term_string\"}}],\"inLanguage\":\"fi\"},{\"@type\":\"Person\",\"@id\":\"https:\\\/\\\/www.kktavastia.fi\\\/lukiot-kauriala\\\/#\\\/schema\\\/person\\\/f9bb98abf6427da492b38c879b796c55\",\"name\":\"Jussi Mestari\",\"image\":{\"@type\":\"ImageObject\",\"inLanguage\":\"fi\",\"@id\":\"https:\\\/\\\/secure.gravatar.com\\\/avatar\\\/45def1ae3ed0ef693ed9d4f5a9ce6017a8097853165a9e853b3c5531b61781fc?s=96&d=mm&r=g\",\"url\":\"https:\\\/\\\/secure.gravatar.com\\\/avatar\\\/45def1ae3ed0ef693ed9d4f5a9ce6017a8097853165a9e853b3c5531b61781fc?s=96&d=mm&r=g\",\"contentUrl\":\"https:\\\/\\\/secure.gravatar.com\\\/avatar\\\/45def1ae3ed0ef693ed9d4f5a9ce6017a8097853165a9e853b3c5531b61781fc?s=96&d=mm&r=g\",\"caption\":\"Jussi Mestari\"},\"url\":\"https:\\\/\\\/www.kktavastia.fi\\\/lukiot-kauriala\\\/author\\\/jussi-mestari\\\/\"}]}<\/script>","yoast_head_json":{"title":"Yhteishaku p\u00e4\u00e4ttyy - taidelinjalle hakeneet huomio - Kaurialan lukio","robots":{"index":"index","follow":"follow","max-snippet":"max-snippet:-1","max-image-preview":"max-image-preview:large","max-video-preview":"max-video-preview:-1"},"canonical":"https:\/\/www.kktavastia.fi\/lukiot-kauriala\/2026\/yhteishaku-paattyy-taidelinjalle-hakeneet-huomio\/","og_locale":"fi_FI","og_type":"article","og_title":"Yhteishaku p\u00e4\u00e4ttyy - taidelinjalle hakeneet huomio - Kaurialan lukio","og_description":"Yhteishaku p\u00e4\u00e4ttyy ti 17.3.2026. Jos olet hakenut taidelinjalle (jollakin hakusijalla), muista palauttaa portfolio sek\u00e4 vastata motivaatiokirjeeseen 27.3. klo 15 menness\u00e4. [&hellip;]","og_url":"https:\/\/www.kktavastia.fi\/lukiot-kauriala\/2026\/yhteishaku-paattyy-taidelinjalle-hakeneet-huomio\/","og_site_name":"Kaurialan lukio","article_published_time":"2026-03-17T12:25:48+00:00","article_modified_time":"2026-03-17T12:27:15+00:00","og_image":[{"width":1739,"height":709,"url":"https:\/\/www.kktavastia.fi\/media\/sites\/6\/koulu_thinglink.png","type":"image\/png"}],"author":"Jussi Mestari","twitter_card":"summary_large_image","schema":{"@context":"https:\/\/schema.org","@graph":[{"@type":"Article","@id":"https:\/\/www.kktavastia.fi\/lukiot-kauriala\/2026\/yhteishaku-paattyy-taidelinjalle-hakeneet-huomio\/#article","isPartOf":{"@id":"https:\/\/www.kktavastia.fi\/lukiot-kauriala\/2026\/yhteishaku-paattyy-taidelinjalle-hakeneet-huomio\/"},"author":{"name":"Jussi Mestari","@id":"https:\/\/www.kktavastia.fi\/lukiot-kauriala\/#\/schema\/person\/f9bb98abf6427da492b38c879b796c55"},"headline":"Yhteishaku p\u00e4\u00e4ttyy &#8211; taidelinjalle hakeneet huomio","datePublished":"2026-03-17T12:25:48+00:00","dateModified":"2026-03-17T12:27:15+00:00","mainEntityOfPage":{"@id":"https:\/\/www.kktavastia.fi\/lukiot-kauriala\/2026\/yhteishaku-paattyy-taidelinjalle-hakeneet-huomio\/"},"wordCount":53,"image":{"@id":"https:\/\/www.kktavastia.fi\/lukiot-kauriala\/2026\/yhteishaku-paattyy-taidelinjalle-hakeneet-huomio\/#primaryimage"},"thumbnailUrl":"https:\/\/www.kktavastia.fi\/media\/sites\/6\/koulu_thinglink.png","articleSection":["Ajankohtaista"],"inLanguage":"fi"},{"@type":"WebPage","@id":"https:\/\/www.kktavastia.fi\/lukiot-kauriala\/2026\/yhteishaku-paattyy-taidelinjalle-hakeneet-huomio\/","url":"https:\/\/www.kktavastia.fi\/lukiot-kauriala\/2026\/yhteishaku-paattyy-taidelinjalle-hakeneet-huomio\/","name":"Yhteishaku p\u00e4\u00e4ttyy - taidelinjalle hakeneet huomio - Kaurialan lukio","isPartOf":{"@id":"https:\/\/www.kktavastia.fi\/lukiot-kauriala\/#website"},"primaryImageOfPage":{"@id":"https:\/\/www.kktavastia.fi\/lukiot-kauriala\/2026\/yhteishaku-paattyy-taidelinjalle-hakeneet-huomio\/#primaryimage"},"image":{"@id":"https:\/\/www.kktavastia.fi\/lukiot-kauriala\/2026\/yhteishaku-paattyy-taidelinjalle-hakeneet-huomio\/#primaryimage"},"thumbnailUrl":"https:\/\/www.kktavastia.fi\/media\/sites\/6\/koulu_thinglink.png","datePublished":"2026-03-17T12:25:48+00:00","dateModified":"2026-03-17T12:27:15+00:00","author":{"@id":"https:\/\/www.kktavastia.fi\/lukiot-kauriala\/#\/schema\/person\/f9bb98abf6427da492b38c879b796c55"},"breadcrumb":{"@id":"https:\/\/www.kktavastia.fi\/lukiot-kauriala\/2026\/yhteishaku-paattyy-taidelinjalle-hakeneet-huomio\/#breadcrumb"},"inLanguage":"fi","potentialAction":[{"@type":"ReadAction","target":["https:\/\/www.kktavastia.fi\/lukiot-kauriala\/2026\/yhteishaku-paattyy-taidelinjalle-hakeneet-huomio\/"]}]},{"@type":"ImageObject","inLanguage":"fi","@id":"https:\/\/www.kktavastia.fi\/lukiot-kauriala\/2026\/yhteishaku-paattyy-taidelinjalle-hakeneet-huomio\/#primaryimage","url":"https:\/\/www.kktavastia.fi\/media\/sites\/6\/koulu_thinglink.png","contentUrl":"https:\/\/www.kktavastia.fi\/media\/sites\/6\/koulu_thinglink.png","width":1739,"height":709},{"@type":"BreadcrumbList","@id":"https:\/\/www.kktavastia.fi\/lukiot-kauriala\/2026\/yhteishaku-paattyy-taidelinjalle-hakeneet-huomio\/#breadcrumb","itemListElement":[{"@type":"ListItem","position":1,"name":"Home","item":"https:\/\/www.kktavastia.fi\/lukiot-kauriala\/"},{"@type":"ListItem","position":2,"name":"Yhteishaku p\u00e4\u00e4ttyy &#8211; taidelinjalle hakeneet huomio"}]},{"@type":"WebSite","@id":"https:\/\/www.kktavastia.fi\/lukiot-kauriala\/#website","url":"https:\/\/www.kktavastia.fi\/lukiot-kauriala\/","name":"Kaurialan lukio","description":"","potentialAction":[{"@type":"SearchAction","target":{"@type":"EntryPoint","urlTemplate":"https:\/\/www.kktavastia.fi\/lukiot-kauriala\/?s={search_term_string}"},"query-input":{"@type":"PropertyValueSpecification","valueRequired":true,"valueName":"search_term_string"}}],"inLanguage":"fi"},{"@type":"Person","@id":"https:\/\/www.kktavastia.fi\/lukiot-kauriala\/#\/schema\/person\/f9bb98abf6427da492b38c879b796c55","name":"Jussi Mestari","image":{"@type":"ImageObject","inLanguage":"fi","@id":"https:\/\/secure.gravatar.com\/avatar\/45def1ae3ed0ef693ed9d4f5a9ce6017a8097853165a9e853b3c5531b61781fc?s=96&d=mm&r=g","url":"https:\/\/secure.gravatar.com\/avatar\/45def1ae3ed0ef693ed9d4f5a9ce6017a8097853165a9e853b3c5531b61781fc?s=96&d=mm&r=g","contentUrl":"https:\/\/secure.gravatar.com\/avatar\/45def1ae3ed0ef693ed9d4f5a9ce6017a8097853165a9e853b3c5531b61781fc?s=96&d=mm&r=g","caption":"Jussi Mestari"},"url":"https:\/\/www.kktavastia.fi\/lukiot-kauriala\/author\/jussi-mestari\/"}]}},"_links":{"self":[{"href":"https:\/\/www.kktavastia.fi\/lukiot-kauriala\/wp-json\/wp\/v2\/posts\/4998","targetHints":{"allow":["GET"]}}],"collection":[{"href":"https:\/\/www.kktavastia.fi\/lukiot-kauriala\/wp-json\/wp\/v2\/posts"}],"about":[{"href":"https:\/\/www.kktavastia.fi\/lukiot-kauriala\/wp-json\/wp\/v2\/types\/post"}],"author":[{"embeddable":true,"href":"https:\/\/www.kktavastia.fi\/lukiot-kauriala\/wp-json\/wp\/v2\/users\/21"}],"replies":[{"embeddable":true,"href":"https:\/\/www.kktavastia.fi\/lukiot-kauriala\/wp-json\/wp\/v2\/comments?post=4998"}],"version-history":[{"count":1,"href":"https:\/\/www.kktavastia.fi\/lukiot-kauriala\/wp-json\/wp\/v2\/posts\/4998\/revisions"}],"predecessor-version":[{"id":4999,"href":"https:\/\/www.kktavastia.fi\/lukiot-kauriala\/wp-json\/wp\/v2\/posts\/4998\/revisions\/4999"}],"wp:featuredmedia":[{"embeddable":true,"href":"https:\/\/www.kktavastia.fi\/lukiot-kauriala\/wp-json\/wp\/v2\/media\/4235"}],"wp:attachment":[{"href":"https:\/\/www.kktavastia.fi\/lukiot-kauriala\/wp-json\/wp\/v2\/media?parent=4998"}],"wp:term":[{"taxonomy":"category","embeddable":true,"href":"https:\/\/www.kktavastia.fi\/lukiot-kauriala\/wp-json\/wp\/v2\/categories?post=4998"},{"taxonomy":"post_tag","embeddable":true,"href":"https:\/\/www.kktavastia.fi\/lukiot-kauriala\/wp-json\/wp\/v2\/tags?post=4998"}],"curies":[{"name":"wp","href":"https:\/\/api.w.org\/{rel}","templated":true}]}}