{"id":4249,"date":"2024-01-08T15:22:46","date_gmt":"2024-01-08T13:22:46","guid":{"rendered":"https:\/\/www.kktavastia.fi\/lukiot-kauriala\/?p=4249"},"modified":"2024-01-10T10:30:02","modified_gmt":"2024-01-10T08:30:02","slug":"kaurialan-lukio-tiedetta-taidetta-ja-kulttuuria-jo-sadan-vuoden-ajan","status":"publish","type":"post","link":"https:\/\/www.kktavastia.fi\/lukiot-kauriala\/2024\/kaurialan-lukio-tiedetta-taidetta-ja-kulttuuria-jo-sadan-vuoden-ajan\/","title":{"rendered":"Kaurialan lukio \u2013 tiedett\u00e4, taidetta ja kulttuuria jo sadan vuoden ajan"},"content":{"rendered":"\n<p class=\"is-style-ingress\"><strong>Vuosi 2024 on 100-vuotiaan Kaurialan lukion juhlavuosi. Juhlavuoteen kuuluu lukuisia tapahtumia, joita viet\u00e4mme yhteisty\u00f6ss\u00e4 Kaurialan lukion alumnien sek\u00e4 vanhempainyhdistyksen kanssa.&nbsp;<\/strong><\/p>\n\n\n\n<p>Sadan vuoden ajan on auringonkeltaisessa kivirakennuksessa opiskeltu el\u00e4m\u00e4\u00e4 varten ja rakennettu tulevaisuutta. H\u00e4meenlinnan tytt\u00f6koulusta opinahjo on muovautunut yleislukioksi sek\u00e4 matematiikan ja luonnontieteen erikoislukioksi. Lukiorakennus henkii niin 1920-luvun klassismia kuin nykyaikaakin historiallisessa milj\u00f6\u00f6ss\u00e4 Kaurialan kaupunginosassa.<\/p>\n\n\n\n<p>Merkkivuoden p\u00e4\u00e4juhlaa Kaurialan lukiossa vietet\u00e4\u00e4n lauantaina 4.5.2024. Lauantaip\u00e4iv\u00e4 on paitsi juhlaa my\u00f6s kurkistusta lukio-opintojen j\u00e4lkeiseen maailmaan \u2013 joukko alumnejamme pit\u00e4\u00e4 opiskelijoillemme ty\u00f6pajoja ja toimintatuokioita heid\u00e4n omilta aloiltaan.<\/p>\n\n\n\n<p>Koulukulttuuri ei ole pelkk\u00e4\u00e4 arkista opiskeluahertamista, vaan my\u00f6s lukiomme juhlia ja tapahtumia. Haluamme juhlia sataa vuotta koko vuoden 2024 ajan, jotta my\u00f6s tulevan syksyn uudet lukiolaiset p\u00e4\u00e4sev\u00e4t osaksi juhlatunnelmaa.<\/p>\n\n\n\n<p>Juhlavuoteen kuuluukin iso joukko tapahtumia \u2013 tiedett\u00e4, taidetta ja kansainv\u00e4lisyytt\u00e4:<\/p>\n\n\n\n<ul class=\"wp-block-list\">\n<li>Opiskelijoiden j\u00e4rjest\u00e4m\u00e4 Er\u00e4tauko-keskustelu 12. tammikuuta klo 13.15\u201315.15.<br>\u201dOvatko ylioppilaskirjoitukset nykyp\u00e4iv\u00e4\u00e4?\u201d Keskusteluun osallistuvat Opetushallituksen ja Ylioppilaslautakunnan edustajien lis\u00e4ksi lukiomme opettajia ja opiskelijoita. Keskustelua seuraavat juhlasalissa lukiomme 2. vuosikurssin opiskelijat. Keskustelu striimataan Yle Areenaan, mutta koska yleis\u00f6ss\u00e4 on alle 18-vuotiaita, yleis\u00f6\u00e4 ei kuvata.<\/li>\n<\/ul>\n\n\n\n<p>Tulossa my\u00f6s:<\/p>\n\n\n\n<ul class=\"wp-block-list\">\n<li>Alumnitarinoita-tapahtuma opiskelijoille<\/li>\n\n\n\n<li>Aikamatka-n\u00e4yttelyiss\u00e4 valokuvia sadan vuoden varrelta<\/li>\n\n\n\n<li>Juhlamusikaalin esitykset huhti\u2013toukokuussa<\/li>\n\n\n\n<li>Alumnien luokkakokouksia sek\u00e4 tutustumista lukiomme arkeen perjantaina 3.5.2024<\/li>\n\n\n\n<li>Opiskelijoiden kuvataiteen t\u00f6ist\u00e4 koottavat taiden\u00e4yttelyt<\/li>\n\n\n\n<li>Luma-tapahtumaviikko t\u00e4ynn\u00e4 luonnontieteit\u00e4 ja matematiikkaa<\/li>\n\n\n\n<li>Wanhan Ajan Liikuntap\u00e4iv\u00e4<\/li>\n\n\n\n<li>Kansainv\u00e4lisyysviikko<\/li>\n\n\n\n<li>Juhlavuoden p\u00e4\u00e4t\u00f6sjuhlaa vietet\u00e4\u00e4n joulukuussa 2024. Samalla juhlistetaan itsen\u00e4isyysp\u00e4iv\u00e4\u00e4 sek\u00e4 syksyn 2024 ylioppilaita.<\/li>\n<\/ul>\n\n\n\n<p>Opiskelijoiden suunnittelema juhlavuoden logo koristaa vuoden aikana myyntiin tulevia Kauriala-tuotteita.<\/p>\n\n\n\n<p>Kauriala100-juhlablogi tulee kokoamaan juhlavuoden tapahtumat ja v\u00e4litt\u00e4\u00e4 kuvia ja tunnelmia pitkin vuotta.<br>Lue <a href=\"https:\/\/www.kktavastia.fi\/lukiot-kauriala\/blogi\/kaurialan-lukio-100-vuotta\/\">ensimm\u00e4inen blogi.<\/a>  <\/p>\n","protected":false},"excerpt":{"rendered":"<p>Vuosi 2024 on 100-vuotiaan Kaurialan lukion juhlavuosi. Juhlavuoteen kuuluu lukuisia tapahtumia, joita viet\u00e4mme yhteisty\u00f6ss\u00e4 Kaurialan lukion alumnien sek\u00e4 vanhempainyhdistyksen kanssa.&nbsp; [&hellip;]<\/p>\n","protected":false},"author":49,"featured_media":4235,"comment_status":"closed","ping_status":"closed","sticky":false,"template":"","format":"standard","meta":{"_acf_changed":false,"_relevanssi_hide_post":"","_relevanssi_hide_content":"","_relevanssi_pin_for_all":"","_relevanssi_pin_keywords":"","_relevanssi_unpin_keywords":"","_relevanssi_related_keywords":"","_relevanssi_related_include_ids":"","_relevanssi_related_exclude_ids":"","_relevanssi_related_no_append":"","_relevanssi_related_not_related":"","_relevanssi_related_posts":"3466,3731,3276,3103,2540,3129","_relevanssi_noindex_reason":"","footnotes":""},"categories":[3],"tags":[],"class_list":["post-4249","post","type-post","status-publish","format-standard","has-post-thumbnail","hentry","category-ajankohtaista"],"acf":[],"yoast_head":"<title>Kaurialan lukio \u2013 tiedett\u00e4, taidetta ja kulttuuria jo sadan vuoden ajan - Kaurialan lukio<\/title>\n<meta name=\"robots\" content=\"index, follow, max-snippet:-1, max-image-preview:large, max-video-preview:-1\" \/>\n<link rel=\"canonical\" href=\"https:\/\/www.kktavastia.fi\/lukiot-kauriala\/2024\/kaurialan-lukio-tiedetta-taidetta-ja-kulttuuria-jo-sadan-vuoden-ajan\/\" \/>\n<meta property=\"og:locale\" content=\"fi_FI\" \/>\n<meta property=\"og:type\" content=\"article\" \/>\n<meta property=\"og:title\" content=\"Kaurialan lukio \u2013 tiedett\u00e4, taidetta ja kulttuuria jo sadan vuoden ajan - Kaurialan lukio\" \/>\n<meta property=\"og:description\" content=\"Vuosi 2024 on 100-vuotiaan Kaurialan lukion juhlavuosi. Juhlavuoteen kuuluu lukuisia tapahtumia, joita viet\u00e4mme yhteisty\u00f6ss\u00e4 Kaurialan lukion alumnien sek\u00e4 vanhempainyhdistyksen kanssa.&nbsp; [&hellip;]\" \/>\n<meta property=\"og:url\" content=\"https:\/\/www.kktavastia.fi\/lukiot-kauriala\/2024\/kaurialan-lukio-tiedetta-taidetta-ja-kulttuuria-jo-sadan-vuoden-ajan\/\" \/>\n<meta property=\"og:site_name\" content=\"Kaurialan lukio\" \/>\n<meta property=\"article:published_time\" content=\"2024-01-08T13:22:46+00:00\" \/>\n<meta property=\"article:modified_time\" content=\"2024-01-10T08:30:02+00:00\" \/>\n<meta property=\"og:image\" content=\"https:\/\/www.kktavastia.fi\/media\/sites\/6\/koulu_thinglink.png\" \/>\n\t<meta property=\"og:image:width\" content=\"1739\" \/>\n\t<meta property=\"og:image:height\" content=\"709\" \/>\n\t<meta property=\"og:image:type\" content=\"image\/png\" \/>\n<meta name=\"author\" content=\"Kauriala100\" \/>\n<meta name=\"twitter:card\" content=\"summary_large_image\" \/>\n<script type=\"application\/ld+json\" class=\"yoast-schema-graph\">{\"@context\":\"https:\\\/\\\/schema.org\",\"@graph\":[{\"@type\":\"Article\",\"@id\":\"https:\\\/\\\/www.kktavastia.fi\\\/lukiot-kauriala\\\/2024\\\/kaurialan-lukio-tiedetta-taidetta-ja-kulttuuria-jo-sadan-vuoden-ajan\\\/#article\",\"isPartOf\":{\"@id\":\"https:\\\/\\\/www.kktavastia.fi\\\/lukiot-kauriala\\\/2024\\\/kaurialan-lukio-tiedetta-taidetta-ja-kulttuuria-jo-sadan-vuoden-ajan\\\/\"},\"author\":{\"name\":\"Kauriala100\",\"@id\":\"https:\\\/\\\/www.kktavastia.fi\\\/lukiot-kauriala\\\/#\\\/schema\\\/person\\\/3707daf2a15af8ffa4e98a1541861bc8\"},\"headline\":\"Kaurialan lukio \u2013 tiedett\u00e4, taidetta ja kulttuuria jo sadan vuoden ajan\",\"datePublished\":\"2024-01-08T13:22:46+00:00\",\"dateModified\":\"2024-01-10T08:30:02+00:00\",\"mainEntityOfPage\":{\"@id\":\"https:\\\/\\\/www.kktavastia.fi\\\/lukiot-kauriala\\\/2024\\\/kaurialan-lukio-tiedetta-taidetta-ja-kulttuuria-jo-sadan-vuoden-ajan\\\/\"},\"wordCount\":272,\"image\":{\"@id\":\"https:\\\/\\\/www.kktavastia.fi\\\/lukiot-kauriala\\\/2024\\\/kaurialan-lukio-tiedetta-taidetta-ja-kulttuuria-jo-sadan-vuoden-ajan\\\/#primaryimage\"},\"thumbnailUrl\":\"https:\\\/\\\/www.kktavastia.fi\\\/media\\\/sites\\\/6\\\/koulu_thinglink.png\",\"articleSection\":[\"Ajankohtaista\"],\"inLanguage\":\"fi\"},{\"@type\":\"WebPage\",\"@id\":\"https:\\\/\\\/www.kktavastia.fi\\\/lukiot-kauriala\\\/2024\\\/kaurialan-lukio-tiedetta-taidetta-ja-kulttuuria-jo-sadan-vuoden-ajan\\\/\",\"url\":\"https:\\\/\\\/www.kktavastia.fi\\\/lukiot-kauriala\\\/2024\\\/kaurialan-lukio-tiedetta-taidetta-ja-kulttuuria-jo-sadan-vuoden-ajan\\\/\",\"name\":\"Kaurialan lukio \u2013 tiedett\u00e4, taidetta ja kulttuuria jo sadan vuoden ajan - Kaurialan lukio\",\"isPartOf\":{\"@id\":\"https:\\\/\\\/www.kktavastia.fi\\\/lukiot-kauriala\\\/#website\"},\"primaryImageOfPage\":{\"@id\":\"https:\\\/\\\/www.kktavastia.fi\\\/lukiot-kauriala\\\/2024\\\/kaurialan-lukio-tiedetta-taidetta-ja-kulttuuria-jo-sadan-vuoden-ajan\\\/#primaryimage\"},\"image\":{\"@id\":\"https:\\\/\\\/www.kktavastia.fi\\\/lukiot-kauriala\\\/2024\\\/kaurialan-lukio-tiedetta-taidetta-ja-kulttuuria-jo-sadan-vuoden-ajan\\\/#primaryimage\"},\"thumbnailUrl\":\"https:\\\/\\\/www.kktavastia.fi\\\/media\\\/sites\\\/6\\\/koulu_thinglink.png\",\"datePublished\":\"2024-01-08T13:22:46+00:00\",\"dateModified\":\"2024-01-10T08:30:02+00:00\",\"author\":{\"@id\":\"https:\\\/\\\/www.kktavastia.fi\\\/lukiot-kauriala\\\/#\\\/schema\\\/person\\\/3707daf2a15af8ffa4e98a1541861bc8\"},\"breadcrumb\":{\"@id\":\"https:\\\/\\\/www.kktavastia.fi\\\/lukiot-kauriala\\\/2024\\\/kaurialan-lukio-tiedetta-taidetta-ja-kulttuuria-jo-sadan-vuoden-ajan\\\/#breadcrumb\"},\"inLanguage\":\"fi\",\"potentialAction\":[{\"@type\":\"ReadAction\",\"target\":[\"https:\\\/\\\/www.kktavastia.fi\\\/lukiot-kauriala\\\/2024\\\/kaurialan-lukio-tiedetta-taidetta-ja-kulttuuria-jo-sadan-vuoden-ajan\\\/\"]}]},{\"@type\":\"ImageObject\",\"inLanguage\":\"fi\",\"@id\":\"https:\\\/\\\/www.kktavastia.fi\\\/lukiot-kauriala\\\/2024\\\/kaurialan-lukio-tiedetta-taidetta-ja-kulttuuria-jo-sadan-vuoden-ajan\\\/#primaryimage\",\"url\":\"https:\\\/\\\/www.kktavastia.fi\\\/media\\\/sites\\\/6\\\/koulu_thinglink.png\",\"contentUrl\":\"https:\\\/\\\/www.kktavastia.fi\\\/media\\\/sites\\\/6\\\/koulu_thinglink.png\",\"width\":1739,\"height\":709},{\"@type\":\"BreadcrumbList\",\"@id\":\"https:\\\/\\\/www.kktavastia.fi\\\/lukiot-kauriala\\\/2024\\\/kaurialan-lukio-tiedetta-taidetta-ja-kulttuuria-jo-sadan-vuoden-ajan\\\/#breadcrumb\",\"itemListElement\":[{\"@type\":\"ListItem\",\"position\":1,\"name\":\"Home\",\"item\":\"https:\\\/\\\/www.kktavastia.fi\\\/lukiot-kauriala\\\/\"},{\"@type\":\"ListItem\",\"position\":2,\"name\":\"Kaurialan lukio \u2013 tiedett\u00e4, taidetta ja kulttuuria jo sadan vuoden ajan\"}]},{\"@type\":\"WebSite\",\"@id\":\"https:\\\/\\\/www.kktavastia.fi\\\/lukiot-kauriala\\\/#website\",\"url\":\"https:\\\/\\\/www.kktavastia.fi\\\/lukiot-kauriala\\\/\",\"name\":\"Kaurialan lukio\",\"description\":\"\",\"potentialAction\":[{\"@type\":\"SearchAction\",\"target\":{\"@type\":\"EntryPoint\",\"urlTemplate\":\"https:\\\/\\\/www.kktavastia.fi\\\/lukiot-kauriala\\\/?s={search_term_string}\"},\"query-input\":{\"@type\":\"PropertyValueSpecification\",\"valueRequired\":true,\"valueName\":\"search_term_string\"}}],\"inLanguage\":\"fi\"},{\"@type\":\"Person\",\"@id\":\"https:\\\/\\\/www.kktavastia.fi\\\/lukiot-kauriala\\\/#\\\/schema\\\/person\\\/3707daf2a15af8ffa4e98a1541861bc8\",\"name\":\"Kauriala100\",\"image\":{\"@type\":\"ImageObject\",\"inLanguage\":\"fi\",\"@id\":\"https:\\\/\\\/secure.gravatar.com\\\/avatar\\\/8201d97639ac9048e1cbc63bb6763faae2e9c8551995956ca814390114a6aec0?s=96&d=mm&r=g\",\"url\":\"https:\\\/\\\/secure.gravatar.com\\\/avatar\\\/8201d97639ac9048e1cbc63bb6763faae2e9c8551995956ca814390114a6aec0?s=96&d=mm&r=g\",\"contentUrl\":\"https:\\\/\\\/secure.gravatar.com\\\/avatar\\\/8201d97639ac9048e1cbc63bb6763faae2e9c8551995956ca814390114a6aec0?s=96&d=mm&r=g\",\"caption\":\"Kauriala100\"},\"url\":\"https:\\\/\\\/www.kktavastia.fi\\\/lukiot-kauriala\\\/author\\\/kaurialasata\\\/\"}]}<\/script>","yoast_head_json":{"title":"Kaurialan lukio \u2013 tiedett\u00e4, taidetta ja kulttuuria jo sadan vuoden ajan - Kaurialan lukio","robots":{"index":"index","follow":"follow","max-snippet":"max-snippet:-1","max-image-preview":"max-image-preview:large","max-video-preview":"max-video-preview:-1"},"canonical":"https:\/\/www.kktavastia.fi\/lukiot-kauriala\/2024\/kaurialan-lukio-tiedetta-taidetta-ja-kulttuuria-jo-sadan-vuoden-ajan\/","og_locale":"fi_FI","og_type":"article","og_title":"Kaurialan lukio \u2013 tiedett\u00e4, taidetta ja kulttuuria jo sadan vuoden ajan - Kaurialan lukio","og_description":"Vuosi 2024 on 100-vuotiaan Kaurialan lukion juhlavuosi. Juhlavuoteen kuuluu lukuisia tapahtumia, joita viet\u00e4mme yhteisty\u00f6ss\u00e4 Kaurialan lukion alumnien sek\u00e4 vanhempainyhdistyksen kanssa.&nbsp; [&hellip;]","og_url":"https:\/\/www.kktavastia.fi\/lukiot-kauriala\/2024\/kaurialan-lukio-tiedetta-taidetta-ja-kulttuuria-jo-sadan-vuoden-ajan\/","og_site_name":"Kaurialan lukio","article_published_time":"2024-01-08T13:22:46+00:00","article_modified_time":"2024-01-10T08:30:02+00:00","og_image":[{"width":1739,"height":709,"url":"https:\/\/www.kktavastia.fi\/media\/sites\/6\/koulu_thinglink.png","type":"image\/png"}],"author":"Kauriala100","twitter_card":"summary_large_image","schema":{"@context":"https:\/\/schema.org","@graph":[{"@type":"Article","@id":"https:\/\/www.kktavastia.fi\/lukiot-kauriala\/2024\/kaurialan-lukio-tiedetta-taidetta-ja-kulttuuria-jo-sadan-vuoden-ajan\/#article","isPartOf":{"@id":"https:\/\/www.kktavastia.fi\/lukiot-kauriala\/2024\/kaurialan-lukio-tiedetta-taidetta-ja-kulttuuria-jo-sadan-vuoden-ajan\/"},"author":{"name":"Kauriala100","@id":"https:\/\/www.kktavastia.fi\/lukiot-kauriala\/#\/schema\/person\/3707daf2a15af8ffa4e98a1541861bc8"},"headline":"Kaurialan lukio \u2013 tiedett\u00e4, taidetta ja kulttuuria jo sadan vuoden ajan","datePublished":"2024-01-08T13:22:46+00:00","dateModified":"2024-01-10T08:30:02+00:00","mainEntityOfPage":{"@id":"https:\/\/www.kktavastia.fi\/lukiot-kauriala\/2024\/kaurialan-lukio-tiedetta-taidetta-ja-kulttuuria-jo-sadan-vuoden-ajan\/"},"wordCount":272,"image":{"@id":"https:\/\/www.kktavastia.fi\/lukiot-kauriala\/2024\/kaurialan-lukio-tiedetta-taidetta-ja-kulttuuria-jo-sadan-vuoden-ajan\/#primaryimage"},"thumbnailUrl":"https:\/\/www.kktavastia.fi\/media\/sites\/6\/koulu_thinglink.png","articleSection":["Ajankohtaista"],"inLanguage":"fi"},{"@type":"WebPage","@id":"https:\/\/www.kktavastia.fi\/lukiot-kauriala\/2024\/kaurialan-lukio-tiedetta-taidetta-ja-kulttuuria-jo-sadan-vuoden-ajan\/","url":"https:\/\/www.kktavastia.fi\/lukiot-kauriala\/2024\/kaurialan-lukio-tiedetta-taidetta-ja-kulttuuria-jo-sadan-vuoden-ajan\/","name":"Kaurialan lukio \u2013 tiedett\u00e4, taidetta ja kulttuuria jo sadan vuoden ajan - Kaurialan lukio","isPartOf":{"@id":"https:\/\/www.kktavastia.fi\/lukiot-kauriala\/#website"},"primaryImageOfPage":{"@id":"https:\/\/www.kktavastia.fi\/lukiot-kauriala\/2024\/kaurialan-lukio-tiedetta-taidetta-ja-kulttuuria-jo-sadan-vuoden-ajan\/#primaryimage"},"image":{"@id":"https:\/\/www.kktavastia.fi\/lukiot-kauriala\/2024\/kaurialan-lukio-tiedetta-taidetta-ja-kulttuuria-jo-sadan-vuoden-ajan\/#primaryimage"},"thumbnailUrl":"https:\/\/www.kktavastia.fi\/media\/sites\/6\/koulu_thinglink.png","datePublished":"2024-01-08T13:22:46+00:00","dateModified":"2024-01-10T08:30:02+00:00","author":{"@id":"https:\/\/www.kktavastia.fi\/lukiot-kauriala\/#\/schema\/person\/3707daf2a15af8ffa4e98a1541861bc8"},"breadcrumb":{"@id":"https:\/\/www.kktavastia.fi\/lukiot-kauriala\/2024\/kaurialan-lukio-tiedetta-taidetta-ja-kulttuuria-jo-sadan-vuoden-ajan\/#breadcrumb"},"inLanguage":"fi","potentialAction":[{"@type":"ReadAction","target":["https:\/\/www.kktavastia.fi\/lukiot-kauriala\/2024\/kaurialan-lukio-tiedetta-taidetta-ja-kulttuuria-jo-sadan-vuoden-ajan\/"]}]},{"@type":"ImageObject","inLanguage":"fi","@id":"https:\/\/www.kktavastia.fi\/lukiot-kauriala\/2024\/kaurialan-lukio-tiedetta-taidetta-ja-kulttuuria-jo-sadan-vuoden-ajan\/#primaryimage","url":"https:\/\/www.kktavastia.fi\/media\/sites\/6\/koulu_thinglink.png","contentUrl":"https:\/\/www.kktavastia.fi\/media\/sites\/6\/koulu_thinglink.png","width":1739,"height":709},{"@type":"BreadcrumbList","@id":"https:\/\/www.kktavastia.fi\/lukiot-kauriala\/2024\/kaurialan-lukio-tiedetta-taidetta-ja-kulttuuria-jo-sadan-vuoden-ajan\/#breadcrumb","itemListElement":[{"@type":"ListItem","position":1,"name":"Home","item":"https:\/\/www.kktavastia.fi\/lukiot-kauriala\/"},{"@type":"ListItem","position":2,"name":"Kaurialan lukio \u2013 tiedett\u00e4, taidetta ja kulttuuria jo sadan vuoden ajan"}]},{"@type":"WebSite","@id":"https:\/\/www.kktavastia.fi\/lukiot-kauriala\/#website","url":"https:\/\/www.kktavastia.fi\/lukiot-kauriala\/","name":"Kaurialan lukio","description":"","potentialAction":[{"@type":"SearchAction","target":{"@type":"EntryPoint","urlTemplate":"https:\/\/www.kktavastia.fi\/lukiot-kauriala\/?s={search_term_string}"},"query-input":{"@type":"PropertyValueSpecification","valueRequired":true,"valueName":"search_term_string"}}],"inLanguage":"fi"},{"@type":"Person","@id":"https:\/\/www.kktavastia.fi\/lukiot-kauriala\/#\/schema\/person\/3707daf2a15af8ffa4e98a1541861bc8","name":"Kauriala100","image":{"@type":"ImageObject","inLanguage":"fi","@id":"https:\/\/secure.gravatar.com\/avatar\/8201d97639ac9048e1cbc63bb6763faae2e9c8551995956ca814390114a6aec0?s=96&d=mm&r=g","url":"https:\/\/secure.gravatar.com\/avatar\/8201d97639ac9048e1cbc63bb6763faae2e9c8551995956ca814390114a6aec0?s=96&d=mm&r=g","contentUrl":"https:\/\/secure.gravatar.com\/avatar\/8201d97639ac9048e1cbc63bb6763faae2e9c8551995956ca814390114a6aec0?s=96&d=mm&r=g","caption":"Kauriala100"},"url":"https:\/\/www.kktavastia.fi\/lukiot-kauriala\/author\/kaurialasata\/"}]}},"_links":{"self":[{"href":"https:\/\/www.kktavastia.fi\/lukiot-kauriala\/wp-json\/wp\/v2\/posts\/4249","targetHints":{"allow":["GET"]}}],"collection":[{"href":"https:\/\/www.kktavastia.fi\/lukiot-kauriala\/wp-json\/wp\/v2\/posts"}],"about":[{"href":"https:\/\/www.kktavastia.fi\/lukiot-kauriala\/wp-json\/wp\/v2\/types\/post"}],"author":[{"embeddable":true,"href":"https:\/\/www.kktavastia.fi\/lukiot-kauriala\/wp-json\/wp\/v2\/users\/49"}],"replies":[{"embeddable":true,"href":"https:\/\/www.kktavastia.fi\/lukiot-kauriala\/wp-json\/wp\/v2\/comments?post=4249"}],"version-history":[{"count":2,"href":"https:\/\/www.kktavastia.fi\/lukiot-kauriala\/wp-json\/wp\/v2\/posts\/4249\/revisions"}],"predecessor-version":[{"id":4255,"href":"https:\/\/www.kktavastia.fi\/lukiot-kauriala\/wp-json\/wp\/v2\/posts\/4249\/revisions\/4255"}],"wp:featuredmedia":[{"embeddable":true,"href":"https:\/\/www.kktavastia.fi\/lukiot-kauriala\/wp-json\/wp\/v2\/media\/4235"}],"wp:attachment":[{"href":"https:\/\/www.kktavastia.fi\/lukiot-kauriala\/wp-json\/wp\/v2\/media?parent=4249"}],"wp:term":[{"taxonomy":"category","embeddable":true,"href":"https:\/\/www.kktavastia.fi\/lukiot-kauriala\/wp-json\/wp\/v2\/categories?post=4249"},{"taxonomy":"post_tag","embeddable":true,"href":"https:\/\/www.kktavastia.fi\/lukiot-kauriala\/wp-json\/wp\/v2\/tags?post=4249"}],"curies":[{"name":"wp","href":"https:\/\/api.w.org\/{rel}","templated":true}]}}