{"id":4134,"date":"2023-11-14T16:12:19","date_gmt":"2023-11-14T14:12:19","guid":{"rendered":"https:\/\/www.kktavastia.fi\/lukiot-kauriala\/?p=4134"},"modified":"2023-11-14T16:12:44","modified_gmt":"2023-11-14T14:12:44","slug":"kaurialan-lukion-vuoden-alumni-2023-kirjoittaminen-on-minulle-ajattelemista","status":"publish","type":"post","link":"https:\/\/www.kktavastia.fi\/lukiot-kauriala\/2023\/kaurialan-lukion-vuoden-alumni-2023-kirjoittaminen-on-minulle-ajattelemista\/","title":{"rendered":"Kaurialan lukion Vuoden alumni 2023: \u201dKirjoittaminen on minulle ajattelua\u201d"},"content":{"rendered":"\n<p class=\"is-style-ingress\">Kaurialan lukion Vuoden alumni 2023 on FT, dosentti Maria Lassila-Merisalo. Vuoden alumni on monessa mukana oleva journalismin huippuosaaja, joka kouluttaa, kehitt\u00e4\u00e4 ja toimii alan luottamusteht\u00e4viss\u00e4, mutta ennen kaikkea h\u00e4n prosessoi maailmaa kirjoittamalla.<\/p>\n\n\n\n<p>Vuoden alumni 2023 oppi lukemaan 3-vuotiaana, mik\u00e4 k\u00e4vi ilmi yll\u00e4tt\u00e4en kesken remontin ja sai \u00e4idin tipahtamaan keitti\u00f6tikkailta.<\/p>\n\n\n\n<p>\u2013 \u00c4iti, lukeeko t\u00e4ss\u00e4 tapettiliisteri, kysyin ja \u00e4iti tipahti askelmalta. Olen kertonut t\u00e4m\u00e4n jo niin monelle ryhm\u00e4lle t\u00e4\u00e4ll\u00e4, ett\u00e4 joku ehk\u00e4 muistaa: \u00e4iti\u00e4ni ei sattunut. Mutta h\u00e4n laittoi H\u00e4meen Sanomat k\u00e4teeni ja pyysi lukemaan \u00e4\u00e4neen, ja min\u00e4 luin, aloittaa Vuoden alumni 2023 Maria Lassila-Merisalo juhlapuheensa Kaurialan lukion nykyisille opiskelijoille.<\/p>\n\n\n\n<p>Lassila-Merisalo valmistui Kaurialan lukiosta ylioppilaaksi vuonna 1997. H\u00e4n on opiskellut journalistiikkaa Jyv\u00e4skyl\u00e4n yliopistossa ja valmistui filosofian maisteriksi vuonna 2002. H\u00e4n jatkoi opintoja edelleen ja valmistui filosofian tohtoriksi Jyv\u00e4skyl\u00e4st\u00e4 vuonna 2009. T\u00e4ll\u00e4 hetkell\u00e4 h\u00e4n toimii journalistisen kirjoittamisen dosenttina Jyv\u00e4skyl\u00e4n yliopistossa sek\u00e4 viestinn\u00e4n dosenttina Helsingin yliopistossa. Vuoden 2015 joulukuusta l\u00e4htien h\u00e4n on ty\u00f6skennellyt H\u00e4meen ammattikorkeakouluun (HAMK) palveluksessa eri teht\u00e4viss\u00e4, nyt HAMKin kirjasto- ja tietopalvelujen kehitt\u00e4misp\u00e4\u00e4llikk\u00f6n\u00e4.<\/p>\n\n\n\n<p>Vuoden alumni on opetus- ja kulttuuriministeri\u00f6n Tiedonjulkistamisen neuvottelukunnan j\u00e4sen, Suomen Tietokirjailijat ry:n aluevastaava Kanta-H\u00e4meess\u00e4 ja Sanaston kirjallisuuskummi. H\u00e4n on julkaissut my\u00f6s useita tieteellisi\u00e4 artikkeleita ja kaksi monografiaa journalismin alalta.<\/p>\n\n\n\n<p>\u2013 Kirjoittaminen on tapani prosessoida asioita \u2013 kirjoittaminen on minulle ajattelua, Lassila-Merisalo sanoo ja kertoo puheessaan tarkemmin muun muassa siit\u00e4, miten on k\u00e4sitellyt kuolemaa kirjoittamalla.<\/p>\n\n\n\n<p>Nyt suunnitteilla on kokonainen kirja h\u00e4nt\u00e4 pitk\u00e4\u00e4n kiinnostaneesta aiheesta ja taustaty\u00f6t\u00e4 sit\u00e4 varten on tehty vastik\u00e4\u00e4n Meksikon matkalla.<\/p>\n\n\n\n<blockquote class=\"wp-block-quote is-layout-flow wp-block-quote-is-layout-flow\">\n<p> Mit\u00e4 vanhemmaksi tulen, sit\u00e4 v\u00e4hemm\u00e4n tajuan tiet\u00e4v\u00e4ni. En silti luovuta, vaan p\u00e4invastoin: uteliaisuuteni vain kasvaa. Seuraavaksi haluaisin matkustaa Bhutaniin, jossa valtio m\u00e4\u00e4r\u00e4\u00e4, ett\u00e4 ihmisten pit\u00e4\u00e4 ajatella kuolemaa v\u00e4hint\u00e4\u00e4n kolmesti p\u00e4iv\u00e4ss\u00e4.<\/p>\n<cite>Maria Lassila-Merisalo, Kaurialan Vuoden alumni 2023<\/cite><\/blockquote>\n\n\n\n<p>Mutta tarina lahjakkaasta lapsesta kirjailijaksi ja maailmamatkaajaksi ei ole niin suoraviivainen kuin voisi kuvitella. Lassila-Merisalo kertoo olleensa lukioik\u00e4isen\u00e4 ep\u00e4varma, ep\u00e4sosiaalinen ja ep\u00e4tietoinen.<\/p>\n\n\n\n<p>\u2013 Pitkien yksin\u00e4isten tutkimusvuosieni j\u00e4lkeen, ehk\u00e4 viimeist\u00e4\u00e4n koronan aikana, tajusin sen lopullisesti: hei, m\u00e4 rakastan ihmisi\u00e4, Lassila-Merisalo sanoo.<\/p>\n\n\n\n<p>\u2013 Joten vaikka sinusta juuri nyt tuntuisi samalta kuin minusta lukion tokaluokkalaisena, jonain p\u00e4iv\u00e4n\u00e4 saatat huomata, etteiv\u00e4t ihmiset olekaan niin pelottavia, vaan yhteys toiseen ihmiseen taitaa itse asiassa olla maagisinta mit\u00e4 maan p\u00e4\u00e4ll\u00e4 voi kokea, h\u00e4n p\u00e4\u00e4tt\u00e4\u00e4 puheensa.<\/p>\n\n\n\n<figure class=\"wp-block-gallery has-nested-images columns-default is-cropped wp-block-gallery-2 is-layout-flex wp-block-gallery-is-layout-flex\">\n<figure class=\"wp-block-image size-large\"><img loading=\"lazy\" decoding=\"async\" width=\"1024\" height=\"683\" data-id=\"4136\" src=\"https:\/\/www.kktavastia.fi\/media\/sites\/6\/vuoden-alumni-kauriala-2023-maria-lassila-merisalo-6-1024x683.jpg\" alt=\"\" class=\"wp-image-4136\" srcset=\"https:\/\/www.kktavastia.fi\/media\/sites\/6\/vuoden-alumni-kauriala-2023-maria-lassila-merisalo-6-1024x683.jpg 1024w, https:\/\/www.kktavastia.fi\/media\/sites\/6\/vuoden-alumni-kauriala-2023-maria-lassila-merisalo-6-300x200.jpg 300w, https:\/\/www.kktavastia.fi\/media\/sites\/6\/vuoden-alumni-kauriala-2023-maria-lassila-merisalo-6-768x512.jpg 768w, https:\/\/www.kktavastia.fi\/media\/sites\/6\/vuoden-alumni-kauriala-2023-maria-lassila-merisalo-6-1536x1024.jpg 1536w, https:\/\/www.kktavastia.fi\/media\/sites\/6\/vuoden-alumni-kauriala-2023-maria-lassila-merisalo-6-2048x1365.jpg 2048w, https:\/\/www.kktavastia.fi\/media\/sites\/6\/vuoden-alumni-kauriala-2023-maria-lassila-merisalo-6-460x307.jpg 460w, https:\/\/www.kktavastia.fi\/media\/sites\/6\/vuoden-alumni-kauriala-2023-maria-lassila-merisalo-6-20x13.jpg 20w\" sizes=\"auto, (max-width: 1024px) 100vw, 1024px\" \/><figcaption class=\"wp-element-caption\">Kunniamerkiss\u00e4 on vanha Kaurialan lukion oma logo \u2013 kaksi vastakkain olevaa joutsenta.<\/figcaption><\/figure>\n\n\n\n<figure class=\"wp-block-image size-large\"><img loading=\"lazy\" decoding=\"async\" width=\"1024\" height=\"712\" data-id=\"4139\" src=\"https:\/\/www.kktavastia.fi\/media\/sites\/6\/vuoden-alumni-kauriala-2023-maria-lassila-merisalo-25-1024x712.jpg\" alt=\"\" class=\"wp-image-4139\" srcset=\"https:\/\/www.kktavastia.fi\/media\/sites\/6\/vuoden-alumni-kauriala-2023-maria-lassila-merisalo-25-1024x712.jpg 1024w, https:\/\/www.kktavastia.fi\/media\/sites\/6\/vuoden-alumni-kauriala-2023-maria-lassila-merisalo-25-300x208.jpg 300w, https:\/\/www.kktavastia.fi\/media\/sites\/6\/vuoden-alumni-kauriala-2023-maria-lassila-merisalo-25-768x534.jpg 768w, https:\/\/www.kktavastia.fi\/media\/sites\/6\/vuoden-alumni-kauriala-2023-maria-lassila-merisalo-25-1536x1067.jpg 1536w, https:\/\/www.kktavastia.fi\/media\/sites\/6\/vuoden-alumni-kauriala-2023-maria-lassila-merisalo-25-2048x1423.jpg 2048w, https:\/\/www.kktavastia.fi\/media\/sites\/6\/vuoden-alumni-kauriala-2023-maria-lassila-merisalo-25-460x320.jpg 460w, https:\/\/www.kktavastia.fi\/media\/sites\/6\/vuoden-alumni-kauriala-2023-maria-lassila-merisalo-25-20x14.jpg 20w\" sizes=\"auto, (max-width: 1024px) 100vw, 1024px\" \/><figcaption class=\"wp-element-caption\">Tuomo Iltanen ja Maria Lassila-Merisalo<\/figcaption><\/figure>\n\n\n\n<figure class=\"wp-block-image size-large\"><img loading=\"lazy\" decoding=\"async\" width=\"1024\" height=\"683\" data-id=\"4138\" src=\"https:\/\/www.kktavastia.fi\/media\/sites\/6\/vuoden-alumni-kauriala-2023-maria-lassila-merisalo-11-1024x683.jpg\" alt=\"\" class=\"wp-image-4138\" srcset=\"https:\/\/www.kktavastia.fi\/media\/sites\/6\/vuoden-alumni-kauriala-2023-maria-lassila-merisalo-11-1024x683.jpg 1024w, https:\/\/www.kktavastia.fi\/media\/sites\/6\/vuoden-alumni-kauriala-2023-maria-lassila-merisalo-11-300x200.jpg 300w, https:\/\/www.kktavastia.fi\/media\/sites\/6\/vuoden-alumni-kauriala-2023-maria-lassila-merisalo-11-768x512.jpg 768w, https:\/\/www.kktavastia.fi\/media\/sites\/6\/vuoden-alumni-kauriala-2023-maria-lassila-merisalo-11-1536x1024.jpg 1536w, https:\/\/www.kktavastia.fi\/media\/sites\/6\/vuoden-alumni-kauriala-2023-maria-lassila-merisalo-11-2048x1365.jpg 2048w, https:\/\/www.kktavastia.fi\/media\/sites\/6\/vuoden-alumni-kauriala-2023-maria-lassila-merisalo-11-460x307.jpg 460w, https:\/\/www.kktavastia.fi\/media\/sites\/6\/vuoden-alumni-kauriala-2023-maria-lassila-merisalo-11-20x13.jpg 20w\" sizes=\"auto, (max-width: 1024px) 100vw, 1024px\" \/><figcaption class=\"wp-element-caption\">Heart will go on ja Kaurialan lukion esiintyj\u00e4t.<\/figcaption><\/figure>\n\n\n\n<figure class=\"wp-block-image size-large\"><img loading=\"lazy\" decoding=\"async\" width=\"1024\" height=\"683\" data-id=\"4137\" src=\"https:\/\/www.kktavastia.fi\/media\/sites\/6\/vuoden-alumni-kauriala-2023-maria-lassila-merisalo-8-1024x683.jpg\" alt=\"\" class=\"wp-image-4137\" srcset=\"https:\/\/www.kktavastia.fi\/media\/sites\/6\/vuoden-alumni-kauriala-2023-maria-lassila-merisalo-8-1024x683.jpg 1024w, https:\/\/www.kktavastia.fi\/media\/sites\/6\/vuoden-alumni-kauriala-2023-maria-lassila-merisalo-8-300x200.jpg 300w, https:\/\/www.kktavastia.fi\/media\/sites\/6\/vuoden-alumni-kauriala-2023-maria-lassila-merisalo-8-768x512.jpg 768w, https:\/\/www.kktavastia.fi\/media\/sites\/6\/vuoden-alumni-kauriala-2023-maria-lassila-merisalo-8-1536x1024.jpg 1536w, https:\/\/www.kktavastia.fi\/media\/sites\/6\/vuoden-alumni-kauriala-2023-maria-lassila-merisalo-8-2048x1365.jpg 2048w, https:\/\/www.kktavastia.fi\/media\/sites\/6\/vuoden-alumni-kauriala-2023-maria-lassila-merisalo-8-460x307.jpg 460w, https:\/\/www.kktavastia.fi\/media\/sites\/6\/vuoden-alumni-kauriala-2023-maria-lassila-merisalo-8-20x13.jpg 20w\" sizes=\"auto, (max-width: 1024px) 100vw, 1024px\" \/><figcaption class=\"wp-element-caption\">Tuomo Iltanen kertoi perustelut valinnalle.<\/figcaption><\/figure>\n\n\n\n<figure class=\"wp-block-image size-large\"><img loading=\"lazy\" decoding=\"async\" width=\"1024\" height=\"683\" data-id=\"4135\" src=\"https:\/\/www.kktavastia.fi\/media\/sites\/6\/vuoden-alumni-kauriala-2023-maria-lassila-merisalo-5-1024x683.jpg\" alt=\"\" class=\"wp-image-4135\" srcset=\"https:\/\/www.kktavastia.fi\/media\/sites\/6\/vuoden-alumni-kauriala-2023-maria-lassila-merisalo-5-1024x683.jpg 1024w, https:\/\/www.kktavastia.fi\/media\/sites\/6\/vuoden-alumni-kauriala-2023-maria-lassila-merisalo-5-300x200.jpg 300w, https:\/\/www.kktavastia.fi\/media\/sites\/6\/vuoden-alumni-kauriala-2023-maria-lassila-merisalo-5-768x512.jpg 768w, https:\/\/www.kktavastia.fi\/media\/sites\/6\/vuoden-alumni-kauriala-2023-maria-lassila-merisalo-5-1536x1024.jpg 1536w, https:\/\/www.kktavastia.fi\/media\/sites\/6\/vuoden-alumni-kauriala-2023-maria-lassila-merisalo-5-2048x1365.jpg 2048w, https:\/\/www.kktavastia.fi\/media\/sites\/6\/vuoden-alumni-kauriala-2023-maria-lassila-merisalo-5-460x307.jpg 460w, https:\/\/www.kktavastia.fi\/media\/sites\/6\/vuoden-alumni-kauriala-2023-maria-lassila-merisalo-5-20x13.jpg 20w\" sizes=\"auto, (max-width: 1024px) 100vw, 1024px\" \/><figcaption class=\"wp-element-caption\">Onnea Vuoden alumni 2023 Maria Lassila-Merisalo!<\/figcaption><\/figure>\n<\/figure>\n\n\n\n<h3 class=\"wp-block-heading\"><strong>Vuoden alumnin valinnan taustaa<\/strong><\/h3>\n\n\n\n<p>Kun H\u00e4meenlinnan tytt\u00f6lyseon ja Kaurialan lukion seniorit lopettivat toimintansa kev\u00e4\u00e4ll\u00e4 2012, p\u00e4\u00e4tettiin perinteen jatkajaksi rakentaa alumnitoimintaa. Alumneja ovat siis kaikki H\u00e4meenlinnan tytt\u00f6lyseossa ja Kaurialan lukiossa opiskelleet.<\/p>\n\n\n\n<p>Alumnitoiminnan tavoitteena on tehd\u00e4 entisten opiskelijoiden osaaminen n\u00e4kyv\u00e4ksi nykyopiskelijoille ja saattaa yhteen aiempia Tytt\u00f6lyseon ja Kaurialan lukion opiskelijasukupolvia. Vuoden alumni palkitaan aina lukiomme kunniamerkill\u00e4. Kunniamerkiss\u00e4 on vanha Kaurialan lukion oma logo \u2013 kaksi vastakkain olevaa joutsenta. Naisilla t\u00e4m\u00e4 kunniamerkki on rintakoru ja miehill\u00e4 solmioneula. T\u00e4m\u00e4n kunniamerkin on laatinut entinen lukiomme kuvataiteen lehtori Liisa Vartiainen. Kunniamerkin kuva-aihe on l\u00f6ytynyt suomensukuisten kansojen kalliopiirroksesta \u00c4\u00e4nisj\u00e4rven it\u00e4rannalta. Joutsen on ihmisen sielun lintu. Joutseneen liittyy puhtauden, kaipauksen, vapauden, itsen\u00e4istymisen ja siivilleen nousemisen symboliikkaa.<\/p>\n\n\n\n<p>Ensimm\u00e4iseksi Kaurialan lukion vuoden alumniksi valittiin vuonna 2012 <strong>Merja Yl\u00e4-Anttila<\/strong>, joka nykyisin toimii YLEn toimitusjohtajana. Viime vuonna 2022 vuoden alumnimme oli HPK:n kapteeni <strong>Juuso Hietanen<\/strong>. Kaurialan lukion vuoden alumniksi valitaan henkil\u00f6, joka on valmistunut lukiostamme ja on sittemmin omalla alallaan ansioitunut.&nbsp;<\/p>\n\n\n\n<p><\/p>\n\n\n\n<p><strong>Aiempina vuosina vuoden alumneiksi on valittu:<\/strong><\/p>\n\n\n\n<p>2012 Merja Yl\u00e4-Anttila<\/p>\n\n\n\n<p>2013 Jyrki Louhi<\/p>\n\n\n\n<p>2014 Liisi Tandefelt<\/p>\n\n\n\n<p>2015 Viljo Pet\u00e4j\u00e4<\/p>\n\n\n\n<p>2016 Anneli Pauli<\/p>\n\n\n\n<p>2017 Petri Vil\u00e9n<\/p>\n\n\n\n<p>2018 Liisa Alanen ja Leena-Maija Ruuskanen<\/p>\n\n\n\n<p>2019 Tommi Alanne<\/p>\n\n\n\n<p>2020 Kreeta Karvala<\/p>\n\n\n\n<p>2021 Kari Tikkinen<\/p>\n\n\n\n<p>2022 Juuso Hietanen<\/p>\n","protected":false},"excerpt":{"rendered":"<p>Kaurialan lukion Vuoden alumni 2023 on FT, dosentti Maria Lassila-Merisalo. Vuoden alumni on monessa mukana oleva journalismin huippuosaaja, joka kouluttaa, [&hellip;]<\/p>\n","protected":false},"author":3,"featured_media":4135,"comment_status":"closed","ping_status":"closed","sticky":false,"template":"","format":"standard","meta":{"_acf_changed":false,"_relevanssi_hide_post":"","_relevanssi_hide_content":"","_relevanssi_pin_for_all":"","_relevanssi_pin_keywords":"","_relevanssi_unpin_keywords":"","_relevanssi_related_keywords":"","_relevanssi_related_include_ids":"","_relevanssi_related_exclude_ids":"","_relevanssi_related_no_append":"","_relevanssi_related_not_related":"","_relevanssi_related_posts":"","_relevanssi_noindex_reason":"","footnotes":""},"categories":[3],"tags":[],"class_list":["post-4134","post","type-post","status-publish","format-standard","has-post-thumbnail","hentry","category-ajankohtaista"],"acf":[],"yoast_head":"<title>Kaurialan lukion Vuoden alumni 2023: \u201dKirjoittaminen on minulle ajattelua\u201d - Kaurialan lukio<\/title>\n<meta name=\"robots\" content=\"index, follow, max-snippet:-1, max-image-preview:large, max-video-preview:-1\" \/>\n<link rel=\"canonical\" href=\"https:\/\/www.kktavastia.fi\/lukiot-kauriala\/2023\/kaurialan-lukion-vuoden-alumni-2023-kirjoittaminen-on-minulle-ajattelemista\/\" \/>\n<meta property=\"og:locale\" content=\"fi_FI\" \/>\n<meta property=\"og:type\" content=\"article\" \/>\n<meta property=\"og:title\" content=\"Kaurialan lukion Vuoden alumni 2023: \u201dKirjoittaminen on minulle ajattelua\u201d - Kaurialan lukio\" \/>\n<meta property=\"og:description\" content=\"Kaurialan lukion Vuoden alumni 2023 on FT, dosentti Maria Lassila-Merisalo. Vuoden alumni on monessa mukana oleva journalismin huippuosaaja, joka kouluttaa, [&hellip;]\" \/>\n<meta property=\"og:url\" content=\"https:\/\/www.kktavastia.fi\/lukiot-kauriala\/2023\/kaurialan-lukion-vuoden-alumni-2023-kirjoittaminen-on-minulle-ajattelemista\/\" \/>\n<meta property=\"og:site_name\" content=\"Kaurialan lukio\" \/>\n<meta property=\"article:published_time\" content=\"2023-11-14T14:12:19+00:00\" \/>\n<meta property=\"article:modified_time\" content=\"2023-11-14T14:12:44+00:00\" \/>\n<meta property=\"og:image\" content=\"https:\/\/www.kktavastia.fi\/media\/sites\/6\/vuoden-alumni-kauriala-2023-maria-lassila-merisalo-5-scaled.jpg\" \/>\n\t<meta property=\"og:image:width\" content=\"2560\" \/>\n\t<meta property=\"og:image:height\" content=\"1707\" \/>\n\t<meta property=\"og:image:type\" content=\"image\/jpeg\" \/>\n<meta name=\"author\" content=\"jennimanninen\" \/>\n<meta name=\"twitter:card\" content=\"summary_large_image\" \/>\n<script type=\"application\/ld+json\" class=\"yoast-schema-graph\">{\"@context\":\"https:\\\/\\\/schema.org\",\"@graph\":[{\"@type\":\"Article\",\"@id\":\"https:\\\/\\\/www.kktavastia.fi\\\/lukiot-kauriala\\\/2023\\\/kaurialan-lukion-vuoden-alumni-2023-kirjoittaminen-on-minulle-ajattelemista\\\/#article\",\"isPartOf\":{\"@id\":\"https:\\\/\\\/www.kktavastia.fi\\\/lukiot-kauriala\\\/2023\\\/kaurialan-lukion-vuoden-alumni-2023-kirjoittaminen-on-minulle-ajattelemista\\\/\"},\"author\":{\"name\":\"jennimanninen\",\"@id\":\"https:\\\/\\\/www.kktavastia.fi\\\/lukiot-kauriala\\\/#\\\/schema\\\/person\\\/024aefaad0a17654b61e7deb02a467ab\"},\"headline\":\"Kaurialan lukion Vuoden alumni 2023: \u201dKirjoittaminen on minulle ajattelua\u201d\",\"datePublished\":\"2023-11-14T14:12:19+00:00\",\"dateModified\":\"2023-11-14T14:12:44+00:00\",\"mainEntityOfPage\":{\"@id\":\"https:\\\/\\\/www.kktavastia.fi\\\/lukiot-kauriala\\\/2023\\\/kaurialan-lukion-vuoden-alumni-2023-kirjoittaminen-on-minulle-ajattelemista\\\/\"},\"wordCount\":644,\"image\":{\"@id\":\"https:\\\/\\\/www.kktavastia.fi\\\/lukiot-kauriala\\\/2023\\\/kaurialan-lukion-vuoden-alumni-2023-kirjoittaminen-on-minulle-ajattelemista\\\/#primaryimage\"},\"thumbnailUrl\":\"https:\\\/\\\/www.kktavastia.fi\\\/media\\\/sites\\\/6\\\/vuoden-alumni-kauriala-2023-maria-lassila-merisalo-5-scaled.jpg\",\"articleSection\":[\"Ajankohtaista\"],\"inLanguage\":\"fi\"},{\"@type\":\"WebPage\",\"@id\":\"https:\\\/\\\/www.kktavastia.fi\\\/lukiot-kauriala\\\/2023\\\/kaurialan-lukion-vuoden-alumni-2023-kirjoittaminen-on-minulle-ajattelemista\\\/\",\"url\":\"https:\\\/\\\/www.kktavastia.fi\\\/lukiot-kauriala\\\/2023\\\/kaurialan-lukion-vuoden-alumni-2023-kirjoittaminen-on-minulle-ajattelemista\\\/\",\"name\":\"Kaurialan lukion Vuoden alumni 2023: \u201dKirjoittaminen on minulle ajattelua\u201d - Kaurialan lukio\",\"isPartOf\":{\"@id\":\"https:\\\/\\\/www.kktavastia.fi\\\/lukiot-kauriala\\\/#website\"},\"primaryImageOfPage\":{\"@id\":\"https:\\\/\\\/www.kktavastia.fi\\\/lukiot-kauriala\\\/2023\\\/kaurialan-lukion-vuoden-alumni-2023-kirjoittaminen-on-minulle-ajattelemista\\\/#primaryimage\"},\"image\":{\"@id\":\"https:\\\/\\\/www.kktavastia.fi\\\/lukiot-kauriala\\\/2023\\\/kaurialan-lukion-vuoden-alumni-2023-kirjoittaminen-on-minulle-ajattelemista\\\/#primaryimage\"},\"thumbnailUrl\":\"https:\\\/\\\/www.kktavastia.fi\\\/media\\\/sites\\\/6\\\/vuoden-alumni-kauriala-2023-maria-lassila-merisalo-5-scaled.jpg\",\"datePublished\":\"2023-11-14T14:12:19+00:00\",\"dateModified\":\"2023-11-14T14:12:44+00:00\",\"author\":{\"@id\":\"https:\\\/\\\/www.kktavastia.fi\\\/lukiot-kauriala\\\/#\\\/schema\\\/person\\\/024aefaad0a17654b61e7deb02a467ab\"},\"breadcrumb\":{\"@id\":\"https:\\\/\\\/www.kktavastia.fi\\\/lukiot-kauriala\\\/2023\\\/kaurialan-lukion-vuoden-alumni-2023-kirjoittaminen-on-minulle-ajattelemista\\\/#breadcrumb\"},\"inLanguage\":\"fi\",\"potentialAction\":[{\"@type\":\"ReadAction\",\"target\":[\"https:\\\/\\\/www.kktavastia.fi\\\/lukiot-kauriala\\\/2023\\\/kaurialan-lukion-vuoden-alumni-2023-kirjoittaminen-on-minulle-ajattelemista\\\/\"]}]},{\"@type\":\"ImageObject\",\"inLanguage\":\"fi\",\"@id\":\"https:\\\/\\\/www.kktavastia.fi\\\/lukiot-kauriala\\\/2023\\\/kaurialan-lukion-vuoden-alumni-2023-kirjoittaminen-on-minulle-ajattelemista\\\/#primaryimage\",\"url\":\"https:\\\/\\\/www.kktavastia.fi\\\/media\\\/sites\\\/6\\\/vuoden-alumni-kauriala-2023-maria-lassila-merisalo-5-scaled.jpg\",\"contentUrl\":\"https:\\\/\\\/www.kktavastia.fi\\\/media\\\/sites\\\/6\\\/vuoden-alumni-kauriala-2023-maria-lassila-merisalo-5-scaled.jpg\",\"width\":2560,\"height\":1707,\"caption\":\"Onnea Vuoden alumni 2023 Maria Lassila-Merisalo!\"},{\"@type\":\"BreadcrumbList\",\"@id\":\"https:\\\/\\\/www.kktavastia.fi\\\/lukiot-kauriala\\\/2023\\\/kaurialan-lukion-vuoden-alumni-2023-kirjoittaminen-on-minulle-ajattelemista\\\/#breadcrumb\",\"itemListElement\":[{\"@type\":\"ListItem\",\"position\":1,\"name\":\"Home\",\"item\":\"https:\\\/\\\/www.kktavastia.fi\\\/lukiot-kauriala\\\/\"},{\"@type\":\"ListItem\",\"position\":2,\"name\":\"Kaurialan lukion Vuoden alumni 2023: \u201dKirjoittaminen on minulle ajattelua\u201d\"}]},{\"@type\":\"WebSite\",\"@id\":\"https:\\\/\\\/www.kktavastia.fi\\\/lukiot-kauriala\\\/#website\",\"url\":\"https:\\\/\\\/www.kktavastia.fi\\\/lukiot-kauriala\\\/\",\"name\":\"Kaurialan lukio\",\"description\":\"\",\"potentialAction\":[{\"@type\":\"SearchAction\",\"target\":{\"@type\":\"EntryPoint\",\"urlTemplate\":\"https:\\\/\\\/www.kktavastia.fi\\\/lukiot-kauriala\\\/?s={search_term_string}\"},\"query-input\":{\"@type\":\"PropertyValueSpecification\",\"valueRequired\":true,\"valueName\":\"search_term_string\"}}],\"inLanguage\":\"fi\"},{\"@type\":\"Person\",\"@id\":\"https:\\\/\\\/www.kktavastia.fi\\\/lukiot-kauriala\\\/#\\\/schema\\\/person\\\/024aefaad0a17654b61e7deb02a467ab\",\"name\":\"jennimanninen\",\"image\":{\"@type\":\"ImageObject\",\"inLanguage\":\"fi\",\"@id\":\"https:\\\/\\\/secure.gravatar.com\\\/avatar\\\/5457e44008198bb53daa774600a7e8e4246bcac6a14afc3db6e5d007d9dc6f39?s=96&d=mm&r=g\",\"url\":\"https:\\\/\\\/secure.gravatar.com\\\/avatar\\\/5457e44008198bb53daa774600a7e8e4246bcac6a14afc3db6e5d007d9dc6f39?s=96&d=mm&r=g\",\"contentUrl\":\"https:\\\/\\\/secure.gravatar.com\\\/avatar\\\/5457e44008198bb53daa774600a7e8e4246bcac6a14afc3db6e5d007d9dc6f39?s=96&d=mm&r=g\",\"caption\":\"jennimanninen\"},\"url\":\"https:\\\/\\\/www.kktavastia.fi\\\/lukiot-kauriala\\\/author\\\/jennimanninen\\\/\"}]}<\/script>","yoast_head_json":{"title":"Kaurialan lukion Vuoden alumni 2023: \u201dKirjoittaminen on minulle ajattelua\u201d - Kaurialan lukio","robots":{"index":"index","follow":"follow","max-snippet":"max-snippet:-1","max-image-preview":"max-image-preview:large","max-video-preview":"max-video-preview:-1"},"canonical":"https:\/\/www.kktavastia.fi\/lukiot-kauriala\/2023\/kaurialan-lukion-vuoden-alumni-2023-kirjoittaminen-on-minulle-ajattelemista\/","og_locale":"fi_FI","og_type":"article","og_title":"Kaurialan lukion Vuoden alumni 2023: \u201dKirjoittaminen on minulle ajattelua\u201d - Kaurialan lukio","og_description":"Kaurialan lukion Vuoden alumni 2023 on FT, dosentti Maria Lassila-Merisalo. Vuoden alumni on monessa mukana oleva journalismin huippuosaaja, joka kouluttaa, [&hellip;]","og_url":"https:\/\/www.kktavastia.fi\/lukiot-kauriala\/2023\/kaurialan-lukion-vuoden-alumni-2023-kirjoittaminen-on-minulle-ajattelemista\/","og_site_name":"Kaurialan lukio","article_published_time":"2023-11-14T14:12:19+00:00","article_modified_time":"2023-11-14T14:12:44+00:00","og_image":[{"width":2560,"height":1707,"url":"https:\/\/www.kktavastia.fi\/media\/sites\/6\/vuoden-alumni-kauriala-2023-maria-lassila-merisalo-5-scaled.jpg","type":"image\/jpeg"}],"author":"jennimanninen","twitter_card":"summary_large_image","schema":{"@context":"https:\/\/schema.org","@graph":[{"@type":"Article","@id":"https:\/\/www.kktavastia.fi\/lukiot-kauriala\/2023\/kaurialan-lukion-vuoden-alumni-2023-kirjoittaminen-on-minulle-ajattelemista\/#article","isPartOf":{"@id":"https:\/\/www.kktavastia.fi\/lukiot-kauriala\/2023\/kaurialan-lukion-vuoden-alumni-2023-kirjoittaminen-on-minulle-ajattelemista\/"},"author":{"name":"jennimanninen","@id":"https:\/\/www.kktavastia.fi\/lukiot-kauriala\/#\/schema\/person\/024aefaad0a17654b61e7deb02a467ab"},"headline":"Kaurialan lukion Vuoden alumni 2023: \u201dKirjoittaminen on minulle ajattelua\u201d","datePublished":"2023-11-14T14:12:19+00:00","dateModified":"2023-11-14T14:12:44+00:00","mainEntityOfPage":{"@id":"https:\/\/www.kktavastia.fi\/lukiot-kauriala\/2023\/kaurialan-lukion-vuoden-alumni-2023-kirjoittaminen-on-minulle-ajattelemista\/"},"wordCount":644,"image":{"@id":"https:\/\/www.kktavastia.fi\/lukiot-kauriala\/2023\/kaurialan-lukion-vuoden-alumni-2023-kirjoittaminen-on-minulle-ajattelemista\/#primaryimage"},"thumbnailUrl":"https:\/\/www.kktavastia.fi\/media\/sites\/6\/vuoden-alumni-kauriala-2023-maria-lassila-merisalo-5-scaled.jpg","articleSection":["Ajankohtaista"],"inLanguage":"fi"},{"@type":"WebPage","@id":"https:\/\/www.kktavastia.fi\/lukiot-kauriala\/2023\/kaurialan-lukion-vuoden-alumni-2023-kirjoittaminen-on-minulle-ajattelemista\/","url":"https:\/\/www.kktavastia.fi\/lukiot-kauriala\/2023\/kaurialan-lukion-vuoden-alumni-2023-kirjoittaminen-on-minulle-ajattelemista\/","name":"Kaurialan lukion Vuoden alumni 2023: \u201dKirjoittaminen on minulle ajattelua\u201d - Kaurialan lukio","isPartOf":{"@id":"https:\/\/www.kktavastia.fi\/lukiot-kauriala\/#website"},"primaryImageOfPage":{"@id":"https:\/\/www.kktavastia.fi\/lukiot-kauriala\/2023\/kaurialan-lukion-vuoden-alumni-2023-kirjoittaminen-on-minulle-ajattelemista\/#primaryimage"},"image":{"@id":"https:\/\/www.kktavastia.fi\/lukiot-kauriala\/2023\/kaurialan-lukion-vuoden-alumni-2023-kirjoittaminen-on-minulle-ajattelemista\/#primaryimage"},"thumbnailUrl":"https:\/\/www.kktavastia.fi\/media\/sites\/6\/vuoden-alumni-kauriala-2023-maria-lassila-merisalo-5-scaled.jpg","datePublished":"2023-11-14T14:12:19+00:00","dateModified":"2023-11-14T14:12:44+00:00","author":{"@id":"https:\/\/www.kktavastia.fi\/lukiot-kauriala\/#\/schema\/person\/024aefaad0a17654b61e7deb02a467ab"},"breadcrumb":{"@id":"https:\/\/www.kktavastia.fi\/lukiot-kauriala\/2023\/kaurialan-lukion-vuoden-alumni-2023-kirjoittaminen-on-minulle-ajattelemista\/#breadcrumb"},"inLanguage":"fi","potentialAction":[{"@type":"ReadAction","target":["https:\/\/www.kktavastia.fi\/lukiot-kauriala\/2023\/kaurialan-lukion-vuoden-alumni-2023-kirjoittaminen-on-minulle-ajattelemista\/"]}]},{"@type":"ImageObject","inLanguage":"fi","@id":"https:\/\/www.kktavastia.fi\/lukiot-kauriala\/2023\/kaurialan-lukion-vuoden-alumni-2023-kirjoittaminen-on-minulle-ajattelemista\/#primaryimage","url":"https:\/\/www.kktavastia.fi\/media\/sites\/6\/vuoden-alumni-kauriala-2023-maria-lassila-merisalo-5-scaled.jpg","contentUrl":"https:\/\/www.kktavastia.fi\/media\/sites\/6\/vuoden-alumni-kauriala-2023-maria-lassila-merisalo-5-scaled.jpg","width":2560,"height":1707,"caption":"Onnea Vuoden alumni 2023 Maria Lassila-Merisalo!"},{"@type":"BreadcrumbList","@id":"https:\/\/www.kktavastia.fi\/lukiot-kauriala\/2023\/kaurialan-lukion-vuoden-alumni-2023-kirjoittaminen-on-minulle-ajattelemista\/#breadcrumb","itemListElement":[{"@type":"ListItem","position":1,"name":"Home","item":"https:\/\/www.kktavastia.fi\/lukiot-kauriala\/"},{"@type":"ListItem","position":2,"name":"Kaurialan lukion Vuoden alumni 2023: \u201dKirjoittaminen on minulle ajattelua\u201d"}]},{"@type":"WebSite","@id":"https:\/\/www.kktavastia.fi\/lukiot-kauriala\/#website","url":"https:\/\/www.kktavastia.fi\/lukiot-kauriala\/","name":"Kaurialan lukio","description":"","potentialAction":[{"@type":"SearchAction","target":{"@type":"EntryPoint","urlTemplate":"https:\/\/www.kktavastia.fi\/lukiot-kauriala\/?s={search_term_string}"},"query-input":{"@type":"PropertyValueSpecification","valueRequired":true,"valueName":"search_term_string"}}],"inLanguage":"fi"},{"@type":"Person","@id":"https:\/\/www.kktavastia.fi\/lukiot-kauriala\/#\/schema\/person\/024aefaad0a17654b61e7deb02a467ab","name":"jennimanninen","image":{"@type":"ImageObject","inLanguage":"fi","@id":"https:\/\/secure.gravatar.com\/avatar\/5457e44008198bb53daa774600a7e8e4246bcac6a14afc3db6e5d007d9dc6f39?s=96&d=mm&r=g","url":"https:\/\/secure.gravatar.com\/avatar\/5457e44008198bb53daa774600a7e8e4246bcac6a14afc3db6e5d007d9dc6f39?s=96&d=mm&r=g","contentUrl":"https:\/\/secure.gravatar.com\/avatar\/5457e44008198bb53daa774600a7e8e4246bcac6a14afc3db6e5d007d9dc6f39?s=96&d=mm&r=g","caption":"jennimanninen"},"url":"https:\/\/www.kktavastia.fi\/lukiot-kauriala\/author\/jennimanninen\/"}]}},"_links":{"self":[{"href":"https:\/\/www.kktavastia.fi\/lukiot-kauriala\/wp-json\/wp\/v2\/posts\/4134","targetHints":{"allow":["GET"]}}],"collection":[{"href":"https:\/\/www.kktavastia.fi\/lukiot-kauriala\/wp-json\/wp\/v2\/posts"}],"about":[{"href":"https:\/\/www.kktavastia.fi\/lukiot-kauriala\/wp-json\/wp\/v2\/types\/post"}],"author":[{"embeddable":true,"href":"https:\/\/www.kktavastia.fi\/lukiot-kauriala\/wp-json\/wp\/v2\/users\/3"}],"replies":[{"embeddable":true,"href":"https:\/\/www.kktavastia.fi\/lukiot-kauriala\/wp-json\/wp\/v2\/comments?post=4134"}],"version-history":[{"count":2,"href":"https:\/\/www.kktavastia.fi\/lukiot-kauriala\/wp-json\/wp\/v2\/posts\/4134\/revisions"}],"predecessor-version":[{"id":4141,"href":"https:\/\/www.kktavastia.fi\/lukiot-kauriala\/wp-json\/wp\/v2\/posts\/4134\/revisions\/4141"}],"wp:featuredmedia":[{"embeddable":true,"href":"https:\/\/www.kktavastia.fi\/lukiot-kauriala\/wp-json\/wp\/v2\/media\/4135"}],"wp:attachment":[{"href":"https:\/\/www.kktavastia.fi\/lukiot-kauriala\/wp-json\/wp\/v2\/media?parent=4134"}],"wp:term":[{"taxonomy":"category","embeddable":true,"href":"https:\/\/www.kktavastia.fi\/lukiot-kauriala\/wp-json\/wp\/v2\/categories?post=4134"},{"taxonomy":"post_tag","embeddable":true,"href":"https:\/\/www.kktavastia.fi\/lukiot-kauriala\/wp-json\/wp\/v2\/tags?post=4134"}],"curies":[{"name":"wp","href":"https:\/\/api.w.org\/{rel}","templated":true}]}}