{"id":2622,"date":"2020-12-08T16:33:45","date_gmt":"2020-12-08T14:33:45","guid":{"rendered":"https:\/\/www.kktavastia.fi\/kaurialan-lukio\/?p=2622"},"modified":"2020-12-08T16:33:45","modified_gmt":"2020-12-08T14:33:45","slug":"kaurialan-lukion-vuoden-2020-alumni","status":"publish","type":"post","link":"https:\/\/www.kktavastia.fi\/lukiot-kauriala\/2020\/kaurialan-lukion-vuoden-2020-alumni\/","title":{"rendered":"Kaurialan lukion vuoden 2020 alumni"},"content":{"rendered":"<p><a href=\"https:\/\/www.kktavastia.fi\/media\/sites\/6\/kreeta-karvala-2-scaled-1.jpg\"><img loading=\"lazy\" decoding=\"async\" class=\"size-medium wp-image-2624 alignright\" src=\"https:\/\/www.kktavastia.fi\/kaurialan-lukio\/materiaali\/sites\/4\/Kreeta-Karvala-2-300x232.jpg\" alt=\"\" width=\"300\" height=\"232\" \/><\/a>Kaurialan lukion vuoden 2020 alumni on <strong>Kreeta Karvala<\/strong>. Alumniksi kutsutaan oppilaitoksesta aiemmin valmistunutta henkil\u00f6\u00e4. Karvalan valinta vuoden alumniksi julkistettiin perjantaina 4.12.2020 Kaurialan lukion ylioppilas- ja itsen\u00e4isyysjuhlassa.<\/p>\n<p>Kreeta Karvala valmistui ylioppilaaksi Kaurialan lukiosta vuonna 1988. Lukion j\u00e4lkeen h\u00e4n opiskeli valtiotieteen maisteriksi Helsingin yliopistossa vuonna 1997, filosofian lisensiaatiksi Jyv\u00e4skyl\u00e4n yliopistosta vuonna 2008. Vuonna 2014 h\u00e4n v\u00e4itteli tohtoriksi Jyv\u00e4skyl\u00e4n yliopistossa. V\u00e4it\u00f6skirjan aiheena oli <em>Kaaoksen kesytt\u00e4j\u00e4t. Uutismediat nettimurroksessa 2006\u20132012. <\/em><\/p>\n<p>Karvala on ty\u00f6skennellyt Yleisradiossa uutisp\u00e4\u00e4llikk\u00f6n\u00e4 1997<em>\u2013<\/em>2006, mink\u00e4 j\u00e4lkeen h\u00e4n siirtyi Iltalehteen, jossa h\u00e4n on toiminut uutis- ja toimitusp\u00e4\u00e4llikk\u00f6n\u00e4. Nykyisin Karvala on Iltalehden p\u00e4\u00e4kirjoitustoimittaja.<\/p>\n<p>Vuonna 2017 h\u00e4nelle my\u00f6nnettiin Suomalaisen Sanomalehtimiesliiton Olli-palkinto \u201dtunnustuksena ansiokkaasta journalistin ty\u00f6st\u00e4\u201d. H\u00e4n on my\u00f6s Ylen\u00a0<a href=\"https:\/\/fi.wikipedia.org\/wiki\/J%C3%A4lkiviisaat\">J\u00e4lkiviisaat<\/a>-ohjelman vakiovieras.<\/p>\n<p>Kreeta Karvala oli perjantaina 4.12.2020 Kaurialan lukion ylioppilas- ja itsen\u00e4isyysjuhlan juhlapuhuja. H\u00e4n osallistui perjantain ohjelmaan my\u00f6s lukion \u00e4idinkielen oppitunneilla. Juhlassa Karvalan puheenvuoro striimattiin suorana Helsingist\u00e4. Koronatilanteen vuoksi lukiolla j\u00e4rjestettyyn juhlaan osallistuivat vain ylioppilaat ja juhlassa esiintyneet nuoret.\u00a0 Juhlan striimauksesta vastasivat Kaurialan lukion 1. vuosikurssin opiskelijat <strong>Aku Iham\u00e4ki<\/strong> ja <strong>Aleksi Kokkonen<\/strong>.<\/p>\n<p>Kaurialan lukion vuoden alumni valittiin yhdeks\u00e4nnen kerran. Aikaisemmat vuoden alumnit ovat olleet Merj<strong>a Yl\u00e4-Anttila <\/strong>Ylen toimitusjohtaja, HPK:n mestaruusjoukkueen kapteeni <strong>Jyrki Louhi<\/strong>, n\u00e4yttelij\u00e4 <strong>Liisi Tandefelt<\/strong>, filosofian tohtori (teoreettisen fysiikan alalta)\u00a0 <strong>Viljo Pet\u00e4j\u00e4<\/strong>, Lappeenrannan yliopiston entinen rehtori ja Tiedekeskus Heurekan toiminnanjohtaja MMT <strong>Anneli Pauli<\/strong>, KTM ja yritt\u00e4j\u00e4 <strong>Petri Vilen<\/strong>, entiset Kaurialan lukion lehtorit <strong>Liisa Alanen<\/strong> ja <strong>Leena-Maija Ruuskanen<\/strong> sek\u00e4 viime vuonna filosofian tohtori (fysiikan alalta) <strong>Tommi Alanne<\/strong> Liverpoolin yliopistosta.<\/p>\n","protected":false},"excerpt":{"rendered":"<p>Kaurialan lukion vuoden 2020 alumni on Kreeta Karvala. Alumniksi kutsutaan oppilaitoksesta aiemmin valmistunutta henkil\u00f6\u00e4. Karvalan valinta vuoden alumniksi julkistettiin perjantaina [&hellip;]<\/p>\n","protected":false},"author":3,"featured_media":2623,"comment_status":"closed","ping_status":"closed","sticky":false,"template":"","format":"standard","meta":{"_acf_changed":false,"_relevanssi_hide_post":"","_relevanssi_hide_content":"","_relevanssi_pin_for_all":"","_relevanssi_pin_keywords":"","_relevanssi_unpin_keywords":"","_relevanssi_related_keywords":"","_relevanssi_related_include_ids":"","_relevanssi_related_exclude_ids":"","_relevanssi_related_no_append":"","_relevanssi_related_not_related":"","_relevanssi_related_posts":"","_relevanssi_noindex_reason":"","footnotes":""},"categories":[3],"tags":[],"class_list":["post-2622","post","type-post","status-publish","format-standard","has-post-thumbnail","hentry","category-ajankohtaista"],"acf":[],"yoast_head":"<title>Kaurialan lukion vuoden 2020 alumni - Kaurialan lukio<\/title>\n<meta name=\"robots\" content=\"index, follow, max-snippet:-1, max-image-preview:large, max-video-preview:-1\" \/>\n<link rel=\"canonical\" href=\"https:\/\/www.kktavastia.fi\/lukiot-kauriala\/2020\/kaurialan-lukion-vuoden-2020-alumni\/\" \/>\n<meta property=\"og:locale\" content=\"fi_FI\" \/>\n<meta property=\"og:type\" content=\"article\" \/>\n<meta property=\"og:title\" content=\"Kaurialan lukion vuoden 2020 alumni - Kaurialan lukio\" \/>\n<meta property=\"og:description\" content=\"Kaurialan lukion vuoden 2020 alumni on Kreeta Karvala. Alumniksi kutsutaan oppilaitoksesta aiemmin valmistunutta henkil\u00f6\u00e4. Karvalan valinta vuoden alumniksi julkistettiin perjantaina [&hellip;]\" \/>\n<meta property=\"og:url\" content=\"https:\/\/www.kktavastia.fi\/lukiot-kauriala\/2020\/kaurialan-lukion-vuoden-2020-alumni\/\" \/>\n<meta property=\"og:site_name\" content=\"Kaurialan lukio\" \/>\n<meta property=\"article:published_time\" content=\"2020-12-08T14:33:45+00:00\" \/>\n<meta property=\"og:image\" content=\"https:\/\/www.kktavastia.fi\/media\/sites\/6\/kreeta-karvala-1-scaled-1.jpg\" \/>\n\t<meta property=\"og:image:width\" content=\"1515\" \/>\n\t<meta property=\"og:image:height\" content=\"2000\" \/>\n\t<meta property=\"og:image:type\" content=\"image\/jpeg\" \/>\n<meta name=\"author\" content=\"jennimanninen\" \/>\n<meta name=\"twitter:card\" content=\"summary_large_image\" \/>\n<script type=\"application\/ld+json\" class=\"yoast-schema-graph\">{\"@context\":\"https:\\\/\\\/schema.org\",\"@graph\":[{\"@type\":\"Article\",\"@id\":\"https:\\\/\\\/www.kktavastia.fi\\\/lukiot-kauriala\\\/2020\\\/kaurialan-lukion-vuoden-2020-alumni\\\/#article\",\"isPartOf\":{\"@id\":\"https:\\\/\\\/www.kktavastia.fi\\\/lukiot-kauriala\\\/2020\\\/kaurialan-lukion-vuoden-2020-alumni\\\/\"},\"author\":{\"name\":\"jennimanninen\",\"@id\":\"https:\\\/\\\/www.kktavastia.fi\\\/lukiot-kauriala\\\/#\\\/schema\\\/person\\\/024aefaad0a17654b61e7deb02a467ab\"},\"headline\":\"Kaurialan lukion vuoden 2020 alumni\",\"datePublished\":\"2020-12-08T14:33:45+00:00\",\"mainEntityOfPage\":{\"@id\":\"https:\\\/\\\/www.kktavastia.fi\\\/lukiot-kauriala\\\/2020\\\/kaurialan-lukion-vuoden-2020-alumni\\\/\"},\"wordCount\":254,\"image\":{\"@id\":\"https:\\\/\\\/www.kktavastia.fi\\\/lukiot-kauriala\\\/2020\\\/kaurialan-lukion-vuoden-2020-alumni\\\/#primaryimage\"},\"thumbnailUrl\":\"https:\\\/\\\/www.kktavastia.fi\\\/media\\\/sites\\\/6\\\/kreeta-karvala-1-scaled-1.jpg\",\"articleSection\":[\"Ajankohtaista\"],\"inLanguage\":\"fi\"},{\"@type\":\"WebPage\",\"@id\":\"https:\\\/\\\/www.kktavastia.fi\\\/lukiot-kauriala\\\/2020\\\/kaurialan-lukion-vuoden-2020-alumni\\\/\",\"url\":\"https:\\\/\\\/www.kktavastia.fi\\\/lukiot-kauriala\\\/2020\\\/kaurialan-lukion-vuoden-2020-alumni\\\/\",\"name\":\"Kaurialan lukion vuoden 2020 alumni - Kaurialan lukio\",\"isPartOf\":{\"@id\":\"https:\\\/\\\/www.kktavastia.fi\\\/lukiot-kauriala\\\/#website\"},\"primaryImageOfPage\":{\"@id\":\"https:\\\/\\\/www.kktavastia.fi\\\/lukiot-kauriala\\\/2020\\\/kaurialan-lukion-vuoden-2020-alumni\\\/#primaryimage\"},\"image\":{\"@id\":\"https:\\\/\\\/www.kktavastia.fi\\\/lukiot-kauriala\\\/2020\\\/kaurialan-lukion-vuoden-2020-alumni\\\/#primaryimage\"},\"thumbnailUrl\":\"https:\\\/\\\/www.kktavastia.fi\\\/media\\\/sites\\\/6\\\/kreeta-karvala-1-scaled-1.jpg\",\"datePublished\":\"2020-12-08T14:33:45+00:00\",\"author\":{\"@id\":\"https:\\\/\\\/www.kktavastia.fi\\\/lukiot-kauriala\\\/#\\\/schema\\\/person\\\/024aefaad0a17654b61e7deb02a467ab\"},\"breadcrumb\":{\"@id\":\"https:\\\/\\\/www.kktavastia.fi\\\/lukiot-kauriala\\\/2020\\\/kaurialan-lukion-vuoden-2020-alumni\\\/#breadcrumb\"},\"inLanguage\":\"fi\",\"potentialAction\":[{\"@type\":\"ReadAction\",\"target\":[\"https:\\\/\\\/www.kktavastia.fi\\\/lukiot-kauriala\\\/2020\\\/kaurialan-lukion-vuoden-2020-alumni\\\/\"]}]},{\"@type\":\"ImageObject\",\"inLanguage\":\"fi\",\"@id\":\"https:\\\/\\\/www.kktavastia.fi\\\/lukiot-kauriala\\\/2020\\\/kaurialan-lukion-vuoden-2020-alumni\\\/#primaryimage\",\"url\":\"https:\\\/\\\/www.kktavastia.fi\\\/media\\\/sites\\\/6\\\/kreeta-karvala-1-scaled-1.jpg\",\"contentUrl\":\"https:\\\/\\\/www.kktavastia.fi\\\/media\\\/sites\\\/6\\\/kreeta-karvala-1-scaled-1.jpg\",\"width\":1515,\"height\":2000},{\"@type\":\"BreadcrumbList\",\"@id\":\"https:\\\/\\\/www.kktavastia.fi\\\/lukiot-kauriala\\\/2020\\\/kaurialan-lukion-vuoden-2020-alumni\\\/#breadcrumb\",\"itemListElement\":[{\"@type\":\"ListItem\",\"position\":1,\"name\":\"Home\",\"item\":\"https:\\\/\\\/www.kktavastia.fi\\\/lukiot-kauriala\\\/\"},{\"@type\":\"ListItem\",\"position\":2,\"name\":\"Kaurialan lukion vuoden 2020 alumni\"}]},{\"@type\":\"WebSite\",\"@id\":\"https:\\\/\\\/www.kktavastia.fi\\\/lukiot-kauriala\\\/#website\",\"url\":\"https:\\\/\\\/www.kktavastia.fi\\\/lukiot-kauriala\\\/\",\"name\":\"Kaurialan lukio\",\"description\":\"\",\"potentialAction\":[{\"@type\":\"SearchAction\",\"target\":{\"@type\":\"EntryPoint\",\"urlTemplate\":\"https:\\\/\\\/www.kktavastia.fi\\\/lukiot-kauriala\\\/?s={search_term_string}\"},\"query-input\":{\"@type\":\"PropertyValueSpecification\",\"valueRequired\":true,\"valueName\":\"search_term_string\"}}],\"inLanguage\":\"fi\"},{\"@type\":\"Person\",\"@id\":\"https:\\\/\\\/www.kktavastia.fi\\\/lukiot-kauriala\\\/#\\\/schema\\\/person\\\/024aefaad0a17654b61e7deb02a467ab\",\"name\":\"jennimanninen\",\"image\":{\"@type\":\"ImageObject\",\"inLanguage\":\"fi\",\"@id\":\"https:\\\/\\\/secure.gravatar.com\\\/avatar\\\/5457e44008198bb53daa774600a7e8e4246bcac6a14afc3db6e5d007d9dc6f39?s=96&d=mm&r=g\",\"url\":\"https:\\\/\\\/secure.gravatar.com\\\/avatar\\\/5457e44008198bb53daa774600a7e8e4246bcac6a14afc3db6e5d007d9dc6f39?s=96&d=mm&r=g\",\"contentUrl\":\"https:\\\/\\\/secure.gravatar.com\\\/avatar\\\/5457e44008198bb53daa774600a7e8e4246bcac6a14afc3db6e5d007d9dc6f39?s=96&d=mm&r=g\",\"caption\":\"jennimanninen\"},\"url\":\"https:\\\/\\\/www.kktavastia.fi\\\/lukiot-kauriala\\\/author\\\/jennimanninen\\\/\"}]}<\/script>","yoast_head_json":{"title":"Kaurialan lukion vuoden 2020 alumni - Kaurialan lukio","robots":{"index":"index","follow":"follow","max-snippet":"max-snippet:-1","max-image-preview":"max-image-preview:large","max-video-preview":"max-video-preview:-1"},"canonical":"https:\/\/www.kktavastia.fi\/lukiot-kauriala\/2020\/kaurialan-lukion-vuoden-2020-alumni\/","og_locale":"fi_FI","og_type":"article","og_title":"Kaurialan lukion vuoden 2020 alumni - Kaurialan lukio","og_description":"Kaurialan lukion vuoden 2020 alumni on Kreeta Karvala. Alumniksi kutsutaan oppilaitoksesta aiemmin valmistunutta henkil\u00f6\u00e4. Karvalan valinta vuoden alumniksi julkistettiin perjantaina [&hellip;]","og_url":"https:\/\/www.kktavastia.fi\/lukiot-kauriala\/2020\/kaurialan-lukion-vuoden-2020-alumni\/","og_site_name":"Kaurialan lukio","article_published_time":"2020-12-08T14:33:45+00:00","og_image":[{"width":1515,"height":2000,"url":"https:\/\/www.kktavastia.fi\/media\/sites\/6\/kreeta-karvala-1-scaled-1.jpg","type":"image\/jpeg"}],"author":"jennimanninen","twitter_card":"summary_large_image","schema":{"@context":"https:\/\/schema.org","@graph":[{"@type":"Article","@id":"https:\/\/www.kktavastia.fi\/lukiot-kauriala\/2020\/kaurialan-lukion-vuoden-2020-alumni\/#article","isPartOf":{"@id":"https:\/\/www.kktavastia.fi\/lukiot-kauriala\/2020\/kaurialan-lukion-vuoden-2020-alumni\/"},"author":{"name":"jennimanninen","@id":"https:\/\/www.kktavastia.fi\/lukiot-kauriala\/#\/schema\/person\/024aefaad0a17654b61e7deb02a467ab"},"headline":"Kaurialan lukion vuoden 2020 alumni","datePublished":"2020-12-08T14:33:45+00:00","mainEntityOfPage":{"@id":"https:\/\/www.kktavastia.fi\/lukiot-kauriala\/2020\/kaurialan-lukion-vuoden-2020-alumni\/"},"wordCount":254,"image":{"@id":"https:\/\/www.kktavastia.fi\/lukiot-kauriala\/2020\/kaurialan-lukion-vuoden-2020-alumni\/#primaryimage"},"thumbnailUrl":"https:\/\/www.kktavastia.fi\/media\/sites\/6\/kreeta-karvala-1-scaled-1.jpg","articleSection":["Ajankohtaista"],"inLanguage":"fi"},{"@type":"WebPage","@id":"https:\/\/www.kktavastia.fi\/lukiot-kauriala\/2020\/kaurialan-lukion-vuoden-2020-alumni\/","url":"https:\/\/www.kktavastia.fi\/lukiot-kauriala\/2020\/kaurialan-lukion-vuoden-2020-alumni\/","name":"Kaurialan lukion vuoden 2020 alumni - Kaurialan lukio","isPartOf":{"@id":"https:\/\/www.kktavastia.fi\/lukiot-kauriala\/#website"},"primaryImageOfPage":{"@id":"https:\/\/www.kktavastia.fi\/lukiot-kauriala\/2020\/kaurialan-lukion-vuoden-2020-alumni\/#primaryimage"},"image":{"@id":"https:\/\/www.kktavastia.fi\/lukiot-kauriala\/2020\/kaurialan-lukion-vuoden-2020-alumni\/#primaryimage"},"thumbnailUrl":"https:\/\/www.kktavastia.fi\/media\/sites\/6\/kreeta-karvala-1-scaled-1.jpg","datePublished":"2020-12-08T14:33:45+00:00","author":{"@id":"https:\/\/www.kktavastia.fi\/lukiot-kauriala\/#\/schema\/person\/024aefaad0a17654b61e7deb02a467ab"},"breadcrumb":{"@id":"https:\/\/www.kktavastia.fi\/lukiot-kauriala\/2020\/kaurialan-lukion-vuoden-2020-alumni\/#breadcrumb"},"inLanguage":"fi","potentialAction":[{"@type":"ReadAction","target":["https:\/\/www.kktavastia.fi\/lukiot-kauriala\/2020\/kaurialan-lukion-vuoden-2020-alumni\/"]}]},{"@type":"ImageObject","inLanguage":"fi","@id":"https:\/\/www.kktavastia.fi\/lukiot-kauriala\/2020\/kaurialan-lukion-vuoden-2020-alumni\/#primaryimage","url":"https:\/\/www.kktavastia.fi\/media\/sites\/6\/kreeta-karvala-1-scaled-1.jpg","contentUrl":"https:\/\/www.kktavastia.fi\/media\/sites\/6\/kreeta-karvala-1-scaled-1.jpg","width":1515,"height":2000},{"@type":"BreadcrumbList","@id":"https:\/\/www.kktavastia.fi\/lukiot-kauriala\/2020\/kaurialan-lukion-vuoden-2020-alumni\/#breadcrumb","itemListElement":[{"@type":"ListItem","position":1,"name":"Home","item":"https:\/\/www.kktavastia.fi\/lukiot-kauriala\/"},{"@type":"ListItem","position":2,"name":"Kaurialan lukion vuoden 2020 alumni"}]},{"@type":"WebSite","@id":"https:\/\/www.kktavastia.fi\/lukiot-kauriala\/#website","url":"https:\/\/www.kktavastia.fi\/lukiot-kauriala\/","name":"Kaurialan lukio","description":"","potentialAction":[{"@type":"SearchAction","target":{"@type":"EntryPoint","urlTemplate":"https:\/\/www.kktavastia.fi\/lukiot-kauriala\/?s={search_term_string}"},"query-input":{"@type":"PropertyValueSpecification","valueRequired":true,"valueName":"search_term_string"}}],"inLanguage":"fi"},{"@type":"Person","@id":"https:\/\/www.kktavastia.fi\/lukiot-kauriala\/#\/schema\/person\/024aefaad0a17654b61e7deb02a467ab","name":"jennimanninen","image":{"@type":"ImageObject","inLanguage":"fi","@id":"https:\/\/secure.gravatar.com\/avatar\/5457e44008198bb53daa774600a7e8e4246bcac6a14afc3db6e5d007d9dc6f39?s=96&d=mm&r=g","url":"https:\/\/secure.gravatar.com\/avatar\/5457e44008198bb53daa774600a7e8e4246bcac6a14afc3db6e5d007d9dc6f39?s=96&d=mm&r=g","contentUrl":"https:\/\/secure.gravatar.com\/avatar\/5457e44008198bb53daa774600a7e8e4246bcac6a14afc3db6e5d007d9dc6f39?s=96&d=mm&r=g","caption":"jennimanninen"},"url":"https:\/\/www.kktavastia.fi\/lukiot-kauriala\/author\/jennimanninen\/"}]}},"_links":{"self":[{"href":"https:\/\/www.kktavastia.fi\/lukiot-kauriala\/wp-json\/wp\/v2\/posts\/2622","targetHints":{"allow":["GET"]}}],"collection":[{"href":"https:\/\/www.kktavastia.fi\/lukiot-kauriala\/wp-json\/wp\/v2\/posts"}],"about":[{"href":"https:\/\/www.kktavastia.fi\/lukiot-kauriala\/wp-json\/wp\/v2\/types\/post"}],"author":[{"embeddable":true,"href":"https:\/\/www.kktavastia.fi\/lukiot-kauriala\/wp-json\/wp\/v2\/users\/3"}],"replies":[{"embeddable":true,"href":"https:\/\/www.kktavastia.fi\/lukiot-kauriala\/wp-json\/wp\/v2\/comments?post=2622"}],"version-history":[{"count":0,"href":"https:\/\/www.kktavastia.fi\/lukiot-kauriala\/wp-json\/wp\/v2\/posts\/2622\/revisions"}],"wp:featuredmedia":[{"embeddable":true,"href":"https:\/\/www.kktavastia.fi\/lukiot-kauriala\/wp-json\/wp\/v2\/media\/2623"}],"wp:attachment":[{"href":"https:\/\/www.kktavastia.fi\/lukiot-kauriala\/wp-json\/wp\/v2\/media?parent=2622"}],"wp:term":[{"taxonomy":"category","embeddable":true,"href":"https:\/\/www.kktavastia.fi\/lukiot-kauriala\/wp-json\/wp\/v2\/categories?post=2622"},{"taxonomy":"post_tag","embeddable":true,"href":"https:\/\/www.kktavastia.fi\/lukiot-kauriala\/wp-json\/wp\/v2\/tags?post=2622"}],"curies":[{"name":"wp","href":"https:\/\/api.w.org\/{rel}","templated":true}]}}