{"id":2392,"date":"2020-05-12T10:40:39","date_gmt":"2020-05-12T07:40:39","guid":{"rendered":"https:\/\/www.kktavastia.fi\/kaurialan-lukio\/?p=2392"},"modified":"2020-05-12T10:40:39","modified_gmt":"2020-05-12T07:40:39","slug":"kevaan-ylioppilaat-2020","status":"publish","type":"post","link":"https:\/\/www.kktavastia.fi\/lukiot-kauriala\/2020\/kevaan-ylioppilaat-2020\/","title":{"rendered":"Kaurialan lukion kev\u00e4\u00e4n ylioppilaat"},"content":{"rendered":"<figure id=\"attachment_2393\" aria-describedby=\"caption-attachment-2393\" style=\"width: 300px\" class=\"wp-caption alignright\"><a href=\"https:\/\/www.kktavastia.fi\/media\/sites\/6\/lakki-ja-omenankukka-1-scaled-1.jpg\"><img loading=\"lazy\" decoding=\"async\" class=\"wp-image-2393\" src=\"https:\/\/www.kktavastia.fi\/media\/sites\/6\/lakki-ja-omenankukka-1-scaled-1.jpg\" alt=\"\" width=\"300\" height=\"200\" srcset=\"https:\/\/www.kktavastia.fi\/media\/sites\/6\/lakki-ja-omenankukka-1-scaled-1.jpg 2000w, https:\/\/www.kktavastia.fi\/media\/sites\/6\/lakki-ja-omenankukka-1-scaled-1-300x200.jpg 300w, https:\/\/www.kktavastia.fi\/media\/sites\/6\/lakki-ja-omenankukka-1-scaled-1-1024x683.jpg 1024w, https:\/\/www.kktavastia.fi\/media\/sites\/6\/lakki-ja-omenankukka-1-scaled-1-768x512.jpg 768w, https:\/\/www.kktavastia.fi\/media\/sites\/6\/lakki-ja-omenankukka-1-scaled-1-1536x1025.jpg 1536w, https:\/\/www.kktavastia.fi\/media\/sites\/6\/lakki-ja-omenankukka-1-scaled-1-20x13.jpg 20w\" sizes=\"auto, (max-width: 300px) 100vw, 300px\" \/><\/a><figcaption id=\"caption-attachment-2393\" class=\"wp-caption-text\"><em><strong>Onnittelut uusille ylioppilaille!<\/strong><\/em><\/figcaption><\/figure>\n<p>Aaltonen Roosa<br \/>\nAaltonen Viivi<br \/>\nAhonen Peetu<br \/>\nAhvenj\u00e4rvi Salla<br \/>\nAl-Abbasi Ahmed<br \/>\nAl-Janaby Yousif<br \/>\nAsikainen Eeli<br \/>\nAutio Aleksandra<br \/>\nGr\u00f6nberg Jesperi<br \/>\nHartikka Leevi<br \/>\nHaulos Paju<br \/>\nHautala Veeti<br \/>\nHavula Valtteri<br \/>\nHenriksson Oskari<br \/>\nHieto Jenny<br \/>\nHiiri Anni<br \/>\nHorila Roope<br \/>\nHuttunen Emma<br \/>\nH\u00e4m\u00e4l\u00e4inen Sara<br \/>\nH\u00e4nninen Miro<br \/>\nImmonen Teemu<br \/>\nJaara Emmi<br \/>\nJurvanen Petra<br \/>\nJylh\u00e4-Ollila Eeva<br \/>\nJ\u00e4ntti Juuso<br \/>\nJ\u00e4rvinen Aliisa<br \/>\nKallioinen Anni<br \/>\nKallioinen Emmi<br \/>\nKalliokoski Alvar<br \/>\nKanerva Anna<br \/>\nKankkunen Juuso<br \/>\nKannisto Inka<br \/>\nKauro Pauli<br \/>\nKeinonen Aku<br \/>\nKein\u00e4nen Karo<br \/>\nKesomaa Pauliina<br \/>\nKiuru Inka<br \/>\nKiuru Tatu<br \/>\nKoivuniemi Emilia<br \/>\nKoskelainen Emilia<br \/>\nKoskelin Mirka<br \/>\nKoskiheimo Akseli<br \/>\nKoskinen Sanni<br \/>\nKuivalahti Liisa<br \/>\nKuivasaari Matias<br \/>\nKuusinen Iines<br \/>\nKuusisto Miro<br \/>\nLahti Tomi<br \/>\nLaiho Ella<br \/>\nLatvala Henniina<br \/>\nLaukkanen Isak<br \/>\nLaukkanen Juuso<br \/>\nLauttia Anni<br \/>\nLehtinen Aada<br \/>\nLehtinen Martti<br \/>\nLehtiniemi Suvi-Tuulia<br \/>\nLehtomurto Petrus<br \/>\nLehtonen Sanni<br \/>\nLeikkainen Luna<br \/>\nLemmetyinen V\u00e4in\u00f6<br \/>\nLepp\u00e4nen Netta<br \/>\nLindgren Tuomas<br \/>\nLindholm Viivi<br \/>\nLindroos Julia<br \/>\nLohtander Maria<br \/>\nLukanniemi Teemu<br \/>\nLumij\u00e4rvi Eliel<br \/>\nL\u00e4hteenm\u00e4ki Kaisa<br \/>\nMajuri Fanni<br \/>\nMalmivaara Roope<br \/>\nMarkus Camilla<br \/>\nM\u00e4enp\u00e4\u00e4 Elmeri<br \/>\nM\u00e4kinen Riku<br \/>\nNiemikotka Veikka<br \/>\nNieminen Nelma<br \/>\nNiininen Sanni<br \/>\nNoel Wilma<br \/>\nNurmi Milla<br \/>\nOjala Emma<br \/>\nOjanper\u00e4 Nea<br \/>\nPaavola Veera<br \/>\nPakarinen Aino<br \/>\nPalomaa Toivo<br \/>\nPenttil\u00e4 Anne<br \/>\nPesu Kaarina<br \/>\nPettersson Emma<br \/>\nPiha Eveliina<br \/>\nPiispanen Heta<br \/>\nPosti Aino<br \/>\nPuranen Silja<br \/>\nP\u00f6ystil\u00e4 Sanni<br \/>\nP\u00f6yt\u00e4kivi Aatu<br \/>\nRantala Oskari<br \/>\nRantanen Tuulevi<br \/>\nRautalahti Atte<br \/>\nReijomaa Kalle<br \/>\nReima Aapo<br \/>\nReiman Leo<br \/>\nRekonen Jonna<br \/>\nRintala Ossi<br \/>\nRissanen Nico<br \/>\nRoininen Niklas<br \/>\nRyyn\u00e4nen Akseli<br \/>\nR\u00e4is\u00e4 Aino<br \/>\nSaari Topias<br \/>\nSaikkala Suvi-Maria<br \/>\nSantahuhta Veeti<br \/>\nSihvo Roosa<br \/>\nSintonen Aino<br \/>\nSipil\u00e4 Susanna<br \/>\nSirvi\u00f6 Kaisa<br \/>\nTammi Nea<br \/>\nTast Sofia<br \/>\nTeppo Emma<br \/>\nTiihonen Suvi<br \/>\nTimonen Aino<br \/>\nToivio Venla<br \/>\nTomminen Ella<br \/>\nTulensalo Johannes<br \/>\nTuominen Henna<br \/>\nTupala Kaisa<br \/>\nT\u00f6rm\u00e4nen Anna<br \/>\nUotila Tapio<br \/>\nUusitalo Santra<br \/>\nVaajamo Santeri<br \/>\nVainikka Siiri<br \/>\nValo Aatu<br \/>\nVilkki Jukka<br \/>\nVuola Eelis<br \/>\nWassenaar Walmari<\/p>\n","protected":false},"excerpt":{"rendered":"<p>Aaltonen Roosa Aaltonen Viivi Ahonen Peetu Ahvenj\u00e4rvi Salla Al-Abbasi Ahmed Al-Janaby Yousif Asikainen Eeli Autio Aleksandra Gr\u00f6nberg Jesperi Hartikka Leevi [&hellip;]<\/p>\n","protected":false},"author":5,"featured_media":2393,"comment_status":"closed","ping_status":"closed","sticky":false,"template":"","format":"standard","meta":{"_acf_changed":false,"_relevanssi_hide_post":"","_relevanssi_hide_content":"","_relevanssi_pin_for_all":"","_relevanssi_pin_keywords":"","_relevanssi_unpin_keywords":"","_relevanssi_related_keywords":"","_relevanssi_related_include_ids":"","_relevanssi_related_exclude_ids":"","_relevanssi_related_no_append":"","_relevanssi_related_not_related":"","_relevanssi_related_posts":"","_relevanssi_noindex_reason":"","footnotes":""},"categories":[3],"tags":[],"class_list":["post-2392","post","type-post","status-publish","format-standard","has-post-thumbnail","hentry","category-ajankohtaista"],"acf":[],"yoast_head":"<title>Kaurialan lukion kev\u00e4\u00e4n ylioppilaat - Kaurialan lukio<\/title>\n<meta name=\"robots\" content=\"index, follow, max-snippet:-1, max-image-preview:large, max-video-preview:-1\" \/>\n<link rel=\"canonical\" href=\"https:\/\/www.kktavastia.fi\/lukiot-kauriala\/2020\/kevaan-ylioppilaat-2020\/\" \/>\n<meta property=\"og:locale\" content=\"fi_FI\" \/>\n<meta property=\"og:type\" content=\"article\" \/>\n<meta property=\"og:title\" content=\"Kaurialan lukion kev\u00e4\u00e4n ylioppilaat - Kaurialan lukio\" \/>\n<meta property=\"og:description\" content=\"Aaltonen Roosa Aaltonen Viivi Ahonen Peetu Ahvenj\u00e4rvi Salla Al-Abbasi Ahmed Al-Janaby Yousif Asikainen Eeli Autio Aleksandra Gr\u00f6nberg Jesperi Hartikka Leevi [&hellip;]\" \/>\n<meta property=\"og:url\" content=\"https:\/\/www.kktavastia.fi\/lukiot-kauriala\/2020\/kevaan-ylioppilaat-2020\/\" \/>\n<meta property=\"og:site_name\" content=\"Kaurialan lukio\" \/>\n<meta property=\"article:published_time\" content=\"2020-05-12T07:40:39+00:00\" \/>\n<meta property=\"og:image\" content=\"https:\/\/www.kktavastia.fi\/media\/sites\/6\/lakki-ja-omenankukka-1-scaled-1.jpg\" \/>\n\t<meta property=\"og:image:width\" content=\"2000\" \/>\n\t<meta property=\"og:image:height\" content=\"1334\" \/>\n\t<meta property=\"og:image:type\" content=\"image\/jpeg\" \/>\n<meta name=\"author\" content=\"sannajalli\" \/>\n<meta name=\"twitter:card\" content=\"summary_large_image\" \/>\n<script type=\"application\/ld+json\" class=\"yoast-schema-graph\">{\"@context\":\"https:\\\/\\\/schema.org\",\"@graph\":[{\"@type\":\"Article\",\"@id\":\"https:\\\/\\\/www.kktavastia.fi\\\/lukiot-kauriala\\\/2020\\\/kevaan-ylioppilaat-2020\\\/#article\",\"isPartOf\":{\"@id\":\"https:\\\/\\\/www.kktavastia.fi\\\/lukiot-kauriala\\\/2020\\\/kevaan-ylioppilaat-2020\\\/\"},\"author\":{\"name\":\"sannajalli\",\"@id\":\"https:\\\/\\\/www.kktavastia.fi\\\/lukiot-kauriala\\\/#\\\/schema\\\/person\\\/5124cdf24960861f89c21a474417e84c\"},\"headline\":\"Kaurialan lukion kev\u00e4\u00e4n ylioppilaat\",\"datePublished\":\"2020-05-12T07:40:39+00:00\",\"mainEntityOfPage\":{\"@id\":\"https:\\\/\\\/www.kktavastia.fi\\\/lukiot-kauriala\\\/2020\\\/kevaan-ylioppilaat-2020\\\/\"},\"wordCount\":299,\"image\":{\"@id\":\"https:\\\/\\\/www.kktavastia.fi\\\/lukiot-kauriala\\\/2020\\\/kevaan-ylioppilaat-2020\\\/#primaryimage\"},\"thumbnailUrl\":\"https:\\\/\\\/www.kktavastia.fi\\\/media\\\/sites\\\/6\\\/lakki-ja-omenankukka-1-scaled-1.jpg\",\"articleSection\":[\"Ajankohtaista\"],\"inLanguage\":\"fi\"},{\"@type\":\"WebPage\",\"@id\":\"https:\\\/\\\/www.kktavastia.fi\\\/lukiot-kauriala\\\/2020\\\/kevaan-ylioppilaat-2020\\\/\",\"url\":\"https:\\\/\\\/www.kktavastia.fi\\\/lukiot-kauriala\\\/2020\\\/kevaan-ylioppilaat-2020\\\/\",\"name\":\"Kaurialan lukion kev\u00e4\u00e4n ylioppilaat - Kaurialan lukio\",\"isPartOf\":{\"@id\":\"https:\\\/\\\/www.kktavastia.fi\\\/lukiot-kauriala\\\/#website\"},\"primaryImageOfPage\":{\"@id\":\"https:\\\/\\\/www.kktavastia.fi\\\/lukiot-kauriala\\\/2020\\\/kevaan-ylioppilaat-2020\\\/#primaryimage\"},\"image\":{\"@id\":\"https:\\\/\\\/www.kktavastia.fi\\\/lukiot-kauriala\\\/2020\\\/kevaan-ylioppilaat-2020\\\/#primaryimage\"},\"thumbnailUrl\":\"https:\\\/\\\/www.kktavastia.fi\\\/media\\\/sites\\\/6\\\/lakki-ja-omenankukka-1-scaled-1.jpg\",\"datePublished\":\"2020-05-12T07:40:39+00:00\",\"author\":{\"@id\":\"https:\\\/\\\/www.kktavastia.fi\\\/lukiot-kauriala\\\/#\\\/schema\\\/person\\\/5124cdf24960861f89c21a474417e84c\"},\"breadcrumb\":{\"@id\":\"https:\\\/\\\/www.kktavastia.fi\\\/lukiot-kauriala\\\/2020\\\/kevaan-ylioppilaat-2020\\\/#breadcrumb\"},\"inLanguage\":\"fi\",\"potentialAction\":[{\"@type\":\"ReadAction\",\"target\":[\"https:\\\/\\\/www.kktavastia.fi\\\/lukiot-kauriala\\\/2020\\\/kevaan-ylioppilaat-2020\\\/\"]}]},{\"@type\":\"ImageObject\",\"inLanguage\":\"fi\",\"@id\":\"https:\\\/\\\/www.kktavastia.fi\\\/lukiot-kauriala\\\/2020\\\/kevaan-ylioppilaat-2020\\\/#primaryimage\",\"url\":\"https:\\\/\\\/www.kktavastia.fi\\\/media\\\/sites\\\/6\\\/lakki-ja-omenankukka-1-scaled-1.jpg\",\"contentUrl\":\"https:\\\/\\\/www.kktavastia.fi\\\/media\\\/sites\\\/6\\\/lakki-ja-omenankukka-1-scaled-1.jpg\",\"width\":2000,\"height\":1334},{\"@type\":\"BreadcrumbList\",\"@id\":\"https:\\\/\\\/www.kktavastia.fi\\\/lukiot-kauriala\\\/2020\\\/kevaan-ylioppilaat-2020\\\/#breadcrumb\",\"itemListElement\":[{\"@type\":\"ListItem\",\"position\":1,\"name\":\"Home\",\"item\":\"https:\\\/\\\/www.kktavastia.fi\\\/lukiot-kauriala\\\/\"},{\"@type\":\"ListItem\",\"position\":2,\"name\":\"Kaurialan lukion kev\u00e4\u00e4n ylioppilaat\"}]},{\"@type\":\"WebSite\",\"@id\":\"https:\\\/\\\/www.kktavastia.fi\\\/lukiot-kauriala\\\/#website\",\"url\":\"https:\\\/\\\/www.kktavastia.fi\\\/lukiot-kauriala\\\/\",\"name\":\"Kaurialan lukio\",\"description\":\"\",\"potentialAction\":[{\"@type\":\"SearchAction\",\"target\":{\"@type\":\"EntryPoint\",\"urlTemplate\":\"https:\\\/\\\/www.kktavastia.fi\\\/lukiot-kauriala\\\/?s={search_term_string}\"},\"query-input\":{\"@type\":\"PropertyValueSpecification\",\"valueRequired\":true,\"valueName\":\"search_term_string\"}}],\"inLanguage\":\"fi\"},{\"@type\":\"Person\",\"@id\":\"https:\\\/\\\/www.kktavastia.fi\\\/lukiot-kauriala\\\/#\\\/schema\\\/person\\\/5124cdf24960861f89c21a474417e84c\",\"name\":\"sannajalli\",\"image\":{\"@type\":\"ImageObject\",\"inLanguage\":\"fi\",\"@id\":\"https:\\\/\\\/secure.gravatar.com\\\/avatar\\\/5a90797dc90f9ae04e1821fb5ead7872f6cb5e56ea86cb2a991873d12dd0c83a?s=96&d=mm&r=g\",\"url\":\"https:\\\/\\\/secure.gravatar.com\\\/avatar\\\/5a90797dc90f9ae04e1821fb5ead7872f6cb5e56ea86cb2a991873d12dd0c83a?s=96&d=mm&r=g\",\"contentUrl\":\"https:\\\/\\\/secure.gravatar.com\\\/avatar\\\/5a90797dc90f9ae04e1821fb5ead7872f6cb5e56ea86cb2a991873d12dd0c83a?s=96&d=mm&r=g\",\"caption\":\"sannajalli\"},\"url\":\"https:\\\/\\\/www.kktavastia.fi\\\/lukiot-kauriala\\\/author\\\/sannajalli\\\/\"}]}<\/script>","yoast_head_json":{"title":"Kaurialan lukion kev\u00e4\u00e4n ylioppilaat - Kaurialan lukio","robots":{"index":"index","follow":"follow","max-snippet":"max-snippet:-1","max-image-preview":"max-image-preview:large","max-video-preview":"max-video-preview:-1"},"canonical":"https:\/\/www.kktavastia.fi\/lukiot-kauriala\/2020\/kevaan-ylioppilaat-2020\/","og_locale":"fi_FI","og_type":"article","og_title":"Kaurialan lukion kev\u00e4\u00e4n ylioppilaat - Kaurialan lukio","og_description":"Aaltonen Roosa Aaltonen Viivi Ahonen Peetu Ahvenj\u00e4rvi Salla Al-Abbasi Ahmed Al-Janaby Yousif Asikainen Eeli Autio Aleksandra Gr\u00f6nberg Jesperi Hartikka Leevi [&hellip;]","og_url":"https:\/\/www.kktavastia.fi\/lukiot-kauriala\/2020\/kevaan-ylioppilaat-2020\/","og_site_name":"Kaurialan lukio","article_published_time":"2020-05-12T07:40:39+00:00","og_image":[{"width":2000,"height":1334,"url":"https:\/\/www.kktavastia.fi\/media\/sites\/6\/lakki-ja-omenankukka-1-scaled-1.jpg","type":"image\/jpeg"}],"author":"sannajalli","twitter_card":"summary_large_image","schema":{"@context":"https:\/\/schema.org","@graph":[{"@type":"Article","@id":"https:\/\/www.kktavastia.fi\/lukiot-kauriala\/2020\/kevaan-ylioppilaat-2020\/#article","isPartOf":{"@id":"https:\/\/www.kktavastia.fi\/lukiot-kauriala\/2020\/kevaan-ylioppilaat-2020\/"},"author":{"name":"sannajalli","@id":"https:\/\/www.kktavastia.fi\/lukiot-kauriala\/#\/schema\/person\/5124cdf24960861f89c21a474417e84c"},"headline":"Kaurialan lukion kev\u00e4\u00e4n ylioppilaat","datePublished":"2020-05-12T07:40:39+00:00","mainEntityOfPage":{"@id":"https:\/\/www.kktavastia.fi\/lukiot-kauriala\/2020\/kevaan-ylioppilaat-2020\/"},"wordCount":299,"image":{"@id":"https:\/\/www.kktavastia.fi\/lukiot-kauriala\/2020\/kevaan-ylioppilaat-2020\/#primaryimage"},"thumbnailUrl":"https:\/\/www.kktavastia.fi\/media\/sites\/6\/lakki-ja-omenankukka-1-scaled-1.jpg","articleSection":["Ajankohtaista"],"inLanguage":"fi"},{"@type":"WebPage","@id":"https:\/\/www.kktavastia.fi\/lukiot-kauriala\/2020\/kevaan-ylioppilaat-2020\/","url":"https:\/\/www.kktavastia.fi\/lukiot-kauriala\/2020\/kevaan-ylioppilaat-2020\/","name":"Kaurialan lukion kev\u00e4\u00e4n ylioppilaat - Kaurialan lukio","isPartOf":{"@id":"https:\/\/www.kktavastia.fi\/lukiot-kauriala\/#website"},"primaryImageOfPage":{"@id":"https:\/\/www.kktavastia.fi\/lukiot-kauriala\/2020\/kevaan-ylioppilaat-2020\/#primaryimage"},"image":{"@id":"https:\/\/www.kktavastia.fi\/lukiot-kauriala\/2020\/kevaan-ylioppilaat-2020\/#primaryimage"},"thumbnailUrl":"https:\/\/www.kktavastia.fi\/media\/sites\/6\/lakki-ja-omenankukka-1-scaled-1.jpg","datePublished":"2020-05-12T07:40:39+00:00","author":{"@id":"https:\/\/www.kktavastia.fi\/lukiot-kauriala\/#\/schema\/person\/5124cdf24960861f89c21a474417e84c"},"breadcrumb":{"@id":"https:\/\/www.kktavastia.fi\/lukiot-kauriala\/2020\/kevaan-ylioppilaat-2020\/#breadcrumb"},"inLanguage":"fi","potentialAction":[{"@type":"ReadAction","target":["https:\/\/www.kktavastia.fi\/lukiot-kauriala\/2020\/kevaan-ylioppilaat-2020\/"]}]},{"@type":"ImageObject","inLanguage":"fi","@id":"https:\/\/www.kktavastia.fi\/lukiot-kauriala\/2020\/kevaan-ylioppilaat-2020\/#primaryimage","url":"https:\/\/www.kktavastia.fi\/media\/sites\/6\/lakki-ja-omenankukka-1-scaled-1.jpg","contentUrl":"https:\/\/www.kktavastia.fi\/media\/sites\/6\/lakki-ja-omenankukka-1-scaled-1.jpg","width":2000,"height":1334},{"@type":"BreadcrumbList","@id":"https:\/\/www.kktavastia.fi\/lukiot-kauriala\/2020\/kevaan-ylioppilaat-2020\/#breadcrumb","itemListElement":[{"@type":"ListItem","position":1,"name":"Home","item":"https:\/\/www.kktavastia.fi\/lukiot-kauriala\/"},{"@type":"ListItem","position":2,"name":"Kaurialan lukion kev\u00e4\u00e4n ylioppilaat"}]},{"@type":"WebSite","@id":"https:\/\/www.kktavastia.fi\/lukiot-kauriala\/#website","url":"https:\/\/www.kktavastia.fi\/lukiot-kauriala\/","name":"Kaurialan lukio","description":"","potentialAction":[{"@type":"SearchAction","target":{"@type":"EntryPoint","urlTemplate":"https:\/\/www.kktavastia.fi\/lukiot-kauriala\/?s={search_term_string}"},"query-input":{"@type":"PropertyValueSpecification","valueRequired":true,"valueName":"search_term_string"}}],"inLanguage":"fi"},{"@type":"Person","@id":"https:\/\/www.kktavastia.fi\/lukiot-kauriala\/#\/schema\/person\/5124cdf24960861f89c21a474417e84c","name":"sannajalli","image":{"@type":"ImageObject","inLanguage":"fi","@id":"https:\/\/secure.gravatar.com\/avatar\/5a90797dc90f9ae04e1821fb5ead7872f6cb5e56ea86cb2a991873d12dd0c83a?s=96&d=mm&r=g","url":"https:\/\/secure.gravatar.com\/avatar\/5a90797dc90f9ae04e1821fb5ead7872f6cb5e56ea86cb2a991873d12dd0c83a?s=96&d=mm&r=g","contentUrl":"https:\/\/secure.gravatar.com\/avatar\/5a90797dc90f9ae04e1821fb5ead7872f6cb5e56ea86cb2a991873d12dd0c83a?s=96&d=mm&r=g","caption":"sannajalli"},"url":"https:\/\/www.kktavastia.fi\/lukiot-kauriala\/author\/sannajalli\/"}]}},"_links":{"self":[{"href":"https:\/\/www.kktavastia.fi\/lukiot-kauriala\/wp-json\/wp\/v2\/posts\/2392","targetHints":{"allow":["GET"]}}],"collection":[{"href":"https:\/\/www.kktavastia.fi\/lukiot-kauriala\/wp-json\/wp\/v2\/posts"}],"about":[{"href":"https:\/\/www.kktavastia.fi\/lukiot-kauriala\/wp-json\/wp\/v2\/types\/post"}],"author":[{"embeddable":true,"href":"https:\/\/www.kktavastia.fi\/lukiot-kauriala\/wp-json\/wp\/v2\/users\/5"}],"replies":[{"embeddable":true,"href":"https:\/\/www.kktavastia.fi\/lukiot-kauriala\/wp-json\/wp\/v2\/comments?post=2392"}],"version-history":[{"count":0,"href":"https:\/\/www.kktavastia.fi\/lukiot-kauriala\/wp-json\/wp\/v2\/posts\/2392\/revisions"}],"wp:featuredmedia":[{"embeddable":true,"href":"https:\/\/www.kktavastia.fi\/lukiot-kauriala\/wp-json\/wp\/v2\/media\/2393"}],"wp:attachment":[{"href":"https:\/\/www.kktavastia.fi\/lukiot-kauriala\/wp-json\/wp\/v2\/media?parent=2392"}],"wp:term":[{"taxonomy":"category","embeddable":true,"href":"https:\/\/www.kktavastia.fi\/lukiot-kauriala\/wp-json\/wp\/v2\/categories?post=2392"},{"taxonomy":"post_tag","embeddable":true,"href":"https:\/\/www.kktavastia.fi\/lukiot-kauriala\/wp-json\/wp\/v2\/tags?post=2392"}],"curies":[{"name":"wp","href":"https:\/\/api.w.org\/{rel}","templated":true}]}}