{"id":3865,"date":"2022-11-21T11:34:40","date_gmt":"2022-11-21T09:34:40","guid":{"rendered":"https:\/\/www.kktavastia.fi\/lukiot-kauriala\/?post_type=blogarticle&#038;p=3865"},"modified":"2023-09-26T11:39:14","modified_gmt":"2023-09-26T08:39:14","slug":"lukioelamaa-sloveniassa","status":"publish","type":"blogarticle","link":"https:\/\/www.kktavastia.fi\/lukiot-kauriala\/blogi\/lukioelamaa-sloveniassa\/","title":{"rendered":"Lukioel\u00e4m\u00e4\u00e4 Sloveniassa"},"content":{"rendered":"\n<figure class=\"wp-block-image size-full is-resized\"><img loading=\"lazy\" decoding=\"async\" src=\"https:\/\/www.kktavastia.fi\/media\/sites\/6\/0b4a1c44-438a-4525-8c75-4e939d8f28c7_1_105_c.jpeg\" alt=\"\" class=\"wp-image-3866\" style=\"width:563px;height:422px\" width=\"563\" height=\"422\" srcset=\"https:\/\/www.kktavastia.fi\/media\/sites\/6\/0b4a1c44-438a-4525-8c75-4e939d8f28c7_1_105_c.jpeg 1024w, https:\/\/www.kktavastia.fi\/media\/sites\/6\/0b4a1c44-438a-4525-8c75-4e939d8f28c7_1_105_c-300x225.jpeg 300w, https:\/\/www.kktavastia.fi\/media\/sites\/6\/0b4a1c44-438a-4525-8c75-4e939d8f28c7_1_105_c-768x576.jpeg 768w, https:\/\/www.kktavastia.fi\/media\/sites\/6\/0b4a1c44-438a-4525-8c75-4e939d8f28c7_1_105_c-387x290.jpeg 387w, https:\/\/www.kktavastia.fi\/media\/sites\/6\/0b4a1c44-438a-4525-8c75-4e939d8f28c7_1_105_c-20x15.jpeg 20w\" sizes=\"auto, (max-width: 563px) 100vw, 563px\" \/><\/figure>\n\n\n\n<p>Marraskuussa opettajamme Soile, Johannes, Aleksi ja Johanna tutustuivat slovenialaiseen lukiomaailmaan Gimnazija Franceta Preserna -lukiossa. Slovenialaiseen kouluj\u00e4rjestelm\u00e4\u00e4n ja lukio-opetukseen tutustumiseen saatiin Erasmus-rahoitusta.<\/p>\n\n\n\n<figure class=\"wp-block-image size-large is-resized\"><img loading=\"lazy\" decoding=\"async\" src=\"https:\/\/www.kktavastia.fi\/media\/sites\/6\/fi-funded-by-the-eu_pos-1024x215.jpg\" alt=\"Erasmus+ rahoittaa\" class=\"wp-image-3970\" style=\"width:243px;height:51px\" width=\"243\" height=\"51\" srcset=\"https:\/\/www.kktavastia.fi\/media\/sites\/6\/fi-funded-by-the-eu_pos-1024x215.jpg 1024w, https:\/\/www.kktavastia.fi\/media\/sites\/6\/fi-funded-by-the-eu_pos-300x63.jpg 300w, https:\/\/www.kktavastia.fi\/media\/sites\/6\/fi-funded-by-the-eu_pos-768x161.jpg 768w, https:\/\/www.kktavastia.fi\/media\/sites\/6\/fi-funded-by-the-eu_pos-1536x322.jpg 1536w, https:\/\/www.kktavastia.fi\/media\/sites\/6\/fi-funded-by-the-eu_pos-2048x430.jpg 2048w, https:\/\/www.kktavastia.fi\/media\/sites\/6\/fi-funded-by-the-eu_pos-460x97.jpg 460w, https:\/\/www.kktavastia.fi\/media\/sites\/6\/fi-funded-by-the-eu_pos-20x4.jpg 20w\" sizes=\"auto, (max-width: 243px) 100vw, 243px\" \/><\/figure>\n","protected":false},"excerpt":{"rendered":"<p>Marraskuussa opettajamme Soile, Johannes, Aleksi ja Johanna tutustuivat slovenialaiseen lukiomaailmaan Gimnazija Franceta Preserna -lukiossa. Slovenialaiseen kouluj\u00e4rjestelm\u00e4\u00e4n ja lukio-opetukseen tutustumiseen saatiin [&hellip;]<\/p>\n","protected":false},"author":43,"featured_media":3878,"menu_order":0,"template":"","format":"standard","blogcategory":[55],"class_list":["post-3865","blogarticle","type-blogarticle","status-publish","format-standard","has-post-thumbnail","hentry","blogcategory-kansainvalinen-kauriala"],"acf":[],"yoast_head":"<title>Lukioel\u00e4m\u00e4\u00e4 Sloveniassa - Kaurialan lukio<\/title>\n<meta name=\"robots\" content=\"index, follow, max-snippet:-1, max-image-preview:large, max-video-preview:-1\" \/>\n<link rel=\"canonical\" href=\"https:\/\/www.kktavastia.fi\/lukiot-kauriala\/blogi\/lukioelamaa-sloveniassa\/\" \/>\n<meta property=\"og:locale\" content=\"fi_FI\" \/>\n<meta property=\"og:type\" content=\"article\" \/>\n<meta property=\"og:title\" content=\"Lukioel\u00e4m\u00e4\u00e4 Sloveniassa - Kaurialan lukio\" \/>\n<meta property=\"og:description\" content=\"Marraskuussa opettajamme Soile, Johannes, Aleksi ja Johanna tutustuivat slovenialaiseen lukiomaailmaan Gimnazija Franceta Preserna -lukiossa. Slovenialaiseen kouluj\u00e4rjestelm\u00e4\u00e4n ja lukio-opetukseen tutustumiseen saatiin [&hellip;]\" \/>\n<meta property=\"og:url\" content=\"https:\/\/www.kktavastia.fi\/lukiot-kauriala\/blogi\/lukioelamaa-sloveniassa\/\" \/>\n<meta property=\"og:site_name\" content=\"Kaurialan lukio\" \/>\n<meta property=\"article:modified_time\" content=\"2023-09-26T08:39:14+00:00\" \/>\n<meta property=\"og:image\" content=\"https:\/\/www.kktavastia.fi\/media\/sites\/6\/3d1e7581-170f-4150-8edc-9c474efa5142_1_105_c.jpeg\" \/>\n\t<meta property=\"og:image:width\" content=\"1024\" \/>\n\t<meta property=\"og:image:height\" content=\"768\" \/>\n\t<meta property=\"og:image:type\" content=\"image\/jpeg\" \/>\n<meta name=\"twitter:card\" content=\"summary_large_image\" \/>\n<script type=\"application\/ld+json\" class=\"yoast-schema-graph\">{\"@context\":\"https:\\\/\\\/schema.org\",\"@graph\":[{\"@type\":\"WebPage\",\"@id\":\"https:\\\/\\\/www.kktavastia.fi\\\/lukiot-kauriala\\\/blogi\\\/lukioelamaa-sloveniassa\\\/\",\"url\":\"https:\\\/\\\/www.kktavastia.fi\\\/lukiot-kauriala\\\/blogi\\\/lukioelamaa-sloveniassa\\\/\",\"name\":\"Lukioel\u00e4m\u00e4\u00e4 Sloveniassa - Kaurialan lukio\",\"isPartOf\":{\"@id\":\"https:\\\/\\\/www.kktavastia.fi\\\/lukiot-kauriala\\\/#website\"},\"primaryImageOfPage\":{\"@id\":\"https:\\\/\\\/www.kktavastia.fi\\\/lukiot-kauriala\\\/blogi\\\/lukioelamaa-sloveniassa\\\/#primaryimage\"},\"image\":{\"@id\":\"https:\\\/\\\/www.kktavastia.fi\\\/lukiot-kauriala\\\/blogi\\\/lukioelamaa-sloveniassa\\\/#primaryimage\"},\"thumbnailUrl\":\"https:\\\/\\\/www.kktavastia.fi\\\/media\\\/sites\\\/6\\\/3d1e7581-170f-4150-8edc-9c474efa5142_1_105_c.jpeg\",\"datePublished\":\"2022-11-21T09:34:40+00:00\",\"dateModified\":\"2023-09-26T08:39:14+00:00\",\"breadcrumb\":{\"@id\":\"https:\\\/\\\/www.kktavastia.fi\\\/lukiot-kauriala\\\/blogi\\\/lukioelamaa-sloveniassa\\\/#breadcrumb\"},\"inLanguage\":\"fi\",\"potentialAction\":[{\"@type\":\"ReadAction\",\"target\":[\"https:\\\/\\\/www.kktavastia.fi\\\/lukiot-kauriala\\\/blogi\\\/lukioelamaa-sloveniassa\\\/\"]}]},{\"@type\":\"ImageObject\",\"inLanguage\":\"fi\",\"@id\":\"https:\\\/\\\/www.kktavastia.fi\\\/lukiot-kauriala\\\/blogi\\\/lukioelamaa-sloveniassa\\\/#primaryimage\",\"url\":\"https:\\\/\\\/www.kktavastia.fi\\\/media\\\/sites\\\/6\\\/3d1e7581-170f-4150-8edc-9c474efa5142_1_105_c.jpeg\",\"contentUrl\":\"https:\\\/\\\/www.kktavastia.fi\\\/media\\\/sites\\\/6\\\/3d1e7581-170f-4150-8edc-9c474efa5142_1_105_c.jpeg\",\"width\":1024,\"height\":768},{\"@type\":\"BreadcrumbList\",\"@id\":\"https:\\\/\\\/www.kktavastia.fi\\\/lukiot-kauriala\\\/blogi\\\/lukioelamaa-sloveniassa\\\/#breadcrumb\",\"itemListElement\":[{\"@type\":\"ListItem\",\"position\":1,\"name\":\"Home\",\"item\":\"https:\\\/\\\/www.kktavastia.fi\\\/lukiot-kauriala\\\/\"},{\"@type\":\"ListItem\",\"position\":2,\"name\":\"Blogi\",\"item\":\"https:\\\/\\\/www.kktavastia.fi\\\/lukiot-kauriala\\\/blogi\\\/\"},{\"@type\":\"ListItem\",\"position\":3,\"name\":\"Lukioel\u00e4m\u00e4\u00e4 Sloveniassa\"}]},{\"@type\":\"WebSite\",\"@id\":\"https:\\\/\\\/www.kktavastia.fi\\\/lukiot-kauriala\\\/#website\",\"url\":\"https:\\\/\\\/www.kktavastia.fi\\\/lukiot-kauriala\\\/\",\"name\":\"Kaurialan lukio\",\"description\":\"\",\"potentialAction\":[{\"@type\":\"SearchAction\",\"target\":{\"@type\":\"EntryPoint\",\"urlTemplate\":\"https:\\\/\\\/www.kktavastia.fi\\\/lukiot-kauriala\\\/?s={search_term_string}\"},\"query-input\":{\"@type\":\"PropertyValueSpecification\",\"valueRequired\":true,\"valueName\":\"search_term_string\"}}],\"inLanguage\":\"fi\"}]}<\/script>","yoast_head_json":{"title":"Lukioel\u00e4m\u00e4\u00e4 Sloveniassa - Kaurialan lukio","robots":{"index":"index","follow":"follow","max-snippet":"max-snippet:-1","max-image-preview":"max-image-preview:large","max-video-preview":"max-video-preview:-1"},"canonical":"https:\/\/www.kktavastia.fi\/lukiot-kauriala\/blogi\/lukioelamaa-sloveniassa\/","og_locale":"fi_FI","og_type":"article","og_title":"Lukioel\u00e4m\u00e4\u00e4 Sloveniassa - Kaurialan lukio","og_description":"Marraskuussa opettajamme Soile, Johannes, Aleksi ja Johanna tutustuivat slovenialaiseen lukiomaailmaan Gimnazija Franceta Preserna -lukiossa. Slovenialaiseen kouluj\u00e4rjestelm\u00e4\u00e4n ja lukio-opetukseen tutustumiseen saatiin [&hellip;]","og_url":"https:\/\/www.kktavastia.fi\/lukiot-kauriala\/blogi\/lukioelamaa-sloveniassa\/","og_site_name":"Kaurialan lukio","article_modified_time":"2023-09-26T08:39:14+00:00","og_image":[{"width":1024,"height":768,"url":"https:\/\/www.kktavastia.fi\/media\/sites\/6\/3d1e7581-170f-4150-8edc-9c474efa5142_1_105_c.jpeg","type":"image\/jpeg"}],"twitter_card":"summary_large_image","schema":{"@context":"https:\/\/schema.org","@graph":[{"@type":"WebPage","@id":"https:\/\/www.kktavastia.fi\/lukiot-kauriala\/blogi\/lukioelamaa-sloveniassa\/","url":"https:\/\/www.kktavastia.fi\/lukiot-kauriala\/blogi\/lukioelamaa-sloveniassa\/","name":"Lukioel\u00e4m\u00e4\u00e4 Sloveniassa - Kaurialan lukio","isPartOf":{"@id":"https:\/\/www.kktavastia.fi\/lukiot-kauriala\/#website"},"primaryImageOfPage":{"@id":"https:\/\/www.kktavastia.fi\/lukiot-kauriala\/blogi\/lukioelamaa-sloveniassa\/#primaryimage"},"image":{"@id":"https:\/\/www.kktavastia.fi\/lukiot-kauriala\/blogi\/lukioelamaa-sloveniassa\/#primaryimage"},"thumbnailUrl":"https:\/\/www.kktavastia.fi\/media\/sites\/6\/3d1e7581-170f-4150-8edc-9c474efa5142_1_105_c.jpeg","datePublished":"2022-11-21T09:34:40+00:00","dateModified":"2023-09-26T08:39:14+00:00","breadcrumb":{"@id":"https:\/\/www.kktavastia.fi\/lukiot-kauriala\/blogi\/lukioelamaa-sloveniassa\/#breadcrumb"},"inLanguage":"fi","potentialAction":[{"@type":"ReadAction","target":["https:\/\/www.kktavastia.fi\/lukiot-kauriala\/blogi\/lukioelamaa-sloveniassa\/"]}]},{"@type":"ImageObject","inLanguage":"fi","@id":"https:\/\/www.kktavastia.fi\/lukiot-kauriala\/blogi\/lukioelamaa-sloveniassa\/#primaryimage","url":"https:\/\/www.kktavastia.fi\/media\/sites\/6\/3d1e7581-170f-4150-8edc-9c474efa5142_1_105_c.jpeg","contentUrl":"https:\/\/www.kktavastia.fi\/media\/sites\/6\/3d1e7581-170f-4150-8edc-9c474efa5142_1_105_c.jpeg","width":1024,"height":768},{"@type":"BreadcrumbList","@id":"https:\/\/www.kktavastia.fi\/lukiot-kauriala\/blogi\/lukioelamaa-sloveniassa\/#breadcrumb","itemListElement":[{"@type":"ListItem","position":1,"name":"Home","item":"https:\/\/www.kktavastia.fi\/lukiot-kauriala\/"},{"@type":"ListItem","position":2,"name":"Blogi","item":"https:\/\/www.kktavastia.fi\/lukiot-kauriala\/blogi\/"},{"@type":"ListItem","position":3,"name":"Lukioel\u00e4m\u00e4\u00e4 Sloveniassa"}]},{"@type":"WebSite","@id":"https:\/\/www.kktavastia.fi\/lukiot-kauriala\/#website","url":"https:\/\/www.kktavastia.fi\/lukiot-kauriala\/","name":"Kaurialan lukio","description":"","potentialAction":[{"@type":"SearchAction","target":{"@type":"EntryPoint","urlTemplate":"https:\/\/www.kktavastia.fi\/lukiot-kauriala\/?s={search_term_string}"},"query-input":{"@type":"PropertyValueSpecification","valueRequired":true,"valueName":"search_term_string"}}],"inLanguage":"fi"}]}},"_links":{"self":[{"href":"https:\/\/www.kktavastia.fi\/lukiot-kauriala\/wp-json\/wp\/v2\/blogarticle\/3865","targetHints":{"allow":["GET"]}}],"collection":[{"href":"https:\/\/www.kktavastia.fi\/lukiot-kauriala\/wp-json\/wp\/v2\/blogarticle"}],"about":[{"href":"https:\/\/www.kktavastia.fi\/lukiot-kauriala\/wp-json\/wp\/v2\/types\/blogarticle"}],"author":[{"embeddable":true,"href":"https:\/\/www.kktavastia.fi\/lukiot-kauriala\/wp-json\/wp\/v2\/users\/43"}],"version-history":[{"count":9,"href":"https:\/\/www.kktavastia.fi\/lukiot-kauriala\/wp-json\/wp\/v2\/blogarticle\/3865\/revisions"}],"predecessor-version":[{"id":4033,"href":"https:\/\/www.kktavastia.fi\/lukiot-kauriala\/wp-json\/wp\/v2\/blogarticle\/3865\/revisions\/4033"}],"wp:featuredmedia":[{"embeddable":true,"href":"https:\/\/www.kktavastia.fi\/lukiot-kauriala\/wp-json\/wp\/v2\/media\/3878"}],"wp:attachment":[{"href":"https:\/\/www.kktavastia.fi\/lukiot-kauriala\/wp-json\/wp\/v2\/media?parent=3865"}],"wp:term":[{"taxonomy":"blogcategory","embeddable":true,"href":"https:\/\/www.kktavastia.fi\/lukiot-kauriala\/wp-json\/wp\/v2\/blogcategory?post=3865"}],"curies":[{"name":"wp","href":"https:\/\/api.w.org\/{rel}","templated":true}]}}