{"id":6102,"date":"2026-03-16T15:27:00","date_gmt":"2026-03-16T13:27:00","guid":{"rendered":"https:\/\/www.kktavastia.fi\/lukiot-hameenlinnan-lyseo\/?p=6102"},"modified":"2026-03-16T15:27:02","modified_gmt":"2026-03-16T13:27:02","slug":"mielenkiintoinen-alumnivierailu-opiskelijoillemme","status":"publish","type":"post","link":"https:\/\/www.kktavastia.fi\/lukiot-hameenlinnan-lyseo\/2026\/mielenkiintoinen-alumnivierailu-opiskelijoillemme\/","title":{"rendered":"Mielenkiintoinen alumnivierailu opiskelijoillemme"},"content":{"rendered":"\n<p class=\"is-style-ingress\">Timo Metsola vierailee\u00a0H\u00e4meenlinnan lyseon lukiossa\u00a0\u2013 urailtap\u00e4iv\u00e4 avaa n\u00e4kymi\u00e4 tulevaisuuden ty\u00f6el\u00e4m\u00e4\u00e4n.\u00a0<\/p>\n\n\n\n<p>Vuokraturvan toimitusjohtaja\u00a0Timo Metsola palaa 19.3. entiseen lukioonsa inspiroimaan nykyisi\u00e4 opiskelijoita urapolkujen moninaisuudesta ja ty\u00f6el\u00e4m\u00e4n muuttuvasta luonteesta. H\u00e4n pit\u00e4\u00e4 klo 13.00\u201313.45 alustuspuheenvuoron otsikolla\u00a0<strong>\u201cEtsi ja l\u00f6yd\u00e4 ty\u00f6 ja ura, josta oikeasti pid\u00e4t\u201d<\/strong>.\u00a0\u00a0<\/p>\n\n\n\n<p>Tilaisuus on osa lukion opinto-ohjauksen kokonaisuutta, ja siihen osallistuvat kaikki toisen vuosikurssin opiskelijat. Metsolan puheenvuoro tarjoaa nuorille n\u00e4k\u00f6kulmia siihen, miten omaa suuntaa voi etsi\u00e4, millaisia valintoja urapolulla voi tulla vastaan ja miten l\u00f6yt\u00e4\u00e4 ty\u00f6, joka tuntuu merkitykselliselt\u00e4.&nbsp;<\/p>\n\n\n\n<p>Yhteisen osuuden j\u00e4lkeen opiskelijat jakaantuvat kiinnostustensa mukaan pienempiin ryhmiin kuulemaan eri alojen uratarinoita&nbsp;lyseon alumneilta, huoltajilta ja yhteisty\u00f6verkostoon kuuluvilta.&nbsp;Puhujat kertovat muun muassa:&nbsp;<\/p>\n\n\n\n<ul class=\"wp-block-list\">\n<li>millaisia k\u00e4\u00e4nnekohtia heid\u00e4n ty\u00f6el\u00e4m\u00e4ss\u00e4\u00e4n on ollut\u00a0<\/li>\n\n\n\n<li>millaisia valintoja he ovat tehneet ja miksi\u00a0<\/li>\n\n\n\n<li>mit\u00e4 he ovat oppineet matkan varrella\u00a0<\/li>\n\n\n\n<li>millaisia neuvoja he haluaisivat antaa nuorelle, joka pohtii omaa tulevaisuuttaan\u00a0<\/li>\n<\/ul>\n\n\n\n<p>Urailtap\u00e4iv\u00e4n tavoitteena on tarjota opiskelijoille realistinen ja innostava kuva siit\u00e4, milt\u00e4 ty\u00f6el\u00e4m\u00e4 n\u00e4ytt\u00e4\u00e4&nbsp;nyt ja&nbsp;millaiseksi se on kehittym\u00e4ss\u00e4. Samalla nuoret saavat mahdollisuuden peilata omia kiinnostuksen kohteitaan ja vahvuuksiaan konkreettisiin esimerkkeihin.&nbsp;<\/p>\n","protected":false},"excerpt":{"rendered":"<p>Timo Metsola vierailee\u00a0H\u00e4meenlinnan lyseon lukiossa\u00a0\u2013 urailtap\u00e4iv\u00e4 avaa n\u00e4kymi\u00e4 tulevaisuuden ty\u00f6el\u00e4m\u00e4\u00e4n.\u00a0 Vuokraturvan toimitusjohtaja\u00a0Timo Metsola palaa 19.3. entiseen lukioonsa inspiroimaan nykyisi\u00e4 opiskelijoita [&hellip;]<\/p>\n","protected":false},"author":3,"featured_media":6104,"comment_status":"closed","ping_status":"closed","sticky":false,"template":"","format":"standard","meta":{"_acf_changed":false,"_relevanssi_hide_post":"","_relevanssi_hide_content":"","_relevanssi_pin_for_all":"","_relevanssi_pin_keywords":"","_relevanssi_unpin_keywords":"","_relevanssi_related_keywords":"","_relevanssi_related_include_ids":"","_relevanssi_related_exclude_ids":"","_relevanssi_related_no_append":"","_relevanssi_related_not_related":"","_relevanssi_related_posts":"2792,2095,193,1781,2919,3077","_relevanssi_noindex_reason":"","footnotes":""},"categories":[1],"tags":[],"class_list":["post-6102","post","type-post","status-publish","format-standard","has-post-thumbnail","hentry","category-yleinen"],"acf":[],"yoast_head":"<title>Mielenkiintoinen alumnivierailu opiskelijoillemme - H\u00e4meenlinnan lyseon lukio<\/title>\n<meta name=\"robots\" content=\"index, follow, max-snippet:-1, max-image-preview:large, max-video-preview:-1\" \/>\n<link rel=\"canonical\" href=\"https:\/\/www.kktavastia.fi\/lukiot-hameenlinnan-lyseo\/2026\/mielenkiintoinen-alumnivierailu-opiskelijoillemme\/\" \/>\n<meta property=\"og:locale\" content=\"fi_FI\" \/>\n<meta property=\"og:type\" content=\"article\" \/>\n<meta property=\"og:title\" content=\"Mielenkiintoinen alumnivierailu opiskelijoillemme - H\u00e4meenlinnan lyseon lukio\" \/>\n<meta property=\"og:description\" content=\"Timo Metsola vierailee\u00a0H\u00e4meenlinnan lyseon lukiossa\u00a0\u2013 urailtap\u00e4iv\u00e4 avaa n\u00e4kymi\u00e4 tulevaisuuden ty\u00f6el\u00e4m\u00e4\u00e4n.\u00a0 Vuokraturvan toimitusjohtaja\u00a0Timo Metsola palaa 19.3. entiseen lukioonsa inspiroimaan nykyisi\u00e4 opiskelijoita [&hellip;]\" \/>\n<meta property=\"og:url\" content=\"https:\/\/www.kktavastia.fi\/lukiot-hameenlinnan-lyseo\/2026\/mielenkiintoinen-alumnivierailu-opiskelijoillemme\/\" \/>\n<meta property=\"og:site_name\" content=\"H\u00e4meenlinnan lyseon lukio\" \/>\n<meta property=\"article:published_time\" content=\"2026-03-16T13:27:00+00:00\" \/>\n<meta property=\"article:modified_time\" content=\"2026-03-16T13:27:02+00:00\" \/>\n<meta property=\"og:image\" content=\"https:\/\/www.kktavastia.fi\/media\/sites\/8\/timo-metsola-pressikuva-8-2023-1.jpg\" \/>\n\t<meta property=\"og:image:width\" content=\"689\" \/>\n\t<meta property=\"og:image:height\" content=\"557\" \/>\n\t<meta property=\"og:image:type\" content=\"image\/jpeg\" \/>\n<meta name=\"author\" content=\"jennimanninen\" \/>\n<meta name=\"twitter:card\" content=\"summary_large_image\" \/>\n<script type=\"application\/ld+json\" class=\"yoast-schema-graph\">{\"@context\":\"https:\\\/\\\/schema.org\",\"@graph\":[{\"@type\":\"Article\",\"@id\":\"https:\\\/\\\/www.kktavastia.fi\\\/lukiot-hameenlinnan-lyseo\\\/2026\\\/mielenkiintoinen-alumnivierailu-opiskelijoillemme\\\/#article\",\"isPartOf\":{\"@id\":\"https:\\\/\\\/www.kktavastia.fi\\\/lukiot-hameenlinnan-lyseo\\\/2026\\\/mielenkiintoinen-alumnivierailu-opiskelijoillemme\\\/\"},\"author\":{\"name\":\"jennimanninen\",\"@id\":\"https:\\\/\\\/www.kktavastia.fi\\\/lukiot-hameenlinnan-lyseo\\\/#\\\/schema\\\/person\\\/024aefaad0a17654b61e7deb02a467ab\"},\"headline\":\"Mielenkiintoinen alumnivierailu opiskelijoillemme\",\"datePublished\":\"2026-03-16T13:27:00+00:00\",\"dateModified\":\"2026-03-16T13:27:02+00:00\",\"mainEntityOfPage\":{\"@id\":\"https:\\\/\\\/www.kktavastia.fi\\\/lukiot-hameenlinnan-lyseo\\\/2026\\\/mielenkiintoinen-alumnivierailu-opiskelijoillemme\\\/\"},\"wordCount\":200,\"image\":{\"@id\":\"https:\\\/\\\/www.kktavastia.fi\\\/lukiot-hameenlinnan-lyseo\\\/2026\\\/mielenkiintoinen-alumnivierailu-opiskelijoillemme\\\/#primaryimage\"},\"thumbnailUrl\":\"https:\\\/\\\/www.kktavastia.fi\\\/media\\\/sites\\\/8\\\/timo-metsola-pressikuva-8-2023-1.jpg\",\"inLanguage\":\"fi\"},{\"@type\":\"WebPage\",\"@id\":\"https:\\\/\\\/www.kktavastia.fi\\\/lukiot-hameenlinnan-lyseo\\\/2026\\\/mielenkiintoinen-alumnivierailu-opiskelijoillemme\\\/\",\"url\":\"https:\\\/\\\/www.kktavastia.fi\\\/lukiot-hameenlinnan-lyseo\\\/2026\\\/mielenkiintoinen-alumnivierailu-opiskelijoillemme\\\/\",\"name\":\"Mielenkiintoinen alumnivierailu opiskelijoillemme - H\u00e4meenlinnan lyseon lukio\",\"isPartOf\":{\"@id\":\"https:\\\/\\\/www.kktavastia.fi\\\/lukiot-hameenlinnan-lyseo\\\/#website\"},\"primaryImageOfPage\":{\"@id\":\"https:\\\/\\\/www.kktavastia.fi\\\/lukiot-hameenlinnan-lyseo\\\/2026\\\/mielenkiintoinen-alumnivierailu-opiskelijoillemme\\\/#primaryimage\"},\"image\":{\"@id\":\"https:\\\/\\\/www.kktavastia.fi\\\/lukiot-hameenlinnan-lyseo\\\/2026\\\/mielenkiintoinen-alumnivierailu-opiskelijoillemme\\\/#primaryimage\"},\"thumbnailUrl\":\"https:\\\/\\\/www.kktavastia.fi\\\/media\\\/sites\\\/8\\\/timo-metsola-pressikuva-8-2023-1.jpg\",\"datePublished\":\"2026-03-16T13:27:00+00:00\",\"dateModified\":\"2026-03-16T13:27:02+00:00\",\"author\":{\"@id\":\"https:\\\/\\\/www.kktavastia.fi\\\/lukiot-hameenlinnan-lyseo\\\/#\\\/schema\\\/person\\\/024aefaad0a17654b61e7deb02a467ab\"},\"breadcrumb\":{\"@id\":\"https:\\\/\\\/www.kktavastia.fi\\\/lukiot-hameenlinnan-lyseo\\\/2026\\\/mielenkiintoinen-alumnivierailu-opiskelijoillemme\\\/#breadcrumb\"},\"inLanguage\":\"fi\",\"potentialAction\":[{\"@type\":\"ReadAction\",\"target\":[\"https:\\\/\\\/www.kktavastia.fi\\\/lukiot-hameenlinnan-lyseo\\\/2026\\\/mielenkiintoinen-alumnivierailu-opiskelijoillemme\\\/\"]}]},{\"@type\":\"ImageObject\",\"inLanguage\":\"fi\",\"@id\":\"https:\\\/\\\/www.kktavastia.fi\\\/lukiot-hameenlinnan-lyseo\\\/2026\\\/mielenkiintoinen-alumnivierailu-opiskelijoillemme\\\/#primaryimage\",\"url\":\"https:\\\/\\\/www.kktavastia.fi\\\/media\\\/sites\\\/8\\\/timo-metsola-pressikuva-8-2023-1.jpg\",\"contentUrl\":\"https:\\\/\\\/www.kktavastia.fi\\\/media\\\/sites\\\/8\\\/timo-metsola-pressikuva-8-2023-1.jpg\",\"width\":689,\"height\":557},{\"@type\":\"BreadcrumbList\",\"@id\":\"https:\\\/\\\/www.kktavastia.fi\\\/lukiot-hameenlinnan-lyseo\\\/2026\\\/mielenkiintoinen-alumnivierailu-opiskelijoillemme\\\/#breadcrumb\",\"itemListElement\":[{\"@type\":\"ListItem\",\"position\":1,\"name\":\"Home\",\"item\":\"https:\\\/\\\/www.kktavastia.fi\\\/lukiot-hameenlinnan-lyseo\\\/\"},{\"@type\":\"ListItem\",\"position\":2,\"name\":\"Mielenkiintoinen alumnivierailu opiskelijoillemme\"}]},{\"@type\":\"WebSite\",\"@id\":\"https:\\\/\\\/www.kktavastia.fi\\\/lukiot-hameenlinnan-lyseo\\\/#website\",\"url\":\"https:\\\/\\\/www.kktavastia.fi\\\/lukiot-hameenlinnan-lyseo\\\/\",\"name\":\"H\u00e4meenlinnan lyseon lukio\",\"description\":\"\",\"potentialAction\":[{\"@type\":\"SearchAction\",\"target\":{\"@type\":\"EntryPoint\",\"urlTemplate\":\"https:\\\/\\\/www.kktavastia.fi\\\/lukiot-hameenlinnan-lyseo\\\/?s={search_term_string}\"},\"query-input\":{\"@type\":\"PropertyValueSpecification\",\"valueRequired\":true,\"valueName\":\"search_term_string\"}}],\"inLanguage\":\"fi\"},{\"@type\":\"Person\",\"@id\":\"https:\\\/\\\/www.kktavastia.fi\\\/lukiot-hameenlinnan-lyseo\\\/#\\\/schema\\\/person\\\/024aefaad0a17654b61e7deb02a467ab\",\"name\":\"jennimanninen\",\"image\":{\"@type\":\"ImageObject\",\"inLanguage\":\"fi\",\"@id\":\"https:\\\/\\\/secure.gravatar.com\\\/avatar\\\/5457e44008198bb53daa774600a7e8e4246bcac6a14afc3db6e5d007d9dc6f39?s=96&d=mm&r=g\",\"url\":\"https:\\\/\\\/secure.gravatar.com\\\/avatar\\\/5457e44008198bb53daa774600a7e8e4246bcac6a14afc3db6e5d007d9dc6f39?s=96&d=mm&r=g\",\"contentUrl\":\"https:\\\/\\\/secure.gravatar.com\\\/avatar\\\/5457e44008198bb53daa774600a7e8e4246bcac6a14afc3db6e5d007d9dc6f39?s=96&d=mm&r=g\",\"caption\":\"jennimanninen\"},\"url\":\"https:\\\/\\\/www.kktavastia.fi\\\/lukiot-hameenlinnan-lyseo\\\/author\\\/jennimanninen\\\/\"}]}<\/script>","yoast_head_json":{"title":"Mielenkiintoinen alumnivierailu opiskelijoillemme - H\u00e4meenlinnan lyseon lukio","robots":{"index":"index","follow":"follow","max-snippet":"max-snippet:-1","max-image-preview":"max-image-preview:large","max-video-preview":"max-video-preview:-1"},"canonical":"https:\/\/www.kktavastia.fi\/lukiot-hameenlinnan-lyseo\/2026\/mielenkiintoinen-alumnivierailu-opiskelijoillemme\/","og_locale":"fi_FI","og_type":"article","og_title":"Mielenkiintoinen alumnivierailu opiskelijoillemme - H\u00e4meenlinnan lyseon lukio","og_description":"Timo Metsola vierailee\u00a0H\u00e4meenlinnan lyseon lukiossa\u00a0\u2013 urailtap\u00e4iv\u00e4 avaa n\u00e4kymi\u00e4 tulevaisuuden ty\u00f6el\u00e4m\u00e4\u00e4n.\u00a0 Vuokraturvan toimitusjohtaja\u00a0Timo Metsola palaa 19.3. entiseen lukioonsa inspiroimaan nykyisi\u00e4 opiskelijoita [&hellip;]","og_url":"https:\/\/www.kktavastia.fi\/lukiot-hameenlinnan-lyseo\/2026\/mielenkiintoinen-alumnivierailu-opiskelijoillemme\/","og_site_name":"H\u00e4meenlinnan lyseon lukio","article_published_time":"2026-03-16T13:27:00+00:00","article_modified_time":"2026-03-16T13:27:02+00:00","og_image":[{"width":689,"height":557,"url":"https:\/\/www.kktavastia.fi\/media\/sites\/8\/timo-metsola-pressikuva-8-2023-1.jpg","type":"image\/jpeg"}],"author":"jennimanninen","twitter_card":"summary_large_image","schema":{"@context":"https:\/\/schema.org","@graph":[{"@type":"Article","@id":"https:\/\/www.kktavastia.fi\/lukiot-hameenlinnan-lyseo\/2026\/mielenkiintoinen-alumnivierailu-opiskelijoillemme\/#article","isPartOf":{"@id":"https:\/\/www.kktavastia.fi\/lukiot-hameenlinnan-lyseo\/2026\/mielenkiintoinen-alumnivierailu-opiskelijoillemme\/"},"author":{"name":"jennimanninen","@id":"https:\/\/www.kktavastia.fi\/lukiot-hameenlinnan-lyseo\/#\/schema\/person\/024aefaad0a17654b61e7deb02a467ab"},"headline":"Mielenkiintoinen alumnivierailu opiskelijoillemme","datePublished":"2026-03-16T13:27:00+00:00","dateModified":"2026-03-16T13:27:02+00:00","mainEntityOfPage":{"@id":"https:\/\/www.kktavastia.fi\/lukiot-hameenlinnan-lyseo\/2026\/mielenkiintoinen-alumnivierailu-opiskelijoillemme\/"},"wordCount":200,"image":{"@id":"https:\/\/www.kktavastia.fi\/lukiot-hameenlinnan-lyseo\/2026\/mielenkiintoinen-alumnivierailu-opiskelijoillemme\/#primaryimage"},"thumbnailUrl":"https:\/\/www.kktavastia.fi\/media\/sites\/8\/timo-metsola-pressikuva-8-2023-1.jpg","inLanguage":"fi"},{"@type":"WebPage","@id":"https:\/\/www.kktavastia.fi\/lukiot-hameenlinnan-lyseo\/2026\/mielenkiintoinen-alumnivierailu-opiskelijoillemme\/","url":"https:\/\/www.kktavastia.fi\/lukiot-hameenlinnan-lyseo\/2026\/mielenkiintoinen-alumnivierailu-opiskelijoillemme\/","name":"Mielenkiintoinen alumnivierailu opiskelijoillemme - H\u00e4meenlinnan lyseon lukio","isPartOf":{"@id":"https:\/\/www.kktavastia.fi\/lukiot-hameenlinnan-lyseo\/#website"},"primaryImageOfPage":{"@id":"https:\/\/www.kktavastia.fi\/lukiot-hameenlinnan-lyseo\/2026\/mielenkiintoinen-alumnivierailu-opiskelijoillemme\/#primaryimage"},"image":{"@id":"https:\/\/www.kktavastia.fi\/lukiot-hameenlinnan-lyseo\/2026\/mielenkiintoinen-alumnivierailu-opiskelijoillemme\/#primaryimage"},"thumbnailUrl":"https:\/\/www.kktavastia.fi\/media\/sites\/8\/timo-metsola-pressikuva-8-2023-1.jpg","datePublished":"2026-03-16T13:27:00+00:00","dateModified":"2026-03-16T13:27:02+00:00","author":{"@id":"https:\/\/www.kktavastia.fi\/lukiot-hameenlinnan-lyseo\/#\/schema\/person\/024aefaad0a17654b61e7deb02a467ab"},"breadcrumb":{"@id":"https:\/\/www.kktavastia.fi\/lukiot-hameenlinnan-lyseo\/2026\/mielenkiintoinen-alumnivierailu-opiskelijoillemme\/#breadcrumb"},"inLanguage":"fi","potentialAction":[{"@type":"ReadAction","target":["https:\/\/www.kktavastia.fi\/lukiot-hameenlinnan-lyseo\/2026\/mielenkiintoinen-alumnivierailu-opiskelijoillemme\/"]}]},{"@type":"ImageObject","inLanguage":"fi","@id":"https:\/\/www.kktavastia.fi\/lukiot-hameenlinnan-lyseo\/2026\/mielenkiintoinen-alumnivierailu-opiskelijoillemme\/#primaryimage","url":"https:\/\/www.kktavastia.fi\/media\/sites\/8\/timo-metsola-pressikuva-8-2023-1.jpg","contentUrl":"https:\/\/www.kktavastia.fi\/media\/sites\/8\/timo-metsola-pressikuva-8-2023-1.jpg","width":689,"height":557},{"@type":"BreadcrumbList","@id":"https:\/\/www.kktavastia.fi\/lukiot-hameenlinnan-lyseo\/2026\/mielenkiintoinen-alumnivierailu-opiskelijoillemme\/#breadcrumb","itemListElement":[{"@type":"ListItem","position":1,"name":"Home","item":"https:\/\/www.kktavastia.fi\/lukiot-hameenlinnan-lyseo\/"},{"@type":"ListItem","position":2,"name":"Mielenkiintoinen alumnivierailu opiskelijoillemme"}]},{"@type":"WebSite","@id":"https:\/\/www.kktavastia.fi\/lukiot-hameenlinnan-lyseo\/#website","url":"https:\/\/www.kktavastia.fi\/lukiot-hameenlinnan-lyseo\/","name":"H\u00e4meenlinnan lyseon lukio","description":"","potentialAction":[{"@type":"SearchAction","target":{"@type":"EntryPoint","urlTemplate":"https:\/\/www.kktavastia.fi\/lukiot-hameenlinnan-lyseo\/?s={search_term_string}"},"query-input":{"@type":"PropertyValueSpecification","valueRequired":true,"valueName":"search_term_string"}}],"inLanguage":"fi"},{"@type":"Person","@id":"https:\/\/www.kktavastia.fi\/lukiot-hameenlinnan-lyseo\/#\/schema\/person\/024aefaad0a17654b61e7deb02a467ab","name":"jennimanninen","image":{"@type":"ImageObject","inLanguage":"fi","@id":"https:\/\/secure.gravatar.com\/avatar\/5457e44008198bb53daa774600a7e8e4246bcac6a14afc3db6e5d007d9dc6f39?s=96&d=mm&r=g","url":"https:\/\/secure.gravatar.com\/avatar\/5457e44008198bb53daa774600a7e8e4246bcac6a14afc3db6e5d007d9dc6f39?s=96&d=mm&r=g","contentUrl":"https:\/\/secure.gravatar.com\/avatar\/5457e44008198bb53daa774600a7e8e4246bcac6a14afc3db6e5d007d9dc6f39?s=96&d=mm&r=g","caption":"jennimanninen"},"url":"https:\/\/www.kktavastia.fi\/lukiot-hameenlinnan-lyseo\/author\/jennimanninen\/"}]}},"_links":{"self":[{"href":"https:\/\/www.kktavastia.fi\/lukiot-hameenlinnan-lyseo\/wp-json\/wp\/v2\/posts\/6102","targetHints":{"allow":["GET"]}}],"collection":[{"href":"https:\/\/www.kktavastia.fi\/lukiot-hameenlinnan-lyseo\/wp-json\/wp\/v2\/posts"}],"about":[{"href":"https:\/\/www.kktavastia.fi\/lukiot-hameenlinnan-lyseo\/wp-json\/wp\/v2\/types\/post"}],"author":[{"embeddable":true,"href":"https:\/\/www.kktavastia.fi\/lukiot-hameenlinnan-lyseo\/wp-json\/wp\/v2\/users\/3"}],"replies":[{"embeddable":true,"href":"https:\/\/www.kktavastia.fi\/lukiot-hameenlinnan-lyseo\/wp-json\/wp\/v2\/comments?post=6102"}],"version-history":[{"count":1,"href":"https:\/\/www.kktavastia.fi\/lukiot-hameenlinnan-lyseo\/wp-json\/wp\/v2\/posts\/6102\/revisions"}],"predecessor-version":[{"id":6105,"href":"https:\/\/www.kktavastia.fi\/lukiot-hameenlinnan-lyseo\/wp-json\/wp\/v2\/posts\/6102\/revisions\/6105"}],"wp:featuredmedia":[{"embeddable":true,"href":"https:\/\/www.kktavastia.fi\/lukiot-hameenlinnan-lyseo\/wp-json\/wp\/v2\/media\/6104"}],"wp:attachment":[{"href":"https:\/\/www.kktavastia.fi\/lukiot-hameenlinnan-lyseo\/wp-json\/wp\/v2\/media?parent=6102"}],"wp:term":[{"taxonomy":"category","embeddable":true,"href":"https:\/\/www.kktavastia.fi\/lukiot-hameenlinnan-lyseo\/wp-json\/wp\/v2\/categories?post=6102"},{"taxonomy":"post_tag","embeddable":true,"href":"https:\/\/www.kktavastia.fi\/lukiot-hameenlinnan-lyseo\/wp-json\/wp\/v2\/tags?post=6102"}],"curies":[{"name":"wp","href":"https:\/\/api.w.org\/{rel}","templated":true}]}}