{"id":4924,"date":"2023-05-11T13:05:09","date_gmt":"2023-05-11T10:05:09","guid":{"rendered":"https:\/\/www.kktavastia.fi\/lukiot-hameenlinnan-lyseo\/?p=4924"},"modified":"2023-05-11T14:24:30","modified_gmt":"2023-05-11T11:24:30","slug":"juhlapaivan-kulkue-paatyy-torille","status":"publish","type":"post","link":"https:\/\/www.kktavastia.fi\/lukiot-hameenlinnan-lyseo\/2023\/juhlapaivan-kulkue-paatyy-torille\/","title":{"rendered":"Juhlap\u00e4iv\u00e4n kulkue p\u00e4\u00e4tyy torille"},"content":{"rendered":"\n<p class=\"is-style-ingress\">Lyseon 150-vuotisjuhlap\u00e4iv\u00e4n\u00e4 12.5.2023 Lyseon koulu ja H\u00e4meenlinnan lyseon lukio j\u00e4rjest\u00e4v\u00e4t yhteisen kulkueen Linnanpuistosta torille, jossa Lyseon v\u00e4ki vastaanottaa kaupungin tervehdyksen Raatihuoneen parvekkeelta. Tervehdyksen tuo kaupunginhallituksen 1. varapuheenjohtaja Anne Laatikainen.<\/p>\n\n\n\n<p>Lyseon v\u00e4ki toivottaa kaikki entiset ja nykyiset oppilaat tervetulleiksi mukaan kulkueeseen. Kulkueeseen voivat liitty\u00e4 kaikki lyseon entiset oppilaat joko kokoontumispaikalta kirjaston takaa tai Lycee-kartanon edest\u00e4 Linnankadulta.<\/p>\n\n\n\n<p>Kulkue&nbsp;l\u00e4htee klo 12.45&nbsp;kevyen liikenteen v\u00e4yl\u00e4\u00e4 kirjaston takaa Rauhankatua pitkin yl\u00f6s m\u00e4keen,&nbsp;k\u00e4\u00e4ntyy Lukiokadulle ja jatkaa Linnankatua pitkin ohi lyseorakennuksen&nbsp;kohti toria.&nbsp;<\/p>\n\n\n\n<p>Koulun ohje kulkueeseen liittymisest\u00e4 l\u00f6ytyy <a href=\"https:\/\/www.kktavastia.fi\/lukiot-hameenlinnan-lyseo\/2023\/hameenlinnan-lyseo-viettaa-150-vuotisjuhliaan-ensi-vuonna\/\">t\u00e4st\u00e4<\/a>. <\/p>\n\n\n\n<p>Kulkueen aikana ajoneuvoliikenne h\u00e4iriintyy Rauhankadun pohjoisp\u00e4\u00e4ss\u00e4 kirjaston tuntumassa, Lukiokadulla, Linnankadulla, Birger Jaarlin kadulla ja Hallituskadulla.<\/p>\n\n\n\n<h3 class=\"wp-block-heading\">Illalla juhlitaan Verkatehtaalla<\/h3>\n\n\n\n<p>150-vuotisjuhlaa vietet\u00e4\u00e4n samana iltana Verkatehtaalla. Juhlaan osallistuvat Lyseon lukion 1. ja 2. vuosikurssin opiskelijat, Lyseon koulun ja H\u00e4meenlinnan lyseon lukion opettajia ja henkil\u00f6kuntaa, pieni kutsuvierasjoukko ja entisi\u00e4 Lyseon oppilaita. Juhla on loppuunmyyty.<\/p>\n\n\n\n<p>Juhlan kaikki esiintyj\u00e4t ovat Lyseon entisi\u00e4 tai nykyisi\u00e4 opettajia tai opiskelijoita, jotka esitt\u00e4v\u00e4t lyseolaisten tuotantoa.<\/p>\n\n\n\n<p>Koulussa juhlavuotta on vietetty monin tavoin. Koulun historiaa on nykylukiolaisille valaistu muun muassa p\u00e4iv\u00e4navauksin, ja entisi\u00e4 oppilaita on ollut asiantuntijavieraina. Vanhoja kuvia on digitoitu, ja niit\u00e4 opiskelijat saavat katsoa aulan n\u00e4yt\u00f6st\u00e4. My\u00f6s opetuksessa koulun juhlavuosi huomioidaan vuodenvaihteeseen saakka sopivin teemoin.<\/p>\n\n\n\n<p>Lyseon ensimm\u00e4inen ty\u00f6p\u00e4iv\u00e4 oli 1.9.1873, mutta koska syksy on erityisesti lukiossa kiireist\u00e4 aikaa, p\u00e4\u00e4dyttiin pit\u00e4m\u00e4\u00e4n p\u00e4\u00e4juhla jo kev\u00e4\u00e4ll\u00e4.<\/p>\n","protected":false},"excerpt":{"rendered":"<p>Lyseon 150-vuotisjuhlap\u00e4iv\u00e4n\u00e4 12.5.2023 Lyseon koulu ja H\u00e4meenlinnan lyseon lukio j\u00e4rjest\u00e4v\u00e4t yhteisen kulkueen Linnanpuistosta torille, jossa Lyseon v\u00e4ki vastaanottaa kaupungin tervehdyksen [&hellip;]<\/p>\n","protected":false},"author":3,"featured_media":4925,"comment_status":"closed","ping_status":"closed","sticky":false,"template":"","format":"standard","meta":{"_acf_changed":false,"_relevanssi_hide_post":"","_relevanssi_hide_content":"","_relevanssi_pin_for_all":"","_relevanssi_pin_keywords":"","_relevanssi_unpin_keywords":"","_relevanssi_related_keywords":"","_relevanssi_related_include_ids":"","_relevanssi_related_exclude_ids":"","_relevanssi_related_no_append":"","_relevanssi_related_not_related":"","_relevanssi_related_posts":"2939,4291,1764,1758,2674,1752","_relevanssi_noindex_reason":"","footnotes":""},"categories":[5],"tags":[37,34,36,35],"class_list":["post-4924","post","type-post","status-publish","format-standard","has-post-thumbnail","hentry","category-ajankohtaista","tag-150-vuotta","tag-juhlavuosi","tag-kulkue","tag-lyseon-juhla"],"acf":[],"yoast_head":"<title>Juhlap\u00e4iv\u00e4n kulkue p\u00e4\u00e4tyy torille - H\u00e4meenlinnan lyseon lukio<\/title>\n<meta name=\"robots\" content=\"index, follow, max-snippet:-1, max-image-preview:large, max-video-preview:-1\" \/>\n<link rel=\"canonical\" href=\"https:\/\/www.kktavastia.fi\/lukiot-hameenlinnan-lyseo\/2023\/juhlapaivan-kulkue-paatyy-torille\/\" \/>\n<meta property=\"og:locale\" content=\"fi_FI\" \/>\n<meta property=\"og:type\" content=\"article\" \/>\n<meta property=\"og:title\" content=\"Juhlap\u00e4iv\u00e4n kulkue p\u00e4\u00e4tyy torille - H\u00e4meenlinnan lyseon lukio\" \/>\n<meta property=\"og:description\" content=\"Lyseon 150-vuotisjuhlap\u00e4iv\u00e4n\u00e4 12.5.2023 Lyseon koulu ja H\u00e4meenlinnan lyseon lukio j\u00e4rjest\u00e4v\u00e4t yhteisen kulkueen Linnanpuistosta torille, jossa Lyseon v\u00e4ki vastaanottaa kaupungin tervehdyksen [&hellip;]\" \/>\n<meta property=\"og:url\" content=\"https:\/\/www.kktavastia.fi\/lukiot-hameenlinnan-lyseo\/2023\/juhlapaivan-kulkue-paatyy-torille\/\" \/>\n<meta property=\"og:site_name\" content=\"H\u00e4meenlinnan lyseon lukio\" \/>\n<meta property=\"article:published_time\" content=\"2023-05-11T10:05:09+00:00\" \/>\n<meta property=\"article:modified_time\" content=\"2023-05-11T11:24:30+00:00\" \/>\n<meta property=\"og:image\" content=\"https:\/\/www.kktavastia.fi\/media\/sites\/8\/image1-scaled.jpg\" \/>\n\t<meta property=\"og:image:width\" content=\"2560\" \/>\n\t<meta property=\"og:image:height\" content=\"1918\" \/>\n\t<meta property=\"og:image:type\" content=\"image\/jpeg\" \/>\n<meta name=\"author\" content=\"jennimanninen\" \/>\n<meta name=\"twitter:card\" content=\"summary_large_image\" \/>\n<script type=\"application\/ld+json\" class=\"yoast-schema-graph\">{\"@context\":\"https:\\\/\\\/schema.org\",\"@graph\":[{\"@type\":\"Article\",\"@id\":\"https:\\\/\\\/www.kktavastia.fi\\\/lukiot-hameenlinnan-lyseo\\\/2023\\\/juhlapaivan-kulkue-paatyy-torille\\\/#article\",\"isPartOf\":{\"@id\":\"https:\\\/\\\/www.kktavastia.fi\\\/lukiot-hameenlinnan-lyseo\\\/2023\\\/juhlapaivan-kulkue-paatyy-torille\\\/\"},\"author\":{\"name\":\"jennimanninen\",\"@id\":\"https:\\\/\\\/www.kktavastia.fi\\\/lukiot-hameenlinnan-lyseo\\\/#\\\/schema\\\/person\\\/024aefaad0a17654b61e7deb02a467ab\"},\"headline\":\"Juhlap\u00e4iv\u00e4n kulkue p\u00e4\u00e4tyy torille\",\"datePublished\":\"2023-05-11T10:05:09+00:00\",\"dateModified\":\"2023-05-11T11:24:30+00:00\",\"mainEntityOfPage\":{\"@id\":\"https:\\\/\\\/www.kktavastia.fi\\\/lukiot-hameenlinnan-lyseo\\\/2023\\\/juhlapaivan-kulkue-paatyy-torille\\\/\"},\"wordCount\":249,\"image\":{\"@id\":\"https:\\\/\\\/www.kktavastia.fi\\\/lukiot-hameenlinnan-lyseo\\\/2023\\\/juhlapaivan-kulkue-paatyy-torille\\\/#primaryimage\"},\"thumbnailUrl\":\"https:\\\/\\\/www.kktavastia.fi\\\/media\\\/sites\\\/8\\\/image1-scaled.jpg\",\"keywords\":[\"150 vuotta\",\"juhlavuosi\",\"kulkue\",\"lyseon juhla\"],\"articleSection\":[\"Ajankohtaista\"],\"inLanguage\":\"fi\"},{\"@type\":\"WebPage\",\"@id\":\"https:\\\/\\\/www.kktavastia.fi\\\/lukiot-hameenlinnan-lyseo\\\/2023\\\/juhlapaivan-kulkue-paatyy-torille\\\/\",\"url\":\"https:\\\/\\\/www.kktavastia.fi\\\/lukiot-hameenlinnan-lyseo\\\/2023\\\/juhlapaivan-kulkue-paatyy-torille\\\/\",\"name\":\"Juhlap\u00e4iv\u00e4n kulkue p\u00e4\u00e4tyy torille - H\u00e4meenlinnan lyseon lukio\",\"isPartOf\":{\"@id\":\"https:\\\/\\\/www.kktavastia.fi\\\/lukiot-hameenlinnan-lyseo\\\/#website\"},\"primaryImageOfPage\":{\"@id\":\"https:\\\/\\\/www.kktavastia.fi\\\/lukiot-hameenlinnan-lyseo\\\/2023\\\/juhlapaivan-kulkue-paatyy-torille\\\/#primaryimage\"},\"image\":{\"@id\":\"https:\\\/\\\/www.kktavastia.fi\\\/lukiot-hameenlinnan-lyseo\\\/2023\\\/juhlapaivan-kulkue-paatyy-torille\\\/#primaryimage\"},\"thumbnailUrl\":\"https:\\\/\\\/www.kktavastia.fi\\\/media\\\/sites\\\/8\\\/image1-scaled.jpg\",\"datePublished\":\"2023-05-11T10:05:09+00:00\",\"dateModified\":\"2023-05-11T11:24:30+00:00\",\"author\":{\"@id\":\"https:\\\/\\\/www.kktavastia.fi\\\/lukiot-hameenlinnan-lyseo\\\/#\\\/schema\\\/person\\\/024aefaad0a17654b61e7deb02a467ab\"},\"breadcrumb\":{\"@id\":\"https:\\\/\\\/www.kktavastia.fi\\\/lukiot-hameenlinnan-lyseo\\\/2023\\\/juhlapaivan-kulkue-paatyy-torille\\\/#breadcrumb\"},\"inLanguage\":\"fi\",\"potentialAction\":[{\"@type\":\"ReadAction\",\"target\":[\"https:\\\/\\\/www.kktavastia.fi\\\/lukiot-hameenlinnan-lyseo\\\/2023\\\/juhlapaivan-kulkue-paatyy-torille\\\/\"]}]},{\"@type\":\"ImageObject\",\"inLanguage\":\"fi\",\"@id\":\"https:\\\/\\\/www.kktavastia.fi\\\/lukiot-hameenlinnan-lyseo\\\/2023\\\/juhlapaivan-kulkue-paatyy-torille\\\/#primaryimage\",\"url\":\"https:\\\/\\\/www.kktavastia.fi\\\/media\\\/sites\\\/8\\\/image1-scaled.jpg\",\"contentUrl\":\"https:\\\/\\\/www.kktavastia.fi\\\/media\\\/sites\\\/8\\\/image1-scaled.jpg\",\"width\":2560,\"height\":1918},{\"@type\":\"BreadcrumbList\",\"@id\":\"https:\\\/\\\/www.kktavastia.fi\\\/lukiot-hameenlinnan-lyseo\\\/2023\\\/juhlapaivan-kulkue-paatyy-torille\\\/#breadcrumb\",\"itemListElement\":[{\"@type\":\"ListItem\",\"position\":1,\"name\":\"Home\",\"item\":\"https:\\\/\\\/www.kktavastia.fi\\\/lukiot-hameenlinnan-lyseo\\\/\"},{\"@type\":\"ListItem\",\"position\":2,\"name\":\"Juhlap\u00e4iv\u00e4n kulkue p\u00e4\u00e4tyy torille\"}]},{\"@type\":\"WebSite\",\"@id\":\"https:\\\/\\\/www.kktavastia.fi\\\/lukiot-hameenlinnan-lyseo\\\/#website\",\"url\":\"https:\\\/\\\/www.kktavastia.fi\\\/lukiot-hameenlinnan-lyseo\\\/\",\"name\":\"H\u00e4meenlinnan lyseon lukio\",\"description\":\"\",\"potentialAction\":[{\"@type\":\"SearchAction\",\"target\":{\"@type\":\"EntryPoint\",\"urlTemplate\":\"https:\\\/\\\/www.kktavastia.fi\\\/lukiot-hameenlinnan-lyseo\\\/?s={search_term_string}\"},\"query-input\":{\"@type\":\"PropertyValueSpecification\",\"valueRequired\":true,\"valueName\":\"search_term_string\"}}],\"inLanguage\":\"fi\"},{\"@type\":\"Person\",\"@id\":\"https:\\\/\\\/www.kktavastia.fi\\\/lukiot-hameenlinnan-lyseo\\\/#\\\/schema\\\/person\\\/024aefaad0a17654b61e7deb02a467ab\",\"name\":\"jennimanninen\",\"image\":{\"@type\":\"ImageObject\",\"inLanguage\":\"fi\",\"@id\":\"https:\\\/\\\/secure.gravatar.com\\\/avatar\\\/5457e44008198bb53daa774600a7e8e4246bcac6a14afc3db6e5d007d9dc6f39?s=96&d=mm&r=g\",\"url\":\"https:\\\/\\\/secure.gravatar.com\\\/avatar\\\/5457e44008198bb53daa774600a7e8e4246bcac6a14afc3db6e5d007d9dc6f39?s=96&d=mm&r=g\",\"contentUrl\":\"https:\\\/\\\/secure.gravatar.com\\\/avatar\\\/5457e44008198bb53daa774600a7e8e4246bcac6a14afc3db6e5d007d9dc6f39?s=96&d=mm&r=g\",\"caption\":\"jennimanninen\"},\"url\":\"https:\\\/\\\/www.kktavastia.fi\\\/lukiot-hameenlinnan-lyseo\\\/author\\\/jennimanninen\\\/\"}]}<\/script>","yoast_head_json":{"title":"Juhlap\u00e4iv\u00e4n kulkue p\u00e4\u00e4tyy torille - H\u00e4meenlinnan lyseon lukio","robots":{"index":"index","follow":"follow","max-snippet":"max-snippet:-1","max-image-preview":"max-image-preview:large","max-video-preview":"max-video-preview:-1"},"canonical":"https:\/\/www.kktavastia.fi\/lukiot-hameenlinnan-lyseo\/2023\/juhlapaivan-kulkue-paatyy-torille\/","og_locale":"fi_FI","og_type":"article","og_title":"Juhlap\u00e4iv\u00e4n kulkue p\u00e4\u00e4tyy torille - H\u00e4meenlinnan lyseon lukio","og_description":"Lyseon 150-vuotisjuhlap\u00e4iv\u00e4n\u00e4 12.5.2023 Lyseon koulu ja H\u00e4meenlinnan lyseon lukio j\u00e4rjest\u00e4v\u00e4t yhteisen kulkueen Linnanpuistosta torille, jossa Lyseon v\u00e4ki vastaanottaa kaupungin tervehdyksen [&hellip;]","og_url":"https:\/\/www.kktavastia.fi\/lukiot-hameenlinnan-lyseo\/2023\/juhlapaivan-kulkue-paatyy-torille\/","og_site_name":"H\u00e4meenlinnan lyseon lukio","article_published_time":"2023-05-11T10:05:09+00:00","article_modified_time":"2023-05-11T11:24:30+00:00","og_image":[{"width":2560,"height":1918,"url":"https:\/\/www.kktavastia.fi\/media\/sites\/8\/image1-scaled.jpg","type":"image\/jpeg"}],"author":"jennimanninen","twitter_card":"summary_large_image","schema":{"@context":"https:\/\/schema.org","@graph":[{"@type":"Article","@id":"https:\/\/www.kktavastia.fi\/lukiot-hameenlinnan-lyseo\/2023\/juhlapaivan-kulkue-paatyy-torille\/#article","isPartOf":{"@id":"https:\/\/www.kktavastia.fi\/lukiot-hameenlinnan-lyseo\/2023\/juhlapaivan-kulkue-paatyy-torille\/"},"author":{"name":"jennimanninen","@id":"https:\/\/www.kktavastia.fi\/lukiot-hameenlinnan-lyseo\/#\/schema\/person\/024aefaad0a17654b61e7deb02a467ab"},"headline":"Juhlap\u00e4iv\u00e4n kulkue p\u00e4\u00e4tyy torille","datePublished":"2023-05-11T10:05:09+00:00","dateModified":"2023-05-11T11:24:30+00:00","mainEntityOfPage":{"@id":"https:\/\/www.kktavastia.fi\/lukiot-hameenlinnan-lyseo\/2023\/juhlapaivan-kulkue-paatyy-torille\/"},"wordCount":249,"image":{"@id":"https:\/\/www.kktavastia.fi\/lukiot-hameenlinnan-lyseo\/2023\/juhlapaivan-kulkue-paatyy-torille\/#primaryimage"},"thumbnailUrl":"https:\/\/www.kktavastia.fi\/media\/sites\/8\/image1-scaled.jpg","keywords":["150 vuotta","juhlavuosi","kulkue","lyseon juhla"],"articleSection":["Ajankohtaista"],"inLanguage":"fi"},{"@type":"WebPage","@id":"https:\/\/www.kktavastia.fi\/lukiot-hameenlinnan-lyseo\/2023\/juhlapaivan-kulkue-paatyy-torille\/","url":"https:\/\/www.kktavastia.fi\/lukiot-hameenlinnan-lyseo\/2023\/juhlapaivan-kulkue-paatyy-torille\/","name":"Juhlap\u00e4iv\u00e4n kulkue p\u00e4\u00e4tyy torille - H\u00e4meenlinnan lyseon lukio","isPartOf":{"@id":"https:\/\/www.kktavastia.fi\/lukiot-hameenlinnan-lyseo\/#website"},"primaryImageOfPage":{"@id":"https:\/\/www.kktavastia.fi\/lukiot-hameenlinnan-lyseo\/2023\/juhlapaivan-kulkue-paatyy-torille\/#primaryimage"},"image":{"@id":"https:\/\/www.kktavastia.fi\/lukiot-hameenlinnan-lyseo\/2023\/juhlapaivan-kulkue-paatyy-torille\/#primaryimage"},"thumbnailUrl":"https:\/\/www.kktavastia.fi\/media\/sites\/8\/image1-scaled.jpg","datePublished":"2023-05-11T10:05:09+00:00","dateModified":"2023-05-11T11:24:30+00:00","author":{"@id":"https:\/\/www.kktavastia.fi\/lukiot-hameenlinnan-lyseo\/#\/schema\/person\/024aefaad0a17654b61e7deb02a467ab"},"breadcrumb":{"@id":"https:\/\/www.kktavastia.fi\/lukiot-hameenlinnan-lyseo\/2023\/juhlapaivan-kulkue-paatyy-torille\/#breadcrumb"},"inLanguage":"fi","potentialAction":[{"@type":"ReadAction","target":["https:\/\/www.kktavastia.fi\/lukiot-hameenlinnan-lyseo\/2023\/juhlapaivan-kulkue-paatyy-torille\/"]}]},{"@type":"ImageObject","inLanguage":"fi","@id":"https:\/\/www.kktavastia.fi\/lukiot-hameenlinnan-lyseo\/2023\/juhlapaivan-kulkue-paatyy-torille\/#primaryimage","url":"https:\/\/www.kktavastia.fi\/media\/sites\/8\/image1-scaled.jpg","contentUrl":"https:\/\/www.kktavastia.fi\/media\/sites\/8\/image1-scaled.jpg","width":2560,"height":1918},{"@type":"BreadcrumbList","@id":"https:\/\/www.kktavastia.fi\/lukiot-hameenlinnan-lyseo\/2023\/juhlapaivan-kulkue-paatyy-torille\/#breadcrumb","itemListElement":[{"@type":"ListItem","position":1,"name":"Home","item":"https:\/\/www.kktavastia.fi\/lukiot-hameenlinnan-lyseo\/"},{"@type":"ListItem","position":2,"name":"Juhlap\u00e4iv\u00e4n kulkue p\u00e4\u00e4tyy torille"}]},{"@type":"WebSite","@id":"https:\/\/www.kktavastia.fi\/lukiot-hameenlinnan-lyseo\/#website","url":"https:\/\/www.kktavastia.fi\/lukiot-hameenlinnan-lyseo\/","name":"H\u00e4meenlinnan lyseon lukio","description":"","potentialAction":[{"@type":"SearchAction","target":{"@type":"EntryPoint","urlTemplate":"https:\/\/www.kktavastia.fi\/lukiot-hameenlinnan-lyseo\/?s={search_term_string}"},"query-input":{"@type":"PropertyValueSpecification","valueRequired":true,"valueName":"search_term_string"}}],"inLanguage":"fi"},{"@type":"Person","@id":"https:\/\/www.kktavastia.fi\/lukiot-hameenlinnan-lyseo\/#\/schema\/person\/024aefaad0a17654b61e7deb02a467ab","name":"jennimanninen","image":{"@type":"ImageObject","inLanguage":"fi","@id":"https:\/\/secure.gravatar.com\/avatar\/5457e44008198bb53daa774600a7e8e4246bcac6a14afc3db6e5d007d9dc6f39?s=96&d=mm&r=g","url":"https:\/\/secure.gravatar.com\/avatar\/5457e44008198bb53daa774600a7e8e4246bcac6a14afc3db6e5d007d9dc6f39?s=96&d=mm&r=g","contentUrl":"https:\/\/secure.gravatar.com\/avatar\/5457e44008198bb53daa774600a7e8e4246bcac6a14afc3db6e5d007d9dc6f39?s=96&d=mm&r=g","caption":"jennimanninen"},"url":"https:\/\/www.kktavastia.fi\/lukiot-hameenlinnan-lyseo\/author\/jennimanninen\/"}]}},"_links":{"self":[{"href":"https:\/\/www.kktavastia.fi\/lukiot-hameenlinnan-lyseo\/wp-json\/wp\/v2\/posts\/4924","targetHints":{"allow":["GET"]}}],"collection":[{"href":"https:\/\/www.kktavastia.fi\/lukiot-hameenlinnan-lyseo\/wp-json\/wp\/v2\/posts"}],"about":[{"href":"https:\/\/www.kktavastia.fi\/lukiot-hameenlinnan-lyseo\/wp-json\/wp\/v2\/types\/post"}],"author":[{"embeddable":true,"href":"https:\/\/www.kktavastia.fi\/lukiot-hameenlinnan-lyseo\/wp-json\/wp\/v2\/users\/3"}],"replies":[{"embeddable":true,"href":"https:\/\/www.kktavastia.fi\/lukiot-hameenlinnan-lyseo\/wp-json\/wp\/v2\/comments?post=4924"}],"version-history":[{"count":2,"href":"https:\/\/www.kktavastia.fi\/lukiot-hameenlinnan-lyseo\/wp-json\/wp\/v2\/posts\/4924\/revisions"}],"predecessor-version":[{"id":4928,"href":"https:\/\/www.kktavastia.fi\/lukiot-hameenlinnan-lyseo\/wp-json\/wp\/v2\/posts\/4924\/revisions\/4928"}],"wp:featuredmedia":[{"embeddable":true,"href":"https:\/\/www.kktavastia.fi\/lukiot-hameenlinnan-lyseo\/wp-json\/wp\/v2\/media\/4925"}],"wp:attachment":[{"href":"https:\/\/www.kktavastia.fi\/lukiot-hameenlinnan-lyseo\/wp-json\/wp\/v2\/media?parent=4924"}],"wp:term":[{"taxonomy":"category","embeddable":true,"href":"https:\/\/www.kktavastia.fi\/lukiot-hameenlinnan-lyseo\/wp-json\/wp\/v2\/categories?post=4924"},{"taxonomy":"post_tag","embeddable":true,"href":"https:\/\/www.kktavastia.fi\/lukiot-hameenlinnan-lyseo\/wp-json\/wp\/v2\/tags?post=4924"}],"curies":[{"name":"wp","href":"https:\/\/api.w.org\/{rel}","templated":true}]}}