{"id":4435,"date":"2022-06-16T08:00:00","date_gmt":"2022-06-16T05:00:00","guid":{"rendered":"https:\/\/www.kktavastia.fi\/lukiot-hameenlinnan-lyseo\/?p=4435"},"modified":"2022-06-16T08:08:29","modified_gmt":"2022-06-16T05:08:29","slug":"kevaan-2022-yhteishaussa-hameenlinnan-lyseon-lukioon-valitut-opiskelijat","status":"publish","type":"post","link":"https:\/\/www.kktavastia.fi\/lukiot-hameenlinnan-lyseo\/2022\/kevaan-2022-yhteishaussa-hameenlinnan-lyseon-lukioon-valitut-opiskelijat\/","title":{"rendered":"Kev\u00e4\u00e4n 2022 yhteishaussa H\u00e4meenlinnan lyseon lukioon valitut opiskelijat"},"content":{"rendered":"\n<p class=\"is-style-ingress\">Yhteishaussa H\u00e4meenlinnan lyseon lukioon on valittu 183 opiskelijaa, joista 6 ei ole antanut lupaa nimens\u00e4 julkaisuun.<\/p>\n\n\n\n<p>Tervetuloa opiskelemaan Lyseoon!<\/p>\n\n\n\n<h3 class=\"wp-block-heading\">Yritt\u00e4jyyslinja<\/h3>\n\n\n\n<p>Allik, Caroly<br>Hiltunen, Henri Kalevi<br>Karttunen, Leo Felix Yuichi<br>Kentt\u00e4mies, Touko Matti Olavi<br>Kurvinen, Siiri Miisa Maija-Liisa<br>Niinikoski, Anton Venjamin<br>Pihlajam\u00e4ki, Lassi Samu Eemeli<br>Pohjanvirta, Peter Tauno Erik<br>Qvist, Oskari Eemil Antero<br>Valkonen, Vuokko Matleena<br>Virta, Hilja Sisko Heleena<br> + yksi opiskelija, joka ei halua nime\u00e4 julki<\/p>\n\n\n\n<h3 class=\"wp-block-heading\">Urheilulinja<\/h3>\n\n\n\n<p>Aarniovuori, Nella Anna<br>Autio, Wilma Eveliina<br>Gynther, Veera Anni Elisa<br>Hakala, Eveliina Julia Birgitta<br>Havukainen, Vili Aki Antero<br>Heikkiniemi, Jussi Valtteri<br>Hein\u00e4nen, Hilma Justiina<br>Hiltunen, Veikko Hugo Olavi<br>Huttunen, Robin Aleksi Kristofer<br>Kapanen, Kaarlo Oscar<br>Kilpinen, Kerttu Aino Emilia<br>Kimonen, Aino Elvi Olivia<br>Kopiloff, Oliver Aleksander<br>Laine, Pihla Iida Sofia<br>Lappalainen, Matias Niilo Elmeri<br>Lehtil\u00e4, Kasperi Eino Aleksanteri<br>Lehtonen, Jesse Topi Mario<br>Lehtonen, Onnikalle Tapio<br>Lomakka, Aaro Akseli<br>Luopaj\u00e4rvi, Aleksi Seppo Kalervo<br>Manninen, Alma Emilia<br>Mattila, Elias Hugo Emil<br>M\u00e4kel\u00e4, Peppilotta<br>Niemi, Inka Anniina Linnea<br>Partanen, Onni Ilmari<br>Pinola, Iida Olivia<br>Saarinen, Kim Mikael<br>Sihvonen, Matias Onni Eemil<br>Siivonen, Stiina Hilda Elisa<br>Tofferi, Iiro Elias<br>T\u00f6rm\u00e4nen, Noel Aarni Eelis<br>Vesterinen, Roope Henrik<br>Viitaluoma, Valtteri Johannes<br>Viitaluoma, Viljami Veikko<br>Vuola, Viivi Fanny-Maria<br>Yl\u00e4-Soininm\u00e4ki, Emmi Maria<\/p>\n\n\n\n<h3 class=\"wp-block-heading\">Yleislinja<\/h3>\n\n\n\n<p>Aaltonen, Annika Alexandra<br>Aaltonen, Iiris Helmiina<br>Aaltonen, Markku Kaarlo Aksel<br>Aaltonen, Senna Aleksandra<br>Aarnio, Ida Matilda<br>Adams, Helena<br>Ahvenus, Oili Neilikka Vilmiina<br>Ansalahti, Venla Priscilla<br>Antin, Amanda Vilhelmiina<br>Anttila, Kalle Eino Juhani<br>Arbelin, Elias Ilja Aleksanteri<br>Aydin, Arda<br>Babbit, Lucas Aleksi Th\u00e9ophile<br>Dang, Danny<br>Eerik\u00e4inen, Viivi Josefina<br>Eloranta, Iida Sofia<br>Haapa-aho, Alisa Karoliina<br>Hakulinen, Assi Lyyli Orvokki<br>Hannola, Sara Alisa<br>Hautam\u00e4ki, Emma Anna Sofia<br>Hel\u00e9n, Hugo Aleksi<br>Helminen, Aatos Toivo Johannes<br>Hemba, Safi<br>Hongisto, Lotta Ilona<br>Horila, Juuso Matias<br>Hosio, Sanni Eveliina<br>Hultin, Markus Samuel<br>Huuskonen, Meetta Meri Alina<br>Hy\u00f6tyl\u00e4nm\u00e4ki, Josefiina Elisabet<br>H\u00e4nninen, Eeti Johannes<br>H\u00e4ti, Minttu Ilona Maria<br>Ilvesluoto, Anton Olavi<br>Jokela, Vilma Emilia<br>Jokinen, Ada Lea Maria<br>Juhola, Viivi Sofia<br>Junna, Matias Onni Johannes<br>J\u00e4ntti, Elmo Samuel<br>Kainulainen, Atte Konsta Juhani<br>Kajanto, Aatu Iivari<br>Karevaara, Vilho Akseli<br>Karjalainen, Ella Sofia<br>Kiuru, Joona Oskari<br>Kivi, Pinja Aada Emilia<br>Koivistoinen, Sara Maria Hannele<br>Koivula, Lilli Helmi Lyydia<br>Koljonen, Oiva Ilmari<br>Komulainen, Aleksi Juho Toivo<br>Korpela, Peppi Johanna<br>Kosola, Emma Ida Susanna<br>Kuokka, Emil Nikolai<br>Kuusivaara, Tilly Else Marjaana<br>K\u00e4ppi, Selene Eveliina<br>Laakkonen, Nelli Amanda<br>Latvasalo, Veikka Tapio<br>Lehtojoki, Topias Juhani<br>Lehtonen, Sisu Vihtori<br>Leppinen, Eveliina Anna Magdaleena<br>Lescelius, Wilmer Erik Samuel<br>Lindevall, Meea Sara Wilhelmiina<br>Malmberg, Siri Selma Lydia<br>Malmipuro, Veera Matilda<br>Martikka, Aaro Eetu Oskari<br>Mets\u00e4-Keisteri, Pinja Sanelma<br>Mett\u00e4l\u00e4, Evelia Syra Kaarina<br>Mills, Axel Walter<br>Murto, Niilo Samuel<br>M\u00e4enp\u00e4\u00e4, Anni Salli Melissa<br>M\u00e4kel\u00e4, Alma Tilda Josefiina<br>M\u00e4kinen, Aada Ester<br>Nenonen, Salla Eveliina<br>Nieminen, Liina Olivia<br>Nuopponen, Emmi Laura Julia<br>Nyinawinka, Anitha<br>Ojala, Eeli Oskari<br>Ojala, Elina Dagmar Linnea<br>Olkinuora, Pete Valtteri<br>Olsen, Kia Sini Sofia<br>Orava, Jesse Christian<br>Pajavuori, Henni Kristin<br>Parpola, Santtu Johannes<br>Pasanen, Eero Jani Aukusti<br>Patoila, Miina Matilda<br>Pekkinen, Pinja Alise<br>Peltoniemi, Enni Alina<br>Per\u00e4talo, Isla Olivia<br>Piilola, Janita Maria<br>Pirhonen, Elias<br>Platan, Antti Elias<br>Platan, Eero Aukusti<br>Pulkkinen, Noora-Sofia Josefiina<br>P\u00f6ysti, Unna Angelika<br>Rajala, Juho Rasmus<br>Rantala, Inka Elviira<br>Rantanen, Roope Johannes<br>Rekola, Saara Helmiina<br>Remes, Artturi Otso Kustaa<br>Rihkaj\u00e4rvi, Waltteri Jukka Jeremias<br>Saari, Eeti Matti Viktor<br>Saarikko, Juuso Kasper<br>Saarinen, Eeva Reetta<br>Salo, Lotta Juliette<br>Salomaa, Nella Camilla<br>Salonen, Ilona Iida Olivia<br>Sarvi, Justus Oliver<br>Selesniemi, Iira Sofia<br>Sepp\u00e4l\u00e4, Iida Emilia Annikki<br>Sepp\u00e4l\u00e4, Tara Sofia<br>Shihab, Melak Alaa Naser<br>Sipola, Ada Emma Adele<br>Stolt, Tilda Maria<br>Suomela, Laura Linnea<br>Suominen, Nella Sofia<br>Sutinen, Joanna Eveliina<br>S\u00e4\u00e4ksj\u00e4rvi, Eino Anselmi<br>Tamminen, Jade Eeva Josefina<br>Tauriainen, Aleksi Lauri Juhani<br>Tissola, Siiri Vilhelmiina Ollintyt\u00e4r<br>Torttila, Aura Anna Maria<br>Tuomi, Aino Ilona<br>Turunen, Inka Emilia<br>Turunen, Jesse Matias<br>Umutoni, Rebecca<br>Varga, Fanni Aletta<br>Vartiainen, Peetu Kajo Anton<br>Viitanen, Eevi Sofia<br>Vikstr\u00f6m, Emilia Armi Tuulikki<br>Virtapalo, Nuutti Johannes<br>Viskari, Wilmer Eemeli<br>Vuori, Susette S\u00e4de Anitta<br>V\u00e4nsk\u00e4, Lotta Aurora<br>V\u00e4tt\u00f6, Jani Juhani<br>Weckstr\u00f6m, Jadessa Kia Charlotta<br>Welin, Lenni Ilari<br>Yli-Heikkuri, Arvo Valtteri<br>Yli-Kovero, Venla Sofia Vilhelmiina<br>\u00d6verlund, Lauri Johannes<br>+ 5 opiskelijaa, jotka eiv\u00e4t halua nime\u00e4\u00e4n julki<\/p>\n","protected":false},"excerpt":{"rendered":"<p>Yhteishaussa H\u00e4meenlinnan lyseon lukioon on valittu 183 opiskelijaa, joista 6 ei ole antanut lupaa nimens\u00e4 julkaisuun. Tervetuloa opiskelemaan Lyseoon! Yritt\u00e4jyyslinja [&hellip;]<\/p>\n","protected":false},"author":5,"featured_media":4438,"comment_status":"closed","ping_status":"closed","sticky":false,"template":"","format":"standard","meta":{"_acf_changed":false,"_relevanssi_hide_post":"","_relevanssi_hide_content":"","_relevanssi_pin_for_all":"","_relevanssi_pin_keywords":"","_relevanssi_unpin_keywords":"","_relevanssi_related_keywords":"","_relevanssi_related_include_ids":"","_relevanssi_related_exclude_ids":"","_relevanssi_related_no_append":"","_relevanssi_related_not_related":"","_relevanssi_related_posts":"2880,1481,1568,2391,2144,2901","_relevanssi_noindex_reason":"","footnotes":""},"categories":[1],"tags":[],"class_list":["post-4435","post","type-post","status-publish","format-standard","has-post-thumbnail","hentry","category-yleinen"],"acf":[],"yoast_head":"<title>Kev\u00e4\u00e4n 2022 yhteishaussa H\u00e4meenlinnan lyseon lukioon valitut opiskelijat - H\u00e4meenlinnan lyseon lukio<\/title>\n<meta name=\"robots\" content=\"index, follow, max-snippet:-1, max-image-preview:large, max-video-preview:-1\" \/>\n<link rel=\"canonical\" href=\"https:\/\/www.kktavastia.fi\/lukiot-hameenlinnan-lyseo\/2022\/kevaan-2022-yhteishaussa-hameenlinnan-lyseon-lukioon-valitut-opiskelijat\/\" \/>\n<meta property=\"og:locale\" content=\"fi_FI\" \/>\n<meta property=\"og:type\" content=\"article\" \/>\n<meta property=\"og:title\" content=\"Kev\u00e4\u00e4n 2022 yhteishaussa H\u00e4meenlinnan lyseon lukioon valitut opiskelijat - H\u00e4meenlinnan lyseon lukio\" \/>\n<meta property=\"og:description\" content=\"Yhteishaussa H\u00e4meenlinnan lyseon lukioon on valittu 183 opiskelijaa, joista 6 ei ole antanut lupaa nimens\u00e4 julkaisuun. Tervetuloa opiskelemaan Lyseoon! Yritt\u00e4jyyslinja [&hellip;]\" \/>\n<meta property=\"og:url\" content=\"https:\/\/www.kktavastia.fi\/lukiot-hameenlinnan-lyseo\/2022\/kevaan-2022-yhteishaussa-hameenlinnan-lyseon-lukioon-valitut-opiskelijat\/\" \/>\n<meta property=\"og:site_name\" content=\"H\u00e4meenlinnan lyseon lukio\" \/>\n<meta property=\"article:published_time\" content=\"2022-06-16T05:00:00+00:00\" \/>\n<meta property=\"article:modified_time\" content=\"2022-06-16T05:08:29+00:00\" \/>\n<meta property=\"og:image\" content=\"https:\/\/www.kktavastia.fi\/media\/sites\/8\/yhteishaku_jump-1024x651.png\" \/>\n\t<meta property=\"og:image:width\" content=\"1024\" \/>\n\t<meta property=\"og:image:height\" content=\"651\" \/>\n\t<meta property=\"og:image:type\" content=\"image\/png\" \/>\n<meta name=\"author\" content=\"sannajalli\" \/>\n<meta name=\"twitter:card\" content=\"summary_large_image\" \/>\n<script type=\"application\/ld+json\" class=\"yoast-schema-graph\">{\"@context\":\"https:\\\/\\\/schema.org\",\"@graph\":[{\"@type\":\"Article\",\"@id\":\"https:\\\/\\\/www.kktavastia.fi\\\/lukiot-hameenlinnan-lyseo\\\/2022\\\/kevaan-2022-yhteishaussa-hameenlinnan-lyseon-lukioon-valitut-opiskelijat\\\/#article\",\"isPartOf\":{\"@id\":\"https:\\\/\\\/www.kktavastia.fi\\\/lukiot-hameenlinnan-lyseo\\\/2022\\\/kevaan-2022-yhteishaussa-hameenlinnan-lyseon-lukioon-valitut-opiskelijat\\\/\"},\"author\":{\"name\":\"sannajalli\",\"@id\":\"https:\\\/\\\/www.kktavastia.fi\\\/lukiot-hameenlinnan-lyseo\\\/#\\\/schema\\\/person\\\/5124cdf24960861f89c21a474417e84c\"},\"headline\":\"Kev\u00e4\u00e4n 2022 yhteishaussa H\u00e4meenlinnan lyseon lukioon valitut opiskelijat\",\"datePublished\":\"2022-06-16T05:00:00+00:00\",\"dateModified\":\"2022-06-16T05:08:29+00:00\",\"mainEntityOfPage\":{\"@id\":\"https:\\\/\\\/www.kktavastia.fi\\\/lukiot-hameenlinnan-lyseo\\\/2022\\\/kevaan-2022-yhteishaussa-hameenlinnan-lyseon-lukioon-valitut-opiskelijat\\\/\"},\"wordCount\":516,\"image\":{\"@id\":\"https:\\\/\\\/www.kktavastia.fi\\\/lukiot-hameenlinnan-lyseo\\\/2022\\\/kevaan-2022-yhteishaussa-hameenlinnan-lyseon-lukioon-valitut-opiskelijat\\\/#primaryimage\"},\"thumbnailUrl\":\"https:\\\/\\\/www.kktavastia.fi\\\/media\\\/sites\\\/8\\\/yhteishaku_jump.png\",\"inLanguage\":\"fi\"},{\"@type\":\"WebPage\",\"@id\":\"https:\\\/\\\/www.kktavastia.fi\\\/lukiot-hameenlinnan-lyseo\\\/2022\\\/kevaan-2022-yhteishaussa-hameenlinnan-lyseon-lukioon-valitut-opiskelijat\\\/\",\"url\":\"https:\\\/\\\/www.kktavastia.fi\\\/lukiot-hameenlinnan-lyseo\\\/2022\\\/kevaan-2022-yhteishaussa-hameenlinnan-lyseon-lukioon-valitut-opiskelijat\\\/\",\"name\":\"Kev\u00e4\u00e4n 2022 yhteishaussa H\u00e4meenlinnan lyseon lukioon valitut opiskelijat - H\u00e4meenlinnan lyseon lukio\",\"isPartOf\":{\"@id\":\"https:\\\/\\\/www.kktavastia.fi\\\/lukiot-hameenlinnan-lyseo\\\/#website\"},\"primaryImageOfPage\":{\"@id\":\"https:\\\/\\\/www.kktavastia.fi\\\/lukiot-hameenlinnan-lyseo\\\/2022\\\/kevaan-2022-yhteishaussa-hameenlinnan-lyseon-lukioon-valitut-opiskelijat\\\/#primaryimage\"},\"image\":{\"@id\":\"https:\\\/\\\/www.kktavastia.fi\\\/lukiot-hameenlinnan-lyseo\\\/2022\\\/kevaan-2022-yhteishaussa-hameenlinnan-lyseon-lukioon-valitut-opiskelijat\\\/#primaryimage\"},\"thumbnailUrl\":\"https:\\\/\\\/www.kktavastia.fi\\\/media\\\/sites\\\/8\\\/yhteishaku_jump.png\",\"datePublished\":\"2022-06-16T05:00:00+00:00\",\"dateModified\":\"2022-06-16T05:08:29+00:00\",\"author\":{\"@id\":\"https:\\\/\\\/www.kktavastia.fi\\\/lukiot-hameenlinnan-lyseo\\\/#\\\/schema\\\/person\\\/5124cdf24960861f89c21a474417e84c\"},\"breadcrumb\":{\"@id\":\"https:\\\/\\\/www.kktavastia.fi\\\/lukiot-hameenlinnan-lyseo\\\/2022\\\/kevaan-2022-yhteishaussa-hameenlinnan-lyseon-lukioon-valitut-opiskelijat\\\/#breadcrumb\"},\"inLanguage\":\"fi\",\"potentialAction\":[{\"@type\":\"ReadAction\",\"target\":[\"https:\\\/\\\/www.kktavastia.fi\\\/lukiot-hameenlinnan-lyseo\\\/2022\\\/kevaan-2022-yhteishaussa-hameenlinnan-lyseon-lukioon-valitut-opiskelijat\\\/\"]}]},{\"@type\":\"ImageObject\",\"inLanguage\":\"fi\",\"@id\":\"https:\\\/\\\/www.kktavastia.fi\\\/lukiot-hameenlinnan-lyseo\\\/2022\\\/kevaan-2022-yhteishaussa-hameenlinnan-lyseon-lukioon-valitut-opiskelijat\\\/#primaryimage\",\"url\":\"https:\\\/\\\/www.kktavastia.fi\\\/media\\\/sites\\\/8\\\/yhteishaku_jump.png\",\"contentUrl\":\"https:\\\/\\\/www.kktavastia.fi\\\/media\\\/sites\\\/8\\\/yhteishaku_jump.png\",\"width\":1700,\"height\":1080,\"caption\":\"Opiskelijat hypp\u00e4\u00e4v\u00e4t ilmaan\"},{\"@type\":\"BreadcrumbList\",\"@id\":\"https:\\\/\\\/www.kktavastia.fi\\\/lukiot-hameenlinnan-lyseo\\\/2022\\\/kevaan-2022-yhteishaussa-hameenlinnan-lyseon-lukioon-valitut-opiskelijat\\\/#breadcrumb\",\"itemListElement\":[{\"@type\":\"ListItem\",\"position\":1,\"name\":\"Home\",\"item\":\"https:\\\/\\\/www.kktavastia.fi\\\/lukiot-hameenlinnan-lyseo\\\/\"},{\"@type\":\"ListItem\",\"position\":2,\"name\":\"Kev\u00e4\u00e4n 2022 yhteishaussa H\u00e4meenlinnan lyseon lukioon valitut opiskelijat\"}]},{\"@type\":\"WebSite\",\"@id\":\"https:\\\/\\\/www.kktavastia.fi\\\/lukiot-hameenlinnan-lyseo\\\/#website\",\"url\":\"https:\\\/\\\/www.kktavastia.fi\\\/lukiot-hameenlinnan-lyseo\\\/\",\"name\":\"H\u00e4meenlinnan lyseon lukio\",\"description\":\"\",\"potentialAction\":[{\"@type\":\"SearchAction\",\"target\":{\"@type\":\"EntryPoint\",\"urlTemplate\":\"https:\\\/\\\/www.kktavastia.fi\\\/lukiot-hameenlinnan-lyseo\\\/?s={search_term_string}\"},\"query-input\":{\"@type\":\"PropertyValueSpecification\",\"valueRequired\":true,\"valueName\":\"search_term_string\"}}],\"inLanguage\":\"fi\"},{\"@type\":\"Person\",\"@id\":\"https:\\\/\\\/www.kktavastia.fi\\\/lukiot-hameenlinnan-lyseo\\\/#\\\/schema\\\/person\\\/5124cdf24960861f89c21a474417e84c\",\"name\":\"sannajalli\",\"image\":{\"@type\":\"ImageObject\",\"inLanguage\":\"fi\",\"@id\":\"https:\\\/\\\/secure.gravatar.com\\\/avatar\\\/5a90797dc90f9ae04e1821fb5ead7872f6cb5e56ea86cb2a991873d12dd0c83a?s=96&d=mm&r=g\",\"url\":\"https:\\\/\\\/secure.gravatar.com\\\/avatar\\\/5a90797dc90f9ae04e1821fb5ead7872f6cb5e56ea86cb2a991873d12dd0c83a?s=96&d=mm&r=g\",\"contentUrl\":\"https:\\\/\\\/secure.gravatar.com\\\/avatar\\\/5a90797dc90f9ae04e1821fb5ead7872f6cb5e56ea86cb2a991873d12dd0c83a?s=96&d=mm&r=g\",\"caption\":\"sannajalli\"},\"url\":\"https:\\\/\\\/www.kktavastia.fi\\\/lukiot-hameenlinnan-lyseo\\\/author\\\/sannajalli\\\/\"}]}<\/script>","yoast_head_json":{"title":"Kev\u00e4\u00e4n 2022 yhteishaussa H\u00e4meenlinnan lyseon lukioon valitut opiskelijat - H\u00e4meenlinnan lyseon lukio","robots":{"index":"index","follow":"follow","max-snippet":"max-snippet:-1","max-image-preview":"max-image-preview:large","max-video-preview":"max-video-preview:-1"},"canonical":"https:\/\/www.kktavastia.fi\/lukiot-hameenlinnan-lyseo\/2022\/kevaan-2022-yhteishaussa-hameenlinnan-lyseon-lukioon-valitut-opiskelijat\/","og_locale":"fi_FI","og_type":"article","og_title":"Kev\u00e4\u00e4n 2022 yhteishaussa H\u00e4meenlinnan lyseon lukioon valitut opiskelijat - H\u00e4meenlinnan lyseon lukio","og_description":"Yhteishaussa H\u00e4meenlinnan lyseon lukioon on valittu 183 opiskelijaa, joista 6 ei ole antanut lupaa nimens\u00e4 julkaisuun. Tervetuloa opiskelemaan Lyseoon! Yritt\u00e4jyyslinja [&hellip;]","og_url":"https:\/\/www.kktavastia.fi\/lukiot-hameenlinnan-lyseo\/2022\/kevaan-2022-yhteishaussa-hameenlinnan-lyseon-lukioon-valitut-opiskelijat\/","og_site_name":"H\u00e4meenlinnan lyseon lukio","article_published_time":"2022-06-16T05:00:00+00:00","article_modified_time":"2022-06-16T05:08:29+00:00","og_image":[{"width":1024,"height":651,"url":"https:\/\/www.kktavastia.fi\/media\/sites\/8\/yhteishaku_jump-1024x651.png","type":"image\/png"}],"author":"sannajalli","twitter_card":"summary_large_image","schema":{"@context":"https:\/\/schema.org","@graph":[{"@type":"Article","@id":"https:\/\/www.kktavastia.fi\/lukiot-hameenlinnan-lyseo\/2022\/kevaan-2022-yhteishaussa-hameenlinnan-lyseon-lukioon-valitut-opiskelijat\/#article","isPartOf":{"@id":"https:\/\/www.kktavastia.fi\/lukiot-hameenlinnan-lyseo\/2022\/kevaan-2022-yhteishaussa-hameenlinnan-lyseon-lukioon-valitut-opiskelijat\/"},"author":{"name":"sannajalli","@id":"https:\/\/www.kktavastia.fi\/lukiot-hameenlinnan-lyseo\/#\/schema\/person\/5124cdf24960861f89c21a474417e84c"},"headline":"Kev\u00e4\u00e4n 2022 yhteishaussa H\u00e4meenlinnan lyseon lukioon valitut opiskelijat","datePublished":"2022-06-16T05:00:00+00:00","dateModified":"2022-06-16T05:08:29+00:00","mainEntityOfPage":{"@id":"https:\/\/www.kktavastia.fi\/lukiot-hameenlinnan-lyseo\/2022\/kevaan-2022-yhteishaussa-hameenlinnan-lyseon-lukioon-valitut-opiskelijat\/"},"wordCount":516,"image":{"@id":"https:\/\/www.kktavastia.fi\/lukiot-hameenlinnan-lyseo\/2022\/kevaan-2022-yhteishaussa-hameenlinnan-lyseon-lukioon-valitut-opiskelijat\/#primaryimage"},"thumbnailUrl":"https:\/\/www.kktavastia.fi\/media\/sites\/8\/yhteishaku_jump.png","inLanguage":"fi"},{"@type":"WebPage","@id":"https:\/\/www.kktavastia.fi\/lukiot-hameenlinnan-lyseo\/2022\/kevaan-2022-yhteishaussa-hameenlinnan-lyseon-lukioon-valitut-opiskelijat\/","url":"https:\/\/www.kktavastia.fi\/lukiot-hameenlinnan-lyseo\/2022\/kevaan-2022-yhteishaussa-hameenlinnan-lyseon-lukioon-valitut-opiskelijat\/","name":"Kev\u00e4\u00e4n 2022 yhteishaussa H\u00e4meenlinnan lyseon lukioon valitut opiskelijat - H\u00e4meenlinnan lyseon lukio","isPartOf":{"@id":"https:\/\/www.kktavastia.fi\/lukiot-hameenlinnan-lyseo\/#website"},"primaryImageOfPage":{"@id":"https:\/\/www.kktavastia.fi\/lukiot-hameenlinnan-lyseo\/2022\/kevaan-2022-yhteishaussa-hameenlinnan-lyseon-lukioon-valitut-opiskelijat\/#primaryimage"},"image":{"@id":"https:\/\/www.kktavastia.fi\/lukiot-hameenlinnan-lyseo\/2022\/kevaan-2022-yhteishaussa-hameenlinnan-lyseon-lukioon-valitut-opiskelijat\/#primaryimage"},"thumbnailUrl":"https:\/\/www.kktavastia.fi\/media\/sites\/8\/yhteishaku_jump.png","datePublished":"2022-06-16T05:00:00+00:00","dateModified":"2022-06-16T05:08:29+00:00","author":{"@id":"https:\/\/www.kktavastia.fi\/lukiot-hameenlinnan-lyseo\/#\/schema\/person\/5124cdf24960861f89c21a474417e84c"},"breadcrumb":{"@id":"https:\/\/www.kktavastia.fi\/lukiot-hameenlinnan-lyseo\/2022\/kevaan-2022-yhteishaussa-hameenlinnan-lyseon-lukioon-valitut-opiskelijat\/#breadcrumb"},"inLanguage":"fi","potentialAction":[{"@type":"ReadAction","target":["https:\/\/www.kktavastia.fi\/lukiot-hameenlinnan-lyseo\/2022\/kevaan-2022-yhteishaussa-hameenlinnan-lyseon-lukioon-valitut-opiskelijat\/"]}]},{"@type":"ImageObject","inLanguage":"fi","@id":"https:\/\/www.kktavastia.fi\/lukiot-hameenlinnan-lyseo\/2022\/kevaan-2022-yhteishaussa-hameenlinnan-lyseon-lukioon-valitut-opiskelijat\/#primaryimage","url":"https:\/\/www.kktavastia.fi\/media\/sites\/8\/yhteishaku_jump.png","contentUrl":"https:\/\/www.kktavastia.fi\/media\/sites\/8\/yhteishaku_jump.png","width":1700,"height":1080,"caption":"Opiskelijat hypp\u00e4\u00e4v\u00e4t ilmaan"},{"@type":"BreadcrumbList","@id":"https:\/\/www.kktavastia.fi\/lukiot-hameenlinnan-lyseo\/2022\/kevaan-2022-yhteishaussa-hameenlinnan-lyseon-lukioon-valitut-opiskelijat\/#breadcrumb","itemListElement":[{"@type":"ListItem","position":1,"name":"Home","item":"https:\/\/www.kktavastia.fi\/lukiot-hameenlinnan-lyseo\/"},{"@type":"ListItem","position":2,"name":"Kev\u00e4\u00e4n 2022 yhteishaussa H\u00e4meenlinnan lyseon lukioon valitut opiskelijat"}]},{"@type":"WebSite","@id":"https:\/\/www.kktavastia.fi\/lukiot-hameenlinnan-lyseo\/#website","url":"https:\/\/www.kktavastia.fi\/lukiot-hameenlinnan-lyseo\/","name":"H\u00e4meenlinnan lyseon lukio","description":"","potentialAction":[{"@type":"SearchAction","target":{"@type":"EntryPoint","urlTemplate":"https:\/\/www.kktavastia.fi\/lukiot-hameenlinnan-lyseo\/?s={search_term_string}"},"query-input":{"@type":"PropertyValueSpecification","valueRequired":true,"valueName":"search_term_string"}}],"inLanguage":"fi"},{"@type":"Person","@id":"https:\/\/www.kktavastia.fi\/lukiot-hameenlinnan-lyseo\/#\/schema\/person\/5124cdf24960861f89c21a474417e84c","name":"sannajalli","image":{"@type":"ImageObject","inLanguage":"fi","@id":"https:\/\/secure.gravatar.com\/avatar\/5a90797dc90f9ae04e1821fb5ead7872f6cb5e56ea86cb2a991873d12dd0c83a?s=96&d=mm&r=g","url":"https:\/\/secure.gravatar.com\/avatar\/5a90797dc90f9ae04e1821fb5ead7872f6cb5e56ea86cb2a991873d12dd0c83a?s=96&d=mm&r=g","contentUrl":"https:\/\/secure.gravatar.com\/avatar\/5a90797dc90f9ae04e1821fb5ead7872f6cb5e56ea86cb2a991873d12dd0c83a?s=96&d=mm&r=g","caption":"sannajalli"},"url":"https:\/\/www.kktavastia.fi\/lukiot-hameenlinnan-lyseo\/author\/sannajalli\/"}]}},"_links":{"self":[{"href":"https:\/\/www.kktavastia.fi\/lukiot-hameenlinnan-lyseo\/wp-json\/wp\/v2\/posts\/4435","targetHints":{"allow":["GET"]}}],"collection":[{"href":"https:\/\/www.kktavastia.fi\/lukiot-hameenlinnan-lyseo\/wp-json\/wp\/v2\/posts"}],"about":[{"href":"https:\/\/www.kktavastia.fi\/lukiot-hameenlinnan-lyseo\/wp-json\/wp\/v2\/types\/post"}],"author":[{"embeddable":true,"href":"https:\/\/www.kktavastia.fi\/lukiot-hameenlinnan-lyseo\/wp-json\/wp\/v2\/users\/5"}],"replies":[{"embeddable":true,"href":"https:\/\/www.kktavastia.fi\/lukiot-hameenlinnan-lyseo\/wp-json\/wp\/v2\/comments?post=4435"}],"version-history":[{"count":2,"href":"https:\/\/www.kktavastia.fi\/lukiot-hameenlinnan-lyseo\/wp-json\/wp\/v2\/posts\/4435\/revisions"}],"predecessor-version":[{"id":4443,"href":"https:\/\/www.kktavastia.fi\/lukiot-hameenlinnan-lyseo\/wp-json\/wp\/v2\/posts\/4435\/revisions\/4443"}],"wp:featuredmedia":[{"embeddable":true,"href":"https:\/\/www.kktavastia.fi\/lukiot-hameenlinnan-lyseo\/wp-json\/wp\/v2\/media\/4438"}],"wp:attachment":[{"href":"https:\/\/www.kktavastia.fi\/lukiot-hameenlinnan-lyseo\/wp-json\/wp\/v2\/media?parent=4435"}],"wp:term":[{"taxonomy":"category","embeddable":true,"href":"https:\/\/www.kktavastia.fi\/lukiot-hameenlinnan-lyseo\/wp-json\/wp\/v2\/categories?post=4435"},{"taxonomy":"post_tag","embeddable":true,"href":"https:\/\/www.kktavastia.fi\/lukiot-hameenlinnan-lyseo\/wp-json\/wp\/v2\/tags?post=4435"}],"curies":[{"name":"wp","href":"https:\/\/api.w.org\/{rel}","templated":true}]}}