{"id":3998,"date":"2021-11-29T09:09:06","date_gmt":"2021-11-29T07:09:06","guid":{"rendered":"https:\/\/www.kktavastia.fi\/lukiot-hameenlinnan-lyseo\/?p=3998"},"modified":"2021-11-29T09:09:06","modified_gmt":"2021-11-29T07:09:06","slug":"syksyn-yo-ja-lycee-juhla","status":"publish","type":"post","link":"https:\/\/www.kktavastia.fi\/lukiot-hameenlinnan-lyseo\/2021\/syksyn-yo-ja-lycee-juhla\/","title":{"rendered":"Syksyn YO- ja Lyc\u00e9e-juhla"},"content":{"rendered":"\n<p>Syksyn ylioppilas- ja Lyc\u00e9e- juhlaa vietet\u00e4\u00e4n pe 3.12.klo 13.00 Koulutuskuntayhtym\u00e4 Tavastian A-rakennuksen liikuntasalissa. Juhlassa lakitetaan uudet ylioppilaat sek\u00e4 julkistetaan vuoden 2021 lyseolainen.<\/p>\n\n\n\n<p>Tulevat ylioppilaat ovat saaneet asiasta Wilma-viestin tai s\u00e4hk\u00f6postin, jossa on ohjeet sallitusta vieraiden m\u00e4\u00e4r\u00e4st\u00e4 ja muusta t\u00e4rke\u00e4st\u00e4. Mik\u00e4li et ole saanut viesti\u00e4, ole yhteydess\u00e4 koulun kansliaan.<\/p>\n\n\n\n<p>YO-juhlan harjoitus pidet\u00e4\u00e4n ennen juhlaa klo 11.00. Olethan paikalla. Lakkia ei tarvitse harjoituksissa, mutta muistathan ottaa sen mukaan juhlaan, jos viel\u00e4 k\u00e4yt muualla harjoitusten  j\u00e4lkeen.<\/p>\n","protected":false},"excerpt":{"rendered":"<p>Syksyn ylioppilas- ja Lyc\u00e9e- juhlaa vietet\u00e4\u00e4n pe 3.12.klo 13.00 Koulutuskuntayhtym\u00e4 Tavastian A-rakennuksen liikuntasalissa. Juhlassa lakitetaan uudet ylioppilaat sek\u00e4 julkistetaan vuoden [&hellip;]<\/p>\n","protected":false},"author":25,"featured_media":3451,"comment_status":"closed","ping_status":"closed","sticky":false,"template":"","format":"standard","meta":{"_acf_changed":false,"_relevanssi_hide_post":"","_relevanssi_hide_content":"","_relevanssi_pin_for_all":"","_relevanssi_pin_keywords":"","_relevanssi_unpin_keywords":"","_relevanssi_related_keywords":"","_relevanssi_related_include_ids":"","_relevanssi_related_exclude_ids":"","_relevanssi_related_no_append":"","_relevanssi_related_not_related":"","_relevanssi_related_posts":"1607,397,1647,3012,1604,3833","_relevanssi_noindex_reason":"","footnotes":""},"categories":[5,1],"tags":[],"class_list":["post-3998","post","type-post","status-publish","format-standard","has-post-thumbnail","hentry","category-ajankohtaista","category-yleinen"],"acf":[],"yoast_head":"<title>Syksyn YO- ja Lyc\u00e9e-juhla - H\u00e4meenlinnan lyseon lukio<\/title>\n<meta name=\"robots\" content=\"index, follow, max-snippet:-1, max-image-preview:large, max-video-preview:-1\" \/>\n<link rel=\"canonical\" href=\"https:\/\/www.kktavastia.fi\/lukiot-hameenlinnan-lyseo\/2021\/syksyn-yo-ja-lycee-juhla\/\" \/>\n<meta property=\"og:locale\" content=\"fi_FI\" \/>\n<meta property=\"og:type\" content=\"article\" \/>\n<meta property=\"og:title\" content=\"Syksyn YO- ja Lyc\u00e9e-juhla - H\u00e4meenlinnan lyseon lukio\" \/>\n<meta property=\"og:description\" content=\"Syksyn ylioppilas- ja Lyc\u00e9e- juhlaa vietet\u00e4\u00e4n pe 3.12.klo 13.00 Koulutuskuntayhtym\u00e4 Tavastian A-rakennuksen liikuntasalissa. Juhlassa lakitetaan uudet ylioppilaat sek\u00e4 julkistetaan vuoden [&hellip;]\" \/>\n<meta property=\"og:url\" content=\"https:\/\/www.kktavastia.fi\/lukiot-hameenlinnan-lyseo\/2021\/syksyn-yo-ja-lycee-juhla\/\" \/>\n<meta property=\"og:site_name\" content=\"H\u00e4meenlinnan lyseon lukio\" \/>\n<meta property=\"article:published_time\" content=\"2021-11-29T07:09:06+00:00\" \/>\n<meta property=\"og:image\" content=\"https:\/\/www.kktavastia.fi\/media\/sites\/8\/lakki-1-scaled.jpg\" \/>\n\t<meta property=\"og:image:width\" content=\"2048\" \/>\n\t<meta property=\"og:image:height\" content=\"1152\" \/>\n\t<meta property=\"og:image:type\" content=\"image\/jpeg\" \/>\n<meta name=\"author\" content=\"Tiina Kivinen\" \/>\n<meta name=\"twitter:card\" content=\"summary_large_image\" \/>\n<script type=\"application\/ld+json\" class=\"yoast-schema-graph\">{\"@context\":\"https:\\\/\\\/schema.org\",\"@graph\":[{\"@type\":\"Article\",\"@id\":\"https:\\\/\\\/www.kktavastia.fi\\\/lukiot-hameenlinnan-lyseo\\\/2021\\\/syksyn-yo-ja-lycee-juhla\\\/#article\",\"isPartOf\":{\"@id\":\"https:\\\/\\\/www.kktavastia.fi\\\/lukiot-hameenlinnan-lyseo\\\/2021\\\/syksyn-yo-ja-lycee-juhla\\\/\"},\"author\":{\"name\":\"Tiina Kivinen\",\"@id\":\"https:\\\/\\\/www.kktavastia.fi\\\/lukiot-hameenlinnan-lyseo\\\/#\\\/schema\\\/person\\\/9fba542775fc72baf90bc8038494cbda\"},\"headline\":\"Syksyn YO- ja Lyc\u00e9e-juhla\",\"datePublished\":\"2021-11-29T07:09:06+00:00\",\"mainEntityOfPage\":{\"@id\":\"https:\\\/\\\/www.kktavastia.fi\\\/lukiot-hameenlinnan-lyseo\\\/2021\\\/syksyn-yo-ja-lycee-juhla\\\/\"},\"wordCount\":87,\"image\":{\"@id\":\"https:\\\/\\\/www.kktavastia.fi\\\/lukiot-hameenlinnan-lyseo\\\/2021\\\/syksyn-yo-ja-lycee-juhla\\\/#primaryimage\"},\"thumbnailUrl\":\"https:\\\/\\\/www.kktavastia.fi\\\/media\\\/sites\\\/8\\\/lakki-1-scaled.jpg\",\"articleSection\":[\"Ajankohtaista\"],\"inLanguage\":\"fi\"},{\"@type\":\"WebPage\",\"@id\":\"https:\\\/\\\/www.kktavastia.fi\\\/lukiot-hameenlinnan-lyseo\\\/2021\\\/syksyn-yo-ja-lycee-juhla\\\/\",\"url\":\"https:\\\/\\\/www.kktavastia.fi\\\/lukiot-hameenlinnan-lyseo\\\/2021\\\/syksyn-yo-ja-lycee-juhla\\\/\",\"name\":\"Syksyn YO- ja Lyc\u00e9e-juhla - H\u00e4meenlinnan lyseon lukio\",\"isPartOf\":{\"@id\":\"https:\\\/\\\/www.kktavastia.fi\\\/lukiot-hameenlinnan-lyseo\\\/#website\"},\"primaryImageOfPage\":{\"@id\":\"https:\\\/\\\/www.kktavastia.fi\\\/lukiot-hameenlinnan-lyseo\\\/2021\\\/syksyn-yo-ja-lycee-juhla\\\/#primaryimage\"},\"image\":{\"@id\":\"https:\\\/\\\/www.kktavastia.fi\\\/lukiot-hameenlinnan-lyseo\\\/2021\\\/syksyn-yo-ja-lycee-juhla\\\/#primaryimage\"},\"thumbnailUrl\":\"https:\\\/\\\/www.kktavastia.fi\\\/media\\\/sites\\\/8\\\/lakki-1-scaled.jpg\",\"datePublished\":\"2021-11-29T07:09:06+00:00\",\"author\":{\"@id\":\"https:\\\/\\\/www.kktavastia.fi\\\/lukiot-hameenlinnan-lyseo\\\/#\\\/schema\\\/person\\\/9fba542775fc72baf90bc8038494cbda\"},\"breadcrumb\":{\"@id\":\"https:\\\/\\\/www.kktavastia.fi\\\/lukiot-hameenlinnan-lyseo\\\/2021\\\/syksyn-yo-ja-lycee-juhla\\\/#breadcrumb\"},\"inLanguage\":\"fi\",\"potentialAction\":[{\"@type\":\"ReadAction\",\"target\":[\"https:\\\/\\\/www.kktavastia.fi\\\/lukiot-hameenlinnan-lyseo\\\/2021\\\/syksyn-yo-ja-lycee-juhla\\\/\"]}]},{\"@type\":\"ImageObject\",\"inLanguage\":\"fi\",\"@id\":\"https:\\\/\\\/www.kktavastia.fi\\\/lukiot-hameenlinnan-lyseo\\\/2021\\\/syksyn-yo-ja-lycee-juhla\\\/#primaryimage\",\"url\":\"https:\\\/\\\/www.kktavastia.fi\\\/media\\\/sites\\\/8\\\/lakki-1-scaled.jpg\",\"contentUrl\":\"https:\\\/\\\/www.kktavastia.fi\\\/media\\\/sites\\\/8\\\/lakki-1-scaled.jpg\",\"width\":2048,\"height\":1152,\"caption\":\"Ylioppilaslakki syreenin kukkien keskell\u00e4 valkoista taustaa vasten sis\u00e4ll\u00e4.\"},{\"@type\":\"BreadcrumbList\",\"@id\":\"https:\\\/\\\/www.kktavastia.fi\\\/lukiot-hameenlinnan-lyseo\\\/2021\\\/syksyn-yo-ja-lycee-juhla\\\/#breadcrumb\",\"itemListElement\":[{\"@type\":\"ListItem\",\"position\":1,\"name\":\"Home\",\"item\":\"https:\\\/\\\/www.kktavastia.fi\\\/lukiot-hameenlinnan-lyseo\\\/\"},{\"@type\":\"ListItem\",\"position\":2,\"name\":\"Syksyn YO- ja Lyc\u00e9e-juhla\"}]},{\"@type\":\"WebSite\",\"@id\":\"https:\\\/\\\/www.kktavastia.fi\\\/lukiot-hameenlinnan-lyseo\\\/#website\",\"url\":\"https:\\\/\\\/www.kktavastia.fi\\\/lukiot-hameenlinnan-lyseo\\\/\",\"name\":\"H\u00e4meenlinnan lyseon lukio\",\"description\":\"\",\"potentialAction\":[{\"@type\":\"SearchAction\",\"target\":{\"@type\":\"EntryPoint\",\"urlTemplate\":\"https:\\\/\\\/www.kktavastia.fi\\\/lukiot-hameenlinnan-lyseo\\\/?s={search_term_string}\"},\"query-input\":{\"@type\":\"PropertyValueSpecification\",\"valueRequired\":true,\"valueName\":\"search_term_string\"}}],\"inLanguage\":\"fi\"},{\"@type\":\"Person\",\"@id\":\"https:\\\/\\\/www.kktavastia.fi\\\/lukiot-hameenlinnan-lyseo\\\/#\\\/schema\\\/person\\\/9fba542775fc72baf90bc8038494cbda\",\"name\":\"Tiina Kivinen\",\"image\":{\"@type\":\"ImageObject\",\"inLanguage\":\"fi\",\"@id\":\"https:\\\/\\\/secure.gravatar.com\\\/avatar\\\/ef61105076dc0f6a17d2a42979db1960a01f441fe16939d63b513ef1469ccc4e?s=96&d=mm&r=g\",\"url\":\"https:\\\/\\\/secure.gravatar.com\\\/avatar\\\/ef61105076dc0f6a17d2a42979db1960a01f441fe16939d63b513ef1469ccc4e?s=96&d=mm&r=g\",\"contentUrl\":\"https:\\\/\\\/secure.gravatar.com\\\/avatar\\\/ef61105076dc0f6a17d2a42979db1960a01f441fe16939d63b513ef1469ccc4e?s=96&d=mm&r=g\",\"caption\":\"Tiina Kivinen\"},\"url\":\"https:\\\/\\\/www.kktavastia.fi\\\/lukiot-hameenlinnan-lyseo\\\/author\\\/tiina-kivinen\\\/\"}]}<\/script>","yoast_head_json":{"title":"Syksyn YO- ja Lyc\u00e9e-juhla - H\u00e4meenlinnan lyseon lukio","robots":{"index":"index","follow":"follow","max-snippet":"max-snippet:-1","max-image-preview":"max-image-preview:large","max-video-preview":"max-video-preview:-1"},"canonical":"https:\/\/www.kktavastia.fi\/lukiot-hameenlinnan-lyseo\/2021\/syksyn-yo-ja-lycee-juhla\/","og_locale":"fi_FI","og_type":"article","og_title":"Syksyn YO- ja Lyc\u00e9e-juhla - H\u00e4meenlinnan lyseon lukio","og_description":"Syksyn ylioppilas- ja Lyc\u00e9e- juhlaa vietet\u00e4\u00e4n pe 3.12.klo 13.00 Koulutuskuntayhtym\u00e4 Tavastian A-rakennuksen liikuntasalissa. Juhlassa lakitetaan uudet ylioppilaat sek\u00e4 julkistetaan vuoden [&hellip;]","og_url":"https:\/\/www.kktavastia.fi\/lukiot-hameenlinnan-lyseo\/2021\/syksyn-yo-ja-lycee-juhla\/","og_site_name":"H\u00e4meenlinnan lyseon lukio","article_published_time":"2021-11-29T07:09:06+00:00","og_image":[{"width":2048,"height":1152,"url":"https:\/\/www.kktavastia.fi\/media\/sites\/8\/lakki-1-scaled.jpg","type":"image\/jpeg"}],"author":"Tiina Kivinen","twitter_card":"summary_large_image","schema":{"@context":"https:\/\/schema.org","@graph":[{"@type":"Article","@id":"https:\/\/www.kktavastia.fi\/lukiot-hameenlinnan-lyseo\/2021\/syksyn-yo-ja-lycee-juhla\/#article","isPartOf":{"@id":"https:\/\/www.kktavastia.fi\/lukiot-hameenlinnan-lyseo\/2021\/syksyn-yo-ja-lycee-juhla\/"},"author":{"name":"Tiina Kivinen","@id":"https:\/\/www.kktavastia.fi\/lukiot-hameenlinnan-lyseo\/#\/schema\/person\/9fba542775fc72baf90bc8038494cbda"},"headline":"Syksyn YO- ja Lyc\u00e9e-juhla","datePublished":"2021-11-29T07:09:06+00:00","mainEntityOfPage":{"@id":"https:\/\/www.kktavastia.fi\/lukiot-hameenlinnan-lyseo\/2021\/syksyn-yo-ja-lycee-juhla\/"},"wordCount":87,"image":{"@id":"https:\/\/www.kktavastia.fi\/lukiot-hameenlinnan-lyseo\/2021\/syksyn-yo-ja-lycee-juhla\/#primaryimage"},"thumbnailUrl":"https:\/\/www.kktavastia.fi\/media\/sites\/8\/lakki-1-scaled.jpg","articleSection":["Ajankohtaista"],"inLanguage":"fi"},{"@type":"WebPage","@id":"https:\/\/www.kktavastia.fi\/lukiot-hameenlinnan-lyseo\/2021\/syksyn-yo-ja-lycee-juhla\/","url":"https:\/\/www.kktavastia.fi\/lukiot-hameenlinnan-lyseo\/2021\/syksyn-yo-ja-lycee-juhla\/","name":"Syksyn YO- ja Lyc\u00e9e-juhla - H\u00e4meenlinnan lyseon lukio","isPartOf":{"@id":"https:\/\/www.kktavastia.fi\/lukiot-hameenlinnan-lyseo\/#website"},"primaryImageOfPage":{"@id":"https:\/\/www.kktavastia.fi\/lukiot-hameenlinnan-lyseo\/2021\/syksyn-yo-ja-lycee-juhla\/#primaryimage"},"image":{"@id":"https:\/\/www.kktavastia.fi\/lukiot-hameenlinnan-lyseo\/2021\/syksyn-yo-ja-lycee-juhla\/#primaryimage"},"thumbnailUrl":"https:\/\/www.kktavastia.fi\/media\/sites\/8\/lakki-1-scaled.jpg","datePublished":"2021-11-29T07:09:06+00:00","author":{"@id":"https:\/\/www.kktavastia.fi\/lukiot-hameenlinnan-lyseo\/#\/schema\/person\/9fba542775fc72baf90bc8038494cbda"},"breadcrumb":{"@id":"https:\/\/www.kktavastia.fi\/lukiot-hameenlinnan-lyseo\/2021\/syksyn-yo-ja-lycee-juhla\/#breadcrumb"},"inLanguage":"fi","potentialAction":[{"@type":"ReadAction","target":["https:\/\/www.kktavastia.fi\/lukiot-hameenlinnan-lyseo\/2021\/syksyn-yo-ja-lycee-juhla\/"]}]},{"@type":"ImageObject","inLanguage":"fi","@id":"https:\/\/www.kktavastia.fi\/lukiot-hameenlinnan-lyseo\/2021\/syksyn-yo-ja-lycee-juhla\/#primaryimage","url":"https:\/\/www.kktavastia.fi\/media\/sites\/8\/lakki-1-scaled.jpg","contentUrl":"https:\/\/www.kktavastia.fi\/media\/sites\/8\/lakki-1-scaled.jpg","width":2048,"height":1152,"caption":"Ylioppilaslakki syreenin kukkien keskell\u00e4 valkoista taustaa vasten sis\u00e4ll\u00e4."},{"@type":"BreadcrumbList","@id":"https:\/\/www.kktavastia.fi\/lukiot-hameenlinnan-lyseo\/2021\/syksyn-yo-ja-lycee-juhla\/#breadcrumb","itemListElement":[{"@type":"ListItem","position":1,"name":"Home","item":"https:\/\/www.kktavastia.fi\/lukiot-hameenlinnan-lyseo\/"},{"@type":"ListItem","position":2,"name":"Syksyn YO- ja Lyc\u00e9e-juhla"}]},{"@type":"WebSite","@id":"https:\/\/www.kktavastia.fi\/lukiot-hameenlinnan-lyseo\/#website","url":"https:\/\/www.kktavastia.fi\/lukiot-hameenlinnan-lyseo\/","name":"H\u00e4meenlinnan lyseon lukio","description":"","potentialAction":[{"@type":"SearchAction","target":{"@type":"EntryPoint","urlTemplate":"https:\/\/www.kktavastia.fi\/lukiot-hameenlinnan-lyseo\/?s={search_term_string}"},"query-input":{"@type":"PropertyValueSpecification","valueRequired":true,"valueName":"search_term_string"}}],"inLanguage":"fi"},{"@type":"Person","@id":"https:\/\/www.kktavastia.fi\/lukiot-hameenlinnan-lyseo\/#\/schema\/person\/9fba542775fc72baf90bc8038494cbda","name":"Tiina Kivinen","image":{"@type":"ImageObject","inLanguage":"fi","@id":"https:\/\/secure.gravatar.com\/avatar\/ef61105076dc0f6a17d2a42979db1960a01f441fe16939d63b513ef1469ccc4e?s=96&d=mm&r=g","url":"https:\/\/secure.gravatar.com\/avatar\/ef61105076dc0f6a17d2a42979db1960a01f441fe16939d63b513ef1469ccc4e?s=96&d=mm&r=g","contentUrl":"https:\/\/secure.gravatar.com\/avatar\/ef61105076dc0f6a17d2a42979db1960a01f441fe16939d63b513ef1469ccc4e?s=96&d=mm&r=g","caption":"Tiina Kivinen"},"url":"https:\/\/www.kktavastia.fi\/lukiot-hameenlinnan-lyseo\/author\/tiina-kivinen\/"}]}},"_links":{"self":[{"href":"https:\/\/www.kktavastia.fi\/lukiot-hameenlinnan-lyseo\/wp-json\/wp\/v2\/posts\/3998","targetHints":{"allow":["GET"]}}],"collection":[{"href":"https:\/\/www.kktavastia.fi\/lukiot-hameenlinnan-lyseo\/wp-json\/wp\/v2\/posts"}],"about":[{"href":"https:\/\/www.kktavastia.fi\/lukiot-hameenlinnan-lyseo\/wp-json\/wp\/v2\/types\/post"}],"author":[{"embeddable":true,"href":"https:\/\/www.kktavastia.fi\/lukiot-hameenlinnan-lyseo\/wp-json\/wp\/v2\/users\/25"}],"replies":[{"embeddable":true,"href":"https:\/\/www.kktavastia.fi\/lukiot-hameenlinnan-lyseo\/wp-json\/wp\/v2\/comments?post=3998"}],"version-history":[{"count":1,"href":"https:\/\/www.kktavastia.fi\/lukiot-hameenlinnan-lyseo\/wp-json\/wp\/v2\/posts\/3998\/revisions"}],"predecessor-version":[{"id":3999,"href":"https:\/\/www.kktavastia.fi\/lukiot-hameenlinnan-lyseo\/wp-json\/wp\/v2\/posts\/3998\/revisions\/3999"}],"wp:featuredmedia":[{"embeddable":true,"href":"https:\/\/www.kktavastia.fi\/lukiot-hameenlinnan-lyseo\/wp-json\/wp\/v2\/media\/3451"}],"wp:attachment":[{"href":"https:\/\/www.kktavastia.fi\/lukiot-hameenlinnan-lyseo\/wp-json\/wp\/v2\/media?parent=3998"}],"wp:term":[{"taxonomy":"category","embeddable":true,"href":"https:\/\/www.kktavastia.fi\/lukiot-hameenlinnan-lyseo\/wp-json\/wp\/v2\/categories?post=3998"},{"taxonomy":"post_tag","embeddable":true,"href":"https:\/\/www.kktavastia.fi\/lukiot-hameenlinnan-lyseo\/wp-json\/wp\/v2\/tags?post=3998"}],"curies":[{"name":"wp","href":"https:\/\/api.w.org\/{rel}","templated":true}]}}