{"id":3845,"date":"2021-08-17T22:12:19","date_gmt":"2021-08-17T19:12:19","guid":{"rendered":"https:\/\/www.kktavastia.fi\/lukiot-hameenlinnan-lyseo\/?p=3845"},"modified":"2021-08-17T22:12:20","modified_gmt":"2021-08-17T19:12:20","slug":"koronatartuntoja-jalleen-lyseon-lukiolla","status":"publish","type":"post","link":"https:\/\/www.kktavastia.fi\/lukiot-hameenlinnan-lyseo\/2021\/koronatartuntoja-jalleen-lyseon-lukiolla\/","title":{"rendered":"Koronatartuntoja j\u00e4lleen lyseon lukiolla"},"content":{"rendered":"\n<p>Lyseon lukiossa on todettu covid-19-tartuntoja. Sairastuneet on m\u00e4\u00e4r\u00e4tty tartuntatautilain mukaiseen eristykseen. He ovat olleet mahdollisesti tartuttavana, mutta oireettomana koulussa perjantaina 13.8.2021. Opiskelijat ovat k\u00e4ytt\u00e4neet koulussa maskia, ja terveydenhuolto on kontaktoinut ruokailutilanteessa altistuneet. Yleisi\u00e4 karanteeneja ei ole m\u00e4\u00e4r\u00e4tty.<\/p>\n\n\n\n<p>Kaikkien opiskelijoiden on t\u00e4rke\u00e4\u00e4 tarkkailla vointiaan ja mahdollisia oireita huolellisesti ja j\u00e4\u00e4d\u00e4 lievist\u00e4kin hengitystieoireista kotiin sek\u00e4 hakeutua terveyskeskuksen kautta koronatestiin. Oiretestin ja ajanvarauksen testiin voi tehd\u00e4 my\u00f6s osoitteessa <a href=\"https:\/\/www.omaolo.fi\/\">omaolo.fi<\/a> ja noudattaa saamiaan ohjeita.<\/p>\n\n\n\n<p>Jokainen altistumistilanne tarkastellaan erikseen ja karanteeneihin vaikuttavat erilaiset asiat. T\u00e4ll\u00e4kin kertaa maskin k\u00e4yt\u00f6ll\u00e4 oli merkityst\u00e4 siihen, ett\u00e4 v\u00e4ltimme karanteenit. Maskia kannattaa siis k\u00e4ytt\u00e4\u00e4, ja lyseon lukiossa on edelleen k\u00e4yt\u00f6ss\u00e4 t\u00e4ysim\u00e4\u00e4r\u00e4inen maskisuositus. Pidet\u00e4\u00e4n huolta toisistamme!<\/p>\n","protected":false},"excerpt":{"rendered":"<p>Lyseon lukiossa on todettu covid-19-tartuntoja. Sairastuneet on m\u00e4\u00e4r\u00e4tty tartuntatautilain mukaiseen eristykseen. He ovat olleet mahdollisesti tartuttavana, mutta oireettomana koulussa perjantaina [&hellip;]<\/p>\n","protected":false},"author":3,"featured_media":3846,"comment_status":"closed","ping_status":"closed","sticky":false,"template":"","format":"standard","meta":{"_acf_changed":false,"_relevanssi_hide_post":"","_relevanssi_hide_content":"","_relevanssi_pin_for_all":"","_relevanssi_pin_keywords":"","_relevanssi_unpin_keywords":"","_relevanssi_related_keywords":"","_relevanssi_related_include_ids":"","_relevanssi_related_exclude_ids":"","_relevanssi_related_no_append":"","_relevanssi_related_not_related":"","_relevanssi_related_posts":"2895,2935,2033,2099,2305,3435","_relevanssi_noindex_reason":"","footnotes":""},"categories":[5],"tags":[],"class_list":["post-3845","post","type-post","status-publish","format-standard","has-post-thumbnail","hentry","category-ajankohtaista"],"acf":[],"yoast_head":"<title>Koronatartuntoja j\u00e4lleen lyseon lukiolla - H\u00e4meenlinnan lyseon lukio<\/title>\n<meta name=\"robots\" content=\"index, follow, max-snippet:-1, max-image-preview:large, max-video-preview:-1\" \/>\n<link rel=\"canonical\" href=\"https:\/\/www.kktavastia.fi\/lukiot-hameenlinnan-lyseo\/2021\/koronatartuntoja-jalleen-lyseon-lukiolla\/\" \/>\n<meta property=\"og:locale\" content=\"fi_FI\" \/>\n<meta property=\"og:type\" content=\"article\" \/>\n<meta property=\"og:title\" content=\"Koronatartuntoja j\u00e4lleen lyseon lukiolla - H\u00e4meenlinnan lyseon lukio\" \/>\n<meta property=\"og:description\" content=\"Lyseon lukiossa on todettu covid-19-tartuntoja. Sairastuneet on m\u00e4\u00e4r\u00e4tty tartuntatautilain mukaiseen eristykseen. He ovat olleet mahdollisesti tartuttavana, mutta oireettomana koulussa perjantaina [&hellip;]\" \/>\n<meta property=\"og:url\" content=\"https:\/\/www.kktavastia.fi\/lukiot-hameenlinnan-lyseo\/2021\/koronatartuntoja-jalleen-lyseon-lukiolla\/\" \/>\n<meta property=\"og:site_name\" content=\"H\u00e4meenlinnan lyseon lukio\" \/>\n<meta property=\"article:published_time\" content=\"2021-08-17T19:12:19+00:00\" \/>\n<meta property=\"article:modified_time\" content=\"2021-08-17T19:12:20+00:00\" \/>\n<meta property=\"og:image\" content=\"https:\/\/www.kktavastia.fi\/media\/sites\/8\/feline-corona-virus-4926138_1920.jpg\" \/>\n\t<meta property=\"og:image:width\" content=\"1920\" \/>\n\t<meta property=\"og:image:height\" content=\"1080\" \/>\n\t<meta property=\"og:image:type\" content=\"image\/jpeg\" \/>\n<meta name=\"author\" content=\"jennimanninen\" \/>\n<meta name=\"twitter:card\" content=\"summary_large_image\" \/>\n<script type=\"application\/ld+json\" class=\"yoast-schema-graph\">{\"@context\":\"https:\\\/\\\/schema.org\",\"@graph\":[{\"@type\":\"Article\",\"@id\":\"https:\\\/\\\/www.kktavastia.fi\\\/lukiot-hameenlinnan-lyseo\\\/2021\\\/koronatartuntoja-jalleen-lyseon-lukiolla\\\/#article\",\"isPartOf\":{\"@id\":\"https:\\\/\\\/www.kktavastia.fi\\\/lukiot-hameenlinnan-lyseo\\\/2021\\\/koronatartuntoja-jalleen-lyseon-lukiolla\\\/\"},\"author\":{\"name\":\"jennimanninen\",\"@id\":\"https:\\\/\\\/www.kktavastia.fi\\\/lukiot-hameenlinnan-lyseo\\\/#\\\/schema\\\/person\\\/024aefaad0a17654b61e7deb02a467ab\"},\"headline\":\"Koronatartuntoja j\u00e4lleen lyseon lukiolla\",\"datePublished\":\"2021-08-17T19:12:19+00:00\",\"dateModified\":\"2021-08-17T19:12:20+00:00\",\"mainEntityOfPage\":{\"@id\":\"https:\\\/\\\/www.kktavastia.fi\\\/lukiot-hameenlinnan-lyseo\\\/2021\\\/koronatartuntoja-jalleen-lyseon-lukiolla\\\/\"},\"wordCount\":132,\"image\":{\"@id\":\"https:\\\/\\\/www.kktavastia.fi\\\/lukiot-hameenlinnan-lyseo\\\/2021\\\/koronatartuntoja-jalleen-lyseon-lukiolla\\\/#primaryimage\"},\"thumbnailUrl\":\"https:\\\/\\\/www.kktavastia.fi\\\/media\\\/sites\\\/8\\\/feline-corona-virus-4926138_1920.jpg\",\"articleSection\":[\"Ajankohtaista\"],\"inLanguage\":\"fi\"},{\"@type\":\"WebPage\",\"@id\":\"https:\\\/\\\/www.kktavastia.fi\\\/lukiot-hameenlinnan-lyseo\\\/2021\\\/koronatartuntoja-jalleen-lyseon-lukiolla\\\/\",\"url\":\"https:\\\/\\\/www.kktavastia.fi\\\/lukiot-hameenlinnan-lyseo\\\/2021\\\/koronatartuntoja-jalleen-lyseon-lukiolla\\\/\",\"name\":\"Koronatartuntoja j\u00e4lleen lyseon lukiolla - H\u00e4meenlinnan lyseon lukio\",\"isPartOf\":{\"@id\":\"https:\\\/\\\/www.kktavastia.fi\\\/lukiot-hameenlinnan-lyseo\\\/#website\"},\"primaryImageOfPage\":{\"@id\":\"https:\\\/\\\/www.kktavastia.fi\\\/lukiot-hameenlinnan-lyseo\\\/2021\\\/koronatartuntoja-jalleen-lyseon-lukiolla\\\/#primaryimage\"},\"image\":{\"@id\":\"https:\\\/\\\/www.kktavastia.fi\\\/lukiot-hameenlinnan-lyseo\\\/2021\\\/koronatartuntoja-jalleen-lyseon-lukiolla\\\/#primaryimage\"},\"thumbnailUrl\":\"https:\\\/\\\/www.kktavastia.fi\\\/media\\\/sites\\\/8\\\/feline-corona-virus-4926138_1920.jpg\",\"datePublished\":\"2021-08-17T19:12:19+00:00\",\"dateModified\":\"2021-08-17T19:12:20+00:00\",\"author\":{\"@id\":\"https:\\\/\\\/www.kktavastia.fi\\\/lukiot-hameenlinnan-lyseo\\\/#\\\/schema\\\/person\\\/024aefaad0a17654b61e7deb02a467ab\"},\"breadcrumb\":{\"@id\":\"https:\\\/\\\/www.kktavastia.fi\\\/lukiot-hameenlinnan-lyseo\\\/2021\\\/koronatartuntoja-jalleen-lyseon-lukiolla\\\/#breadcrumb\"},\"inLanguage\":\"fi\",\"potentialAction\":[{\"@type\":\"ReadAction\",\"target\":[\"https:\\\/\\\/www.kktavastia.fi\\\/lukiot-hameenlinnan-lyseo\\\/2021\\\/koronatartuntoja-jalleen-lyseon-lukiolla\\\/\"]}]},{\"@type\":\"ImageObject\",\"inLanguage\":\"fi\",\"@id\":\"https:\\\/\\\/www.kktavastia.fi\\\/lukiot-hameenlinnan-lyseo\\\/2021\\\/koronatartuntoja-jalleen-lyseon-lukiolla\\\/#primaryimage\",\"url\":\"https:\\\/\\\/www.kktavastia.fi\\\/media\\\/sites\\\/8\\\/feline-corona-virus-4926138_1920.jpg\",\"contentUrl\":\"https:\\\/\\\/www.kktavastia.fi\\\/media\\\/sites\\\/8\\\/feline-corona-virus-4926138_1920.jpg\",\"width\":1920,\"height\":1080},{\"@type\":\"BreadcrumbList\",\"@id\":\"https:\\\/\\\/www.kktavastia.fi\\\/lukiot-hameenlinnan-lyseo\\\/2021\\\/koronatartuntoja-jalleen-lyseon-lukiolla\\\/#breadcrumb\",\"itemListElement\":[{\"@type\":\"ListItem\",\"position\":1,\"name\":\"Home\",\"item\":\"https:\\\/\\\/www.kktavastia.fi\\\/lukiot-hameenlinnan-lyseo\\\/\"},{\"@type\":\"ListItem\",\"position\":2,\"name\":\"Koronatartuntoja j\u00e4lleen lyseon lukiolla\"}]},{\"@type\":\"WebSite\",\"@id\":\"https:\\\/\\\/www.kktavastia.fi\\\/lukiot-hameenlinnan-lyseo\\\/#website\",\"url\":\"https:\\\/\\\/www.kktavastia.fi\\\/lukiot-hameenlinnan-lyseo\\\/\",\"name\":\"H\u00e4meenlinnan lyseon lukio\",\"description\":\"\",\"potentialAction\":[{\"@type\":\"SearchAction\",\"target\":{\"@type\":\"EntryPoint\",\"urlTemplate\":\"https:\\\/\\\/www.kktavastia.fi\\\/lukiot-hameenlinnan-lyseo\\\/?s={search_term_string}\"},\"query-input\":{\"@type\":\"PropertyValueSpecification\",\"valueRequired\":true,\"valueName\":\"search_term_string\"}}],\"inLanguage\":\"fi\"},{\"@type\":\"Person\",\"@id\":\"https:\\\/\\\/www.kktavastia.fi\\\/lukiot-hameenlinnan-lyseo\\\/#\\\/schema\\\/person\\\/024aefaad0a17654b61e7deb02a467ab\",\"name\":\"jennimanninen\",\"image\":{\"@type\":\"ImageObject\",\"inLanguage\":\"fi\",\"@id\":\"https:\\\/\\\/secure.gravatar.com\\\/avatar\\\/5457e44008198bb53daa774600a7e8e4246bcac6a14afc3db6e5d007d9dc6f39?s=96&d=mm&r=g\",\"url\":\"https:\\\/\\\/secure.gravatar.com\\\/avatar\\\/5457e44008198bb53daa774600a7e8e4246bcac6a14afc3db6e5d007d9dc6f39?s=96&d=mm&r=g\",\"contentUrl\":\"https:\\\/\\\/secure.gravatar.com\\\/avatar\\\/5457e44008198bb53daa774600a7e8e4246bcac6a14afc3db6e5d007d9dc6f39?s=96&d=mm&r=g\",\"caption\":\"jennimanninen\"},\"url\":\"https:\\\/\\\/www.kktavastia.fi\\\/lukiot-hameenlinnan-lyseo\\\/author\\\/jennimanninen\\\/\"}]}<\/script>","yoast_head_json":{"title":"Koronatartuntoja j\u00e4lleen lyseon lukiolla - H\u00e4meenlinnan lyseon lukio","robots":{"index":"index","follow":"follow","max-snippet":"max-snippet:-1","max-image-preview":"max-image-preview:large","max-video-preview":"max-video-preview:-1"},"canonical":"https:\/\/www.kktavastia.fi\/lukiot-hameenlinnan-lyseo\/2021\/koronatartuntoja-jalleen-lyseon-lukiolla\/","og_locale":"fi_FI","og_type":"article","og_title":"Koronatartuntoja j\u00e4lleen lyseon lukiolla - H\u00e4meenlinnan lyseon lukio","og_description":"Lyseon lukiossa on todettu covid-19-tartuntoja. Sairastuneet on m\u00e4\u00e4r\u00e4tty tartuntatautilain mukaiseen eristykseen. He ovat olleet mahdollisesti tartuttavana, mutta oireettomana koulussa perjantaina [&hellip;]","og_url":"https:\/\/www.kktavastia.fi\/lukiot-hameenlinnan-lyseo\/2021\/koronatartuntoja-jalleen-lyseon-lukiolla\/","og_site_name":"H\u00e4meenlinnan lyseon lukio","article_published_time":"2021-08-17T19:12:19+00:00","article_modified_time":"2021-08-17T19:12:20+00:00","og_image":[{"width":1920,"height":1080,"url":"https:\/\/www.kktavastia.fi\/media\/sites\/8\/feline-corona-virus-4926138_1920.jpg","type":"image\/jpeg"}],"author":"jennimanninen","twitter_card":"summary_large_image","schema":{"@context":"https:\/\/schema.org","@graph":[{"@type":"Article","@id":"https:\/\/www.kktavastia.fi\/lukiot-hameenlinnan-lyseo\/2021\/koronatartuntoja-jalleen-lyseon-lukiolla\/#article","isPartOf":{"@id":"https:\/\/www.kktavastia.fi\/lukiot-hameenlinnan-lyseo\/2021\/koronatartuntoja-jalleen-lyseon-lukiolla\/"},"author":{"name":"jennimanninen","@id":"https:\/\/www.kktavastia.fi\/lukiot-hameenlinnan-lyseo\/#\/schema\/person\/024aefaad0a17654b61e7deb02a467ab"},"headline":"Koronatartuntoja j\u00e4lleen lyseon lukiolla","datePublished":"2021-08-17T19:12:19+00:00","dateModified":"2021-08-17T19:12:20+00:00","mainEntityOfPage":{"@id":"https:\/\/www.kktavastia.fi\/lukiot-hameenlinnan-lyseo\/2021\/koronatartuntoja-jalleen-lyseon-lukiolla\/"},"wordCount":132,"image":{"@id":"https:\/\/www.kktavastia.fi\/lukiot-hameenlinnan-lyseo\/2021\/koronatartuntoja-jalleen-lyseon-lukiolla\/#primaryimage"},"thumbnailUrl":"https:\/\/www.kktavastia.fi\/media\/sites\/8\/feline-corona-virus-4926138_1920.jpg","articleSection":["Ajankohtaista"],"inLanguage":"fi"},{"@type":"WebPage","@id":"https:\/\/www.kktavastia.fi\/lukiot-hameenlinnan-lyseo\/2021\/koronatartuntoja-jalleen-lyseon-lukiolla\/","url":"https:\/\/www.kktavastia.fi\/lukiot-hameenlinnan-lyseo\/2021\/koronatartuntoja-jalleen-lyseon-lukiolla\/","name":"Koronatartuntoja j\u00e4lleen lyseon lukiolla - H\u00e4meenlinnan lyseon lukio","isPartOf":{"@id":"https:\/\/www.kktavastia.fi\/lukiot-hameenlinnan-lyseo\/#website"},"primaryImageOfPage":{"@id":"https:\/\/www.kktavastia.fi\/lukiot-hameenlinnan-lyseo\/2021\/koronatartuntoja-jalleen-lyseon-lukiolla\/#primaryimage"},"image":{"@id":"https:\/\/www.kktavastia.fi\/lukiot-hameenlinnan-lyseo\/2021\/koronatartuntoja-jalleen-lyseon-lukiolla\/#primaryimage"},"thumbnailUrl":"https:\/\/www.kktavastia.fi\/media\/sites\/8\/feline-corona-virus-4926138_1920.jpg","datePublished":"2021-08-17T19:12:19+00:00","dateModified":"2021-08-17T19:12:20+00:00","author":{"@id":"https:\/\/www.kktavastia.fi\/lukiot-hameenlinnan-lyseo\/#\/schema\/person\/024aefaad0a17654b61e7deb02a467ab"},"breadcrumb":{"@id":"https:\/\/www.kktavastia.fi\/lukiot-hameenlinnan-lyseo\/2021\/koronatartuntoja-jalleen-lyseon-lukiolla\/#breadcrumb"},"inLanguage":"fi","potentialAction":[{"@type":"ReadAction","target":["https:\/\/www.kktavastia.fi\/lukiot-hameenlinnan-lyseo\/2021\/koronatartuntoja-jalleen-lyseon-lukiolla\/"]}]},{"@type":"ImageObject","inLanguage":"fi","@id":"https:\/\/www.kktavastia.fi\/lukiot-hameenlinnan-lyseo\/2021\/koronatartuntoja-jalleen-lyseon-lukiolla\/#primaryimage","url":"https:\/\/www.kktavastia.fi\/media\/sites\/8\/feline-corona-virus-4926138_1920.jpg","contentUrl":"https:\/\/www.kktavastia.fi\/media\/sites\/8\/feline-corona-virus-4926138_1920.jpg","width":1920,"height":1080},{"@type":"BreadcrumbList","@id":"https:\/\/www.kktavastia.fi\/lukiot-hameenlinnan-lyseo\/2021\/koronatartuntoja-jalleen-lyseon-lukiolla\/#breadcrumb","itemListElement":[{"@type":"ListItem","position":1,"name":"Home","item":"https:\/\/www.kktavastia.fi\/lukiot-hameenlinnan-lyseo\/"},{"@type":"ListItem","position":2,"name":"Koronatartuntoja j\u00e4lleen lyseon lukiolla"}]},{"@type":"WebSite","@id":"https:\/\/www.kktavastia.fi\/lukiot-hameenlinnan-lyseo\/#website","url":"https:\/\/www.kktavastia.fi\/lukiot-hameenlinnan-lyseo\/","name":"H\u00e4meenlinnan lyseon lukio","description":"","potentialAction":[{"@type":"SearchAction","target":{"@type":"EntryPoint","urlTemplate":"https:\/\/www.kktavastia.fi\/lukiot-hameenlinnan-lyseo\/?s={search_term_string}"},"query-input":{"@type":"PropertyValueSpecification","valueRequired":true,"valueName":"search_term_string"}}],"inLanguage":"fi"},{"@type":"Person","@id":"https:\/\/www.kktavastia.fi\/lukiot-hameenlinnan-lyseo\/#\/schema\/person\/024aefaad0a17654b61e7deb02a467ab","name":"jennimanninen","image":{"@type":"ImageObject","inLanguage":"fi","@id":"https:\/\/secure.gravatar.com\/avatar\/5457e44008198bb53daa774600a7e8e4246bcac6a14afc3db6e5d007d9dc6f39?s=96&d=mm&r=g","url":"https:\/\/secure.gravatar.com\/avatar\/5457e44008198bb53daa774600a7e8e4246bcac6a14afc3db6e5d007d9dc6f39?s=96&d=mm&r=g","contentUrl":"https:\/\/secure.gravatar.com\/avatar\/5457e44008198bb53daa774600a7e8e4246bcac6a14afc3db6e5d007d9dc6f39?s=96&d=mm&r=g","caption":"jennimanninen"},"url":"https:\/\/www.kktavastia.fi\/lukiot-hameenlinnan-lyseo\/author\/jennimanninen\/"}]}},"_links":{"self":[{"href":"https:\/\/www.kktavastia.fi\/lukiot-hameenlinnan-lyseo\/wp-json\/wp\/v2\/posts\/3845","targetHints":{"allow":["GET"]}}],"collection":[{"href":"https:\/\/www.kktavastia.fi\/lukiot-hameenlinnan-lyseo\/wp-json\/wp\/v2\/posts"}],"about":[{"href":"https:\/\/www.kktavastia.fi\/lukiot-hameenlinnan-lyseo\/wp-json\/wp\/v2\/types\/post"}],"author":[{"embeddable":true,"href":"https:\/\/www.kktavastia.fi\/lukiot-hameenlinnan-lyseo\/wp-json\/wp\/v2\/users\/3"}],"replies":[{"embeddable":true,"href":"https:\/\/www.kktavastia.fi\/lukiot-hameenlinnan-lyseo\/wp-json\/wp\/v2\/comments?post=3845"}],"version-history":[{"count":1,"href":"https:\/\/www.kktavastia.fi\/lukiot-hameenlinnan-lyseo\/wp-json\/wp\/v2\/posts\/3845\/revisions"}],"predecessor-version":[{"id":3847,"href":"https:\/\/www.kktavastia.fi\/lukiot-hameenlinnan-lyseo\/wp-json\/wp\/v2\/posts\/3845\/revisions\/3847"}],"wp:featuredmedia":[{"embeddable":true,"href":"https:\/\/www.kktavastia.fi\/lukiot-hameenlinnan-lyseo\/wp-json\/wp\/v2\/media\/3846"}],"wp:attachment":[{"href":"https:\/\/www.kktavastia.fi\/lukiot-hameenlinnan-lyseo\/wp-json\/wp\/v2\/media?parent=3845"}],"wp:term":[{"taxonomy":"category","embeddable":true,"href":"https:\/\/www.kktavastia.fi\/lukiot-hameenlinnan-lyseo\/wp-json\/wp\/v2\/categories?post=3845"},{"taxonomy":"post_tag","embeddable":true,"href":"https:\/\/www.kktavastia.fi\/lukiot-hameenlinnan-lyseo\/wp-json\/wp\/v2\/tags?post=3845"}],"curies":[{"name":"wp","href":"https:\/\/api.w.org\/{rel}","templated":true}]}}