{"id":3705,"date":"2021-06-17T08:00:00","date_gmt":"2021-06-17T05:00:00","guid":{"rendered":"https:\/\/www.kktavastia.fi\/lukiot-hameenlinnan-lyseo\/?p=3705"},"modified":"2021-06-17T08:03:34","modified_gmt":"2021-06-17T05:03:34","slug":"kevaan-2021-yhteishaussa-hameenlinnan-lyseon-lukioon-valitut-opiskelijat","status":"publish","type":"post","link":"https:\/\/www.kktavastia.fi\/lukiot-hameenlinnan-lyseo\/2021\/kevaan-2021-yhteishaussa-hameenlinnan-lyseon-lukioon-valitut-opiskelijat\/","title":{"rendered":"Kev\u00e4\u00e4n 2021 yhteishaussa H\u00e4meenlinnan lyseon lukioon valitut opiskelijat"},"content":{"rendered":"\n<p>Yhteishaussa H\u00e4meenlinnan lyseon lukioon on valittu 189 opiskelijaa, joista 22 ei ole antanut lupaa nimens\u00e4 julkaisuun.<\/p>\n\n\n\n<p>Tervetuloa opiskelemaan Lyseoon!<\/p>\n\n\n\n<h3 class=\"wp-block-heading\">Yleislinja <\/h3>\n\n\n\n<p>Aalto, Joona Aleksi<br>Aaltonen, Lotta Maria<br>Aartela, Max Oliver<br>Ala-Hannula, Ilari Mikael<br>Alasmaa, Juho Aleksi<br>Al-Zubeidi, Ahmed<br>Chee, Lin Ngae<br>Eloranta, Amanda Erika<br>Englund, Onni Elmeri<br>Erho, Miika Oskari<br>Fagerstr\u00f6m, Mette Lydia<br>Friberg, Aamu Aliisa<br>Haikka, Hilda Helmi Justiina<br>Hakala, Joona Mikael<br>Halinen, Annika Vilma Sofia<br>Heikkinen, Mira Annika<br>Hel\u00e9n, Aino Emilia<br>Honkanen, Jere Mikael<br>Hujanen, Helmi Loviisa<br>Hy\u00f6kyvaara, V\u00e4in\u00f6 Eemil<br>Iljin, Roope Artturi<br>Jauhiainen, Minella Emilia<br>Jokinen, Neea Alexandra Inkeri<br>J\u00e4rvi\u00f6, Valtteri Sakari<br>Kallinen, Leo Ilmari<br>Karklina, Nikola<br>Kartela, Amanda Viola<br>Kauppinen, Terho Onni Sylvester<br>Kemppainen, Daniel Tapani<br>Ketelim\u00e4ki, Kaapo Valo Aleksis<br>Khalil, Abdulhamid<br>Kisonen, Eero Tapani<br>Kivi, Siiri Ilona<br>Kivinen, Minttu Liisa Katariina<br>Klaasio, Anni Muthu Angel<br>Kniivil\u00e4, Pihla Peppi Katariina<br>Koivisto, Jesse Oliver<br>Koivuniemi, Henriikka Sini Helena<br>Koponen, Rasmus Santeri<br>Korpimaa, Tessa Eja Maria<br>Koskinen, Merilla Maaria<br>Krook, Iida Karoliina<br>Kuitunen, Teemu Kristian<br>Kunelius, Aino Sofia Kastehelmi<br>Kuusa, Nea-Liisa Miina Aleksandra<br>Kyyhkynen, Kiia Enni Elviira<br>K\u00e4ki, Siiri Hannele<br>Laakkonen, Nea Ilona<br>Laaksonen, V\u00e4in\u00f6 Nuutti Johannes<br>Lahti, Vilma Lyyli Hannele<br>Lahtinen, Aida Elsa Liisa<br>Laine, Siiri Kiia Josefiina<br>Laitsaari, Aatu Evert Julius<br>Lamminp\u00e4\u00e4, Veeti Benjamin<br>Lapakko, Alina Hanna Matleena<br>Lassinen, Tuuli Seija Sofia<br>Laukkanen, Aada Olivia<br>Lehmus, Otto Santeri<br>Lehtinen, Alpo Ilmari<br>Lehtinen, Paavo Akseli<br>Lehto, Sara Mikaela<br>Lehtola, Moona Maria Aleksandra<br>Lemettinen, Laura Pinja Maria<br>Liukkonen, Aida Katriina<br>Mansikkam\u00e4ki, Maliina Minea<br>Mautemps, Nooa Eerik Ludovic<br>Meltoranta, Linda Maria<br>Mohamud, Keenadiid Abdulqadir<br>Mukkila, Atte Johannes<br>Myllymaa, Kasimir Aleksis<br>M\u00e4kel\u00e4, Hilda Ellen Karontyt\u00e4r<br>M\u00e4ntyl\u00e4, Santtu Eino Juhani<br>M\u00e4ntysaari, Valtteri Eetu Matias<br>Niemi, Nenna Henriikka<br>Niskanen, Akseli Niilo Ilmari<br>Nokkonen, Emmi Karoliina<br>Nuopponen, Oona Anni Emilia<br>Ojala, Oiva Esko Aleksi<br>Ollila, Sebastian<br>Onnela, Sini Helena<br>Paasonen, Josefiina Meeri Minea<br>Pakarinen, Larissa Olivia<br>Palomaa, Urho Erasmus<br>Palom\u00e4ki, Riia Aleksandra<br>Passila, Sanni Micaela<br>Pekkinen, Moona Anita<br>Peltoniemi, Priskilla Elisabet Lyydia<br>Puolakka, Ville Ilmari<br>Pyk\u00e4list\u00f6, Lotta Ilona Amanda<br>Rankinen, Otto Sakari<br>Rantio, Matti Eemeli<br>Repo, Krista Karola<br>Rosenberg, Otto Kalevi Edwart<br>Ruohio, Susanne Alisa<br>Saarinen, Eero Ilmari<br>Salonen, Jonne Kristian<br>Saunam\u00e4ki, Akseli Lauri Topias<br>Savonniemi, Laura Helena Sofia<br>Sepp\u00e4l\u00e4, Lauri Edvard<br>Shokhimardonov, Aava Zarina<br>Sillankorva, Mai Ilona<br>Stenberg, Nina Patricia<br>Sundgren, Sinna Saara Anniina<br>Suominen, Nea Emilia<br>Teppo, Juho Ukko Ilmari<br>Tiensuu, Vertti Aku Tapio<br>Tirronen, Veikko Kalevi<br>Toivonen, Alisa Kristiina<br>Tuormaa, Milla Susanna<br>T\u00f6rnroos, Veera Julia<br>Vartiainen, Miina Sofia<br>Vaurasalo, Niklas Patrik<br>Virta, Valtteri Onni Olavi<br>Virtanen, Ilona Matleena<br>Viskari, Julius Wilhelm Valo<br>Voutilainen, Jaakko Elmeri<br>V\u00e4is\u00e4nen, Topias Erkki Oskar<br>Welin, Joona Ilari<br>Wennstr\u00f6m, Ava Kaarina Antonia<br>(Lis\u00e4ksi 20 opiskelijaa, joilta ei lupaa nimen julkaisuun.)<\/p>\n\n\n\n<h3 class=\"wp-block-heading\">Urheilulinja<\/h3>\n\n\n\n<p>Alatalo, Lotta Charlotte<br>Haakana, Ilona Iida-Maria<br>Haatainen, Jonne Juhani Olavi<br>Haavisto, Roope Elmeri<br>Heikkil\u00e4, Elisa Maria<br>Juvonen, Kalle Janne Johannes<br>Kautto, Otto Juhani<br>Ker\u00e4l\u00e4, Vilma Iida Matilda<br>Kivel\u00e4, Ville Henrik<br>Koivula, Ola Juho Ilari<br>Kyll\u00f6nen, Iiro Olavi Pasinpoika<br>Laine, Pirkko Aune Maria<br>Larjanne, Kimi Kalevi<br>Lehti\u00f6, Matias Jonni Aleksanteri<br>Liikanen, Miro Otto Matias<br>Mattila, Anni Maria<br>Meril\u00e4inen, Niki Juhani<br>M\u00e4kel\u00e4, Venla Vilhelmiina<br>M\u00e4mmi, Mikke Matias<br>Nyman, Michaela Ella-Alexandra<br>Ojala, Sasu Matti Aleksanteri<br>Ojaniemi, Aino Aliina<br>Orelma, Rasmus Valtteri<br>Paakkola, Siiri Vilhelmiina<br>Pulli, Totte Ilmari<br>Rintanen, Aaro Pyry Elmeri<br>Routamo, Joni Mikael<br>Saarinen, Assi Selina<br>Talvikunnas, Niklas Anton Juhani<br>Toivonen, Vili Eino Jooseppi<br>Veijola, Iiris Adelia<br>Virtanen, Jonni Jalmari<br>Viskari, Veera Eveliina<br>Ylivainio, Vilma Emilia<br>(Lis\u00e4ksi 2 opiskelijaa, joilta ei lupaa nimen julkaisuun.)<\/p>\n\n\n\n<h3 class=\"wp-block-heading\">Luovan yritt\u00e4jyyden linja<\/h3>\n\n\n\n<p>Hasila, Venla Lotta Maria<br>Ihalainen, Eero Veikka Juhani<br>J\u00e4rvenp\u00e4\u00e4, Veeti Valtteri<br>Kallio, Luka Kasper<br>Koliseva, Elias Santeri<br>Kukko, Atte Eemeli<br>Laine, Lassi Max<br>Lindholm, Atte Olli Akseli<br>L\u00f6tj\u00f6nen, Emma-Reetta<br>Pulkkinen, Mirella Rosa Karoliina<br>Takam\u00e4ki, Matias Aaron Pietari<br>Tarvainen, Elli Peppi Kaarina<br>Tiirikkala, Alva Vilhelmiina<br>Tseloeva, Marem<br>van der Steen, Anni-Sofia<\/p>\n","protected":false},"excerpt":{"rendered":"<p>Yhteishaussa H\u00e4meenlinnan lyseon lukioon on valittu 189 opiskelijaa, joista 22 ei ole antanut lupaa nimens\u00e4 julkaisuun. Tervetuloa opiskelemaan Lyseoon! Yleislinja [&hellip;]<\/p>\n","protected":false},"author":5,"featured_media":3706,"comment_status":"closed","ping_status":"closed","sticky":false,"template":"","format":"standard","meta":{"_acf_changed":false,"_relevanssi_hide_post":"","_relevanssi_hide_content":"","_relevanssi_pin_for_all":"","_relevanssi_pin_keywords":"","_relevanssi_unpin_keywords":"","_relevanssi_related_keywords":"","_relevanssi_related_include_ids":"","_relevanssi_related_exclude_ids":"","_relevanssi_related_no_append":"","_relevanssi_related_not_related":"","_relevanssi_related_posts":"1745,193,2703,3136,1760,2114","_relevanssi_noindex_reason":"","footnotes":""},"categories":[1],"tags":[11,12],"class_list":["post-3705","post","type-post","status-publish","format-standard","has-post-thumbnail","hentry","category-yleinen","tag-valintatulokset","tag-yhteisvalinta"],"acf":[],"yoast_head":"<title>Kev\u00e4\u00e4n 2021 yhteishaussa H\u00e4meenlinnan lyseon lukioon valitut opiskelijat - H\u00e4meenlinnan lyseon lukio<\/title>\n<meta name=\"robots\" content=\"index, follow, max-snippet:-1, max-image-preview:large, max-video-preview:-1\" \/>\n<link rel=\"canonical\" href=\"https:\/\/www.kktavastia.fi\/lukiot-hameenlinnan-lyseo\/2021\/kevaan-2021-yhteishaussa-hameenlinnan-lyseon-lukioon-valitut-opiskelijat\/\" \/>\n<meta property=\"og:locale\" content=\"fi_FI\" \/>\n<meta property=\"og:type\" content=\"article\" \/>\n<meta property=\"og:title\" content=\"Kev\u00e4\u00e4n 2021 yhteishaussa H\u00e4meenlinnan lyseon lukioon valitut opiskelijat - H\u00e4meenlinnan lyseon lukio\" \/>\n<meta property=\"og:description\" content=\"Yhteishaussa H\u00e4meenlinnan lyseon lukioon on valittu 189 opiskelijaa, joista 22 ei ole antanut lupaa nimens\u00e4 julkaisuun. Tervetuloa opiskelemaan Lyseoon! Yleislinja [&hellip;]\" \/>\n<meta property=\"og:url\" content=\"https:\/\/www.kktavastia.fi\/lukiot-hameenlinnan-lyseo\/2021\/kevaan-2021-yhteishaussa-hameenlinnan-lyseon-lukioon-valitut-opiskelijat\/\" \/>\n<meta property=\"og:site_name\" content=\"H\u00e4meenlinnan lyseon lukio\" \/>\n<meta property=\"article:published_time\" content=\"2021-06-17T05:00:00+00:00\" \/>\n<meta property=\"article:modified_time\" content=\"2021-06-17T05:03:34+00:00\" \/>\n<meta property=\"og:image\" content=\"https:\/\/www.kktavastia.fi\/media\/sites\/8\/yhteisvalinta_lyseo-1024x651.png\" \/>\n\t<meta property=\"og:image:width\" content=\"1024\" \/>\n\t<meta property=\"og:image:height\" content=\"651\" \/>\n\t<meta property=\"og:image:type\" content=\"image\/png\" \/>\n<meta name=\"author\" content=\"sannajalli\" \/>\n<meta name=\"twitter:card\" content=\"summary_large_image\" \/>\n<script type=\"application\/ld+json\" class=\"yoast-schema-graph\">{\"@context\":\"https:\\\/\\\/schema.org\",\"@graph\":[{\"@type\":\"Article\",\"@id\":\"https:\\\/\\\/www.kktavastia.fi\\\/lukiot-hameenlinnan-lyseo\\\/2021\\\/kevaan-2021-yhteishaussa-hameenlinnan-lyseon-lukioon-valitut-opiskelijat\\\/#article\",\"isPartOf\":{\"@id\":\"https:\\\/\\\/www.kktavastia.fi\\\/lukiot-hameenlinnan-lyseo\\\/2021\\\/kevaan-2021-yhteishaussa-hameenlinnan-lyseon-lukioon-valitut-opiskelijat\\\/\"},\"author\":{\"name\":\"sannajalli\",\"@id\":\"https:\\\/\\\/www.kktavastia.fi\\\/lukiot-hameenlinnan-lyseo\\\/#\\\/schema\\\/person\\\/5124cdf24960861f89c21a474417e84c\"},\"headline\":\"Kev\u00e4\u00e4n 2021 yhteishaussa H\u00e4meenlinnan lyseon lukioon valitut opiskelijat\",\"datePublished\":\"2021-06-17T05:00:00+00:00\",\"dateModified\":\"2021-06-17T05:03:34+00:00\",\"mainEntityOfPage\":{\"@id\":\"https:\\\/\\\/www.kktavastia.fi\\\/lukiot-hameenlinnan-lyseo\\\/2021\\\/kevaan-2021-yhteishaussa-hameenlinnan-lyseon-lukioon-valitut-opiskelijat\\\/\"},\"wordCount\":473,\"image\":{\"@id\":\"https:\\\/\\\/www.kktavastia.fi\\\/lukiot-hameenlinnan-lyseo\\\/2021\\\/kevaan-2021-yhteishaussa-hameenlinnan-lyseon-lukioon-valitut-opiskelijat\\\/#primaryimage\"},\"thumbnailUrl\":\"https:\\\/\\\/www.kktavastia.fi\\\/media\\\/sites\\\/8\\\/yhteisvalinta_lyseo.png\",\"keywords\":[\"valintatulokset\",\"yhteisvalinta\"],\"inLanguage\":\"fi\"},{\"@type\":\"WebPage\",\"@id\":\"https:\\\/\\\/www.kktavastia.fi\\\/lukiot-hameenlinnan-lyseo\\\/2021\\\/kevaan-2021-yhteishaussa-hameenlinnan-lyseon-lukioon-valitut-opiskelijat\\\/\",\"url\":\"https:\\\/\\\/www.kktavastia.fi\\\/lukiot-hameenlinnan-lyseo\\\/2021\\\/kevaan-2021-yhteishaussa-hameenlinnan-lyseon-lukioon-valitut-opiskelijat\\\/\",\"name\":\"Kev\u00e4\u00e4n 2021 yhteishaussa H\u00e4meenlinnan lyseon lukioon valitut opiskelijat - H\u00e4meenlinnan lyseon lukio\",\"isPartOf\":{\"@id\":\"https:\\\/\\\/www.kktavastia.fi\\\/lukiot-hameenlinnan-lyseo\\\/#website\"},\"primaryImageOfPage\":{\"@id\":\"https:\\\/\\\/www.kktavastia.fi\\\/lukiot-hameenlinnan-lyseo\\\/2021\\\/kevaan-2021-yhteishaussa-hameenlinnan-lyseon-lukioon-valitut-opiskelijat\\\/#primaryimage\"},\"image\":{\"@id\":\"https:\\\/\\\/www.kktavastia.fi\\\/lukiot-hameenlinnan-lyseo\\\/2021\\\/kevaan-2021-yhteishaussa-hameenlinnan-lyseon-lukioon-valitut-opiskelijat\\\/#primaryimage\"},\"thumbnailUrl\":\"https:\\\/\\\/www.kktavastia.fi\\\/media\\\/sites\\\/8\\\/yhteisvalinta_lyseo.png\",\"datePublished\":\"2021-06-17T05:00:00+00:00\",\"dateModified\":\"2021-06-17T05:03:34+00:00\",\"author\":{\"@id\":\"https:\\\/\\\/www.kktavastia.fi\\\/lukiot-hameenlinnan-lyseo\\\/#\\\/schema\\\/person\\\/5124cdf24960861f89c21a474417e84c\"},\"breadcrumb\":{\"@id\":\"https:\\\/\\\/www.kktavastia.fi\\\/lukiot-hameenlinnan-lyseo\\\/2021\\\/kevaan-2021-yhteishaussa-hameenlinnan-lyseon-lukioon-valitut-opiskelijat\\\/#breadcrumb\"},\"inLanguage\":\"fi\",\"potentialAction\":[{\"@type\":\"ReadAction\",\"target\":[\"https:\\\/\\\/www.kktavastia.fi\\\/lukiot-hameenlinnan-lyseo\\\/2021\\\/kevaan-2021-yhteishaussa-hameenlinnan-lyseon-lukioon-valitut-opiskelijat\\\/\"]}]},{\"@type\":\"ImageObject\",\"inLanguage\":\"fi\",\"@id\":\"https:\\\/\\\/www.kktavastia.fi\\\/lukiot-hameenlinnan-lyseo\\\/2021\\\/kevaan-2021-yhteishaussa-hameenlinnan-lyseon-lukioon-valitut-opiskelijat\\\/#primaryimage\",\"url\":\"https:\\\/\\\/www.kktavastia.fi\\\/media\\\/sites\\\/8\\\/yhteisvalinta_lyseo.png\",\"contentUrl\":\"https:\\\/\\\/www.kktavastia.fi\\\/media\\\/sites\\\/8\\\/yhteisvalinta_lyseo.png\",\"width\":1700,\"height\":1080,\"caption\":\"Iloiset opiskelijat peukut pystyss\u00e4 koulun k\u00e4yt\u00e4v\u00e4ll\u00e4\"},{\"@type\":\"BreadcrumbList\",\"@id\":\"https:\\\/\\\/www.kktavastia.fi\\\/lukiot-hameenlinnan-lyseo\\\/2021\\\/kevaan-2021-yhteishaussa-hameenlinnan-lyseon-lukioon-valitut-opiskelijat\\\/#breadcrumb\",\"itemListElement\":[{\"@type\":\"ListItem\",\"position\":1,\"name\":\"Home\",\"item\":\"https:\\\/\\\/www.kktavastia.fi\\\/lukiot-hameenlinnan-lyseo\\\/\"},{\"@type\":\"ListItem\",\"position\":2,\"name\":\"Kev\u00e4\u00e4n 2021 yhteishaussa H\u00e4meenlinnan lyseon lukioon valitut opiskelijat\"}]},{\"@type\":\"WebSite\",\"@id\":\"https:\\\/\\\/www.kktavastia.fi\\\/lukiot-hameenlinnan-lyseo\\\/#website\",\"url\":\"https:\\\/\\\/www.kktavastia.fi\\\/lukiot-hameenlinnan-lyseo\\\/\",\"name\":\"H\u00e4meenlinnan lyseon lukio\",\"description\":\"\",\"potentialAction\":[{\"@type\":\"SearchAction\",\"target\":{\"@type\":\"EntryPoint\",\"urlTemplate\":\"https:\\\/\\\/www.kktavastia.fi\\\/lukiot-hameenlinnan-lyseo\\\/?s={search_term_string}\"},\"query-input\":{\"@type\":\"PropertyValueSpecification\",\"valueRequired\":true,\"valueName\":\"search_term_string\"}}],\"inLanguage\":\"fi\"},{\"@type\":\"Person\",\"@id\":\"https:\\\/\\\/www.kktavastia.fi\\\/lukiot-hameenlinnan-lyseo\\\/#\\\/schema\\\/person\\\/5124cdf24960861f89c21a474417e84c\",\"name\":\"sannajalli\",\"image\":{\"@type\":\"ImageObject\",\"inLanguage\":\"fi\",\"@id\":\"https:\\\/\\\/secure.gravatar.com\\\/avatar\\\/5a90797dc90f9ae04e1821fb5ead7872f6cb5e56ea86cb2a991873d12dd0c83a?s=96&d=mm&r=g\",\"url\":\"https:\\\/\\\/secure.gravatar.com\\\/avatar\\\/5a90797dc90f9ae04e1821fb5ead7872f6cb5e56ea86cb2a991873d12dd0c83a?s=96&d=mm&r=g\",\"contentUrl\":\"https:\\\/\\\/secure.gravatar.com\\\/avatar\\\/5a90797dc90f9ae04e1821fb5ead7872f6cb5e56ea86cb2a991873d12dd0c83a?s=96&d=mm&r=g\",\"caption\":\"sannajalli\"},\"url\":\"https:\\\/\\\/www.kktavastia.fi\\\/lukiot-hameenlinnan-lyseo\\\/author\\\/sannajalli\\\/\"}]}<\/script>","yoast_head_json":{"title":"Kev\u00e4\u00e4n 2021 yhteishaussa H\u00e4meenlinnan lyseon lukioon valitut opiskelijat - H\u00e4meenlinnan lyseon lukio","robots":{"index":"index","follow":"follow","max-snippet":"max-snippet:-1","max-image-preview":"max-image-preview:large","max-video-preview":"max-video-preview:-1"},"canonical":"https:\/\/www.kktavastia.fi\/lukiot-hameenlinnan-lyseo\/2021\/kevaan-2021-yhteishaussa-hameenlinnan-lyseon-lukioon-valitut-opiskelijat\/","og_locale":"fi_FI","og_type":"article","og_title":"Kev\u00e4\u00e4n 2021 yhteishaussa H\u00e4meenlinnan lyseon lukioon valitut opiskelijat - H\u00e4meenlinnan lyseon lukio","og_description":"Yhteishaussa H\u00e4meenlinnan lyseon lukioon on valittu 189 opiskelijaa, joista 22 ei ole antanut lupaa nimens\u00e4 julkaisuun. Tervetuloa opiskelemaan Lyseoon! Yleislinja [&hellip;]","og_url":"https:\/\/www.kktavastia.fi\/lukiot-hameenlinnan-lyseo\/2021\/kevaan-2021-yhteishaussa-hameenlinnan-lyseon-lukioon-valitut-opiskelijat\/","og_site_name":"H\u00e4meenlinnan lyseon lukio","article_published_time":"2021-06-17T05:00:00+00:00","article_modified_time":"2021-06-17T05:03:34+00:00","og_image":[{"width":1024,"height":651,"url":"https:\/\/www.kktavastia.fi\/media\/sites\/8\/yhteisvalinta_lyseo-1024x651.png","type":"image\/png"}],"author":"sannajalli","twitter_card":"summary_large_image","schema":{"@context":"https:\/\/schema.org","@graph":[{"@type":"Article","@id":"https:\/\/www.kktavastia.fi\/lukiot-hameenlinnan-lyseo\/2021\/kevaan-2021-yhteishaussa-hameenlinnan-lyseon-lukioon-valitut-opiskelijat\/#article","isPartOf":{"@id":"https:\/\/www.kktavastia.fi\/lukiot-hameenlinnan-lyseo\/2021\/kevaan-2021-yhteishaussa-hameenlinnan-lyseon-lukioon-valitut-opiskelijat\/"},"author":{"name":"sannajalli","@id":"https:\/\/www.kktavastia.fi\/lukiot-hameenlinnan-lyseo\/#\/schema\/person\/5124cdf24960861f89c21a474417e84c"},"headline":"Kev\u00e4\u00e4n 2021 yhteishaussa H\u00e4meenlinnan lyseon lukioon valitut opiskelijat","datePublished":"2021-06-17T05:00:00+00:00","dateModified":"2021-06-17T05:03:34+00:00","mainEntityOfPage":{"@id":"https:\/\/www.kktavastia.fi\/lukiot-hameenlinnan-lyseo\/2021\/kevaan-2021-yhteishaussa-hameenlinnan-lyseon-lukioon-valitut-opiskelijat\/"},"wordCount":473,"image":{"@id":"https:\/\/www.kktavastia.fi\/lukiot-hameenlinnan-lyseo\/2021\/kevaan-2021-yhteishaussa-hameenlinnan-lyseon-lukioon-valitut-opiskelijat\/#primaryimage"},"thumbnailUrl":"https:\/\/www.kktavastia.fi\/media\/sites\/8\/yhteisvalinta_lyseo.png","keywords":["valintatulokset","yhteisvalinta"],"inLanguage":"fi"},{"@type":"WebPage","@id":"https:\/\/www.kktavastia.fi\/lukiot-hameenlinnan-lyseo\/2021\/kevaan-2021-yhteishaussa-hameenlinnan-lyseon-lukioon-valitut-opiskelijat\/","url":"https:\/\/www.kktavastia.fi\/lukiot-hameenlinnan-lyseo\/2021\/kevaan-2021-yhteishaussa-hameenlinnan-lyseon-lukioon-valitut-opiskelijat\/","name":"Kev\u00e4\u00e4n 2021 yhteishaussa H\u00e4meenlinnan lyseon lukioon valitut opiskelijat - H\u00e4meenlinnan lyseon lukio","isPartOf":{"@id":"https:\/\/www.kktavastia.fi\/lukiot-hameenlinnan-lyseo\/#website"},"primaryImageOfPage":{"@id":"https:\/\/www.kktavastia.fi\/lukiot-hameenlinnan-lyseo\/2021\/kevaan-2021-yhteishaussa-hameenlinnan-lyseon-lukioon-valitut-opiskelijat\/#primaryimage"},"image":{"@id":"https:\/\/www.kktavastia.fi\/lukiot-hameenlinnan-lyseo\/2021\/kevaan-2021-yhteishaussa-hameenlinnan-lyseon-lukioon-valitut-opiskelijat\/#primaryimage"},"thumbnailUrl":"https:\/\/www.kktavastia.fi\/media\/sites\/8\/yhteisvalinta_lyseo.png","datePublished":"2021-06-17T05:00:00+00:00","dateModified":"2021-06-17T05:03:34+00:00","author":{"@id":"https:\/\/www.kktavastia.fi\/lukiot-hameenlinnan-lyseo\/#\/schema\/person\/5124cdf24960861f89c21a474417e84c"},"breadcrumb":{"@id":"https:\/\/www.kktavastia.fi\/lukiot-hameenlinnan-lyseo\/2021\/kevaan-2021-yhteishaussa-hameenlinnan-lyseon-lukioon-valitut-opiskelijat\/#breadcrumb"},"inLanguage":"fi","potentialAction":[{"@type":"ReadAction","target":["https:\/\/www.kktavastia.fi\/lukiot-hameenlinnan-lyseo\/2021\/kevaan-2021-yhteishaussa-hameenlinnan-lyseon-lukioon-valitut-opiskelijat\/"]}]},{"@type":"ImageObject","inLanguage":"fi","@id":"https:\/\/www.kktavastia.fi\/lukiot-hameenlinnan-lyseo\/2021\/kevaan-2021-yhteishaussa-hameenlinnan-lyseon-lukioon-valitut-opiskelijat\/#primaryimage","url":"https:\/\/www.kktavastia.fi\/media\/sites\/8\/yhteisvalinta_lyseo.png","contentUrl":"https:\/\/www.kktavastia.fi\/media\/sites\/8\/yhteisvalinta_lyseo.png","width":1700,"height":1080,"caption":"Iloiset opiskelijat peukut pystyss\u00e4 koulun k\u00e4yt\u00e4v\u00e4ll\u00e4"},{"@type":"BreadcrumbList","@id":"https:\/\/www.kktavastia.fi\/lukiot-hameenlinnan-lyseo\/2021\/kevaan-2021-yhteishaussa-hameenlinnan-lyseon-lukioon-valitut-opiskelijat\/#breadcrumb","itemListElement":[{"@type":"ListItem","position":1,"name":"Home","item":"https:\/\/www.kktavastia.fi\/lukiot-hameenlinnan-lyseo\/"},{"@type":"ListItem","position":2,"name":"Kev\u00e4\u00e4n 2021 yhteishaussa H\u00e4meenlinnan lyseon lukioon valitut opiskelijat"}]},{"@type":"WebSite","@id":"https:\/\/www.kktavastia.fi\/lukiot-hameenlinnan-lyseo\/#website","url":"https:\/\/www.kktavastia.fi\/lukiot-hameenlinnan-lyseo\/","name":"H\u00e4meenlinnan lyseon lukio","description":"","potentialAction":[{"@type":"SearchAction","target":{"@type":"EntryPoint","urlTemplate":"https:\/\/www.kktavastia.fi\/lukiot-hameenlinnan-lyseo\/?s={search_term_string}"},"query-input":{"@type":"PropertyValueSpecification","valueRequired":true,"valueName":"search_term_string"}}],"inLanguage":"fi"},{"@type":"Person","@id":"https:\/\/www.kktavastia.fi\/lukiot-hameenlinnan-lyseo\/#\/schema\/person\/5124cdf24960861f89c21a474417e84c","name":"sannajalli","image":{"@type":"ImageObject","inLanguage":"fi","@id":"https:\/\/secure.gravatar.com\/avatar\/5a90797dc90f9ae04e1821fb5ead7872f6cb5e56ea86cb2a991873d12dd0c83a?s=96&d=mm&r=g","url":"https:\/\/secure.gravatar.com\/avatar\/5a90797dc90f9ae04e1821fb5ead7872f6cb5e56ea86cb2a991873d12dd0c83a?s=96&d=mm&r=g","contentUrl":"https:\/\/secure.gravatar.com\/avatar\/5a90797dc90f9ae04e1821fb5ead7872f6cb5e56ea86cb2a991873d12dd0c83a?s=96&d=mm&r=g","caption":"sannajalli"},"url":"https:\/\/www.kktavastia.fi\/lukiot-hameenlinnan-lyseo\/author\/sannajalli\/"}]}},"_links":{"self":[{"href":"https:\/\/www.kktavastia.fi\/lukiot-hameenlinnan-lyseo\/wp-json\/wp\/v2\/posts\/3705","targetHints":{"allow":["GET"]}}],"collection":[{"href":"https:\/\/www.kktavastia.fi\/lukiot-hameenlinnan-lyseo\/wp-json\/wp\/v2\/posts"}],"about":[{"href":"https:\/\/www.kktavastia.fi\/lukiot-hameenlinnan-lyseo\/wp-json\/wp\/v2\/types\/post"}],"author":[{"embeddable":true,"href":"https:\/\/www.kktavastia.fi\/lukiot-hameenlinnan-lyseo\/wp-json\/wp\/v2\/users\/5"}],"replies":[{"embeddable":true,"href":"https:\/\/www.kktavastia.fi\/lukiot-hameenlinnan-lyseo\/wp-json\/wp\/v2\/comments?post=3705"}],"version-history":[{"count":2,"href":"https:\/\/www.kktavastia.fi\/lukiot-hameenlinnan-lyseo\/wp-json\/wp\/v2\/posts\/3705\/revisions"}],"predecessor-version":[{"id":3709,"href":"https:\/\/www.kktavastia.fi\/lukiot-hameenlinnan-lyseo\/wp-json\/wp\/v2\/posts\/3705\/revisions\/3709"}],"wp:featuredmedia":[{"embeddable":true,"href":"https:\/\/www.kktavastia.fi\/lukiot-hameenlinnan-lyseo\/wp-json\/wp\/v2\/media\/3706"}],"wp:attachment":[{"href":"https:\/\/www.kktavastia.fi\/lukiot-hameenlinnan-lyseo\/wp-json\/wp\/v2\/media?parent=3705"}],"wp:term":[{"taxonomy":"category","embeddable":true,"href":"https:\/\/www.kktavastia.fi\/lukiot-hameenlinnan-lyseo\/wp-json\/wp\/v2\/categories?post=3705"},{"taxonomy":"post_tag","embeddable":true,"href":"https:\/\/www.kktavastia.fi\/lukiot-hameenlinnan-lyseo\/wp-json\/wp\/v2\/tags?post=3705"}],"curies":[{"name":"wp","href":"https:\/\/api.w.org\/{rel}","templated":true}]}}