{"id":3335,"date":"2021-03-01T09:01:09","date_gmt":"2021-03-01T07:01:09","guid":{"rendered":"https:\/\/www.kktavastia.fi\/lukiot-hameenlinnan-lyseo\/?p=3335"},"modified":"2021-03-01T09:01:10","modified_gmt":"2021-03-01T07:01:10","slug":"lyseon-lukio-etaopetuksessa-talviloman-jalkeen","status":"publish","type":"post","link":"https:\/\/www.kktavastia.fi\/lukiot-hameenlinnan-lyseo\/2021\/lyseon-lukio-etaopetuksessa-talviloman-jalkeen\/","title":{"rendered":"Lyseon lukio et\u00e4opetuksessa talviloman j\u00e4lkeen"},"content":{"rendered":"\n<p>H\u00e4meenlinnan lyseon lukio ja sen aikuislinja siirtyv\u00e4t kokonaan et\u00e4opetukseen maanantaista 8. maaliskuuta alkaen. Talviloman j\u00e4lkeen ei siis palata l\u00e4hiopetukseen, ja et\u00e4opetusjakso kest\u00e4\u00e4 kolme viikkoa. My\u00f6sk\u00e4\u00e4n pienryhm\u00e4opetusta ei j\u00e4rjestet\u00e4 t\u00e4n\u00e4 aikana l\u00e4hiopetuksena.<\/p>\n\n\n\n<p>Syyn\u00e4 et\u00e4opetukseen siirtymiseen on se, ett\u00e4 Suomessa todetaan 8.3. alkaen kolmen viikon sulkutila, joka p\u00e4\u00e4ttyy 28.3. Sulkutilassa kaikilla levi\u00e4mis- ja kiihtymisvaiheen alueilla, joihin my\u00f6s Kanta-H\u00e4me kuuluu, siirryt\u00e4\u00e4n et\u00e4opetukseen toisella asteella ja perusopetuksen yl\u00e4luokilla. Sulkutilan tarkoituksena on katkaista jatkuvasti kiihtyv\u00e4 tartuntatilanne ja muuntoviruksen levi\u00e4minen.<\/p>\n\n\n\n<p>Toisen asteen opiskelijoille, jotka ovat oikeutettuja maksuttomaan ruokailuun, j\u00e4rjestet\u00e4\u00e4n j\u00e4lleen viikoittaiset ruokakassijakelut. Kassien tilaamisesta ja jakeluajankohdista tiedotetaan tarkemmin Wilmassa.<\/p>\n\n\n\n<p>Sulku ei vaikuta ylioppilaskirjoituksiin, vaan ne j\u00e4rjestet\u00e4\u00e4n koronaohjeistuksia noudattaen aiemmin sovitusti.<\/p>\n","protected":false},"excerpt":{"rendered":"<p>H\u00e4meenlinnan lyseon lukio ja sen aikuislinja siirtyv\u00e4t kokonaan et\u00e4opetukseen maanantaista 8. maaliskuuta alkaen. Talviloman j\u00e4lkeen ei siis palata l\u00e4hiopetukseen, ja [&hellip;]<\/p>\n","protected":false},"author":6,"featured_media":3336,"comment_status":"closed","ping_status":"closed","sticky":false,"template":"","format":"standard","meta":{"_acf_changed":false,"_relevanssi_hide_post":"","_relevanssi_hide_content":"","_relevanssi_pin_for_all":"","_relevanssi_pin_keywords":"","_relevanssi_unpin_keywords":"","_relevanssi_related_keywords":"","_relevanssi_related_include_ids":"","_relevanssi_related_exclude_ids":"","_relevanssi_related_no_append":"","_relevanssi_related_not_related":"","_relevanssi_related_posts":"2149,2604,193,2674,2901,2114","_relevanssi_noindex_reason":"","footnotes":""},"categories":[1],"tags":[],"class_list":["post-3335","post","type-post","status-publish","format-standard","has-post-thumbnail","hentry","category-yleinen"],"acf":[],"yoast_head":"<title>Lyseon lukio et\u00e4opetuksessa talviloman j\u00e4lkeen - H\u00e4meenlinnan lyseon lukio<\/title>\n<meta name=\"robots\" content=\"index, follow, max-snippet:-1, max-image-preview:large, max-video-preview:-1\" \/>\n<link rel=\"canonical\" href=\"https:\/\/www.kktavastia.fi\/lukiot-hameenlinnan-lyseo\/2021\/lyseon-lukio-etaopetuksessa-talviloman-jalkeen\/\" \/>\n<meta property=\"og:locale\" content=\"fi_FI\" \/>\n<meta property=\"og:type\" content=\"article\" \/>\n<meta property=\"og:title\" content=\"Lyseon lukio et\u00e4opetuksessa talviloman j\u00e4lkeen - H\u00e4meenlinnan lyseon lukio\" \/>\n<meta property=\"og:description\" content=\"H\u00e4meenlinnan lyseon lukio ja sen aikuislinja siirtyv\u00e4t kokonaan et\u00e4opetukseen maanantaista 8. maaliskuuta alkaen. Talviloman j\u00e4lkeen ei siis palata l\u00e4hiopetukseen, ja [&hellip;]\" \/>\n<meta property=\"og:url\" content=\"https:\/\/www.kktavastia.fi\/lukiot-hameenlinnan-lyseo\/2021\/lyseon-lukio-etaopetuksessa-talviloman-jalkeen\/\" \/>\n<meta property=\"og:site_name\" content=\"H\u00e4meenlinnan lyseon lukio\" \/>\n<meta property=\"article:published_time\" content=\"2021-03-01T07:01:09+00:00\" \/>\n<meta property=\"article:modified_time\" content=\"2021-03-01T07:01:10+00:00\" \/>\n<meta property=\"og:image\" content=\"https:\/\/www.kktavastia.fi\/media\/sites\/8\/etaopetus2-5.png\" \/>\n\t<meta property=\"og:image:width\" content=\"1080\" \/>\n\t<meta property=\"og:image:height\" content=\"1080\" \/>\n\t<meta property=\"og:image:type\" content=\"image\/png\" \/>\n<meta name=\"author\" content=\"saraseppala\" \/>\n<meta name=\"twitter:card\" content=\"summary_large_image\" \/>\n<script type=\"application\/ld+json\" class=\"yoast-schema-graph\">{\"@context\":\"https:\\\/\\\/schema.org\",\"@graph\":[{\"@type\":\"Article\",\"@id\":\"https:\\\/\\\/www.kktavastia.fi\\\/lukiot-hameenlinnan-lyseo\\\/2021\\\/lyseon-lukio-etaopetuksessa-talviloman-jalkeen\\\/#article\",\"isPartOf\":{\"@id\":\"https:\\\/\\\/www.kktavastia.fi\\\/lukiot-hameenlinnan-lyseo\\\/2021\\\/lyseon-lukio-etaopetuksessa-talviloman-jalkeen\\\/\"},\"author\":{\"name\":\"saraseppala\",\"@id\":\"https:\\\/\\\/www.kktavastia.fi\\\/lukiot-hameenlinnan-lyseo\\\/#\\\/schema\\\/person\\\/817cce3016d2f14b9a7ed273534dcf4d\"},\"headline\":\"Lyseon lukio et\u00e4opetuksessa talviloman j\u00e4lkeen\",\"datePublished\":\"2021-03-01T07:01:09+00:00\",\"dateModified\":\"2021-03-01T07:01:10+00:00\",\"mainEntityOfPage\":{\"@id\":\"https:\\\/\\\/www.kktavastia.fi\\\/lukiot-hameenlinnan-lyseo\\\/2021\\\/lyseon-lukio-etaopetuksessa-talviloman-jalkeen\\\/\"},\"wordCount\":134,\"image\":{\"@id\":\"https:\\\/\\\/www.kktavastia.fi\\\/lukiot-hameenlinnan-lyseo\\\/2021\\\/lyseon-lukio-etaopetuksessa-talviloman-jalkeen\\\/#primaryimage\"},\"thumbnailUrl\":\"https:\\\/\\\/www.kktavastia.fi\\\/media\\\/sites\\\/8\\\/etaopetus2-5.png\",\"inLanguage\":\"fi\"},{\"@type\":\"WebPage\",\"@id\":\"https:\\\/\\\/www.kktavastia.fi\\\/lukiot-hameenlinnan-lyseo\\\/2021\\\/lyseon-lukio-etaopetuksessa-talviloman-jalkeen\\\/\",\"url\":\"https:\\\/\\\/www.kktavastia.fi\\\/lukiot-hameenlinnan-lyseo\\\/2021\\\/lyseon-lukio-etaopetuksessa-talviloman-jalkeen\\\/\",\"name\":\"Lyseon lukio et\u00e4opetuksessa talviloman j\u00e4lkeen - H\u00e4meenlinnan lyseon lukio\",\"isPartOf\":{\"@id\":\"https:\\\/\\\/www.kktavastia.fi\\\/lukiot-hameenlinnan-lyseo\\\/#website\"},\"primaryImageOfPage\":{\"@id\":\"https:\\\/\\\/www.kktavastia.fi\\\/lukiot-hameenlinnan-lyseo\\\/2021\\\/lyseon-lukio-etaopetuksessa-talviloman-jalkeen\\\/#primaryimage\"},\"image\":{\"@id\":\"https:\\\/\\\/www.kktavastia.fi\\\/lukiot-hameenlinnan-lyseo\\\/2021\\\/lyseon-lukio-etaopetuksessa-talviloman-jalkeen\\\/#primaryimage\"},\"thumbnailUrl\":\"https:\\\/\\\/www.kktavastia.fi\\\/media\\\/sites\\\/8\\\/etaopetus2-5.png\",\"datePublished\":\"2021-03-01T07:01:09+00:00\",\"dateModified\":\"2021-03-01T07:01:10+00:00\",\"author\":{\"@id\":\"https:\\\/\\\/www.kktavastia.fi\\\/lukiot-hameenlinnan-lyseo\\\/#\\\/schema\\\/person\\\/817cce3016d2f14b9a7ed273534dcf4d\"},\"breadcrumb\":{\"@id\":\"https:\\\/\\\/www.kktavastia.fi\\\/lukiot-hameenlinnan-lyseo\\\/2021\\\/lyseon-lukio-etaopetuksessa-talviloman-jalkeen\\\/#breadcrumb\"},\"inLanguage\":\"fi\",\"potentialAction\":[{\"@type\":\"ReadAction\",\"target\":[\"https:\\\/\\\/www.kktavastia.fi\\\/lukiot-hameenlinnan-lyseo\\\/2021\\\/lyseon-lukio-etaopetuksessa-talviloman-jalkeen\\\/\"]}]},{\"@type\":\"ImageObject\",\"inLanguage\":\"fi\",\"@id\":\"https:\\\/\\\/www.kktavastia.fi\\\/lukiot-hameenlinnan-lyseo\\\/2021\\\/lyseon-lukio-etaopetuksessa-talviloman-jalkeen\\\/#primaryimage\",\"url\":\"https:\\\/\\\/www.kktavastia.fi\\\/media\\\/sites\\\/8\\\/etaopetus2-5.png\",\"contentUrl\":\"https:\\\/\\\/www.kktavastia.fi\\\/media\\\/sites\\\/8\\\/etaopetus2-5.png\",\"width\":1080,\"height\":1080},{\"@type\":\"BreadcrumbList\",\"@id\":\"https:\\\/\\\/www.kktavastia.fi\\\/lukiot-hameenlinnan-lyseo\\\/2021\\\/lyseon-lukio-etaopetuksessa-talviloman-jalkeen\\\/#breadcrumb\",\"itemListElement\":[{\"@type\":\"ListItem\",\"position\":1,\"name\":\"Home\",\"item\":\"https:\\\/\\\/www.kktavastia.fi\\\/lukiot-hameenlinnan-lyseo\\\/\"},{\"@type\":\"ListItem\",\"position\":2,\"name\":\"Lyseon lukio et\u00e4opetuksessa talviloman j\u00e4lkeen\"}]},{\"@type\":\"WebSite\",\"@id\":\"https:\\\/\\\/www.kktavastia.fi\\\/lukiot-hameenlinnan-lyseo\\\/#website\",\"url\":\"https:\\\/\\\/www.kktavastia.fi\\\/lukiot-hameenlinnan-lyseo\\\/\",\"name\":\"H\u00e4meenlinnan lyseon lukio\",\"description\":\"\",\"potentialAction\":[{\"@type\":\"SearchAction\",\"target\":{\"@type\":\"EntryPoint\",\"urlTemplate\":\"https:\\\/\\\/www.kktavastia.fi\\\/lukiot-hameenlinnan-lyseo\\\/?s={search_term_string}\"},\"query-input\":{\"@type\":\"PropertyValueSpecification\",\"valueRequired\":true,\"valueName\":\"search_term_string\"}}],\"inLanguage\":\"fi\"},{\"@type\":\"Person\",\"@id\":\"https:\\\/\\\/www.kktavastia.fi\\\/lukiot-hameenlinnan-lyseo\\\/#\\\/schema\\\/person\\\/817cce3016d2f14b9a7ed273534dcf4d\",\"name\":\"saraseppala\",\"image\":{\"@type\":\"ImageObject\",\"inLanguage\":\"fi\",\"@id\":\"https:\\\/\\\/secure.gravatar.com\\\/avatar\\\/478c9f0d13d5df0e5e3d2ec80a1d93afb10baa5bf0f981b9874b9ad1ff76cafc?s=96&d=mm&r=g\",\"url\":\"https:\\\/\\\/secure.gravatar.com\\\/avatar\\\/478c9f0d13d5df0e5e3d2ec80a1d93afb10baa5bf0f981b9874b9ad1ff76cafc?s=96&d=mm&r=g\",\"contentUrl\":\"https:\\\/\\\/secure.gravatar.com\\\/avatar\\\/478c9f0d13d5df0e5e3d2ec80a1d93afb10baa5bf0f981b9874b9ad1ff76cafc?s=96&d=mm&r=g\",\"caption\":\"saraseppala\"},\"url\":\"https:\\\/\\\/www.kktavastia.fi\\\/lukiot-hameenlinnan-lyseo\\\/author\\\/saraseppala\\\/\"}]}<\/script>","yoast_head_json":{"title":"Lyseon lukio et\u00e4opetuksessa talviloman j\u00e4lkeen - H\u00e4meenlinnan lyseon lukio","robots":{"index":"index","follow":"follow","max-snippet":"max-snippet:-1","max-image-preview":"max-image-preview:large","max-video-preview":"max-video-preview:-1"},"canonical":"https:\/\/www.kktavastia.fi\/lukiot-hameenlinnan-lyseo\/2021\/lyseon-lukio-etaopetuksessa-talviloman-jalkeen\/","og_locale":"fi_FI","og_type":"article","og_title":"Lyseon lukio et\u00e4opetuksessa talviloman j\u00e4lkeen - H\u00e4meenlinnan lyseon lukio","og_description":"H\u00e4meenlinnan lyseon lukio ja sen aikuislinja siirtyv\u00e4t kokonaan et\u00e4opetukseen maanantaista 8. maaliskuuta alkaen. Talviloman j\u00e4lkeen ei siis palata l\u00e4hiopetukseen, ja [&hellip;]","og_url":"https:\/\/www.kktavastia.fi\/lukiot-hameenlinnan-lyseo\/2021\/lyseon-lukio-etaopetuksessa-talviloman-jalkeen\/","og_site_name":"H\u00e4meenlinnan lyseon lukio","article_published_time":"2021-03-01T07:01:09+00:00","article_modified_time":"2021-03-01T07:01:10+00:00","og_image":[{"width":1080,"height":1080,"url":"https:\/\/www.kktavastia.fi\/media\/sites\/8\/etaopetus2-5.png","type":"image\/png"}],"author":"saraseppala","twitter_card":"summary_large_image","schema":{"@context":"https:\/\/schema.org","@graph":[{"@type":"Article","@id":"https:\/\/www.kktavastia.fi\/lukiot-hameenlinnan-lyseo\/2021\/lyseon-lukio-etaopetuksessa-talviloman-jalkeen\/#article","isPartOf":{"@id":"https:\/\/www.kktavastia.fi\/lukiot-hameenlinnan-lyseo\/2021\/lyseon-lukio-etaopetuksessa-talviloman-jalkeen\/"},"author":{"name":"saraseppala","@id":"https:\/\/www.kktavastia.fi\/lukiot-hameenlinnan-lyseo\/#\/schema\/person\/817cce3016d2f14b9a7ed273534dcf4d"},"headline":"Lyseon lukio et\u00e4opetuksessa talviloman j\u00e4lkeen","datePublished":"2021-03-01T07:01:09+00:00","dateModified":"2021-03-01T07:01:10+00:00","mainEntityOfPage":{"@id":"https:\/\/www.kktavastia.fi\/lukiot-hameenlinnan-lyseo\/2021\/lyseon-lukio-etaopetuksessa-talviloman-jalkeen\/"},"wordCount":134,"image":{"@id":"https:\/\/www.kktavastia.fi\/lukiot-hameenlinnan-lyseo\/2021\/lyseon-lukio-etaopetuksessa-talviloman-jalkeen\/#primaryimage"},"thumbnailUrl":"https:\/\/www.kktavastia.fi\/media\/sites\/8\/etaopetus2-5.png","inLanguage":"fi"},{"@type":"WebPage","@id":"https:\/\/www.kktavastia.fi\/lukiot-hameenlinnan-lyseo\/2021\/lyseon-lukio-etaopetuksessa-talviloman-jalkeen\/","url":"https:\/\/www.kktavastia.fi\/lukiot-hameenlinnan-lyseo\/2021\/lyseon-lukio-etaopetuksessa-talviloman-jalkeen\/","name":"Lyseon lukio et\u00e4opetuksessa talviloman j\u00e4lkeen - H\u00e4meenlinnan lyseon lukio","isPartOf":{"@id":"https:\/\/www.kktavastia.fi\/lukiot-hameenlinnan-lyseo\/#website"},"primaryImageOfPage":{"@id":"https:\/\/www.kktavastia.fi\/lukiot-hameenlinnan-lyseo\/2021\/lyseon-lukio-etaopetuksessa-talviloman-jalkeen\/#primaryimage"},"image":{"@id":"https:\/\/www.kktavastia.fi\/lukiot-hameenlinnan-lyseo\/2021\/lyseon-lukio-etaopetuksessa-talviloman-jalkeen\/#primaryimage"},"thumbnailUrl":"https:\/\/www.kktavastia.fi\/media\/sites\/8\/etaopetus2-5.png","datePublished":"2021-03-01T07:01:09+00:00","dateModified":"2021-03-01T07:01:10+00:00","author":{"@id":"https:\/\/www.kktavastia.fi\/lukiot-hameenlinnan-lyseo\/#\/schema\/person\/817cce3016d2f14b9a7ed273534dcf4d"},"breadcrumb":{"@id":"https:\/\/www.kktavastia.fi\/lukiot-hameenlinnan-lyseo\/2021\/lyseon-lukio-etaopetuksessa-talviloman-jalkeen\/#breadcrumb"},"inLanguage":"fi","potentialAction":[{"@type":"ReadAction","target":["https:\/\/www.kktavastia.fi\/lukiot-hameenlinnan-lyseo\/2021\/lyseon-lukio-etaopetuksessa-talviloman-jalkeen\/"]}]},{"@type":"ImageObject","inLanguage":"fi","@id":"https:\/\/www.kktavastia.fi\/lukiot-hameenlinnan-lyseo\/2021\/lyseon-lukio-etaopetuksessa-talviloman-jalkeen\/#primaryimage","url":"https:\/\/www.kktavastia.fi\/media\/sites\/8\/etaopetus2-5.png","contentUrl":"https:\/\/www.kktavastia.fi\/media\/sites\/8\/etaopetus2-5.png","width":1080,"height":1080},{"@type":"BreadcrumbList","@id":"https:\/\/www.kktavastia.fi\/lukiot-hameenlinnan-lyseo\/2021\/lyseon-lukio-etaopetuksessa-talviloman-jalkeen\/#breadcrumb","itemListElement":[{"@type":"ListItem","position":1,"name":"Home","item":"https:\/\/www.kktavastia.fi\/lukiot-hameenlinnan-lyseo\/"},{"@type":"ListItem","position":2,"name":"Lyseon lukio et\u00e4opetuksessa talviloman j\u00e4lkeen"}]},{"@type":"WebSite","@id":"https:\/\/www.kktavastia.fi\/lukiot-hameenlinnan-lyseo\/#website","url":"https:\/\/www.kktavastia.fi\/lukiot-hameenlinnan-lyseo\/","name":"H\u00e4meenlinnan lyseon lukio","description":"","potentialAction":[{"@type":"SearchAction","target":{"@type":"EntryPoint","urlTemplate":"https:\/\/www.kktavastia.fi\/lukiot-hameenlinnan-lyseo\/?s={search_term_string}"},"query-input":{"@type":"PropertyValueSpecification","valueRequired":true,"valueName":"search_term_string"}}],"inLanguage":"fi"},{"@type":"Person","@id":"https:\/\/www.kktavastia.fi\/lukiot-hameenlinnan-lyseo\/#\/schema\/person\/817cce3016d2f14b9a7ed273534dcf4d","name":"saraseppala","image":{"@type":"ImageObject","inLanguage":"fi","@id":"https:\/\/secure.gravatar.com\/avatar\/478c9f0d13d5df0e5e3d2ec80a1d93afb10baa5bf0f981b9874b9ad1ff76cafc?s=96&d=mm&r=g","url":"https:\/\/secure.gravatar.com\/avatar\/478c9f0d13d5df0e5e3d2ec80a1d93afb10baa5bf0f981b9874b9ad1ff76cafc?s=96&d=mm&r=g","contentUrl":"https:\/\/secure.gravatar.com\/avatar\/478c9f0d13d5df0e5e3d2ec80a1d93afb10baa5bf0f981b9874b9ad1ff76cafc?s=96&d=mm&r=g","caption":"saraseppala"},"url":"https:\/\/www.kktavastia.fi\/lukiot-hameenlinnan-lyseo\/author\/saraseppala\/"}]}},"_links":{"self":[{"href":"https:\/\/www.kktavastia.fi\/lukiot-hameenlinnan-lyseo\/wp-json\/wp\/v2\/posts\/3335","targetHints":{"allow":["GET"]}}],"collection":[{"href":"https:\/\/www.kktavastia.fi\/lukiot-hameenlinnan-lyseo\/wp-json\/wp\/v2\/posts"}],"about":[{"href":"https:\/\/www.kktavastia.fi\/lukiot-hameenlinnan-lyseo\/wp-json\/wp\/v2\/types\/post"}],"author":[{"embeddable":true,"href":"https:\/\/www.kktavastia.fi\/lukiot-hameenlinnan-lyseo\/wp-json\/wp\/v2\/users\/6"}],"replies":[{"embeddable":true,"href":"https:\/\/www.kktavastia.fi\/lukiot-hameenlinnan-lyseo\/wp-json\/wp\/v2\/comments?post=3335"}],"version-history":[{"count":1,"href":"https:\/\/www.kktavastia.fi\/lukiot-hameenlinnan-lyseo\/wp-json\/wp\/v2\/posts\/3335\/revisions"}],"predecessor-version":[{"id":3337,"href":"https:\/\/www.kktavastia.fi\/lukiot-hameenlinnan-lyseo\/wp-json\/wp\/v2\/posts\/3335\/revisions\/3337"}],"wp:featuredmedia":[{"embeddable":true,"href":"https:\/\/www.kktavastia.fi\/lukiot-hameenlinnan-lyseo\/wp-json\/wp\/v2\/media\/3336"}],"wp:attachment":[{"href":"https:\/\/www.kktavastia.fi\/lukiot-hameenlinnan-lyseo\/wp-json\/wp\/v2\/media?parent=3335"}],"wp:term":[{"taxonomy":"category","embeddable":true,"href":"https:\/\/www.kktavastia.fi\/lukiot-hameenlinnan-lyseo\/wp-json\/wp\/v2\/categories?post=3335"},{"taxonomy":"post_tag","embeddable":true,"href":"https:\/\/www.kktavastia.fi\/lukiot-hameenlinnan-lyseo\/wp-json\/wp\/v2\/tags?post=3335"}],"curies":[{"name":"wp","href":"https:\/\/api.w.org\/{rel}","templated":true}]}}