{"id":2144,"date":"2018-10-04T12:11:08","date_gmt":"2018-10-04T09:11:08","guid":{"rendered":"https:\/\/www.kktavastia.fi\/lyseon-lukio\/?p=2144"},"modified":"2018-10-04T12:11:08","modified_gmt":"2018-10-04T09:11:08","slug":"hameenlinnan-lyseon-lukion-ja-hamkin-kansainvalisyyskuvioita-yhdessa","status":"publish","type":"post","link":"https:\/\/www.kktavastia.fi\/lukiot-hameenlinnan-lyseo\/2018\/hameenlinnan-lyseon-lukion-ja-hamkin-kansainvalisyyskuvioita-yhdessa\/","title":{"rendered":"H\u00e4meenlinnan lyseon lukion ja HAMKin kansainv\u00e4lisyyskuvioita yhdess\u00e4"},"content":{"rendered":"<div id='gallery-1' class='gallery galleryid-2144 gallery-columns-3 gallery-size-thumbnail'><figure class='gallery-item'>\n\t\t\t<div class='gallery-icon portrait'>\n\t\t\t\t<a href='https:\/\/www.kktavastia.fi\/lukiot-hameenlinnan-lyseo\/2018\/hameenlinnan-lyseon-lukion-ja-hamkin-kansainvalisyyskuvioita-yhdessa\/brasilialaiset1\/'><img loading=\"lazy\" decoding=\"async\" width=\"150\" height=\"150\" src=\"https:\/\/www.kktavastia.fi\/media\/sites\/8\/brasilialaiset1-150x150.jpg\" class=\"attachment-thumbnail size-thumbnail\" alt=\"\" \/><\/a>\n\t\t\t<\/div><\/figure><figure class='gallery-item'>\n\t\t\t<div class='gallery-icon portrait'>\n\t\t\t\t<a href='https:\/\/www.kktavastia.fi\/lukiot-hameenlinnan-lyseo\/2018\/hameenlinnan-lyseon-lukion-ja-hamkin-kansainvalisyyskuvioita-yhdessa\/brasilialaiset6\/'><img loading=\"lazy\" decoding=\"async\" width=\"150\" height=\"150\" src=\"https:\/\/www.kktavastia.fi\/media\/sites\/8\/brasilialaiset6-150x150.jpg\" class=\"attachment-thumbnail size-thumbnail\" alt=\"\" \/><\/a>\n\t\t\t<\/div><\/figure><figure class='gallery-item'>\n\t\t\t<div class='gallery-icon landscape'>\n\t\t\t\t<a href='https:\/\/www.kktavastia.fi\/lukiot-hameenlinnan-lyseo\/2018\/hameenlinnan-lyseon-lukion-ja-hamkin-kansainvalisyyskuvioita-yhdessa\/brasiliallaiset4\/'><img loading=\"lazy\" decoding=\"async\" width=\"150\" height=\"150\" src=\"https:\/\/www.kktavastia.fi\/media\/sites\/8\/brasiliallaiset4-e1538644224484-150x150.jpg\" class=\"attachment-thumbnail size-thumbnail\" alt=\"\" \/><\/a>\n\t\t\t<\/div><\/figure>\n\t\t<\/div>\n\n<p>Opettajaryhm\u00e4 Brasiliasta vieraili Lyseon lukiossa tiistaina 2.10.2018. Opettajat osallistuivat englannin ja matematiikan tunneille ja saivat Luovan yritt\u00e4jyyden linjan opiskelijoilta tietopaketin linjan opinnoista. Vierailu oli osa Lyseon lukion ja HAMKin v\u00e4list\u00e4 yhteisty\u00f6t\u00e4. Kyseess\u00e4 oli HAMKin koulutusvientiin liittyv\u00e4 toteutus eli Gira Mundo Finl\u00e2ndia -ohjelma. Ohjelma on kehitetty yhteisty\u00f6ss\u00e4 Para\u00edban osavaltion hallinnon kanssa ja liittyy osana osavaltion laajempaan koulutuksen kehitt\u00e4miseen. Mukana oli 20 brasilialaista opettajaa. He ovat olleet HAMKissa pedagogisessa t\u00e4ydennyskoulutuksessa\u00a0kaksi kuukautta\u00a0ja ohjelman Suomen osio p\u00e4\u00e4ttyi t\u00e4ll\u00e4 viikolla. T\u00e4m\u00e4n lis\u00e4ksi heid\u00e4n ohjelmaansa kuuluu oman opetuksen ja omien koulujen kehitt\u00e4minen Brasiliassa, jota HAMK ohjaa.<\/p>\n<p>&nbsp;<\/p>\n","protected":false},"excerpt":{"rendered":"<p>Opettajaryhm\u00e4 Brasiliasta vieraili Lyseon lukiossa tiistaina 2.10.2018. Opettajat osallistuivat englannin ja matematiikan tunneille ja saivat Luovan yritt\u00e4jyyden linjan opiskelijoilta tietopaketin [&hellip;]<\/p>\n","protected":false},"author":14,"featured_media":2146,"comment_status":"closed","ping_status":"closed","sticky":false,"template":"","format":"standard","meta":{"_acf_changed":false,"_relevanssi_hide_post":"","_relevanssi_hide_content":"","_relevanssi_pin_for_all":"","_relevanssi_pin_keywords":"","_relevanssi_unpin_keywords":"","_relevanssi_related_keywords":"","_relevanssi_related_include_ids":"","_relevanssi_related_exclude_ids":"","_relevanssi_related_no_append":"","_relevanssi_related_not_related":"","_relevanssi_related_posts":"","_relevanssi_noindex_reason":"","footnotes":""},"categories":[5],"tags":[],"class_list":["post-2144","post","type-post","status-publish","format-standard","has-post-thumbnail","hentry","category-ajankohtaista"],"acf":[],"yoast_head":"<title>H\u00e4meenlinnan lyseon lukion ja HAMKin kansainv\u00e4lisyyskuvioita yhdess\u00e4 - H\u00e4meenlinnan lyseon lukio<\/title>\n<meta name=\"robots\" content=\"index, follow, max-snippet:-1, max-image-preview:large, max-video-preview:-1\" \/>\n<link rel=\"canonical\" href=\"https:\/\/www.kktavastia.fi\/lukiot-hameenlinnan-lyseo\/2018\/hameenlinnan-lyseon-lukion-ja-hamkin-kansainvalisyyskuvioita-yhdessa\/\" \/>\n<meta property=\"og:locale\" content=\"fi_FI\" \/>\n<meta property=\"og:type\" content=\"article\" \/>\n<meta property=\"og:title\" content=\"H\u00e4meenlinnan lyseon lukion ja HAMKin kansainv\u00e4lisyyskuvioita yhdess\u00e4 - H\u00e4meenlinnan lyseon lukio\" \/>\n<meta property=\"og:description\" content=\"Opettajaryhm\u00e4 Brasiliasta vieraili Lyseon lukiossa tiistaina 2.10.2018. Opettajat osallistuivat englannin ja matematiikan tunneille ja saivat Luovan yritt\u00e4jyyden linjan opiskelijoilta tietopaketin [&hellip;]\" \/>\n<meta property=\"og:url\" content=\"https:\/\/www.kktavastia.fi\/lukiot-hameenlinnan-lyseo\/2018\/hameenlinnan-lyseon-lukion-ja-hamkin-kansainvalisyyskuvioita-yhdessa\/\" \/>\n<meta property=\"og:site_name\" content=\"H\u00e4meenlinnan lyseon lukio\" \/>\n<meta property=\"article:published_time\" content=\"2018-10-04T09:11:08+00:00\" \/>\n<meta property=\"og:image\" content=\"https:\/\/www.kktavastia.fi\/media\/sites\/8\/brasilialaiset1.jpg\" \/>\n\t<meta property=\"og:image:width\" content=\"720\" \/>\n\t<meta property=\"og:image:height\" content=\"960\" \/>\n\t<meta property=\"og:image:type\" content=\"image\/jpeg\" \/>\n<meta name=\"author\" content=\"Outi Ruohela\" \/>\n<meta name=\"twitter:card\" content=\"summary_large_image\" \/>\n<script type=\"application\/ld+json\" class=\"yoast-schema-graph\">{\"@context\":\"https:\\\/\\\/schema.org\",\"@graph\":[{\"@type\":\"Article\",\"@id\":\"https:\\\/\\\/www.kktavastia.fi\\\/lukiot-hameenlinnan-lyseo\\\/2018\\\/hameenlinnan-lyseon-lukion-ja-hamkin-kansainvalisyyskuvioita-yhdessa\\\/#article\",\"isPartOf\":{\"@id\":\"https:\\\/\\\/www.kktavastia.fi\\\/lukiot-hameenlinnan-lyseo\\\/2018\\\/hameenlinnan-lyseon-lukion-ja-hamkin-kansainvalisyyskuvioita-yhdessa\\\/\"},\"author\":{\"name\":\"Outi Ruohela\",\"@id\":\"https:\\\/\\\/www.kktavastia.fi\\\/lukiot-hameenlinnan-lyseo\\\/#\\\/schema\\\/person\\\/68a0de11bcf6807c61ba2f6ad45cb745\"},\"headline\":\"H\u00e4meenlinnan lyseon lukion ja HAMKin kansainv\u00e4lisyyskuvioita yhdess\u00e4\",\"datePublished\":\"2018-10-04T09:11:08+00:00\",\"mainEntityOfPage\":{\"@id\":\"https:\\\/\\\/www.kktavastia.fi\\\/lukiot-hameenlinnan-lyseo\\\/2018\\\/hameenlinnan-lyseon-lukion-ja-hamkin-kansainvalisyyskuvioita-yhdessa\\\/\"},\"wordCount\":117,\"image\":{\"@id\":\"https:\\\/\\\/www.kktavastia.fi\\\/lukiot-hameenlinnan-lyseo\\\/2018\\\/hameenlinnan-lyseon-lukion-ja-hamkin-kansainvalisyyskuvioita-yhdessa\\\/#primaryimage\"},\"thumbnailUrl\":\"https:\\\/\\\/www.kktavastia.fi\\\/media\\\/sites\\\/8\\\/brasilialaiset1.jpg\",\"articleSection\":[\"Ajankohtaista\"],\"inLanguage\":\"fi\"},{\"@type\":\"WebPage\",\"@id\":\"https:\\\/\\\/www.kktavastia.fi\\\/lukiot-hameenlinnan-lyseo\\\/2018\\\/hameenlinnan-lyseon-lukion-ja-hamkin-kansainvalisyyskuvioita-yhdessa\\\/\",\"url\":\"https:\\\/\\\/www.kktavastia.fi\\\/lukiot-hameenlinnan-lyseo\\\/2018\\\/hameenlinnan-lyseon-lukion-ja-hamkin-kansainvalisyyskuvioita-yhdessa\\\/\",\"name\":\"H\u00e4meenlinnan lyseon lukion ja HAMKin kansainv\u00e4lisyyskuvioita yhdess\u00e4 - H\u00e4meenlinnan lyseon lukio\",\"isPartOf\":{\"@id\":\"https:\\\/\\\/www.kktavastia.fi\\\/lukiot-hameenlinnan-lyseo\\\/#website\"},\"primaryImageOfPage\":{\"@id\":\"https:\\\/\\\/www.kktavastia.fi\\\/lukiot-hameenlinnan-lyseo\\\/2018\\\/hameenlinnan-lyseon-lukion-ja-hamkin-kansainvalisyyskuvioita-yhdessa\\\/#primaryimage\"},\"image\":{\"@id\":\"https:\\\/\\\/www.kktavastia.fi\\\/lukiot-hameenlinnan-lyseo\\\/2018\\\/hameenlinnan-lyseon-lukion-ja-hamkin-kansainvalisyyskuvioita-yhdessa\\\/#primaryimage\"},\"thumbnailUrl\":\"https:\\\/\\\/www.kktavastia.fi\\\/media\\\/sites\\\/8\\\/brasilialaiset1.jpg\",\"datePublished\":\"2018-10-04T09:11:08+00:00\",\"author\":{\"@id\":\"https:\\\/\\\/www.kktavastia.fi\\\/lukiot-hameenlinnan-lyseo\\\/#\\\/schema\\\/person\\\/68a0de11bcf6807c61ba2f6ad45cb745\"},\"breadcrumb\":{\"@id\":\"https:\\\/\\\/www.kktavastia.fi\\\/lukiot-hameenlinnan-lyseo\\\/2018\\\/hameenlinnan-lyseon-lukion-ja-hamkin-kansainvalisyyskuvioita-yhdessa\\\/#breadcrumb\"},\"inLanguage\":\"fi\",\"potentialAction\":[{\"@type\":\"ReadAction\",\"target\":[\"https:\\\/\\\/www.kktavastia.fi\\\/lukiot-hameenlinnan-lyseo\\\/2018\\\/hameenlinnan-lyseon-lukion-ja-hamkin-kansainvalisyyskuvioita-yhdessa\\\/\"]}]},{\"@type\":\"ImageObject\",\"inLanguage\":\"fi\",\"@id\":\"https:\\\/\\\/www.kktavastia.fi\\\/lukiot-hameenlinnan-lyseo\\\/2018\\\/hameenlinnan-lyseon-lukion-ja-hamkin-kansainvalisyyskuvioita-yhdessa\\\/#primaryimage\",\"url\":\"https:\\\/\\\/www.kktavastia.fi\\\/media\\\/sites\\\/8\\\/brasilialaiset1.jpg\",\"contentUrl\":\"https:\\\/\\\/www.kktavastia.fi\\\/media\\\/sites\\\/8\\\/brasilialaiset1.jpg\",\"width\":720,\"height\":960},{\"@type\":\"BreadcrumbList\",\"@id\":\"https:\\\/\\\/www.kktavastia.fi\\\/lukiot-hameenlinnan-lyseo\\\/2018\\\/hameenlinnan-lyseon-lukion-ja-hamkin-kansainvalisyyskuvioita-yhdessa\\\/#breadcrumb\",\"itemListElement\":[{\"@type\":\"ListItem\",\"position\":1,\"name\":\"Home\",\"item\":\"https:\\\/\\\/www.kktavastia.fi\\\/lukiot-hameenlinnan-lyseo\\\/\"},{\"@type\":\"ListItem\",\"position\":2,\"name\":\"H\u00e4meenlinnan lyseon lukion ja HAMKin kansainv\u00e4lisyyskuvioita yhdess\u00e4\"}]},{\"@type\":\"WebSite\",\"@id\":\"https:\\\/\\\/www.kktavastia.fi\\\/lukiot-hameenlinnan-lyseo\\\/#website\",\"url\":\"https:\\\/\\\/www.kktavastia.fi\\\/lukiot-hameenlinnan-lyseo\\\/\",\"name\":\"H\u00e4meenlinnan lyseon lukio\",\"description\":\"\",\"potentialAction\":[{\"@type\":\"SearchAction\",\"target\":{\"@type\":\"EntryPoint\",\"urlTemplate\":\"https:\\\/\\\/www.kktavastia.fi\\\/lukiot-hameenlinnan-lyseo\\\/?s={search_term_string}\"},\"query-input\":{\"@type\":\"PropertyValueSpecification\",\"valueRequired\":true,\"valueName\":\"search_term_string\"}}],\"inLanguage\":\"fi\"},{\"@type\":\"Person\",\"@id\":\"https:\\\/\\\/www.kktavastia.fi\\\/lukiot-hameenlinnan-lyseo\\\/#\\\/schema\\\/person\\\/68a0de11bcf6807c61ba2f6ad45cb745\",\"name\":\"Outi Ruohela\",\"image\":{\"@type\":\"ImageObject\",\"inLanguage\":\"fi\",\"@id\":\"https:\\\/\\\/secure.gravatar.com\\\/avatar\\\/ce424d158e08bec42b1b156b6e605564461a483003b32e6d17f03d992cdd1c80?s=96&d=mm&r=g\",\"url\":\"https:\\\/\\\/secure.gravatar.com\\\/avatar\\\/ce424d158e08bec42b1b156b6e605564461a483003b32e6d17f03d992cdd1c80?s=96&d=mm&r=g\",\"contentUrl\":\"https:\\\/\\\/secure.gravatar.com\\\/avatar\\\/ce424d158e08bec42b1b156b6e605564461a483003b32e6d17f03d992cdd1c80?s=96&d=mm&r=g\",\"caption\":\"Outi Ruohela\"},\"url\":\"https:\\\/\\\/www.kktavastia.fi\\\/lukiot-hameenlinnan-lyseo\\\/author\\\/outi-ruohelakktavastia-fi\\\/\"}]}<\/script>","yoast_head_json":{"title":"H\u00e4meenlinnan lyseon lukion ja HAMKin kansainv\u00e4lisyyskuvioita yhdess\u00e4 - H\u00e4meenlinnan lyseon lukio","robots":{"index":"index","follow":"follow","max-snippet":"max-snippet:-1","max-image-preview":"max-image-preview:large","max-video-preview":"max-video-preview:-1"},"canonical":"https:\/\/www.kktavastia.fi\/lukiot-hameenlinnan-lyseo\/2018\/hameenlinnan-lyseon-lukion-ja-hamkin-kansainvalisyyskuvioita-yhdessa\/","og_locale":"fi_FI","og_type":"article","og_title":"H\u00e4meenlinnan lyseon lukion ja HAMKin kansainv\u00e4lisyyskuvioita yhdess\u00e4 - H\u00e4meenlinnan lyseon lukio","og_description":"Opettajaryhm\u00e4 Brasiliasta vieraili Lyseon lukiossa tiistaina 2.10.2018. Opettajat osallistuivat englannin ja matematiikan tunneille ja saivat Luovan yritt\u00e4jyyden linjan opiskelijoilta tietopaketin [&hellip;]","og_url":"https:\/\/www.kktavastia.fi\/lukiot-hameenlinnan-lyseo\/2018\/hameenlinnan-lyseon-lukion-ja-hamkin-kansainvalisyyskuvioita-yhdessa\/","og_site_name":"H\u00e4meenlinnan lyseon lukio","article_published_time":"2018-10-04T09:11:08+00:00","og_image":[{"width":720,"height":960,"url":"https:\/\/www.kktavastia.fi\/media\/sites\/8\/brasilialaiset1.jpg","type":"image\/jpeg"}],"author":"Outi Ruohela","twitter_card":"summary_large_image","schema":{"@context":"https:\/\/schema.org","@graph":[{"@type":"Article","@id":"https:\/\/www.kktavastia.fi\/lukiot-hameenlinnan-lyseo\/2018\/hameenlinnan-lyseon-lukion-ja-hamkin-kansainvalisyyskuvioita-yhdessa\/#article","isPartOf":{"@id":"https:\/\/www.kktavastia.fi\/lukiot-hameenlinnan-lyseo\/2018\/hameenlinnan-lyseon-lukion-ja-hamkin-kansainvalisyyskuvioita-yhdessa\/"},"author":{"name":"Outi Ruohela","@id":"https:\/\/www.kktavastia.fi\/lukiot-hameenlinnan-lyseo\/#\/schema\/person\/68a0de11bcf6807c61ba2f6ad45cb745"},"headline":"H\u00e4meenlinnan lyseon lukion ja HAMKin kansainv\u00e4lisyyskuvioita yhdess\u00e4","datePublished":"2018-10-04T09:11:08+00:00","mainEntityOfPage":{"@id":"https:\/\/www.kktavastia.fi\/lukiot-hameenlinnan-lyseo\/2018\/hameenlinnan-lyseon-lukion-ja-hamkin-kansainvalisyyskuvioita-yhdessa\/"},"wordCount":117,"image":{"@id":"https:\/\/www.kktavastia.fi\/lukiot-hameenlinnan-lyseo\/2018\/hameenlinnan-lyseon-lukion-ja-hamkin-kansainvalisyyskuvioita-yhdessa\/#primaryimage"},"thumbnailUrl":"https:\/\/www.kktavastia.fi\/media\/sites\/8\/brasilialaiset1.jpg","articleSection":["Ajankohtaista"],"inLanguage":"fi"},{"@type":"WebPage","@id":"https:\/\/www.kktavastia.fi\/lukiot-hameenlinnan-lyseo\/2018\/hameenlinnan-lyseon-lukion-ja-hamkin-kansainvalisyyskuvioita-yhdessa\/","url":"https:\/\/www.kktavastia.fi\/lukiot-hameenlinnan-lyseo\/2018\/hameenlinnan-lyseon-lukion-ja-hamkin-kansainvalisyyskuvioita-yhdessa\/","name":"H\u00e4meenlinnan lyseon lukion ja HAMKin kansainv\u00e4lisyyskuvioita yhdess\u00e4 - H\u00e4meenlinnan lyseon lukio","isPartOf":{"@id":"https:\/\/www.kktavastia.fi\/lukiot-hameenlinnan-lyseo\/#website"},"primaryImageOfPage":{"@id":"https:\/\/www.kktavastia.fi\/lukiot-hameenlinnan-lyseo\/2018\/hameenlinnan-lyseon-lukion-ja-hamkin-kansainvalisyyskuvioita-yhdessa\/#primaryimage"},"image":{"@id":"https:\/\/www.kktavastia.fi\/lukiot-hameenlinnan-lyseo\/2018\/hameenlinnan-lyseon-lukion-ja-hamkin-kansainvalisyyskuvioita-yhdessa\/#primaryimage"},"thumbnailUrl":"https:\/\/www.kktavastia.fi\/media\/sites\/8\/brasilialaiset1.jpg","datePublished":"2018-10-04T09:11:08+00:00","author":{"@id":"https:\/\/www.kktavastia.fi\/lukiot-hameenlinnan-lyseo\/#\/schema\/person\/68a0de11bcf6807c61ba2f6ad45cb745"},"breadcrumb":{"@id":"https:\/\/www.kktavastia.fi\/lukiot-hameenlinnan-lyseo\/2018\/hameenlinnan-lyseon-lukion-ja-hamkin-kansainvalisyyskuvioita-yhdessa\/#breadcrumb"},"inLanguage":"fi","potentialAction":[{"@type":"ReadAction","target":["https:\/\/www.kktavastia.fi\/lukiot-hameenlinnan-lyseo\/2018\/hameenlinnan-lyseon-lukion-ja-hamkin-kansainvalisyyskuvioita-yhdessa\/"]}]},{"@type":"ImageObject","inLanguage":"fi","@id":"https:\/\/www.kktavastia.fi\/lukiot-hameenlinnan-lyseo\/2018\/hameenlinnan-lyseon-lukion-ja-hamkin-kansainvalisyyskuvioita-yhdessa\/#primaryimage","url":"https:\/\/www.kktavastia.fi\/media\/sites\/8\/brasilialaiset1.jpg","contentUrl":"https:\/\/www.kktavastia.fi\/media\/sites\/8\/brasilialaiset1.jpg","width":720,"height":960},{"@type":"BreadcrumbList","@id":"https:\/\/www.kktavastia.fi\/lukiot-hameenlinnan-lyseo\/2018\/hameenlinnan-lyseon-lukion-ja-hamkin-kansainvalisyyskuvioita-yhdessa\/#breadcrumb","itemListElement":[{"@type":"ListItem","position":1,"name":"Home","item":"https:\/\/www.kktavastia.fi\/lukiot-hameenlinnan-lyseo\/"},{"@type":"ListItem","position":2,"name":"H\u00e4meenlinnan lyseon lukion ja HAMKin kansainv\u00e4lisyyskuvioita yhdess\u00e4"}]},{"@type":"WebSite","@id":"https:\/\/www.kktavastia.fi\/lukiot-hameenlinnan-lyseo\/#website","url":"https:\/\/www.kktavastia.fi\/lukiot-hameenlinnan-lyseo\/","name":"H\u00e4meenlinnan lyseon lukio","description":"","potentialAction":[{"@type":"SearchAction","target":{"@type":"EntryPoint","urlTemplate":"https:\/\/www.kktavastia.fi\/lukiot-hameenlinnan-lyseo\/?s={search_term_string}"},"query-input":{"@type":"PropertyValueSpecification","valueRequired":true,"valueName":"search_term_string"}}],"inLanguage":"fi"},{"@type":"Person","@id":"https:\/\/www.kktavastia.fi\/lukiot-hameenlinnan-lyseo\/#\/schema\/person\/68a0de11bcf6807c61ba2f6ad45cb745","name":"Outi Ruohela","image":{"@type":"ImageObject","inLanguage":"fi","@id":"https:\/\/secure.gravatar.com\/avatar\/ce424d158e08bec42b1b156b6e605564461a483003b32e6d17f03d992cdd1c80?s=96&d=mm&r=g","url":"https:\/\/secure.gravatar.com\/avatar\/ce424d158e08bec42b1b156b6e605564461a483003b32e6d17f03d992cdd1c80?s=96&d=mm&r=g","contentUrl":"https:\/\/secure.gravatar.com\/avatar\/ce424d158e08bec42b1b156b6e605564461a483003b32e6d17f03d992cdd1c80?s=96&d=mm&r=g","caption":"Outi Ruohela"},"url":"https:\/\/www.kktavastia.fi\/lukiot-hameenlinnan-lyseo\/author\/outi-ruohelakktavastia-fi\/"}]}},"_links":{"self":[{"href":"https:\/\/www.kktavastia.fi\/lukiot-hameenlinnan-lyseo\/wp-json\/wp\/v2\/posts\/2144","targetHints":{"allow":["GET"]}}],"collection":[{"href":"https:\/\/www.kktavastia.fi\/lukiot-hameenlinnan-lyseo\/wp-json\/wp\/v2\/posts"}],"about":[{"href":"https:\/\/www.kktavastia.fi\/lukiot-hameenlinnan-lyseo\/wp-json\/wp\/v2\/types\/post"}],"author":[{"embeddable":true,"href":"https:\/\/www.kktavastia.fi\/lukiot-hameenlinnan-lyseo\/wp-json\/wp\/v2\/users\/14"}],"replies":[{"embeddable":true,"href":"https:\/\/www.kktavastia.fi\/lukiot-hameenlinnan-lyseo\/wp-json\/wp\/v2\/comments?post=2144"}],"version-history":[{"count":0,"href":"https:\/\/www.kktavastia.fi\/lukiot-hameenlinnan-lyseo\/wp-json\/wp\/v2\/posts\/2144\/revisions"}],"wp:featuredmedia":[{"embeddable":true,"href":"https:\/\/www.kktavastia.fi\/lukiot-hameenlinnan-lyseo\/wp-json\/wp\/v2\/media\/2146"}],"wp:attachment":[{"href":"https:\/\/www.kktavastia.fi\/lukiot-hameenlinnan-lyseo\/wp-json\/wp\/v2\/media?parent=2144"}],"wp:term":[{"taxonomy":"category","embeddable":true,"href":"https:\/\/www.kktavastia.fi\/lukiot-hameenlinnan-lyseo\/wp-json\/wp\/v2\/categories?post=2144"},{"taxonomy":"post_tag","embeddable":true,"href":"https:\/\/www.kktavastia.fi\/lukiot-hameenlinnan-lyseo\/wp-json\/wp\/v2\/tags?post=2144"}],"curies":[{"name":"wp","href":"https:\/\/api.w.org\/{rel}","templated":true}]}}