{"id":1784,"date":"2018-05-18T10:06:04","date_gmt":"2018-05-18T07:06:04","guid":{"rendered":"https:\/\/www.kktavastia.fi\/lyseon-lukio\/?p=1784"},"modified":"2018-05-18T10:06:04","modified_gmt":"2018-05-18T07:06:04","slug":"hameenlinnan-lyseon-lukion-kevaan-2018-ylioppilaat","status":"publish","type":"post","link":"https:\/\/www.kktavastia.fi\/lukiot-hameenlinnan-lyseo\/2018\/hameenlinnan-lyseon-lukion-kevaan-2018-ylioppilaat\/","title":{"rendered":"H\u00e4meenlinnan lyseon lukion kev\u00e4\u00e4n ylioppilaat"},"content":{"rendered":"<h3><em><a href=\"https:\/\/www.kktavastia.fi\/media\/sites\/8\/lakki.jpg\"><img loading=\"lazy\" decoding=\"async\" class=\"size-full wp-image-1313 alignright\" src=\"https:\/\/www.kktavastia.fi\/media\/sites\/8\/lakki.jpg\" alt=\"\" width=\"300\" height=\"200\" srcset=\"https:\/\/www.kktavastia.fi\/media\/sites\/8\/lakki.jpg 300w, https:\/\/www.kktavastia.fi\/media\/sites\/8\/lakki-20x13.jpg 20w\" sizes=\"auto, (max-width: 300px) 100vw, 300px\" \/><\/a>H\u00e4meenlinnan lyseon lukio<\/em><\/h3>\n<p><em>Ylioppilaita<\/em> 130<\/p>\n<p>Al-Zubeidi Mariam<br \/>\nAndersson Viveann<br \/>\nAulavuo Suvi<br \/>\nCalder\u00f3n Liliann<br \/>\nEerola Viljami<br \/>\nEloranta Stella<br \/>\nElsinen Taneli<br \/>\nEnglund Maija<br \/>\nEskola Tero<br \/>\nForsg\u00e5rd Alexandra<br \/>\nGrankvist Emil<br \/>\nHasari Santeri<br \/>\nHeikkinen Essi<br \/>\nHeinonen Miika<br \/>\nHietala Eetu<br \/>\nHirvonen Claudia<br \/>\nHuttu Matias<br \/>\nHyttinen Siiri<br \/>\nHyv\u00e4rinen Juha<br \/>\nHyyti\u00e4 Helena<br \/>\nH\u00e4m\u00e4l\u00e4inen Viivi<br \/>\nH\u00f6glund Lotta<br \/>\nIkonen Jaakko<br \/>\nJalava Iiris<br \/>\nJunnonaho Janina<br \/>\nJuurakko Reetta<br \/>\nKainulainen Hanna-Riikka<br \/>\nKalkko Venla<br \/>\nKallioinen Jimi<br \/>\nKalliokoski Roosa<br \/>\nKarhunen Pihla<br \/>\nKarhunen Pinja<br \/>\nKarjalainen Anette<br \/>\nKekki Ilmari<br \/>\nKemppainen Alpi<br \/>\nKeskinen Anni<br \/>\nKitinprami Samu<br \/>\nKivim\u00e4ki Eero<br \/>\nKivinen Samu<br \/>\nKleemola Jaakko<br \/>\nKoivu Elias<br \/>\nKoivukoski Jesse<br \/>\nKokko Petra H.<br \/>\nKokko Petra M.<br \/>\nKontio Toni<br \/>\nKorelin Siiri<br \/>\nKoskelainen Alisa<br \/>\nKoskinen Sebastian<br \/>\nKulmala Elina<br \/>\nKuurma Kira<br \/>\nKuusisto Noora<br \/>\nK\u00e4hk\u00f6nen Juho<br \/>\nLaine Aurora<br \/>\nLaine Emmi<br \/>\nLaine Nea<br \/>\nLaine Tino<br \/>\nLaineinen Konsta<br \/>\nLaitila Matti<br \/>\nLehtinen Emma<br \/>\nLehtinen Sara<br \/>\nLeinonen Eetla<br \/>\nLeinonen Matias<br \/>\nLensu Noora<br \/>\nLeppinen Susanna<br \/>\nLepp\u00e4nen Jyri<br \/>\nLepp\u00e4nen Sanni<br \/>\nLindell Katri<br \/>\nLindell Terhi<br \/>\nLindgren Luuka<br \/>\nLiukkonen Aliisa<br \/>\nLyly Mikko<br \/>\nMantere Tuomo<br \/>\nMatero Vanessa<br \/>\nMBakwe Salima<br \/>\nMustonen Kristina<br \/>\nM\u00e4enp\u00e4\u00e4 Hanna<br \/>\nM\u00e4\u00e4tt\u00e4 Onni-Matias<br \/>\nM\u00f6nttinen Senja<br \/>\nNevala Oskari<br \/>\nNevalainen Nea<br \/>\nNikkanen Eve<br \/>\nNikkil\u00e4 Meeri<br \/>\nNiskanen Oskari<br \/>\nNyg\u00e5rd Mathilda<br \/>\nOjala Santtu<br \/>\nOksanen Katri<br \/>\nOrkola Saara<br \/>\nPaasikivi Iida<br \/>\nPalm Tuomas<br \/>\nPitk\u00e4nen Silja<br \/>\nPolsa Veeti<br \/>\nPoussu Ronja<br \/>\nPukki Sandra<br \/>\nRaitanen Laura<br \/>\nRanki Ville<br \/>\nReimi Sara<br \/>\nReunanen Niklas<br \/>\nRiekkola Juho<br \/>\nRiipinen Venla<br \/>\nRyh\u00e4nen Juuso<br \/>\nR\u00f6nkk\u00f6 Jemina<br \/>\nSalo Juuso<br \/>\nSalo Sanni<br \/>\nSalonen Sanni<br \/>\nSeyar Beheshta<br \/>\nSillanp\u00e4\u00e4 Jan<br \/>\nSilvennoinen Lari<br \/>\nSipponen Eetu<br \/>\nSteen Petra<br \/>\nStenius Santeri<br \/>\nSundell Toni<br \/>\nSuojanen Jarkko<br \/>\nTamminen Hanna<br \/>\nTikkala Ilkka<br \/>\nToivonen Torsti<br \/>\nTuimala Juuso<br \/>\nTuominen Jesse<br \/>\nTuomisto Erkka<br \/>\nTynkkynen Aleksi<br \/>\nVanhanen Anni<br \/>\nVanhatalo Niko<br \/>\nVartiainen Konsta<br \/>\nVeijalainen Sami<br \/>\nViitanen Venla<br \/>\nVilmunen Onni<br \/>\nVimpari Jenna<br \/>\nVirolainen Ilona<br \/>\nVirtanen Janne<br \/>\nWarjovaara Aapo<br \/>\nWesterlund Vili<br \/>\nYrj\u00f6-Koskinen Tuomas<br \/>\nYtti Lauri<\/p>\n<h3><em>H\u00e4meenlinnan lyseon lukion aikuislinja<\/em><\/h3>\n<p><em>Ylioppilaita 32<\/em><\/p>\n<p>Huusela Kimmo<br \/>\nJalkanen Milja<br \/>\nKanniainen Venla<br \/>\nKoskela Sami<br \/>\nLepist\u00f6 Asko-Tapani<br \/>\nLintum\u00e4ki Leo<br \/>\nMets\u00e4m\u00e4ki Linda<br \/>\nPeuranen Timi<br \/>\nSalmi Jenni<br \/>\nTalja Petra<br \/>\nVahantila Henna<\/p>\n<p><strong>Kaksoistutkinto<\/strong> (ammatillinen perustutkinto ja ylioppilastutkinto)<br \/>\nCederlund Janne<br \/>\nErkkil\u00e4 Salla<br \/>\nHeikkil\u00e4 Roosa<br \/>\nHiltunen Peppi<br \/>\nKnuutila Eveliina<br \/>\nKoskinen Riia<br \/>\nLaakso Janita<br \/>\nLaakso Vilma<br \/>\nLaine Saku<br \/>\nLehtinen Toivo<br \/>\nLinjama Anniina<br \/>\nLuojus Ilmari<br \/>\nMikkola Eveliina<br \/>\nOripelto Santeri<br \/>\nPerki\u00f6m\u00e4ki Unna<br \/>\nSaarinen Emilia<br \/>\nSaarinen Julia<br \/>\nSaarinen Sanni<br \/>\nSalakari Jenna<br \/>\nTuominen Maaria<br \/>\nWald\u00e9n Rasmus<\/p>\n<h5><em><strong>L\u00e4mpim\u00e4t onnittelut!<\/strong><\/em><\/h5>\n","protected":false},"excerpt":{"rendered":"<p>H\u00e4meenlinnan lyseon lukio Ylioppilaita 130 Al-Zubeidi Mariam Andersson Viveann Aulavuo Suvi Calder\u00f3n Liliann Eerola Viljami Eloranta Stella Elsinen Taneli Englund [&hellip;]<\/p>\n","protected":false},"author":5,"featured_media":1313,"comment_status":"closed","ping_status":"closed","sticky":false,"template":"","format":"standard","meta":{"_acf_changed":false,"_relevanssi_hide_post":"","_relevanssi_hide_content":"","_relevanssi_pin_for_all":"","_relevanssi_pin_keywords":"","_relevanssi_unpin_keywords":"","_relevanssi_related_keywords":"","_relevanssi_related_include_ids":"","_relevanssi_related_exclude_ids":"","_relevanssi_related_no_append":"","_relevanssi_related_not_related":"","_relevanssi_related_posts":"","_relevanssi_noindex_reason":"","footnotes":""},"categories":[5],"tags":[],"class_list":["post-1784","post","type-post","status-publish","format-standard","has-post-thumbnail","hentry","category-ajankohtaista"],"acf":[],"yoast_head":"<title>H\u00e4meenlinnan lyseon lukion kev\u00e4\u00e4n ylioppilaat - H\u00e4meenlinnan lyseon lukio<\/title>\n<meta name=\"robots\" content=\"index, follow, max-snippet:-1, max-image-preview:large, max-video-preview:-1\" \/>\n<link rel=\"canonical\" href=\"https:\/\/www.kktavastia.fi\/lukiot-hameenlinnan-lyseo\/2018\/hameenlinnan-lyseon-lukion-kevaan-2018-ylioppilaat\/\" \/>\n<meta property=\"og:locale\" content=\"fi_FI\" \/>\n<meta property=\"og:type\" content=\"article\" \/>\n<meta property=\"og:title\" content=\"H\u00e4meenlinnan lyseon lukion kev\u00e4\u00e4n ylioppilaat - H\u00e4meenlinnan lyseon lukio\" \/>\n<meta property=\"og:description\" content=\"H\u00e4meenlinnan lyseon lukio Ylioppilaita 130 Al-Zubeidi Mariam Andersson Viveann Aulavuo Suvi Calder\u00f3n Liliann Eerola Viljami Eloranta Stella Elsinen Taneli Englund [&hellip;]\" \/>\n<meta property=\"og:url\" content=\"https:\/\/www.kktavastia.fi\/lukiot-hameenlinnan-lyseo\/2018\/hameenlinnan-lyseon-lukion-kevaan-2018-ylioppilaat\/\" \/>\n<meta property=\"og:site_name\" content=\"H\u00e4meenlinnan lyseon lukio\" \/>\n<meta property=\"article:published_time\" content=\"2018-05-18T07:06:04+00:00\" \/>\n<meta property=\"og:image\" content=\"https:\/\/www.kktavastia.fi\/media\/sites\/8\/lakki.jpg\" \/>\n\t<meta property=\"og:image:width\" content=\"300\" \/>\n\t<meta property=\"og:image:height\" content=\"200\" \/>\n\t<meta property=\"og:image:type\" content=\"image\/jpeg\" \/>\n<meta name=\"author\" content=\"sannajalli\" \/>\n<meta name=\"twitter:card\" content=\"summary_large_image\" \/>\n<script type=\"application\/ld+json\" class=\"yoast-schema-graph\">{\"@context\":\"https:\\\/\\\/schema.org\",\"@graph\":[{\"@type\":\"Article\",\"@id\":\"https:\\\/\\\/www.kktavastia.fi\\\/lukiot-hameenlinnan-lyseo\\\/2018\\\/hameenlinnan-lyseon-lukion-kevaan-2018-ylioppilaat\\\/#article\",\"isPartOf\":{\"@id\":\"https:\\\/\\\/www.kktavastia.fi\\\/lukiot-hameenlinnan-lyseo\\\/2018\\\/hameenlinnan-lyseon-lukion-kevaan-2018-ylioppilaat\\\/\"},\"author\":{\"name\":\"sannajalli\",\"@id\":\"https:\\\/\\\/www.kktavastia.fi\\\/lukiot-hameenlinnan-lyseo\\\/#\\\/schema\\\/person\\\/5124cdf24960861f89c21a474417e84c\"},\"headline\":\"H\u00e4meenlinnan lyseon lukion kev\u00e4\u00e4n ylioppilaat\",\"datePublished\":\"2018-05-18T07:06:04+00:00\",\"mainEntityOfPage\":{\"@id\":\"https:\\\/\\\/www.kktavastia.fi\\\/lukiot-hameenlinnan-lyseo\\\/2018\\\/hameenlinnan-lyseon-lukion-kevaan-2018-ylioppilaat\\\/\"},\"wordCount\":383,\"image\":{\"@id\":\"https:\\\/\\\/www.kktavastia.fi\\\/lukiot-hameenlinnan-lyseo\\\/2018\\\/hameenlinnan-lyseon-lukion-kevaan-2018-ylioppilaat\\\/#primaryimage\"},\"thumbnailUrl\":\"https:\\\/\\\/www.kktavastia.fi\\\/media\\\/sites\\\/8\\\/lakki.jpg\",\"articleSection\":[\"Ajankohtaista\"],\"inLanguage\":\"fi\"},{\"@type\":\"WebPage\",\"@id\":\"https:\\\/\\\/www.kktavastia.fi\\\/lukiot-hameenlinnan-lyseo\\\/2018\\\/hameenlinnan-lyseon-lukion-kevaan-2018-ylioppilaat\\\/\",\"url\":\"https:\\\/\\\/www.kktavastia.fi\\\/lukiot-hameenlinnan-lyseo\\\/2018\\\/hameenlinnan-lyseon-lukion-kevaan-2018-ylioppilaat\\\/\",\"name\":\"H\u00e4meenlinnan lyseon lukion kev\u00e4\u00e4n ylioppilaat - H\u00e4meenlinnan lyseon lukio\",\"isPartOf\":{\"@id\":\"https:\\\/\\\/www.kktavastia.fi\\\/lukiot-hameenlinnan-lyseo\\\/#website\"},\"primaryImageOfPage\":{\"@id\":\"https:\\\/\\\/www.kktavastia.fi\\\/lukiot-hameenlinnan-lyseo\\\/2018\\\/hameenlinnan-lyseon-lukion-kevaan-2018-ylioppilaat\\\/#primaryimage\"},\"image\":{\"@id\":\"https:\\\/\\\/www.kktavastia.fi\\\/lukiot-hameenlinnan-lyseo\\\/2018\\\/hameenlinnan-lyseon-lukion-kevaan-2018-ylioppilaat\\\/#primaryimage\"},\"thumbnailUrl\":\"https:\\\/\\\/www.kktavastia.fi\\\/media\\\/sites\\\/8\\\/lakki.jpg\",\"datePublished\":\"2018-05-18T07:06:04+00:00\",\"author\":{\"@id\":\"https:\\\/\\\/www.kktavastia.fi\\\/lukiot-hameenlinnan-lyseo\\\/#\\\/schema\\\/person\\\/5124cdf24960861f89c21a474417e84c\"},\"breadcrumb\":{\"@id\":\"https:\\\/\\\/www.kktavastia.fi\\\/lukiot-hameenlinnan-lyseo\\\/2018\\\/hameenlinnan-lyseon-lukion-kevaan-2018-ylioppilaat\\\/#breadcrumb\"},\"inLanguage\":\"fi\",\"potentialAction\":[{\"@type\":\"ReadAction\",\"target\":[\"https:\\\/\\\/www.kktavastia.fi\\\/lukiot-hameenlinnan-lyseo\\\/2018\\\/hameenlinnan-lyseon-lukion-kevaan-2018-ylioppilaat\\\/\"]}]},{\"@type\":\"ImageObject\",\"inLanguage\":\"fi\",\"@id\":\"https:\\\/\\\/www.kktavastia.fi\\\/lukiot-hameenlinnan-lyseo\\\/2018\\\/hameenlinnan-lyseon-lukion-kevaan-2018-ylioppilaat\\\/#primaryimage\",\"url\":\"https:\\\/\\\/www.kktavastia.fi\\\/media\\\/sites\\\/8\\\/lakki.jpg\",\"contentUrl\":\"https:\\\/\\\/www.kktavastia.fi\\\/media\\\/sites\\\/8\\\/lakki.jpg\",\"width\":300,\"height\":200},{\"@type\":\"BreadcrumbList\",\"@id\":\"https:\\\/\\\/www.kktavastia.fi\\\/lukiot-hameenlinnan-lyseo\\\/2018\\\/hameenlinnan-lyseon-lukion-kevaan-2018-ylioppilaat\\\/#breadcrumb\",\"itemListElement\":[{\"@type\":\"ListItem\",\"position\":1,\"name\":\"Home\",\"item\":\"https:\\\/\\\/www.kktavastia.fi\\\/lukiot-hameenlinnan-lyseo\\\/\"},{\"@type\":\"ListItem\",\"position\":2,\"name\":\"H\u00e4meenlinnan lyseon lukion kev\u00e4\u00e4n ylioppilaat\"}]},{\"@type\":\"WebSite\",\"@id\":\"https:\\\/\\\/www.kktavastia.fi\\\/lukiot-hameenlinnan-lyseo\\\/#website\",\"url\":\"https:\\\/\\\/www.kktavastia.fi\\\/lukiot-hameenlinnan-lyseo\\\/\",\"name\":\"H\u00e4meenlinnan lyseon lukio\",\"description\":\"\",\"potentialAction\":[{\"@type\":\"SearchAction\",\"target\":{\"@type\":\"EntryPoint\",\"urlTemplate\":\"https:\\\/\\\/www.kktavastia.fi\\\/lukiot-hameenlinnan-lyseo\\\/?s={search_term_string}\"},\"query-input\":{\"@type\":\"PropertyValueSpecification\",\"valueRequired\":true,\"valueName\":\"search_term_string\"}}],\"inLanguage\":\"fi\"},{\"@type\":\"Person\",\"@id\":\"https:\\\/\\\/www.kktavastia.fi\\\/lukiot-hameenlinnan-lyseo\\\/#\\\/schema\\\/person\\\/5124cdf24960861f89c21a474417e84c\",\"name\":\"sannajalli\",\"image\":{\"@type\":\"ImageObject\",\"inLanguage\":\"fi\",\"@id\":\"https:\\\/\\\/secure.gravatar.com\\\/avatar\\\/5a90797dc90f9ae04e1821fb5ead7872f6cb5e56ea86cb2a991873d12dd0c83a?s=96&d=mm&r=g\",\"url\":\"https:\\\/\\\/secure.gravatar.com\\\/avatar\\\/5a90797dc90f9ae04e1821fb5ead7872f6cb5e56ea86cb2a991873d12dd0c83a?s=96&d=mm&r=g\",\"contentUrl\":\"https:\\\/\\\/secure.gravatar.com\\\/avatar\\\/5a90797dc90f9ae04e1821fb5ead7872f6cb5e56ea86cb2a991873d12dd0c83a?s=96&d=mm&r=g\",\"caption\":\"sannajalli\"},\"url\":\"https:\\\/\\\/www.kktavastia.fi\\\/lukiot-hameenlinnan-lyseo\\\/author\\\/sannajalli\\\/\"}]}<\/script>","yoast_head_json":{"title":"H\u00e4meenlinnan lyseon lukion kev\u00e4\u00e4n ylioppilaat - H\u00e4meenlinnan lyseon lukio","robots":{"index":"index","follow":"follow","max-snippet":"max-snippet:-1","max-image-preview":"max-image-preview:large","max-video-preview":"max-video-preview:-1"},"canonical":"https:\/\/www.kktavastia.fi\/lukiot-hameenlinnan-lyseo\/2018\/hameenlinnan-lyseon-lukion-kevaan-2018-ylioppilaat\/","og_locale":"fi_FI","og_type":"article","og_title":"H\u00e4meenlinnan lyseon lukion kev\u00e4\u00e4n ylioppilaat - H\u00e4meenlinnan lyseon lukio","og_description":"H\u00e4meenlinnan lyseon lukio Ylioppilaita 130 Al-Zubeidi Mariam Andersson Viveann Aulavuo Suvi Calder\u00f3n Liliann Eerola Viljami Eloranta Stella Elsinen Taneli Englund [&hellip;]","og_url":"https:\/\/www.kktavastia.fi\/lukiot-hameenlinnan-lyseo\/2018\/hameenlinnan-lyseon-lukion-kevaan-2018-ylioppilaat\/","og_site_name":"H\u00e4meenlinnan lyseon lukio","article_published_time":"2018-05-18T07:06:04+00:00","og_image":[{"width":300,"height":200,"url":"https:\/\/www.kktavastia.fi\/media\/sites\/8\/lakki.jpg","type":"image\/jpeg"}],"author":"sannajalli","twitter_card":"summary_large_image","schema":{"@context":"https:\/\/schema.org","@graph":[{"@type":"Article","@id":"https:\/\/www.kktavastia.fi\/lukiot-hameenlinnan-lyseo\/2018\/hameenlinnan-lyseon-lukion-kevaan-2018-ylioppilaat\/#article","isPartOf":{"@id":"https:\/\/www.kktavastia.fi\/lukiot-hameenlinnan-lyseo\/2018\/hameenlinnan-lyseon-lukion-kevaan-2018-ylioppilaat\/"},"author":{"name":"sannajalli","@id":"https:\/\/www.kktavastia.fi\/lukiot-hameenlinnan-lyseo\/#\/schema\/person\/5124cdf24960861f89c21a474417e84c"},"headline":"H\u00e4meenlinnan lyseon lukion kev\u00e4\u00e4n ylioppilaat","datePublished":"2018-05-18T07:06:04+00:00","mainEntityOfPage":{"@id":"https:\/\/www.kktavastia.fi\/lukiot-hameenlinnan-lyseo\/2018\/hameenlinnan-lyseon-lukion-kevaan-2018-ylioppilaat\/"},"wordCount":383,"image":{"@id":"https:\/\/www.kktavastia.fi\/lukiot-hameenlinnan-lyseo\/2018\/hameenlinnan-lyseon-lukion-kevaan-2018-ylioppilaat\/#primaryimage"},"thumbnailUrl":"https:\/\/www.kktavastia.fi\/media\/sites\/8\/lakki.jpg","articleSection":["Ajankohtaista"],"inLanguage":"fi"},{"@type":"WebPage","@id":"https:\/\/www.kktavastia.fi\/lukiot-hameenlinnan-lyseo\/2018\/hameenlinnan-lyseon-lukion-kevaan-2018-ylioppilaat\/","url":"https:\/\/www.kktavastia.fi\/lukiot-hameenlinnan-lyseo\/2018\/hameenlinnan-lyseon-lukion-kevaan-2018-ylioppilaat\/","name":"H\u00e4meenlinnan lyseon lukion kev\u00e4\u00e4n ylioppilaat - H\u00e4meenlinnan lyseon lukio","isPartOf":{"@id":"https:\/\/www.kktavastia.fi\/lukiot-hameenlinnan-lyseo\/#website"},"primaryImageOfPage":{"@id":"https:\/\/www.kktavastia.fi\/lukiot-hameenlinnan-lyseo\/2018\/hameenlinnan-lyseon-lukion-kevaan-2018-ylioppilaat\/#primaryimage"},"image":{"@id":"https:\/\/www.kktavastia.fi\/lukiot-hameenlinnan-lyseo\/2018\/hameenlinnan-lyseon-lukion-kevaan-2018-ylioppilaat\/#primaryimage"},"thumbnailUrl":"https:\/\/www.kktavastia.fi\/media\/sites\/8\/lakki.jpg","datePublished":"2018-05-18T07:06:04+00:00","author":{"@id":"https:\/\/www.kktavastia.fi\/lukiot-hameenlinnan-lyseo\/#\/schema\/person\/5124cdf24960861f89c21a474417e84c"},"breadcrumb":{"@id":"https:\/\/www.kktavastia.fi\/lukiot-hameenlinnan-lyseo\/2018\/hameenlinnan-lyseon-lukion-kevaan-2018-ylioppilaat\/#breadcrumb"},"inLanguage":"fi","potentialAction":[{"@type":"ReadAction","target":["https:\/\/www.kktavastia.fi\/lukiot-hameenlinnan-lyseo\/2018\/hameenlinnan-lyseon-lukion-kevaan-2018-ylioppilaat\/"]}]},{"@type":"ImageObject","inLanguage":"fi","@id":"https:\/\/www.kktavastia.fi\/lukiot-hameenlinnan-lyseo\/2018\/hameenlinnan-lyseon-lukion-kevaan-2018-ylioppilaat\/#primaryimage","url":"https:\/\/www.kktavastia.fi\/media\/sites\/8\/lakki.jpg","contentUrl":"https:\/\/www.kktavastia.fi\/media\/sites\/8\/lakki.jpg","width":300,"height":200},{"@type":"BreadcrumbList","@id":"https:\/\/www.kktavastia.fi\/lukiot-hameenlinnan-lyseo\/2018\/hameenlinnan-lyseon-lukion-kevaan-2018-ylioppilaat\/#breadcrumb","itemListElement":[{"@type":"ListItem","position":1,"name":"Home","item":"https:\/\/www.kktavastia.fi\/lukiot-hameenlinnan-lyseo\/"},{"@type":"ListItem","position":2,"name":"H\u00e4meenlinnan lyseon lukion kev\u00e4\u00e4n ylioppilaat"}]},{"@type":"WebSite","@id":"https:\/\/www.kktavastia.fi\/lukiot-hameenlinnan-lyseo\/#website","url":"https:\/\/www.kktavastia.fi\/lukiot-hameenlinnan-lyseo\/","name":"H\u00e4meenlinnan lyseon lukio","description":"","potentialAction":[{"@type":"SearchAction","target":{"@type":"EntryPoint","urlTemplate":"https:\/\/www.kktavastia.fi\/lukiot-hameenlinnan-lyseo\/?s={search_term_string}"},"query-input":{"@type":"PropertyValueSpecification","valueRequired":true,"valueName":"search_term_string"}}],"inLanguage":"fi"},{"@type":"Person","@id":"https:\/\/www.kktavastia.fi\/lukiot-hameenlinnan-lyseo\/#\/schema\/person\/5124cdf24960861f89c21a474417e84c","name":"sannajalli","image":{"@type":"ImageObject","inLanguage":"fi","@id":"https:\/\/secure.gravatar.com\/avatar\/5a90797dc90f9ae04e1821fb5ead7872f6cb5e56ea86cb2a991873d12dd0c83a?s=96&d=mm&r=g","url":"https:\/\/secure.gravatar.com\/avatar\/5a90797dc90f9ae04e1821fb5ead7872f6cb5e56ea86cb2a991873d12dd0c83a?s=96&d=mm&r=g","contentUrl":"https:\/\/secure.gravatar.com\/avatar\/5a90797dc90f9ae04e1821fb5ead7872f6cb5e56ea86cb2a991873d12dd0c83a?s=96&d=mm&r=g","caption":"sannajalli"},"url":"https:\/\/www.kktavastia.fi\/lukiot-hameenlinnan-lyseo\/author\/sannajalli\/"}]}},"_links":{"self":[{"href":"https:\/\/www.kktavastia.fi\/lukiot-hameenlinnan-lyseo\/wp-json\/wp\/v2\/posts\/1784","targetHints":{"allow":["GET"]}}],"collection":[{"href":"https:\/\/www.kktavastia.fi\/lukiot-hameenlinnan-lyseo\/wp-json\/wp\/v2\/posts"}],"about":[{"href":"https:\/\/www.kktavastia.fi\/lukiot-hameenlinnan-lyseo\/wp-json\/wp\/v2\/types\/post"}],"author":[{"embeddable":true,"href":"https:\/\/www.kktavastia.fi\/lukiot-hameenlinnan-lyseo\/wp-json\/wp\/v2\/users\/5"}],"replies":[{"embeddable":true,"href":"https:\/\/www.kktavastia.fi\/lukiot-hameenlinnan-lyseo\/wp-json\/wp\/v2\/comments?post=1784"}],"version-history":[{"count":0,"href":"https:\/\/www.kktavastia.fi\/lukiot-hameenlinnan-lyseo\/wp-json\/wp\/v2\/posts\/1784\/revisions"}],"wp:featuredmedia":[{"embeddable":true,"href":"https:\/\/www.kktavastia.fi\/lukiot-hameenlinnan-lyseo\/wp-json\/wp\/v2\/media\/1313"}],"wp:attachment":[{"href":"https:\/\/www.kktavastia.fi\/lukiot-hameenlinnan-lyseo\/wp-json\/wp\/v2\/media?parent=1784"}],"wp:term":[{"taxonomy":"category","embeddable":true,"href":"https:\/\/www.kktavastia.fi\/lukiot-hameenlinnan-lyseo\/wp-json\/wp\/v2\/categories?post=1784"},{"taxonomy":"post_tag","embeddable":true,"href":"https:\/\/www.kktavastia.fi\/lukiot-hameenlinnan-lyseo\/wp-json\/wp\/v2\/tags?post=1784"}],"curies":[{"name":"wp","href":"https:\/\/api.w.org\/{rel}","templated":true}]}}