{"id":1487,"date":"2017-09-15T11:00:41","date_gmt":"2017-09-15T08:00:41","guid":{"rendered":"https:\/\/www.kktavastia.fi\/lyseon-lukio\/?p=1487"},"modified":"2017-09-15T11:00:41","modified_gmt":"2017-09-15T08:00:41","slug":"kaurialan-lyseon-lammin-parolan-ja-tervakosken-lukiolaisten-tiedekouluvierailu-cerniin","status":"publish","type":"post","link":"https:\/\/www.kktavastia.fi\/lukiot-hameenlinnan-lyseo\/2017\/kaurialan-lyseon-lammin-parolan-ja-tervakosken-lukiolaisten-tiedekouluvierailu-cerniin\/","title":{"rendered":"Kaurialan, Lyseon, Lammin, Parolan ja Tervakosken lukiolaisten tiedekouluvierailu Cerniin"},"content":{"rendered":"<div id='gallery-1' class='gallery galleryid-1487 gallery-columns-5 gallery-size-thumbnail'><figure class='gallery-item'>\n\t\t\t<div class='gallery-icon landscape'>\n\t\t\t\t<a href='https:\/\/www.kktavastia.fi\/lukiot-hameenlinnan-lyseo\/2017\/kaurialan-lyseon-lammin-parolan-ja-tervakosken-lukiolaisten-tiedekouluvierailu-cerniin\/karttakuva\/'><img loading=\"lazy\" decoding=\"async\" width=\"150\" height=\"150\" src=\"https:\/\/www.kktavastia.fi\/media\/sites\/8\/karttakuva-150x150.jpg\" class=\"attachment-thumbnail size-thumbnail\" alt=\"\" aria-describedby=\"gallery-1-1490\" \/><\/a>\n\t\t\t<\/div>\n\t\t\t\t<figcaption class='wp-caption-text gallery-caption' id='gallery-1-1490'>\n\t\t\t\tKarttakuva SPS- ja LHC- hiukkaskiihdyttimien sijainnista Sveitsin ja Ranskan rajalla.\n\t\t\t\t<\/figcaption><\/figure><figure class='gallery-item'>\n\t\t\t<div class='gallery-icon landscape'>\n\t\t\t\t<a href='https:\/\/www.kktavastia.fi\/lukiot-hameenlinnan-lyseo\/2017\/kaurialan-lyseon-lammin-parolan-ja-tervakosken-lukiolaisten-tiedekouluvierailu-cerniin\/chc-kiihdytin\/'><img loading=\"lazy\" decoding=\"async\" width=\"150\" height=\"150\" src=\"https:\/\/www.kktavastia.fi\/media\/sites\/8\/chc-kiihdytin-150x150.jpg\" class=\"attachment-thumbnail size-thumbnail\" alt=\"\" aria-describedby=\"gallery-1-1489\" \/><\/a>\n\t\t\t<\/div>\n\t\t\t\t<figcaption class='wp-caption-text gallery-caption' id='gallery-1-1489'>\n\t\t\t\tLHC- kiihdyttimen CMS- mittausasema luonnollisessa koossaan.\n\t\t\t\t<\/figcaption><\/figure><figure class='gallery-item'>\n\t\t\t<div class='gallery-icon landscape'>\n\t\t\t\t<a href='https:\/\/www.kktavastia.fi\/lukiot-hameenlinnan-lyseo\/2017\/kaurialan-lyseon-lammin-parolan-ja-tervakosken-lukiolaisten-tiedekouluvierailu-cerniin\/antimateriatehdas\/'><img loading=\"lazy\" decoding=\"async\" width=\"150\" height=\"150\" src=\"https:\/\/www.kktavastia.fi\/media\/sites\/8\/antimateriatehdas-150x150.jpg\" class=\"attachment-thumbnail size-thumbnail\" alt=\"\" aria-describedby=\"gallery-1-1492\" \/><\/a>\n\t\t\t<\/div>\n\t\t\t\t<figcaption class='wp-caption-text gallery-caption' id='gallery-1-1492'>\n\t\t\t\tAntimateriatehdas.\n\t\t\t\t<\/figcaption><\/figure><figure class='gallery-item'>\n\t\t\t<div class='gallery-icon landscape'>\n\t\t\t\t<a href='https:\/\/www.kktavastia.fi\/lukiot-hameenlinnan-lyseo\/2017\/kaurialan-lyseon-lammin-parolan-ja-tervakosken-lukiolaisten-tiedekouluvierailu-cerniin\/chamonix\/'><img loading=\"lazy\" decoding=\"async\" width=\"150\" height=\"150\" src=\"https:\/\/www.kktavastia.fi\/media\/sites\/8\/chamonix-150x150.jpg\" class=\"attachment-thumbnail size-thumbnail\" alt=\"\" aria-describedby=\"gallery-1-1488\" \/><\/a>\n\t\t\t<\/div>\n\t\t\t\t<figcaption class='wp-caption-text gallery-caption' id='gallery-1-1488'>\n\t\t\t\tToiseksi viimeisen p\u00e4iv\u00e4n retki Chamonixissa oli sateisesta ja kylm\u00e4st\u00e4  s\u00e4\u00e4st\u00e4 huolimatta onnistunut. \n\t\t\t\t<\/figcaption><\/figure><figure class='gallery-item'>\n\t\t\t<div class='gallery-icon landscape'>\n\t\t\t\t<a href='https:\/\/www.kktavastia.fi\/lukiot-hameenlinnan-lyseo\/2017\/kaurialan-lyseon-lammin-parolan-ja-tervakosken-lukiolaisten-tiedekouluvierailu-cerniin\/ryhma-5\/'><img loading=\"lazy\" decoding=\"async\" width=\"150\" height=\"150\" src=\"https:\/\/www.kktavastia.fi\/media\/sites\/8\/ryhma-2-150x150.jpg\" class=\"attachment-thumbnail size-thumbnail\" alt=\"\" aria-describedby=\"gallery-1-1491\" \/><\/a>\n\t\t\t<\/div>\n\t\t\t\t<figcaption class='wp-caption-text gallery-caption' id='gallery-1-1491'>\n\t\t\t\tMukana reissulla oli 21 lukiolaista Kaurialasta, Lyseolta, Lammilta, Parolasta ja Tervakoskelta.\n\t\t\t\t<\/figcaption><\/figure>\n\t\t<\/div>\n\n<p><strong>Tiedekouluvierailu Cerniin 30.8.-1.9.2017<\/strong><\/p>\n<p>\u201dJos et osaa selitt\u00e4\u00e4 asiaa yksinkertaisesti, et tunne sit\u00e4 tarpeeksi hyvin\u201d. N\u00e4m\u00e4 Albert Einsteinin sanat tiivist\u00e4v\u00e4t tiedekouluvierailumme todella hyvin. Meille kolme p\u00e4iv\u00e4\u00e4 luennoineet asiantuntijat osasivat esitt\u00e4\u00e4 aiheensa ymm\u00e4rrett\u00e4v\u00e4sti ja kiinnostavasti. Oli my\u00f6s yll\u00e4tt\u00e4v\u00e4\u00e4 huomata, ett\u00e4 fysiikanlaitos koostui monesta muustakin asiasta kuin teoreettisista professoreista. Hiukkaskiihdyttimien lis\u00e4ksi saimme tutustua CERNin konetekniikkaan ja insin\u00f6\u00f6rity\u00f6h\u00f6n.<\/p>\n<p>Yhdeksi parhaimmista luennoitsijoista osoittautui Markus Nordberg, joka piti mukaansa tempaavan johdatuksen hiukkasfysiikan perusteisiin. Luennosta j\u00e4i p\u00e4\u00e4llimm\u00e4isen\u00e4 mieleen opetus: \u201dkyseenalaista kaikki\u201d. V\u00e4lill\u00e4 Nordbergin luennointi kuulosti jopa stand up -komiikalta, kun h\u00e4n muistutti meit\u00e4 fysiikan keskener\u00e4isyydest\u00e4. En\u00e4\u00e4 96,5 % maailmankaikkeuden massasta ja energiasta on hukassa eik\u00e4 energian s\u00e4ilymislakia osata todistaa teoreettisesti.<\/p>\n<p>Kati Lassila-Perinin luento hiukkaskiihdyttimist\u00e4 ja fysiikan tulevaisuuden haasteista nousi yhdeksi ryhm\u00e4mme suosikeista. Kaikki vastaamaan haastanut Lassila-Perini siivitti esityst\u00e4\u00e4n kyselem\u00e4ll\u00e4 standardimallista ja hiukkastutkimuksesta. Saimme kuulla monipuolisesti hiukkaskiihdyttimien ja -ilmaisimien teknisest\u00e4 toiminnasta, sek\u00e4 niist\u00e4 saadun datan analysoinnista. Vuodessa dataa tulisi nelj\u00e4 Mont Blancin korkuista pinoa DVD-levyj\u00e4. Protonien t\u00f6rm\u00e4yksist\u00e4 otetaan sekunnissa nelj\u00e4kymment\u00e4 miljoonaa kuvaa, joista talteen seulotaan satatuhatta.<\/p>\n<p>Suurimmalla vauhdilla viimeisen vuosikymmenen aikana ovat edenneet Cloud-tutkimus ilmakeh\u00e4n aerosolihiukkasista ja antimateriatutkimus. Tim Friesin luennolla opimme l\u00f6ydetyist\u00e4 antihiukkasista ja antivedyst\u00e4. Antimateriahiukkaset ovat identtisi\u00e4 tunnettujen hiukkasten kanssa, mutta omaavat vastakkaisen varauksen. Yksi alan suurimmista kysymyksist\u00e4 on alkur\u00e4j\u00e4hdyksess\u00e4 syntyneen materian ja antimaterian ep\u00e4tasapaino. Teoreettisesti materian ja antimaterian olisi kuulunut jakautua tasan, mutta koska n\u00e4in ei k\u00e4ynyt, olemme olemassa. Kaikkien hiukkasten annihiloitumista, jossa hiukkaset ja antihiukkaset tuhoavat toisensa t\u00f6rm\u00e4tess\u00e4\u00e4n, ei siis tapahtunut. Nykyp\u00e4iv\u00e4n\u00e4 antihiukkasia saadaan t\u00f6rm\u00e4ytt\u00e4m\u00e4ll\u00e4 tavallisia hiukkasia sek\u00e4 radioaktiivisista hajoamisista.<\/p>\n<h5>Kirjoittajat: Niklas, Jaakko ja Maria H\u00e4meenlinnan lyseon lukiosta<\/h5>\n<p>&nbsp;<\/p>\n","protected":false},"excerpt":{"rendered":"<p>Tiedekouluvierailu Cerniin 30.8.-1.9.2017 \u201dJos et osaa selitt\u00e4\u00e4 asiaa yksinkertaisesti, et tunne sit\u00e4 tarpeeksi hyvin\u201d. N\u00e4m\u00e4 Albert Einsteinin sanat tiivist\u00e4v\u00e4t tiedekouluvierailumme [&hellip;]<\/p>\n","protected":false},"author":14,"featured_media":1491,"comment_status":"closed","ping_status":"closed","sticky":false,"template":"","format":"standard","meta":{"_acf_changed":false,"_relevanssi_hide_post":"","_relevanssi_hide_content":"","_relevanssi_pin_for_all":"","_relevanssi_pin_keywords":"","_relevanssi_unpin_keywords":"","_relevanssi_related_keywords":"","_relevanssi_related_include_ids":"","_relevanssi_related_exclude_ids":"","_relevanssi_related_no_append":"","_relevanssi_related_not_related":"","_relevanssi_related_posts":"","_relevanssi_noindex_reason":"","footnotes":""},"categories":[5],"tags":[],"class_list":["post-1487","post","type-post","status-publish","format-standard","has-post-thumbnail","hentry","category-ajankohtaista"],"acf":[],"yoast_head":"<title>Kaurialan, Lyseon, Lammin, Parolan ja Tervakosken lukiolaisten tiedekouluvierailu Cerniin - H\u00e4meenlinnan lyseon lukio<\/title>\n<meta name=\"robots\" content=\"index, follow, max-snippet:-1, max-image-preview:large, max-video-preview:-1\" \/>\n<link rel=\"canonical\" href=\"https:\/\/www.kktavastia.fi\/lukiot-hameenlinnan-lyseo\/2017\/kaurialan-lyseon-lammin-parolan-ja-tervakosken-lukiolaisten-tiedekouluvierailu-cerniin\/\" \/>\n<meta property=\"og:locale\" content=\"fi_FI\" \/>\n<meta property=\"og:type\" content=\"article\" \/>\n<meta property=\"og:title\" content=\"Kaurialan, Lyseon, Lammin, Parolan ja Tervakosken lukiolaisten tiedekouluvierailu Cerniin - H\u00e4meenlinnan lyseon lukio\" \/>\n<meta property=\"og:description\" content=\"Tiedekouluvierailu Cerniin 30.8.-1.9.2017 \u201dJos et osaa selitt\u00e4\u00e4 asiaa yksinkertaisesti, et tunne sit\u00e4 tarpeeksi hyvin\u201d. N\u00e4m\u00e4 Albert Einsteinin sanat tiivist\u00e4v\u00e4t tiedekouluvierailumme [&hellip;]\" \/>\n<meta property=\"og:url\" content=\"https:\/\/www.kktavastia.fi\/lukiot-hameenlinnan-lyseo\/2017\/kaurialan-lyseon-lammin-parolan-ja-tervakosken-lukiolaisten-tiedekouluvierailu-cerniin\/\" \/>\n<meta property=\"og:site_name\" content=\"H\u00e4meenlinnan lyseon lukio\" \/>\n<meta property=\"article:published_time\" content=\"2017-09-15T08:00:41+00:00\" \/>\n<meta property=\"og:image\" content=\"https:\/\/www.kktavastia.fi\/media\/sites\/8\/ryhma-2.jpg\" \/>\n\t<meta property=\"og:image:width\" content=\"1015\" \/>\n\t<meta property=\"og:image:height\" content=\"610\" \/>\n\t<meta property=\"og:image:type\" content=\"image\/jpeg\" \/>\n<meta name=\"author\" content=\"Outi Ruohela\" \/>\n<meta name=\"twitter:card\" content=\"summary_large_image\" \/>\n<script type=\"application\/ld+json\" class=\"yoast-schema-graph\">{\"@context\":\"https:\\\/\\\/schema.org\",\"@graph\":[{\"@type\":\"Article\",\"@id\":\"https:\\\/\\\/www.kktavastia.fi\\\/lukiot-hameenlinnan-lyseo\\\/2017\\\/kaurialan-lyseon-lammin-parolan-ja-tervakosken-lukiolaisten-tiedekouluvierailu-cerniin\\\/#article\",\"isPartOf\":{\"@id\":\"https:\\\/\\\/www.kktavastia.fi\\\/lukiot-hameenlinnan-lyseo\\\/2017\\\/kaurialan-lyseon-lammin-parolan-ja-tervakosken-lukiolaisten-tiedekouluvierailu-cerniin\\\/\"},\"author\":{\"name\":\"Outi Ruohela\",\"@id\":\"https:\\\/\\\/www.kktavastia.fi\\\/lukiot-hameenlinnan-lyseo\\\/#\\\/schema\\\/person\\\/68a0de11bcf6807c61ba2f6ad45cb745\"},\"headline\":\"Kaurialan, Lyseon, Lammin, Parolan ja Tervakosken lukiolaisten tiedekouluvierailu Cerniin\",\"datePublished\":\"2017-09-15T08:00:41+00:00\",\"mainEntityOfPage\":{\"@id\":\"https:\\\/\\\/www.kktavastia.fi\\\/lukiot-hameenlinnan-lyseo\\\/2017\\\/kaurialan-lyseon-lammin-parolan-ja-tervakosken-lukiolaisten-tiedekouluvierailu-cerniin\\\/\"},\"wordCount\":299,\"image\":{\"@id\":\"https:\\\/\\\/www.kktavastia.fi\\\/lukiot-hameenlinnan-lyseo\\\/2017\\\/kaurialan-lyseon-lammin-parolan-ja-tervakosken-lukiolaisten-tiedekouluvierailu-cerniin\\\/#primaryimage\"},\"thumbnailUrl\":\"https:\\\/\\\/www.kktavastia.fi\\\/media\\\/sites\\\/8\\\/ryhma-2.jpg\",\"articleSection\":[\"Ajankohtaista\"],\"inLanguage\":\"fi\"},{\"@type\":\"WebPage\",\"@id\":\"https:\\\/\\\/www.kktavastia.fi\\\/lukiot-hameenlinnan-lyseo\\\/2017\\\/kaurialan-lyseon-lammin-parolan-ja-tervakosken-lukiolaisten-tiedekouluvierailu-cerniin\\\/\",\"url\":\"https:\\\/\\\/www.kktavastia.fi\\\/lukiot-hameenlinnan-lyseo\\\/2017\\\/kaurialan-lyseon-lammin-parolan-ja-tervakosken-lukiolaisten-tiedekouluvierailu-cerniin\\\/\",\"name\":\"Kaurialan, Lyseon, Lammin, Parolan ja Tervakosken lukiolaisten tiedekouluvierailu Cerniin - H\u00e4meenlinnan lyseon lukio\",\"isPartOf\":{\"@id\":\"https:\\\/\\\/www.kktavastia.fi\\\/lukiot-hameenlinnan-lyseo\\\/#website\"},\"primaryImageOfPage\":{\"@id\":\"https:\\\/\\\/www.kktavastia.fi\\\/lukiot-hameenlinnan-lyseo\\\/2017\\\/kaurialan-lyseon-lammin-parolan-ja-tervakosken-lukiolaisten-tiedekouluvierailu-cerniin\\\/#primaryimage\"},\"image\":{\"@id\":\"https:\\\/\\\/www.kktavastia.fi\\\/lukiot-hameenlinnan-lyseo\\\/2017\\\/kaurialan-lyseon-lammin-parolan-ja-tervakosken-lukiolaisten-tiedekouluvierailu-cerniin\\\/#primaryimage\"},\"thumbnailUrl\":\"https:\\\/\\\/www.kktavastia.fi\\\/media\\\/sites\\\/8\\\/ryhma-2.jpg\",\"datePublished\":\"2017-09-15T08:00:41+00:00\",\"author\":{\"@id\":\"https:\\\/\\\/www.kktavastia.fi\\\/lukiot-hameenlinnan-lyseo\\\/#\\\/schema\\\/person\\\/68a0de11bcf6807c61ba2f6ad45cb745\"},\"breadcrumb\":{\"@id\":\"https:\\\/\\\/www.kktavastia.fi\\\/lukiot-hameenlinnan-lyseo\\\/2017\\\/kaurialan-lyseon-lammin-parolan-ja-tervakosken-lukiolaisten-tiedekouluvierailu-cerniin\\\/#breadcrumb\"},\"inLanguage\":\"fi\",\"potentialAction\":[{\"@type\":\"ReadAction\",\"target\":[\"https:\\\/\\\/www.kktavastia.fi\\\/lukiot-hameenlinnan-lyseo\\\/2017\\\/kaurialan-lyseon-lammin-parolan-ja-tervakosken-lukiolaisten-tiedekouluvierailu-cerniin\\\/\"]}]},{\"@type\":\"ImageObject\",\"inLanguage\":\"fi\",\"@id\":\"https:\\\/\\\/www.kktavastia.fi\\\/lukiot-hameenlinnan-lyseo\\\/2017\\\/kaurialan-lyseon-lammin-parolan-ja-tervakosken-lukiolaisten-tiedekouluvierailu-cerniin\\\/#primaryimage\",\"url\":\"https:\\\/\\\/www.kktavastia.fi\\\/media\\\/sites\\\/8\\\/ryhma-2.jpg\",\"contentUrl\":\"https:\\\/\\\/www.kktavastia.fi\\\/media\\\/sites\\\/8\\\/ryhma-2.jpg\",\"width\":1015,\"height\":610,\"caption\":\"Mukana reissulla oli 21 lukiolaista Kaurialasta, Lyseolta, Lammilta, Parolasta ja Tervakoskelta.\"},{\"@type\":\"BreadcrumbList\",\"@id\":\"https:\\\/\\\/www.kktavastia.fi\\\/lukiot-hameenlinnan-lyseo\\\/2017\\\/kaurialan-lyseon-lammin-parolan-ja-tervakosken-lukiolaisten-tiedekouluvierailu-cerniin\\\/#breadcrumb\",\"itemListElement\":[{\"@type\":\"ListItem\",\"position\":1,\"name\":\"Home\",\"item\":\"https:\\\/\\\/www.kktavastia.fi\\\/lukiot-hameenlinnan-lyseo\\\/\"},{\"@type\":\"ListItem\",\"position\":2,\"name\":\"Kaurialan, Lyseon, Lammin, Parolan ja Tervakosken lukiolaisten tiedekouluvierailu Cerniin\"}]},{\"@type\":\"WebSite\",\"@id\":\"https:\\\/\\\/www.kktavastia.fi\\\/lukiot-hameenlinnan-lyseo\\\/#website\",\"url\":\"https:\\\/\\\/www.kktavastia.fi\\\/lukiot-hameenlinnan-lyseo\\\/\",\"name\":\"H\u00e4meenlinnan lyseon lukio\",\"description\":\"\",\"potentialAction\":[{\"@type\":\"SearchAction\",\"target\":{\"@type\":\"EntryPoint\",\"urlTemplate\":\"https:\\\/\\\/www.kktavastia.fi\\\/lukiot-hameenlinnan-lyseo\\\/?s={search_term_string}\"},\"query-input\":{\"@type\":\"PropertyValueSpecification\",\"valueRequired\":true,\"valueName\":\"search_term_string\"}}],\"inLanguage\":\"fi\"},{\"@type\":\"Person\",\"@id\":\"https:\\\/\\\/www.kktavastia.fi\\\/lukiot-hameenlinnan-lyseo\\\/#\\\/schema\\\/person\\\/68a0de11bcf6807c61ba2f6ad45cb745\",\"name\":\"Outi Ruohela\",\"image\":{\"@type\":\"ImageObject\",\"inLanguage\":\"fi\",\"@id\":\"https:\\\/\\\/secure.gravatar.com\\\/avatar\\\/ce424d158e08bec42b1b156b6e605564461a483003b32e6d17f03d992cdd1c80?s=96&d=mm&r=g\",\"url\":\"https:\\\/\\\/secure.gravatar.com\\\/avatar\\\/ce424d158e08bec42b1b156b6e605564461a483003b32e6d17f03d992cdd1c80?s=96&d=mm&r=g\",\"contentUrl\":\"https:\\\/\\\/secure.gravatar.com\\\/avatar\\\/ce424d158e08bec42b1b156b6e605564461a483003b32e6d17f03d992cdd1c80?s=96&d=mm&r=g\",\"caption\":\"Outi Ruohela\"},\"url\":\"https:\\\/\\\/www.kktavastia.fi\\\/lukiot-hameenlinnan-lyseo\\\/author\\\/outi-ruohelakktavastia-fi\\\/\"}]}<\/script>","yoast_head_json":{"title":"Kaurialan, Lyseon, Lammin, Parolan ja Tervakosken lukiolaisten tiedekouluvierailu Cerniin - H\u00e4meenlinnan lyseon lukio","robots":{"index":"index","follow":"follow","max-snippet":"max-snippet:-1","max-image-preview":"max-image-preview:large","max-video-preview":"max-video-preview:-1"},"canonical":"https:\/\/www.kktavastia.fi\/lukiot-hameenlinnan-lyseo\/2017\/kaurialan-lyseon-lammin-parolan-ja-tervakosken-lukiolaisten-tiedekouluvierailu-cerniin\/","og_locale":"fi_FI","og_type":"article","og_title":"Kaurialan, Lyseon, Lammin, Parolan ja Tervakosken lukiolaisten tiedekouluvierailu Cerniin - H\u00e4meenlinnan lyseon lukio","og_description":"Tiedekouluvierailu Cerniin 30.8.-1.9.2017 \u201dJos et osaa selitt\u00e4\u00e4 asiaa yksinkertaisesti, et tunne sit\u00e4 tarpeeksi hyvin\u201d. N\u00e4m\u00e4 Albert Einsteinin sanat tiivist\u00e4v\u00e4t tiedekouluvierailumme [&hellip;]","og_url":"https:\/\/www.kktavastia.fi\/lukiot-hameenlinnan-lyseo\/2017\/kaurialan-lyseon-lammin-parolan-ja-tervakosken-lukiolaisten-tiedekouluvierailu-cerniin\/","og_site_name":"H\u00e4meenlinnan lyseon lukio","article_published_time":"2017-09-15T08:00:41+00:00","og_image":[{"width":1015,"height":610,"url":"https:\/\/www.kktavastia.fi\/media\/sites\/8\/ryhma-2.jpg","type":"image\/jpeg"}],"author":"Outi Ruohela","twitter_card":"summary_large_image","schema":{"@context":"https:\/\/schema.org","@graph":[{"@type":"Article","@id":"https:\/\/www.kktavastia.fi\/lukiot-hameenlinnan-lyseo\/2017\/kaurialan-lyseon-lammin-parolan-ja-tervakosken-lukiolaisten-tiedekouluvierailu-cerniin\/#article","isPartOf":{"@id":"https:\/\/www.kktavastia.fi\/lukiot-hameenlinnan-lyseo\/2017\/kaurialan-lyseon-lammin-parolan-ja-tervakosken-lukiolaisten-tiedekouluvierailu-cerniin\/"},"author":{"name":"Outi Ruohela","@id":"https:\/\/www.kktavastia.fi\/lukiot-hameenlinnan-lyseo\/#\/schema\/person\/68a0de11bcf6807c61ba2f6ad45cb745"},"headline":"Kaurialan, Lyseon, Lammin, Parolan ja Tervakosken lukiolaisten tiedekouluvierailu Cerniin","datePublished":"2017-09-15T08:00:41+00:00","mainEntityOfPage":{"@id":"https:\/\/www.kktavastia.fi\/lukiot-hameenlinnan-lyseo\/2017\/kaurialan-lyseon-lammin-parolan-ja-tervakosken-lukiolaisten-tiedekouluvierailu-cerniin\/"},"wordCount":299,"image":{"@id":"https:\/\/www.kktavastia.fi\/lukiot-hameenlinnan-lyseo\/2017\/kaurialan-lyseon-lammin-parolan-ja-tervakosken-lukiolaisten-tiedekouluvierailu-cerniin\/#primaryimage"},"thumbnailUrl":"https:\/\/www.kktavastia.fi\/media\/sites\/8\/ryhma-2.jpg","articleSection":["Ajankohtaista"],"inLanguage":"fi"},{"@type":"WebPage","@id":"https:\/\/www.kktavastia.fi\/lukiot-hameenlinnan-lyseo\/2017\/kaurialan-lyseon-lammin-parolan-ja-tervakosken-lukiolaisten-tiedekouluvierailu-cerniin\/","url":"https:\/\/www.kktavastia.fi\/lukiot-hameenlinnan-lyseo\/2017\/kaurialan-lyseon-lammin-parolan-ja-tervakosken-lukiolaisten-tiedekouluvierailu-cerniin\/","name":"Kaurialan, Lyseon, Lammin, Parolan ja Tervakosken lukiolaisten tiedekouluvierailu Cerniin - H\u00e4meenlinnan lyseon lukio","isPartOf":{"@id":"https:\/\/www.kktavastia.fi\/lukiot-hameenlinnan-lyseo\/#website"},"primaryImageOfPage":{"@id":"https:\/\/www.kktavastia.fi\/lukiot-hameenlinnan-lyseo\/2017\/kaurialan-lyseon-lammin-parolan-ja-tervakosken-lukiolaisten-tiedekouluvierailu-cerniin\/#primaryimage"},"image":{"@id":"https:\/\/www.kktavastia.fi\/lukiot-hameenlinnan-lyseo\/2017\/kaurialan-lyseon-lammin-parolan-ja-tervakosken-lukiolaisten-tiedekouluvierailu-cerniin\/#primaryimage"},"thumbnailUrl":"https:\/\/www.kktavastia.fi\/media\/sites\/8\/ryhma-2.jpg","datePublished":"2017-09-15T08:00:41+00:00","author":{"@id":"https:\/\/www.kktavastia.fi\/lukiot-hameenlinnan-lyseo\/#\/schema\/person\/68a0de11bcf6807c61ba2f6ad45cb745"},"breadcrumb":{"@id":"https:\/\/www.kktavastia.fi\/lukiot-hameenlinnan-lyseo\/2017\/kaurialan-lyseon-lammin-parolan-ja-tervakosken-lukiolaisten-tiedekouluvierailu-cerniin\/#breadcrumb"},"inLanguage":"fi","potentialAction":[{"@type":"ReadAction","target":["https:\/\/www.kktavastia.fi\/lukiot-hameenlinnan-lyseo\/2017\/kaurialan-lyseon-lammin-parolan-ja-tervakosken-lukiolaisten-tiedekouluvierailu-cerniin\/"]}]},{"@type":"ImageObject","inLanguage":"fi","@id":"https:\/\/www.kktavastia.fi\/lukiot-hameenlinnan-lyseo\/2017\/kaurialan-lyseon-lammin-parolan-ja-tervakosken-lukiolaisten-tiedekouluvierailu-cerniin\/#primaryimage","url":"https:\/\/www.kktavastia.fi\/media\/sites\/8\/ryhma-2.jpg","contentUrl":"https:\/\/www.kktavastia.fi\/media\/sites\/8\/ryhma-2.jpg","width":1015,"height":610,"caption":"Mukana reissulla oli 21 lukiolaista Kaurialasta, Lyseolta, Lammilta, Parolasta ja Tervakoskelta."},{"@type":"BreadcrumbList","@id":"https:\/\/www.kktavastia.fi\/lukiot-hameenlinnan-lyseo\/2017\/kaurialan-lyseon-lammin-parolan-ja-tervakosken-lukiolaisten-tiedekouluvierailu-cerniin\/#breadcrumb","itemListElement":[{"@type":"ListItem","position":1,"name":"Home","item":"https:\/\/www.kktavastia.fi\/lukiot-hameenlinnan-lyseo\/"},{"@type":"ListItem","position":2,"name":"Kaurialan, Lyseon, Lammin, Parolan ja Tervakosken lukiolaisten tiedekouluvierailu Cerniin"}]},{"@type":"WebSite","@id":"https:\/\/www.kktavastia.fi\/lukiot-hameenlinnan-lyseo\/#website","url":"https:\/\/www.kktavastia.fi\/lukiot-hameenlinnan-lyseo\/","name":"H\u00e4meenlinnan lyseon lukio","description":"","potentialAction":[{"@type":"SearchAction","target":{"@type":"EntryPoint","urlTemplate":"https:\/\/www.kktavastia.fi\/lukiot-hameenlinnan-lyseo\/?s={search_term_string}"},"query-input":{"@type":"PropertyValueSpecification","valueRequired":true,"valueName":"search_term_string"}}],"inLanguage":"fi"},{"@type":"Person","@id":"https:\/\/www.kktavastia.fi\/lukiot-hameenlinnan-lyseo\/#\/schema\/person\/68a0de11bcf6807c61ba2f6ad45cb745","name":"Outi Ruohela","image":{"@type":"ImageObject","inLanguage":"fi","@id":"https:\/\/secure.gravatar.com\/avatar\/ce424d158e08bec42b1b156b6e605564461a483003b32e6d17f03d992cdd1c80?s=96&d=mm&r=g","url":"https:\/\/secure.gravatar.com\/avatar\/ce424d158e08bec42b1b156b6e605564461a483003b32e6d17f03d992cdd1c80?s=96&d=mm&r=g","contentUrl":"https:\/\/secure.gravatar.com\/avatar\/ce424d158e08bec42b1b156b6e605564461a483003b32e6d17f03d992cdd1c80?s=96&d=mm&r=g","caption":"Outi Ruohela"},"url":"https:\/\/www.kktavastia.fi\/lukiot-hameenlinnan-lyseo\/author\/outi-ruohelakktavastia-fi\/"}]}},"_links":{"self":[{"href":"https:\/\/www.kktavastia.fi\/lukiot-hameenlinnan-lyseo\/wp-json\/wp\/v2\/posts\/1487","targetHints":{"allow":["GET"]}}],"collection":[{"href":"https:\/\/www.kktavastia.fi\/lukiot-hameenlinnan-lyseo\/wp-json\/wp\/v2\/posts"}],"about":[{"href":"https:\/\/www.kktavastia.fi\/lukiot-hameenlinnan-lyseo\/wp-json\/wp\/v2\/types\/post"}],"author":[{"embeddable":true,"href":"https:\/\/www.kktavastia.fi\/lukiot-hameenlinnan-lyseo\/wp-json\/wp\/v2\/users\/14"}],"replies":[{"embeddable":true,"href":"https:\/\/www.kktavastia.fi\/lukiot-hameenlinnan-lyseo\/wp-json\/wp\/v2\/comments?post=1487"}],"version-history":[{"count":0,"href":"https:\/\/www.kktavastia.fi\/lukiot-hameenlinnan-lyseo\/wp-json\/wp\/v2\/posts\/1487\/revisions"}],"wp:featuredmedia":[{"embeddable":true,"href":"https:\/\/www.kktavastia.fi\/lukiot-hameenlinnan-lyseo\/wp-json\/wp\/v2\/media\/1491"}],"wp:attachment":[{"href":"https:\/\/www.kktavastia.fi\/lukiot-hameenlinnan-lyseo\/wp-json\/wp\/v2\/media?parent=1487"}],"wp:term":[{"taxonomy":"category","embeddable":true,"href":"https:\/\/www.kktavastia.fi\/lukiot-hameenlinnan-lyseo\/wp-json\/wp\/v2\/categories?post=1487"},{"taxonomy":"post_tag","embeddable":true,"href":"https:\/\/www.kktavastia.fi\/lukiot-hameenlinnan-lyseo\/wp-json\/wp\/v2\/tags?post=1487"}],"curies":[{"name":"wp","href":"https:\/\/api.w.org\/{rel}","templated":true}]}}