{"id":1471,"date":"2017-08-24T13:01:05","date_gmt":"2017-08-24T10:01:05","guid":{"rendered":"https:\/\/www.kktavastia.fi\/lyseon-lukio\/?p=1471"},"modified":"2017-08-24T13:01:05","modified_gmt":"2017-08-24T10:01:05","slug":"viikkotiedote-24-8","status":"publish","type":"post","link":"https:\/\/www.kktavastia.fi\/lukiot-hameenlinnan-lyseo\/2017\/viikkotiedote-24-8\/","title":{"rendered":"Viikkotiedote 24.8."},"content":{"rendered":"<p><strong>PRELIT. <\/strong>Preleihin saavat osallistua my\u00f6s ne abit, jotka eiv\u00e4t ole kirjoittamansa aineen kertauskurssilla. Prelit j\u00e4rjestet\u00e4\u00e4n sek\u00e4 Kaurialassa ett\u00e4 lyseolla samaan aikaan. Matematiikan ja reaalin preli on maanantaina 4.9. klo 8.30 ja kielten preli keskiviikkona 6.9. klo 8.30. Preleihin pit\u00e4\u00e4 ilmoittautua etuk\u00e4teen. <strong>Jos haluat osallistua lyseolla preliin, etk\u00e4 ole ilmoittautunut kertauskurssilla opettajalle, niin k\u00e4y kirjoittamassa nimesi ja oppiaine kansliassa olevaan listaan perjantaihin 25.8. klo 14.00 menness\u00e4. <\/strong><\/p>\n<p><strong>EHDOTTOMAN PAKOLLISET ABI-INFOT pidet\u00e4\u00e4n tiistaina 29.8. klo 12.40-13.15 niille syksyn yo-kokeisiin osallistujille, jotka osallistuvat perinteiseen paperiseen yo-kokeeseen ja perjantaina 1.9.klo 12.40- n. 13.30. niille, jotka osallistuvat s\u00e4hk\u00f6iseen yo-kokeeseen. <u>S\u00e4hk\u00f6isen yo-kokeen abi-infoon tullaan varustautuneena kuten yo-kokeeseen eli mukaan oma tietokone akku t\u00e4ynn\u00e4 ja kuulokkeet (virtapiuhaa ei tarvitse ottaa).<\/u> Ne, jotka osallistuvat \u00a0sek\u00e4 paperikokeeseen ett\u00e4 s\u00e4hk\u00f6iseen kokeeseen osallistuvat molempiin infoihin. Osallistuminen on ehdotonta, tilaisuuksissa k\u00e4yd\u00e4\u00e4n l\u00e4pi kokeen kulku ja s\u00e4hk\u00f6isen kokeen osalta varmistetaan my\u00f6s koneesi meno abittiin. <u>Jos et ylitsep\u00e4\u00e4sem\u00e4tt\u00f6m\u00e4st\u00e4 syyst\u00e4 voi osallistua, on sinun oltava yhteydess\u00e4 rehtoriin tai apulaisrehtoriin.<\/u><\/strong><\/p>\n<p><strong>HUOM!\u00a0 <\/strong>Viel\u00e4 3 paikkaa vapaana 24h-leirille! Nopeimmat saavat paikat. Leiri j\u00e4rjestet\u00e4\u00e4n Kaunisniemess\u00e4 7.-8.9. Ilmoittautumiset Anne-Marille, Akille tai opoille.<\/p>\n<p><strong>Koulutusta:<\/strong>Digisilta tarjoaa<strong> \u201dMehackit \u2013 kuvataide ja ohjelmointi\u201d-kurssin kaikille<\/strong> hankealueen lukioiden <strong>halukkaille opiskelijoille<\/strong>. Kurssilla otetaan Processing-koodikieli haltuun luomalla visuaalisia kokonaisuuksia. Koodikielt\u00e4 harjoitellaan todella maltillisessa loogisessa j\u00e4rjestyksess\u00e4 pienin askelin ja jokainen saa valita millaista ja miten haastavaa luomusta l\u00e4htee koodaamaan. Viime kev\u00e4\u00e4n\u00e4 toteutetulla kurssilla jotkut tekiv\u00e4t jo alkeellisia pelej\u00e4. \u00a0Jos kiinnostuit, sitova ilmoittautuminen tehd\u00e4\u00e4n apulaisrehtorin kautta. Ilmoita osallistumisesi Wilma-viestill\u00e4 Tiina Kiviselle, joka l\u00e4hett\u00e4\u00e4 vastausviestin\u00e4 ilmoittautumislinkin kurssille. Mukaan mahtuu n.20 opiskelijaa, joten toimi heti , jos haluat mukaan.<\/p>\n<p><strong>PARKKEERAUS<\/strong>: Wilma-viestill\u00e4 jo maanantaina on muistutettu, ettei Keskuskoulun pihalle saa mautoa parkkeerata ilman pys\u00e4k\u00f6intilupaa. Lupia ei en\u00e4\u00e4 t\u00e4ss\u00e4 vaiheessa my\u00f6nnet\u00e4 lis\u00e4\u00e4. Jos tilanne muuttuu, siit\u00e4 tiedotetaan kyll\u00e4. Luvaton pys\u00e4k\u00f6inti alueella johtaa pys\u00e4k\u00f6intivirhemaksuun ja koko pys\u00e4k\u00f6intialueen sulkemisen lukiolaisilta. Mopoille l\u00f6ytyy vinoparkkitilaa koulun omasta pihasta Birger Jaarlin kadun puolelta. Henkil\u00f6autojen lupa-anomukset k\u00e4sitell\u00e4\u00e4n mahdollisimman pian.<\/p>\n<p><strong>KASSIPARKKI<\/strong>: Jos urheiluvarustekassisi tarvitsee s\u00e4ilytyspaikkaa koulup\u00e4iv\u00e4n ajaksi, vie se kellarikerroksen k\u00e4yt\u00e4v\u00e4n kirjastoon, kun tulet kouluun.<\/p>\n<p><strong>RUOKAILUAIKOJA <\/strong>on luokka-asteittain noudatettava. Abit klo 12.15, kakkoset klo 12.30 ja ykk\u00f6set klo 12.45!<br \/>\nLis\u00e4ksi: <strong>abit ja kakkoset:<\/strong> kun olette ruokailleet, poistuttehan ruokalasta v\u00e4litt\u00f6m\u00e4sti ja jatkatte jutustelua ulkona tai p\u00e4\u00e4rakennuksessa. T\u00e4m\u00e4 siksi, ett\u00e4 ykk\u00f6set p\u00e4\u00e4sev\u00e4t \u00a0istumaan, kun tulevat ruokailemaan klo 12.45.<\/p>\n<p><strong>VIERAITA Bautzenista <\/strong>saapuu koululle jo sunnuntaina. He osallistuvat ensi viikon aikana mm. oppitunneille. Otetaanpa vieraat innolla vastaan ja ollaan kiinnostuneita heist\u00e4 ja heid\u00e4n kotimaastaan.<\/p>\n<p><strong>KOULUKUVAUS <\/strong>j\u00e4rjestet\u00e4\u00e4n maanantaina 4.9. ja tiistaina 5.9. Tarkempi aikataulu tulee kaikille wilmassa mahdollisimman pian ja kuvauslomakkeet, joihin alle 18 -vuotiaiden pit\u00e4\u00e4 saada huoltajien allekirjoitus, jaetaan seuraavan viikon ryhm\u00e4nohjauksessa.<\/p>\n<p><strong>UUDEN LUKION KALUSTEHANKINNAT: <\/strong>Tiistaina 29.8. klo 14.45-16 lyseon ja Kaurialan lukioiden opettajakunnat ja molempien koulujen opiskelijaedustajia kokoontuu yhteiseen tilatuumaukseen, jossa kartoitetaan tulevien k\u00e4ytt\u00e4jien toiveita uuden Tavastian lukion kalustehankinnoista. Meilt\u00e4 7 opiskelijaa p\u00e4\u00e4see mukaan &#8211; oletko kiinnostunut olemaan yksi heist\u00e4? Jos innostaa, niin kurkkaa kalenteriasi ja ilmoittaudu SITOVASTI laittamalla vaikka Wilma-viesti Pieta-rehtorille tai heti saman tien ryhm\u00e4nohjaajalle. Uudet ykk\u00f6set rohkeasti mukaan! (ryhmyrit houkutelkaahan sopivia tyyppej\u00e4 :))<\/p>\n<p><strong>CALYPSO <\/strong>luontokerho etsii taas uusia j\u00e4seni\u00e4. Ykk\u00f6svuosikurssilaisille mainosta Suomen toiseksi vanhimmasta luontokerhosta. Tehd\u00e4\u00e4n retki\u00e4 ja kokoonnutaan joka keskiviikko bilsan luokassa klo 12:40.<\/p>\n<p><strong>KISSOJEN Y\u00d6: <\/strong>Jokavuotinen retki Korkeasaareen tutustumaan y\u00f6aktiivisiin kissoihin. L\u00e4ht\u00f6 koululta klo 17\u00a0 8.9. perjantaina. Koko reissu sis\u00e4\u00e4np\u00e4\u00e4symaksuineen ja busseineen 20 e. Paluu H\u00e4meenlinnaan ennen puoltay\u00f6t\u00e4. \u00a0My\u00f6s koulun ulkopuolisia kavereita\/vanhempia yms. voi ottaa mukaan. Ilmoittautuminen listaan, \u00a0joka ilmestyy bilsan luokan oveen.<\/p>\n<p>&nbsp;<\/p>\n","protected":false},"excerpt":{"rendered":"<p>PRELIT. Preleihin saavat osallistua my\u00f6s ne abit, jotka eiv\u00e4t ole kirjoittamansa aineen kertauskurssilla. Prelit j\u00e4rjestet\u00e4\u00e4n sek\u00e4 Kaurialassa ett\u00e4 lyseolla samaan [&hellip;]<\/p>\n","protected":false},"author":25,"featured_media":1039,"comment_status":"closed","ping_status":"closed","sticky":false,"template":"","format":"standard","meta":{"_acf_changed":false,"_relevanssi_hide_post":"","_relevanssi_hide_content":"","_relevanssi_pin_for_all":"","_relevanssi_pin_keywords":"","_relevanssi_unpin_keywords":"","_relevanssi_related_keywords":"","_relevanssi_related_include_ids":"","_relevanssi_related_exclude_ids":"","_relevanssi_related_no_append":"","_relevanssi_related_not_related":"","_relevanssi_related_posts":"","_relevanssi_noindex_reason":"","footnotes":""},"categories":[5],"tags":[],"class_list":["post-1471","post","type-post","status-publish","format-standard","has-post-thumbnail","hentry","category-ajankohtaista"],"acf":[],"yoast_head":"<title>Viikkotiedote 24.8. - H\u00e4meenlinnan lyseon lukio<\/title>\n<meta name=\"robots\" content=\"index, follow, max-snippet:-1, max-image-preview:large, max-video-preview:-1\" \/>\n<link rel=\"canonical\" href=\"https:\/\/www.kktavastia.fi\/lukiot-hameenlinnan-lyseo\/2017\/viikkotiedote-24-8\/\" \/>\n<meta property=\"og:locale\" content=\"fi_FI\" \/>\n<meta property=\"og:type\" content=\"article\" \/>\n<meta property=\"og:title\" content=\"Viikkotiedote 24.8. - H\u00e4meenlinnan lyseon lukio\" \/>\n<meta property=\"og:description\" content=\"PRELIT. Preleihin saavat osallistua my\u00f6s ne abit, jotka eiv\u00e4t ole kirjoittamansa aineen kertauskurssilla. Prelit j\u00e4rjestet\u00e4\u00e4n sek\u00e4 Kaurialassa ett\u00e4 lyseolla samaan [&hellip;]\" \/>\n<meta property=\"og:url\" content=\"https:\/\/www.kktavastia.fi\/lukiot-hameenlinnan-lyseo\/2017\/viikkotiedote-24-8\/\" \/>\n<meta property=\"og:site_name\" content=\"H\u00e4meenlinnan lyseon lukio\" \/>\n<meta property=\"article:published_time\" content=\"2017-08-24T10:01:05+00:00\" \/>\n<meta property=\"og:image\" content=\"https:\/\/www.kktavastia.fi\/media\/sites\/8\/kalenteri.jpg\" \/>\n\t<meta property=\"og:image:width\" content=\"1160\" \/>\n\t<meta property=\"og:image:height\" content=\"963\" \/>\n\t<meta property=\"og:image:type\" content=\"image\/jpeg\" \/>\n<meta name=\"author\" content=\"Tiina Kivinen\" \/>\n<meta name=\"twitter:card\" content=\"summary_large_image\" \/>\n<script type=\"application\/ld+json\" class=\"yoast-schema-graph\">{\"@context\":\"https:\\\/\\\/schema.org\",\"@graph\":[{\"@type\":\"Article\",\"@id\":\"https:\\\/\\\/www.kktavastia.fi\\\/lukiot-hameenlinnan-lyseo\\\/2017\\\/viikkotiedote-24-8\\\/#article\",\"isPartOf\":{\"@id\":\"https:\\\/\\\/www.kktavastia.fi\\\/lukiot-hameenlinnan-lyseo\\\/2017\\\/viikkotiedote-24-8\\\/\"},\"author\":{\"name\":\"Tiina Kivinen\",\"@id\":\"https:\\\/\\\/www.kktavastia.fi\\\/lukiot-hameenlinnan-lyseo\\\/#\\\/schema\\\/person\\\/9fba542775fc72baf90bc8038494cbda\"},\"headline\":\"Viikkotiedote 24.8.\",\"datePublished\":\"2017-08-24T10:01:05+00:00\",\"mainEntityOfPage\":{\"@id\":\"https:\\\/\\\/www.kktavastia.fi\\\/lukiot-hameenlinnan-lyseo\\\/2017\\\/viikkotiedote-24-8\\\/\"},\"wordCount\":594,\"image\":{\"@id\":\"https:\\\/\\\/www.kktavastia.fi\\\/lukiot-hameenlinnan-lyseo\\\/2017\\\/viikkotiedote-24-8\\\/#primaryimage\"},\"thumbnailUrl\":\"https:\\\/\\\/www.kktavastia.fi\\\/media\\\/sites\\\/8\\\/kalenteri.jpg\",\"articleSection\":[\"Ajankohtaista\"],\"inLanguage\":\"fi\"},{\"@type\":\"WebPage\",\"@id\":\"https:\\\/\\\/www.kktavastia.fi\\\/lukiot-hameenlinnan-lyseo\\\/2017\\\/viikkotiedote-24-8\\\/\",\"url\":\"https:\\\/\\\/www.kktavastia.fi\\\/lukiot-hameenlinnan-lyseo\\\/2017\\\/viikkotiedote-24-8\\\/\",\"name\":\"Viikkotiedote 24.8. - H\u00e4meenlinnan lyseon lukio\",\"isPartOf\":{\"@id\":\"https:\\\/\\\/www.kktavastia.fi\\\/lukiot-hameenlinnan-lyseo\\\/#website\"},\"primaryImageOfPage\":{\"@id\":\"https:\\\/\\\/www.kktavastia.fi\\\/lukiot-hameenlinnan-lyseo\\\/2017\\\/viikkotiedote-24-8\\\/#primaryimage\"},\"image\":{\"@id\":\"https:\\\/\\\/www.kktavastia.fi\\\/lukiot-hameenlinnan-lyseo\\\/2017\\\/viikkotiedote-24-8\\\/#primaryimage\"},\"thumbnailUrl\":\"https:\\\/\\\/www.kktavastia.fi\\\/media\\\/sites\\\/8\\\/kalenteri.jpg\",\"datePublished\":\"2017-08-24T10:01:05+00:00\",\"author\":{\"@id\":\"https:\\\/\\\/www.kktavastia.fi\\\/lukiot-hameenlinnan-lyseo\\\/#\\\/schema\\\/person\\\/9fba542775fc72baf90bc8038494cbda\"},\"breadcrumb\":{\"@id\":\"https:\\\/\\\/www.kktavastia.fi\\\/lukiot-hameenlinnan-lyseo\\\/2017\\\/viikkotiedote-24-8\\\/#breadcrumb\"},\"inLanguage\":\"fi\",\"potentialAction\":[{\"@type\":\"ReadAction\",\"target\":[\"https:\\\/\\\/www.kktavastia.fi\\\/lukiot-hameenlinnan-lyseo\\\/2017\\\/viikkotiedote-24-8\\\/\"]}]},{\"@type\":\"ImageObject\",\"inLanguage\":\"fi\",\"@id\":\"https:\\\/\\\/www.kktavastia.fi\\\/lukiot-hameenlinnan-lyseo\\\/2017\\\/viikkotiedote-24-8\\\/#primaryimage\",\"url\":\"https:\\\/\\\/www.kktavastia.fi\\\/media\\\/sites\\\/8\\\/kalenteri.jpg\",\"contentUrl\":\"https:\\\/\\\/www.kktavastia.fi\\\/media\\\/sites\\\/8\\\/kalenteri.jpg\",\"width\":1160,\"height\":963},{\"@type\":\"BreadcrumbList\",\"@id\":\"https:\\\/\\\/www.kktavastia.fi\\\/lukiot-hameenlinnan-lyseo\\\/2017\\\/viikkotiedote-24-8\\\/#breadcrumb\",\"itemListElement\":[{\"@type\":\"ListItem\",\"position\":1,\"name\":\"Home\",\"item\":\"https:\\\/\\\/www.kktavastia.fi\\\/lukiot-hameenlinnan-lyseo\\\/\"},{\"@type\":\"ListItem\",\"position\":2,\"name\":\"Viikkotiedote 24.8.\"}]},{\"@type\":\"WebSite\",\"@id\":\"https:\\\/\\\/www.kktavastia.fi\\\/lukiot-hameenlinnan-lyseo\\\/#website\",\"url\":\"https:\\\/\\\/www.kktavastia.fi\\\/lukiot-hameenlinnan-lyseo\\\/\",\"name\":\"H\u00e4meenlinnan lyseon lukio\",\"description\":\"\",\"potentialAction\":[{\"@type\":\"SearchAction\",\"target\":{\"@type\":\"EntryPoint\",\"urlTemplate\":\"https:\\\/\\\/www.kktavastia.fi\\\/lukiot-hameenlinnan-lyseo\\\/?s={search_term_string}\"},\"query-input\":{\"@type\":\"PropertyValueSpecification\",\"valueRequired\":true,\"valueName\":\"search_term_string\"}}],\"inLanguage\":\"fi\"},{\"@type\":\"Person\",\"@id\":\"https:\\\/\\\/www.kktavastia.fi\\\/lukiot-hameenlinnan-lyseo\\\/#\\\/schema\\\/person\\\/9fba542775fc72baf90bc8038494cbda\",\"name\":\"Tiina Kivinen\",\"image\":{\"@type\":\"ImageObject\",\"inLanguage\":\"fi\",\"@id\":\"https:\\\/\\\/secure.gravatar.com\\\/avatar\\\/ef61105076dc0f6a17d2a42979db1960a01f441fe16939d63b513ef1469ccc4e?s=96&d=mm&r=g\",\"url\":\"https:\\\/\\\/secure.gravatar.com\\\/avatar\\\/ef61105076dc0f6a17d2a42979db1960a01f441fe16939d63b513ef1469ccc4e?s=96&d=mm&r=g\",\"contentUrl\":\"https:\\\/\\\/secure.gravatar.com\\\/avatar\\\/ef61105076dc0f6a17d2a42979db1960a01f441fe16939d63b513ef1469ccc4e?s=96&d=mm&r=g\",\"caption\":\"Tiina Kivinen\"},\"url\":\"https:\\\/\\\/www.kktavastia.fi\\\/lukiot-hameenlinnan-lyseo\\\/author\\\/tiina-kivinen\\\/\"}]}<\/script>","yoast_head_json":{"title":"Viikkotiedote 24.8. - H\u00e4meenlinnan lyseon lukio","robots":{"index":"index","follow":"follow","max-snippet":"max-snippet:-1","max-image-preview":"max-image-preview:large","max-video-preview":"max-video-preview:-1"},"canonical":"https:\/\/www.kktavastia.fi\/lukiot-hameenlinnan-lyseo\/2017\/viikkotiedote-24-8\/","og_locale":"fi_FI","og_type":"article","og_title":"Viikkotiedote 24.8. - H\u00e4meenlinnan lyseon lukio","og_description":"PRELIT. Preleihin saavat osallistua my\u00f6s ne abit, jotka eiv\u00e4t ole kirjoittamansa aineen kertauskurssilla. Prelit j\u00e4rjestet\u00e4\u00e4n sek\u00e4 Kaurialassa ett\u00e4 lyseolla samaan [&hellip;]","og_url":"https:\/\/www.kktavastia.fi\/lukiot-hameenlinnan-lyseo\/2017\/viikkotiedote-24-8\/","og_site_name":"H\u00e4meenlinnan lyseon lukio","article_published_time":"2017-08-24T10:01:05+00:00","og_image":[{"width":1160,"height":963,"url":"https:\/\/www.kktavastia.fi\/media\/sites\/8\/kalenteri.jpg","type":"image\/jpeg"}],"author":"Tiina Kivinen","twitter_card":"summary_large_image","schema":{"@context":"https:\/\/schema.org","@graph":[{"@type":"Article","@id":"https:\/\/www.kktavastia.fi\/lukiot-hameenlinnan-lyseo\/2017\/viikkotiedote-24-8\/#article","isPartOf":{"@id":"https:\/\/www.kktavastia.fi\/lukiot-hameenlinnan-lyseo\/2017\/viikkotiedote-24-8\/"},"author":{"name":"Tiina Kivinen","@id":"https:\/\/www.kktavastia.fi\/lukiot-hameenlinnan-lyseo\/#\/schema\/person\/9fba542775fc72baf90bc8038494cbda"},"headline":"Viikkotiedote 24.8.","datePublished":"2017-08-24T10:01:05+00:00","mainEntityOfPage":{"@id":"https:\/\/www.kktavastia.fi\/lukiot-hameenlinnan-lyseo\/2017\/viikkotiedote-24-8\/"},"wordCount":594,"image":{"@id":"https:\/\/www.kktavastia.fi\/lukiot-hameenlinnan-lyseo\/2017\/viikkotiedote-24-8\/#primaryimage"},"thumbnailUrl":"https:\/\/www.kktavastia.fi\/media\/sites\/8\/kalenteri.jpg","articleSection":["Ajankohtaista"],"inLanguage":"fi"},{"@type":"WebPage","@id":"https:\/\/www.kktavastia.fi\/lukiot-hameenlinnan-lyseo\/2017\/viikkotiedote-24-8\/","url":"https:\/\/www.kktavastia.fi\/lukiot-hameenlinnan-lyseo\/2017\/viikkotiedote-24-8\/","name":"Viikkotiedote 24.8. - H\u00e4meenlinnan lyseon lukio","isPartOf":{"@id":"https:\/\/www.kktavastia.fi\/lukiot-hameenlinnan-lyseo\/#website"},"primaryImageOfPage":{"@id":"https:\/\/www.kktavastia.fi\/lukiot-hameenlinnan-lyseo\/2017\/viikkotiedote-24-8\/#primaryimage"},"image":{"@id":"https:\/\/www.kktavastia.fi\/lukiot-hameenlinnan-lyseo\/2017\/viikkotiedote-24-8\/#primaryimage"},"thumbnailUrl":"https:\/\/www.kktavastia.fi\/media\/sites\/8\/kalenteri.jpg","datePublished":"2017-08-24T10:01:05+00:00","author":{"@id":"https:\/\/www.kktavastia.fi\/lukiot-hameenlinnan-lyseo\/#\/schema\/person\/9fba542775fc72baf90bc8038494cbda"},"breadcrumb":{"@id":"https:\/\/www.kktavastia.fi\/lukiot-hameenlinnan-lyseo\/2017\/viikkotiedote-24-8\/#breadcrumb"},"inLanguage":"fi","potentialAction":[{"@type":"ReadAction","target":["https:\/\/www.kktavastia.fi\/lukiot-hameenlinnan-lyseo\/2017\/viikkotiedote-24-8\/"]}]},{"@type":"ImageObject","inLanguage":"fi","@id":"https:\/\/www.kktavastia.fi\/lukiot-hameenlinnan-lyseo\/2017\/viikkotiedote-24-8\/#primaryimage","url":"https:\/\/www.kktavastia.fi\/media\/sites\/8\/kalenteri.jpg","contentUrl":"https:\/\/www.kktavastia.fi\/media\/sites\/8\/kalenteri.jpg","width":1160,"height":963},{"@type":"BreadcrumbList","@id":"https:\/\/www.kktavastia.fi\/lukiot-hameenlinnan-lyseo\/2017\/viikkotiedote-24-8\/#breadcrumb","itemListElement":[{"@type":"ListItem","position":1,"name":"Home","item":"https:\/\/www.kktavastia.fi\/lukiot-hameenlinnan-lyseo\/"},{"@type":"ListItem","position":2,"name":"Viikkotiedote 24.8."}]},{"@type":"WebSite","@id":"https:\/\/www.kktavastia.fi\/lukiot-hameenlinnan-lyseo\/#website","url":"https:\/\/www.kktavastia.fi\/lukiot-hameenlinnan-lyseo\/","name":"H\u00e4meenlinnan lyseon lukio","description":"","potentialAction":[{"@type":"SearchAction","target":{"@type":"EntryPoint","urlTemplate":"https:\/\/www.kktavastia.fi\/lukiot-hameenlinnan-lyseo\/?s={search_term_string}"},"query-input":{"@type":"PropertyValueSpecification","valueRequired":true,"valueName":"search_term_string"}}],"inLanguage":"fi"},{"@type":"Person","@id":"https:\/\/www.kktavastia.fi\/lukiot-hameenlinnan-lyseo\/#\/schema\/person\/9fba542775fc72baf90bc8038494cbda","name":"Tiina Kivinen","image":{"@type":"ImageObject","inLanguage":"fi","@id":"https:\/\/secure.gravatar.com\/avatar\/ef61105076dc0f6a17d2a42979db1960a01f441fe16939d63b513ef1469ccc4e?s=96&d=mm&r=g","url":"https:\/\/secure.gravatar.com\/avatar\/ef61105076dc0f6a17d2a42979db1960a01f441fe16939d63b513ef1469ccc4e?s=96&d=mm&r=g","contentUrl":"https:\/\/secure.gravatar.com\/avatar\/ef61105076dc0f6a17d2a42979db1960a01f441fe16939d63b513ef1469ccc4e?s=96&d=mm&r=g","caption":"Tiina Kivinen"},"url":"https:\/\/www.kktavastia.fi\/lukiot-hameenlinnan-lyseo\/author\/tiina-kivinen\/"}]}},"_links":{"self":[{"href":"https:\/\/www.kktavastia.fi\/lukiot-hameenlinnan-lyseo\/wp-json\/wp\/v2\/posts\/1471","targetHints":{"allow":["GET"]}}],"collection":[{"href":"https:\/\/www.kktavastia.fi\/lukiot-hameenlinnan-lyseo\/wp-json\/wp\/v2\/posts"}],"about":[{"href":"https:\/\/www.kktavastia.fi\/lukiot-hameenlinnan-lyseo\/wp-json\/wp\/v2\/types\/post"}],"author":[{"embeddable":true,"href":"https:\/\/www.kktavastia.fi\/lukiot-hameenlinnan-lyseo\/wp-json\/wp\/v2\/users\/25"}],"replies":[{"embeddable":true,"href":"https:\/\/www.kktavastia.fi\/lukiot-hameenlinnan-lyseo\/wp-json\/wp\/v2\/comments?post=1471"}],"version-history":[{"count":0,"href":"https:\/\/www.kktavastia.fi\/lukiot-hameenlinnan-lyseo\/wp-json\/wp\/v2\/posts\/1471\/revisions"}],"wp:featuredmedia":[{"embeddable":true,"href":"https:\/\/www.kktavastia.fi\/lukiot-hameenlinnan-lyseo\/wp-json\/wp\/v2\/media\/1039"}],"wp:attachment":[{"href":"https:\/\/www.kktavastia.fi\/lukiot-hameenlinnan-lyseo\/wp-json\/wp\/v2\/media?parent=1471"}],"wp:term":[{"taxonomy":"category","embeddable":true,"href":"https:\/\/www.kktavastia.fi\/lukiot-hameenlinnan-lyseo\/wp-json\/wp\/v2\/categories?post=1471"},{"taxonomy":"post_tag","embeddable":true,"href":"https:\/\/www.kktavastia.fi\/lukiot-hameenlinnan-lyseo\/wp-json\/wp\/v2\/tags?post=1471"}],"curies":[{"name":"wp","href":"https:\/\/api.w.org\/{rel}","templated":true}]}}