{"id":1099,"date":"2017-11-17T11:00:06","date_gmt":"2017-11-17T09:00:06","guid":{"rendered":"https:\/\/www.kktavastia.fi\/lyseon-lukio\/?p=1099"},"modified":"2017-11-17T11:00:06","modified_gmt":"2017-11-17T09:00:06","slug":"hameenlinnan-lyseon-lukion-syksyn-ylioppilaat-2017","status":"publish","type":"post","link":"https:\/\/www.kktavastia.fi\/lukiot-hameenlinnan-lyseo\/2017\/hameenlinnan-lyseon-lukion-syksyn-ylioppilaat-2017\/","title":{"rendered":"Syksyn uudet ylioppilaat"},"content":{"rendered":"<p><a href=\"https:\/\/www.kktavastia.fi\/media\/sites\/8\/yo-lakki.jpg\"><\/a><a href=\"https:\/\/www.kktavastia.fi\/media\/sites\/8\/yo-lakki.jpg\"><img loading=\"lazy\" decoding=\"async\" class=\"wp-image-653 size-medium alignright\" src=\"https:\/\/www.kktavastia.fi\/media\/sites\/8\/yo-lakki-300x200.jpg\" alt=\"\" width=\"300\" height=\"200\" srcset=\"https:\/\/www.kktavastia.fi\/media\/sites\/8\/yo-lakki-300x200.jpg 300w, https:\/\/www.kktavastia.fi\/media\/sites\/8\/yo-lakki-1024x682.jpg 1024w, https:\/\/www.kktavastia.fi\/media\/sites\/8\/yo-lakki-768x512.jpg 768w, https:\/\/www.kktavastia.fi\/media\/sites\/8\/yo-lakki-1536x1024.jpg 1536w, https:\/\/www.kktavastia.fi\/media\/sites\/8\/yo-lakki-20x13.jpg 20w, https:\/\/www.kktavastia.fi\/media\/sites\/8\/yo-lakki.jpg 2000w\" sizes=\"auto, (max-width: 300px) 100vw, 300px\" \/><\/a>Heikkinen Wilma<br \/>\nHyv\u00f6nen Elias<br \/>\nJaakkola Pauliina<br \/>\nJuslin Ilona<br \/>\nKaivola Annika<br \/>\nKoivu Kosti<br \/>\nKuusinen Inka<br \/>\nLindroos Laura<br \/>\nM\u00e4kel\u00e4 Mikael<br \/>\nR\u00f6nn Milla<br \/>\nSalmi Tinja<br \/>\nToivonen Tommi<br \/>\nViinikanoja Suvi<br \/>\nYlihonkaluoma Maria<\/p>\n<h5>L\u00e4mpim\u00e4t onnittelut uusille ylioppilaille!<\/h5>\n","protected":false},"excerpt":{"rendered":"<p>Heikkinen Wilma Hyv\u00f6nen Elias Jaakkola Pauliina Juslin Ilona Kaivola Annika Koivu Kosti Kuusinen Inka Lindroos Laura M\u00e4kel\u00e4 Mikael R\u00f6nn Milla [&hellip;]<\/p>\n","protected":false},"author":5,"featured_media":653,"comment_status":"open","ping_status":"open","sticky":false,"template":"","format":"standard","meta":{"_acf_changed":false,"_relevanssi_hide_post":"","_relevanssi_hide_content":"","_relevanssi_pin_for_all":"","_relevanssi_pin_keywords":"","_relevanssi_unpin_keywords":"","_relevanssi_related_keywords":"","_relevanssi_related_include_ids":"","_relevanssi_related_exclude_ids":"","_relevanssi_related_no_append":"","_relevanssi_related_not_related":"","_relevanssi_related_posts":"","_relevanssi_noindex_reason":"","footnotes":""},"categories":[5],"tags":[],"class_list":["post-1099","post","type-post","status-publish","format-standard","has-post-thumbnail","hentry","category-ajankohtaista"],"acf":[],"yoast_head":"<title>Syksyn uudet ylioppilaat - H\u00e4meenlinnan lyseon lukio<\/title>\n<meta name=\"robots\" content=\"index, follow, max-snippet:-1, max-image-preview:large, max-video-preview:-1\" \/>\n<link rel=\"canonical\" href=\"https:\/\/www.kktavastia.fi\/lukiot-hameenlinnan-lyseo\/2017\/hameenlinnan-lyseon-lukion-syksyn-ylioppilaat-2017\/\" \/>\n<meta property=\"og:locale\" content=\"fi_FI\" \/>\n<meta property=\"og:type\" content=\"article\" \/>\n<meta property=\"og:title\" content=\"Syksyn uudet ylioppilaat - H\u00e4meenlinnan lyseon lukio\" \/>\n<meta property=\"og:description\" content=\"Heikkinen Wilma Hyv\u00f6nen Elias Jaakkola Pauliina Juslin Ilona Kaivola Annika Koivu Kosti Kuusinen Inka Lindroos Laura M\u00e4kel\u00e4 Mikael R\u00f6nn Milla [&hellip;]\" \/>\n<meta property=\"og:url\" content=\"https:\/\/www.kktavastia.fi\/lukiot-hameenlinnan-lyseo\/2017\/hameenlinnan-lyseon-lukion-syksyn-ylioppilaat-2017\/\" \/>\n<meta property=\"og:site_name\" content=\"H\u00e4meenlinnan lyseon lukio\" \/>\n<meta property=\"article:published_time\" content=\"2017-11-17T09:00:06+00:00\" \/>\n<meta property=\"og:image\" content=\"https:\/\/www.kktavastia.fi\/media\/sites\/8\/yo-lakki.jpg\" \/>\n\t<meta property=\"og:image:width\" content=\"2000\" \/>\n\t<meta property=\"og:image:height\" content=\"1333\" \/>\n\t<meta property=\"og:image:type\" content=\"image\/jpeg\" \/>\n<meta name=\"author\" content=\"sannajalli\" \/>\n<meta name=\"twitter:card\" content=\"summary_large_image\" \/>\n<script type=\"application\/ld+json\" class=\"yoast-schema-graph\">{\"@context\":\"https:\\\/\\\/schema.org\",\"@graph\":[{\"@type\":\"Article\",\"@id\":\"https:\\\/\\\/www.kktavastia.fi\\\/lukiot-hameenlinnan-lyseo\\\/2017\\\/hameenlinnan-lyseon-lukion-syksyn-ylioppilaat-2017\\\/#article\",\"isPartOf\":{\"@id\":\"https:\\\/\\\/www.kktavastia.fi\\\/lukiot-hameenlinnan-lyseo\\\/2017\\\/hameenlinnan-lyseon-lukion-syksyn-ylioppilaat-2017\\\/\"},\"author\":{\"name\":\"sannajalli\",\"@id\":\"https:\\\/\\\/www.kktavastia.fi\\\/lukiot-hameenlinnan-lyseo\\\/#\\\/schema\\\/person\\\/5124cdf24960861f89c21a474417e84c\"},\"headline\":\"Syksyn uudet ylioppilaat\",\"datePublished\":\"2017-11-17T09:00:06+00:00\",\"mainEntityOfPage\":{\"@id\":\"https:\\\/\\\/www.kktavastia.fi\\\/lukiot-hameenlinnan-lyseo\\\/2017\\\/hameenlinnan-lyseon-lukion-syksyn-ylioppilaat-2017\\\/\"},\"wordCount\":40,\"commentCount\":0,\"image\":{\"@id\":\"https:\\\/\\\/www.kktavastia.fi\\\/lukiot-hameenlinnan-lyseo\\\/2017\\\/hameenlinnan-lyseon-lukion-syksyn-ylioppilaat-2017\\\/#primaryimage\"},\"thumbnailUrl\":\"https:\\\/\\\/www.kktavastia.fi\\\/media\\\/sites\\\/8\\\/yo-lakki.jpg\",\"articleSection\":[\"Ajankohtaista\"],\"inLanguage\":\"fi\",\"potentialAction\":[{\"@type\":\"CommentAction\",\"name\":\"Comment\",\"target\":[\"https:\\\/\\\/www.kktavastia.fi\\\/lukiot-hameenlinnan-lyseo\\\/2017\\\/hameenlinnan-lyseon-lukion-syksyn-ylioppilaat-2017\\\/#respond\"]}]},{\"@type\":\"WebPage\",\"@id\":\"https:\\\/\\\/www.kktavastia.fi\\\/lukiot-hameenlinnan-lyseo\\\/2017\\\/hameenlinnan-lyseon-lukion-syksyn-ylioppilaat-2017\\\/\",\"url\":\"https:\\\/\\\/www.kktavastia.fi\\\/lukiot-hameenlinnan-lyseo\\\/2017\\\/hameenlinnan-lyseon-lukion-syksyn-ylioppilaat-2017\\\/\",\"name\":\"Syksyn uudet ylioppilaat - H\u00e4meenlinnan lyseon lukio\",\"isPartOf\":{\"@id\":\"https:\\\/\\\/www.kktavastia.fi\\\/lukiot-hameenlinnan-lyseo\\\/#website\"},\"primaryImageOfPage\":{\"@id\":\"https:\\\/\\\/www.kktavastia.fi\\\/lukiot-hameenlinnan-lyseo\\\/2017\\\/hameenlinnan-lyseon-lukion-syksyn-ylioppilaat-2017\\\/#primaryimage\"},\"image\":{\"@id\":\"https:\\\/\\\/www.kktavastia.fi\\\/lukiot-hameenlinnan-lyseo\\\/2017\\\/hameenlinnan-lyseon-lukion-syksyn-ylioppilaat-2017\\\/#primaryimage\"},\"thumbnailUrl\":\"https:\\\/\\\/www.kktavastia.fi\\\/media\\\/sites\\\/8\\\/yo-lakki.jpg\",\"datePublished\":\"2017-11-17T09:00:06+00:00\",\"author\":{\"@id\":\"https:\\\/\\\/www.kktavastia.fi\\\/lukiot-hameenlinnan-lyseo\\\/#\\\/schema\\\/person\\\/5124cdf24960861f89c21a474417e84c\"},\"breadcrumb\":{\"@id\":\"https:\\\/\\\/www.kktavastia.fi\\\/lukiot-hameenlinnan-lyseo\\\/2017\\\/hameenlinnan-lyseon-lukion-syksyn-ylioppilaat-2017\\\/#breadcrumb\"},\"inLanguage\":\"fi\",\"potentialAction\":[{\"@type\":\"ReadAction\",\"target\":[\"https:\\\/\\\/www.kktavastia.fi\\\/lukiot-hameenlinnan-lyseo\\\/2017\\\/hameenlinnan-lyseon-lukion-syksyn-ylioppilaat-2017\\\/\"]}]},{\"@type\":\"ImageObject\",\"inLanguage\":\"fi\",\"@id\":\"https:\\\/\\\/www.kktavastia.fi\\\/lukiot-hameenlinnan-lyseo\\\/2017\\\/hameenlinnan-lyseon-lukion-syksyn-ylioppilaat-2017\\\/#primaryimage\",\"url\":\"https:\\\/\\\/www.kktavastia.fi\\\/media\\\/sites\\\/8\\\/yo-lakki.jpg\",\"contentUrl\":\"https:\\\/\\\/www.kktavastia.fi\\\/media\\\/sites\\\/8\\\/yo-lakki.jpg\",\"width\":2000,\"height\":1333},{\"@type\":\"BreadcrumbList\",\"@id\":\"https:\\\/\\\/www.kktavastia.fi\\\/lukiot-hameenlinnan-lyseo\\\/2017\\\/hameenlinnan-lyseon-lukion-syksyn-ylioppilaat-2017\\\/#breadcrumb\",\"itemListElement\":[{\"@type\":\"ListItem\",\"position\":1,\"name\":\"Home\",\"item\":\"https:\\\/\\\/www.kktavastia.fi\\\/lukiot-hameenlinnan-lyseo\\\/\"},{\"@type\":\"ListItem\",\"position\":2,\"name\":\"Syksyn uudet ylioppilaat\"}]},{\"@type\":\"WebSite\",\"@id\":\"https:\\\/\\\/www.kktavastia.fi\\\/lukiot-hameenlinnan-lyseo\\\/#website\",\"url\":\"https:\\\/\\\/www.kktavastia.fi\\\/lukiot-hameenlinnan-lyseo\\\/\",\"name\":\"H\u00e4meenlinnan lyseon lukio\",\"description\":\"\",\"potentialAction\":[{\"@type\":\"SearchAction\",\"target\":{\"@type\":\"EntryPoint\",\"urlTemplate\":\"https:\\\/\\\/www.kktavastia.fi\\\/lukiot-hameenlinnan-lyseo\\\/?s={search_term_string}\"},\"query-input\":{\"@type\":\"PropertyValueSpecification\",\"valueRequired\":true,\"valueName\":\"search_term_string\"}}],\"inLanguage\":\"fi\"},{\"@type\":\"Person\",\"@id\":\"https:\\\/\\\/www.kktavastia.fi\\\/lukiot-hameenlinnan-lyseo\\\/#\\\/schema\\\/person\\\/5124cdf24960861f89c21a474417e84c\",\"name\":\"sannajalli\",\"image\":{\"@type\":\"ImageObject\",\"inLanguage\":\"fi\",\"@id\":\"https:\\\/\\\/secure.gravatar.com\\\/avatar\\\/5a90797dc90f9ae04e1821fb5ead7872f6cb5e56ea86cb2a991873d12dd0c83a?s=96&d=mm&r=g\",\"url\":\"https:\\\/\\\/secure.gravatar.com\\\/avatar\\\/5a90797dc90f9ae04e1821fb5ead7872f6cb5e56ea86cb2a991873d12dd0c83a?s=96&d=mm&r=g\",\"contentUrl\":\"https:\\\/\\\/secure.gravatar.com\\\/avatar\\\/5a90797dc90f9ae04e1821fb5ead7872f6cb5e56ea86cb2a991873d12dd0c83a?s=96&d=mm&r=g\",\"caption\":\"sannajalli\"},\"url\":\"https:\\\/\\\/www.kktavastia.fi\\\/lukiot-hameenlinnan-lyseo\\\/author\\\/sannajalli\\\/\"}]}<\/script>","yoast_head_json":{"title":"Syksyn uudet ylioppilaat - H\u00e4meenlinnan lyseon lukio","robots":{"index":"index","follow":"follow","max-snippet":"max-snippet:-1","max-image-preview":"max-image-preview:large","max-video-preview":"max-video-preview:-1"},"canonical":"https:\/\/www.kktavastia.fi\/lukiot-hameenlinnan-lyseo\/2017\/hameenlinnan-lyseon-lukion-syksyn-ylioppilaat-2017\/","og_locale":"fi_FI","og_type":"article","og_title":"Syksyn uudet ylioppilaat - H\u00e4meenlinnan lyseon lukio","og_description":"Heikkinen Wilma Hyv\u00f6nen Elias Jaakkola Pauliina Juslin Ilona Kaivola Annika Koivu Kosti Kuusinen Inka Lindroos Laura M\u00e4kel\u00e4 Mikael R\u00f6nn Milla [&hellip;]","og_url":"https:\/\/www.kktavastia.fi\/lukiot-hameenlinnan-lyseo\/2017\/hameenlinnan-lyseon-lukion-syksyn-ylioppilaat-2017\/","og_site_name":"H\u00e4meenlinnan lyseon lukio","article_published_time":"2017-11-17T09:00:06+00:00","og_image":[{"width":2000,"height":1333,"url":"https:\/\/www.kktavastia.fi\/media\/sites\/8\/yo-lakki.jpg","type":"image\/jpeg"}],"author":"sannajalli","twitter_card":"summary_large_image","schema":{"@context":"https:\/\/schema.org","@graph":[{"@type":"Article","@id":"https:\/\/www.kktavastia.fi\/lukiot-hameenlinnan-lyseo\/2017\/hameenlinnan-lyseon-lukion-syksyn-ylioppilaat-2017\/#article","isPartOf":{"@id":"https:\/\/www.kktavastia.fi\/lukiot-hameenlinnan-lyseo\/2017\/hameenlinnan-lyseon-lukion-syksyn-ylioppilaat-2017\/"},"author":{"name":"sannajalli","@id":"https:\/\/www.kktavastia.fi\/lukiot-hameenlinnan-lyseo\/#\/schema\/person\/5124cdf24960861f89c21a474417e84c"},"headline":"Syksyn uudet ylioppilaat","datePublished":"2017-11-17T09:00:06+00:00","mainEntityOfPage":{"@id":"https:\/\/www.kktavastia.fi\/lukiot-hameenlinnan-lyseo\/2017\/hameenlinnan-lyseon-lukion-syksyn-ylioppilaat-2017\/"},"wordCount":40,"commentCount":0,"image":{"@id":"https:\/\/www.kktavastia.fi\/lukiot-hameenlinnan-lyseo\/2017\/hameenlinnan-lyseon-lukion-syksyn-ylioppilaat-2017\/#primaryimage"},"thumbnailUrl":"https:\/\/www.kktavastia.fi\/media\/sites\/8\/yo-lakki.jpg","articleSection":["Ajankohtaista"],"inLanguage":"fi","potentialAction":[{"@type":"CommentAction","name":"Comment","target":["https:\/\/www.kktavastia.fi\/lukiot-hameenlinnan-lyseo\/2017\/hameenlinnan-lyseon-lukion-syksyn-ylioppilaat-2017\/#respond"]}]},{"@type":"WebPage","@id":"https:\/\/www.kktavastia.fi\/lukiot-hameenlinnan-lyseo\/2017\/hameenlinnan-lyseon-lukion-syksyn-ylioppilaat-2017\/","url":"https:\/\/www.kktavastia.fi\/lukiot-hameenlinnan-lyseo\/2017\/hameenlinnan-lyseon-lukion-syksyn-ylioppilaat-2017\/","name":"Syksyn uudet ylioppilaat - H\u00e4meenlinnan lyseon lukio","isPartOf":{"@id":"https:\/\/www.kktavastia.fi\/lukiot-hameenlinnan-lyseo\/#website"},"primaryImageOfPage":{"@id":"https:\/\/www.kktavastia.fi\/lukiot-hameenlinnan-lyseo\/2017\/hameenlinnan-lyseon-lukion-syksyn-ylioppilaat-2017\/#primaryimage"},"image":{"@id":"https:\/\/www.kktavastia.fi\/lukiot-hameenlinnan-lyseo\/2017\/hameenlinnan-lyseon-lukion-syksyn-ylioppilaat-2017\/#primaryimage"},"thumbnailUrl":"https:\/\/www.kktavastia.fi\/media\/sites\/8\/yo-lakki.jpg","datePublished":"2017-11-17T09:00:06+00:00","author":{"@id":"https:\/\/www.kktavastia.fi\/lukiot-hameenlinnan-lyseo\/#\/schema\/person\/5124cdf24960861f89c21a474417e84c"},"breadcrumb":{"@id":"https:\/\/www.kktavastia.fi\/lukiot-hameenlinnan-lyseo\/2017\/hameenlinnan-lyseon-lukion-syksyn-ylioppilaat-2017\/#breadcrumb"},"inLanguage":"fi","potentialAction":[{"@type":"ReadAction","target":["https:\/\/www.kktavastia.fi\/lukiot-hameenlinnan-lyseo\/2017\/hameenlinnan-lyseon-lukion-syksyn-ylioppilaat-2017\/"]}]},{"@type":"ImageObject","inLanguage":"fi","@id":"https:\/\/www.kktavastia.fi\/lukiot-hameenlinnan-lyseo\/2017\/hameenlinnan-lyseon-lukion-syksyn-ylioppilaat-2017\/#primaryimage","url":"https:\/\/www.kktavastia.fi\/media\/sites\/8\/yo-lakki.jpg","contentUrl":"https:\/\/www.kktavastia.fi\/media\/sites\/8\/yo-lakki.jpg","width":2000,"height":1333},{"@type":"BreadcrumbList","@id":"https:\/\/www.kktavastia.fi\/lukiot-hameenlinnan-lyseo\/2017\/hameenlinnan-lyseon-lukion-syksyn-ylioppilaat-2017\/#breadcrumb","itemListElement":[{"@type":"ListItem","position":1,"name":"Home","item":"https:\/\/www.kktavastia.fi\/lukiot-hameenlinnan-lyseo\/"},{"@type":"ListItem","position":2,"name":"Syksyn uudet ylioppilaat"}]},{"@type":"WebSite","@id":"https:\/\/www.kktavastia.fi\/lukiot-hameenlinnan-lyseo\/#website","url":"https:\/\/www.kktavastia.fi\/lukiot-hameenlinnan-lyseo\/","name":"H\u00e4meenlinnan lyseon lukio","description":"","potentialAction":[{"@type":"SearchAction","target":{"@type":"EntryPoint","urlTemplate":"https:\/\/www.kktavastia.fi\/lukiot-hameenlinnan-lyseo\/?s={search_term_string}"},"query-input":{"@type":"PropertyValueSpecification","valueRequired":true,"valueName":"search_term_string"}}],"inLanguage":"fi"},{"@type":"Person","@id":"https:\/\/www.kktavastia.fi\/lukiot-hameenlinnan-lyseo\/#\/schema\/person\/5124cdf24960861f89c21a474417e84c","name":"sannajalli","image":{"@type":"ImageObject","inLanguage":"fi","@id":"https:\/\/secure.gravatar.com\/avatar\/5a90797dc90f9ae04e1821fb5ead7872f6cb5e56ea86cb2a991873d12dd0c83a?s=96&d=mm&r=g","url":"https:\/\/secure.gravatar.com\/avatar\/5a90797dc90f9ae04e1821fb5ead7872f6cb5e56ea86cb2a991873d12dd0c83a?s=96&d=mm&r=g","contentUrl":"https:\/\/secure.gravatar.com\/avatar\/5a90797dc90f9ae04e1821fb5ead7872f6cb5e56ea86cb2a991873d12dd0c83a?s=96&d=mm&r=g","caption":"sannajalli"},"url":"https:\/\/www.kktavastia.fi\/lukiot-hameenlinnan-lyseo\/author\/sannajalli\/"}]}},"_links":{"self":[{"href":"https:\/\/www.kktavastia.fi\/lukiot-hameenlinnan-lyseo\/wp-json\/wp\/v2\/posts\/1099","targetHints":{"allow":["GET"]}}],"collection":[{"href":"https:\/\/www.kktavastia.fi\/lukiot-hameenlinnan-lyseo\/wp-json\/wp\/v2\/posts"}],"about":[{"href":"https:\/\/www.kktavastia.fi\/lukiot-hameenlinnan-lyseo\/wp-json\/wp\/v2\/types\/post"}],"author":[{"embeddable":true,"href":"https:\/\/www.kktavastia.fi\/lukiot-hameenlinnan-lyseo\/wp-json\/wp\/v2\/users\/5"}],"replies":[{"embeddable":true,"href":"https:\/\/www.kktavastia.fi\/lukiot-hameenlinnan-lyseo\/wp-json\/wp\/v2\/comments?post=1099"}],"version-history":[{"count":0,"href":"https:\/\/www.kktavastia.fi\/lukiot-hameenlinnan-lyseo\/wp-json\/wp\/v2\/posts\/1099\/revisions"}],"wp:featuredmedia":[{"embeddable":true,"href":"https:\/\/www.kktavastia.fi\/lukiot-hameenlinnan-lyseo\/wp-json\/wp\/v2\/media\/653"}],"wp:attachment":[{"href":"https:\/\/www.kktavastia.fi\/lukiot-hameenlinnan-lyseo\/wp-json\/wp\/v2\/media?parent=1099"}],"wp:term":[{"taxonomy":"category","embeddable":true,"href":"https:\/\/www.kktavastia.fi\/lukiot-hameenlinnan-lyseo\/wp-json\/wp\/v2\/categories?post=1099"},{"taxonomy":"post_tag","embeddable":true,"href":"https:\/\/www.kktavastia.fi\/lukiot-hameenlinnan-lyseo\/wp-json\/wp\/v2\/tags?post=1099"}],"curies":[{"name":"wp","href":"https:\/\/api.w.org\/{rel}","templated":true}]}}