{"id":965,"date":"2020-10-06T16:49:28","date_gmt":"2020-10-06T13:49:28","guid":{"rendered":"https:\/\/www.kktavastia.fi\/lyseon-lukio-aikuislinja\/?p=965"},"modified":"2020-10-06T16:49:28","modified_gmt":"2020-10-06T13:49:28","slug":"tavastian-lukiot-siirtyvat-etaopetukseen-2","status":"publish","type":"post","link":"https:\/\/www.kktavastia.fi\/lukiot-hameenlinnan-lyseo-aikuislinja\/2020\/tavastian-lukiot-siirtyvat-etaopetukseen-2\/","title":{"rendered":"Tavastian lukiot siirtyv\u00e4t et\u00e4opetukseen"},"content":{"rendered":"<p>Maakunnan pandemiaryhm\u00e4n niin kutsutun koronanyrkin suosituksen pohjalta Koulutuskuntayhtym\u00e4 Tavastian lukiot Parolan lukio, H\u00e4meenlinnan lyseon lukio, Kaurialan lukio sek\u00e4 Lammin lukio siirtyv\u00e4t et\u00e4opetukseen torstaina 8.10.2020 alkaen. P\u00e4\u00e4t\u00f6s koskee my\u00f6s H\u00e4meenlinnan lyseon lukion aikuislinjaa. Et\u00e4opetus jatkuu ainakin sunnuntaihin 18.10.2020 asti. Et\u00e4opetuksen mahdollisesta jatkumisesta viikolla 43 tiedotetaan edellisen syyslomaviikon 42 loppupuolella.<\/p>\n<p>Katso <a href=\"https:\/\/www.khshp.fi\/uutiset\/kanta-hameen-koronanyrkki-suosittaa-etatyohon-ja-toisella-asteella-etaopetukseen-siirtymista-epidemian-kiihtymisvaiheessa\/\">Kanta-H\u00e4meen sairaanhoitopiirin tiedote<\/a>.<\/p>\n","protected":false},"excerpt":{"rendered":"<p>Maakunnan pandemiaryhm\u00e4n niin kutsutun koronanyrkin suosituksen pohjalta Koulutuskuntayhtym\u00e4 Tavastian lukiot Parolan lukio, H\u00e4meenlinnan lyseon lukio, Kaurialan lukio sek\u00e4 Lammin lukio [&hellip;]<\/p>\n","protected":false},"author":3,"featured_media":422,"comment_status":"closed","ping_status":"closed","sticky":false,"template":"","format":"standard","meta":{"_acf_changed":false,"_relevanssi_hide_post":"","_relevanssi_hide_content":"","_relevanssi_pin_for_all":"","_relevanssi_pin_keywords":"","_relevanssi_unpin_keywords":"","_relevanssi_related_keywords":"","_relevanssi_related_include_ids":"","_relevanssi_related_exclude_ids":"","_relevanssi_related_no_append":"","_relevanssi_related_not_related":"","_relevanssi_related_posts":"","_relevanssi_noindex_reason":"","footnotes":""},"categories":[3],"tags":[],"class_list":["post-965","post","type-post","status-publish","format-standard","has-post-thumbnail","hentry","category-ajankohtaista"],"acf":[],"yoast_head":"<title>Tavastian lukiot siirtyv\u00e4t et\u00e4opetukseen - H\u00e4meenlinnan lyseon lukion aikuislinja<\/title>\n<meta name=\"robots\" content=\"index, follow, max-snippet:-1, max-image-preview:large, max-video-preview:-1\" \/>\n<link rel=\"canonical\" href=\"https:\/\/www.kktavastia.fi\/lukiot-hameenlinnan-lyseo-aikuislinja\/2020\/tavastian-lukiot-siirtyvat-etaopetukseen-2\/\" \/>\n<meta property=\"og:locale\" content=\"fi_FI\" \/>\n<meta property=\"og:type\" content=\"article\" \/>\n<meta property=\"og:title\" content=\"Tavastian lukiot siirtyv\u00e4t et\u00e4opetukseen - H\u00e4meenlinnan lyseon lukion aikuislinja\" \/>\n<meta property=\"og:description\" content=\"Maakunnan pandemiaryhm\u00e4n niin kutsutun koronanyrkin suosituksen pohjalta Koulutuskuntayhtym\u00e4 Tavastian lukiot Parolan lukio, H\u00e4meenlinnan lyseon lukio, Kaurialan lukio sek\u00e4 Lammin lukio [&hellip;]\" \/>\n<meta property=\"og:url\" content=\"https:\/\/www.kktavastia.fi\/lukiot-hameenlinnan-lyseo-aikuislinja\/2020\/tavastian-lukiot-siirtyvat-etaopetukseen-2\/\" \/>\n<meta property=\"og:site_name\" content=\"H\u00e4meenlinnan lyseon lukion aikuislinja\" \/>\n<meta property=\"article:published_time\" content=\"2020-10-06T13:49:28+00:00\" \/>\n<meta property=\"og:image\" content=\"https:\/\/www.kktavastia.fi\/media\/sites\/9\/tavastia-neliotunnus_lukiot.png\" \/>\n\t<meta property=\"og:image:width\" content=\"965\" \/>\n\t<meta property=\"og:image:height\" content=\"845\" \/>\n\t<meta property=\"og:image:type\" content=\"image\/png\" \/>\n<meta name=\"author\" content=\"jennimanninen\" \/>\n<meta name=\"twitter:card\" content=\"summary_large_image\" \/>\n<script type=\"application\/ld+json\" class=\"yoast-schema-graph\">{\"@context\":\"https:\\\/\\\/schema.org\",\"@graph\":[{\"@type\":\"Article\",\"@id\":\"https:\\\/\\\/www.kktavastia.fi\\\/lukiot-hameenlinnan-lyseo-aikuislinja\\\/2020\\\/tavastian-lukiot-siirtyvat-etaopetukseen-2\\\/#article\",\"isPartOf\":{\"@id\":\"https:\\\/\\\/www.kktavastia.fi\\\/lukiot-hameenlinnan-lyseo-aikuislinja\\\/2020\\\/tavastian-lukiot-siirtyvat-etaopetukseen-2\\\/\"},\"author\":{\"name\":\"jennimanninen\",\"@id\":\"https:\\\/\\\/www.kktavastia.fi\\\/lukiot-hameenlinnan-lyseo-aikuislinja\\\/#\\\/schema\\\/person\\\/024aefaad0a17654b61e7deb02a467ab\"},\"headline\":\"Tavastian lukiot siirtyv\u00e4t et\u00e4opetukseen\",\"datePublished\":\"2020-10-06T13:49:28+00:00\",\"mainEntityOfPage\":{\"@id\":\"https:\\\/\\\/www.kktavastia.fi\\\/lukiot-hameenlinnan-lyseo-aikuislinja\\\/2020\\\/tavastian-lukiot-siirtyvat-etaopetukseen-2\\\/\"},\"wordCount\":65,\"image\":{\"@id\":\"https:\\\/\\\/www.kktavastia.fi\\\/lukiot-hameenlinnan-lyseo-aikuislinja\\\/2020\\\/tavastian-lukiot-siirtyvat-etaopetukseen-2\\\/#primaryimage\"},\"thumbnailUrl\":\"https:\\\/\\\/www.kktavastia.fi\\\/media\\\/sites\\\/9\\\/tavastia-neliotunnus_lukiot.png\",\"articleSection\":[\"Ajankohtaista\"],\"inLanguage\":\"fi\"},{\"@type\":\"WebPage\",\"@id\":\"https:\\\/\\\/www.kktavastia.fi\\\/lukiot-hameenlinnan-lyseo-aikuislinja\\\/2020\\\/tavastian-lukiot-siirtyvat-etaopetukseen-2\\\/\",\"url\":\"https:\\\/\\\/www.kktavastia.fi\\\/lukiot-hameenlinnan-lyseo-aikuislinja\\\/2020\\\/tavastian-lukiot-siirtyvat-etaopetukseen-2\\\/\",\"name\":\"Tavastian lukiot siirtyv\u00e4t et\u00e4opetukseen - H\u00e4meenlinnan lyseon lukion aikuislinja\",\"isPartOf\":{\"@id\":\"https:\\\/\\\/www.kktavastia.fi\\\/lukiot-hameenlinnan-lyseo-aikuislinja\\\/#website\"},\"primaryImageOfPage\":{\"@id\":\"https:\\\/\\\/www.kktavastia.fi\\\/lukiot-hameenlinnan-lyseo-aikuislinja\\\/2020\\\/tavastian-lukiot-siirtyvat-etaopetukseen-2\\\/#primaryimage\"},\"image\":{\"@id\":\"https:\\\/\\\/www.kktavastia.fi\\\/lukiot-hameenlinnan-lyseo-aikuislinja\\\/2020\\\/tavastian-lukiot-siirtyvat-etaopetukseen-2\\\/#primaryimage\"},\"thumbnailUrl\":\"https:\\\/\\\/www.kktavastia.fi\\\/media\\\/sites\\\/9\\\/tavastia-neliotunnus_lukiot.png\",\"datePublished\":\"2020-10-06T13:49:28+00:00\",\"author\":{\"@id\":\"https:\\\/\\\/www.kktavastia.fi\\\/lukiot-hameenlinnan-lyseo-aikuislinja\\\/#\\\/schema\\\/person\\\/024aefaad0a17654b61e7deb02a467ab\"},\"breadcrumb\":{\"@id\":\"https:\\\/\\\/www.kktavastia.fi\\\/lukiot-hameenlinnan-lyseo-aikuislinja\\\/2020\\\/tavastian-lukiot-siirtyvat-etaopetukseen-2\\\/#breadcrumb\"},\"inLanguage\":\"fi\",\"potentialAction\":[{\"@type\":\"ReadAction\",\"target\":[\"https:\\\/\\\/www.kktavastia.fi\\\/lukiot-hameenlinnan-lyseo-aikuislinja\\\/2020\\\/tavastian-lukiot-siirtyvat-etaopetukseen-2\\\/\"]}]},{\"@type\":\"ImageObject\",\"inLanguage\":\"fi\",\"@id\":\"https:\\\/\\\/www.kktavastia.fi\\\/lukiot-hameenlinnan-lyseo-aikuislinja\\\/2020\\\/tavastian-lukiot-siirtyvat-etaopetukseen-2\\\/#primaryimage\",\"url\":\"https:\\\/\\\/www.kktavastia.fi\\\/media\\\/sites\\\/9\\\/tavastia-neliotunnus_lukiot.png\",\"contentUrl\":\"https:\\\/\\\/www.kktavastia.fi\\\/media\\\/sites\\\/9\\\/tavastia-neliotunnus_lukiot.png\",\"width\":965,\"height\":845},{\"@type\":\"BreadcrumbList\",\"@id\":\"https:\\\/\\\/www.kktavastia.fi\\\/lukiot-hameenlinnan-lyseo-aikuislinja\\\/2020\\\/tavastian-lukiot-siirtyvat-etaopetukseen-2\\\/#breadcrumb\",\"itemListElement\":[{\"@type\":\"ListItem\",\"position\":1,\"name\":\"Home\",\"item\":\"https:\\\/\\\/www.kktavastia.fi\\\/lukiot-hameenlinnan-lyseo-aikuislinja\\\/\"},{\"@type\":\"ListItem\",\"position\":2,\"name\":\"Tavastian lukiot siirtyv\u00e4t et\u00e4opetukseen\"}]},{\"@type\":\"WebSite\",\"@id\":\"https:\\\/\\\/www.kktavastia.fi\\\/lukiot-hameenlinnan-lyseo-aikuislinja\\\/#website\",\"url\":\"https:\\\/\\\/www.kktavastia.fi\\\/lukiot-hameenlinnan-lyseo-aikuislinja\\\/\",\"name\":\"H\u00e4meenlinnan lyseon lukion aikuislinja\",\"description\":\"\",\"potentialAction\":[{\"@type\":\"SearchAction\",\"target\":{\"@type\":\"EntryPoint\",\"urlTemplate\":\"https:\\\/\\\/www.kktavastia.fi\\\/lukiot-hameenlinnan-lyseo-aikuislinja\\\/?s={search_term_string}\"},\"query-input\":{\"@type\":\"PropertyValueSpecification\",\"valueRequired\":true,\"valueName\":\"search_term_string\"}}],\"inLanguage\":\"fi\"},{\"@type\":\"Person\",\"@id\":\"https:\\\/\\\/www.kktavastia.fi\\\/lukiot-hameenlinnan-lyseo-aikuislinja\\\/#\\\/schema\\\/person\\\/024aefaad0a17654b61e7deb02a467ab\",\"name\":\"jennimanninen\",\"image\":{\"@type\":\"ImageObject\",\"inLanguage\":\"fi\",\"@id\":\"https:\\\/\\\/secure.gravatar.com\\\/avatar\\\/5457e44008198bb53daa774600a7e8e4246bcac6a14afc3db6e5d007d9dc6f39?s=96&d=mm&r=g\",\"url\":\"https:\\\/\\\/secure.gravatar.com\\\/avatar\\\/5457e44008198bb53daa774600a7e8e4246bcac6a14afc3db6e5d007d9dc6f39?s=96&d=mm&r=g\",\"contentUrl\":\"https:\\\/\\\/secure.gravatar.com\\\/avatar\\\/5457e44008198bb53daa774600a7e8e4246bcac6a14afc3db6e5d007d9dc6f39?s=96&d=mm&r=g\",\"caption\":\"jennimanninen\"},\"url\":\"https:\\\/\\\/www.kktavastia.fi\\\/lukiot-hameenlinnan-lyseo-aikuislinja\\\/author\\\/jennimanninen\\\/\"}]}<\/script>","yoast_head_json":{"title":"Tavastian lukiot siirtyv\u00e4t et\u00e4opetukseen - H\u00e4meenlinnan lyseon lukion aikuislinja","robots":{"index":"index","follow":"follow","max-snippet":"max-snippet:-1","max-image-preview":"max-image-preview:large","max-video-preview":"max-video-preview:-1"},"canonical":"https:\/\/www.kktavastia.fi\/lukiot-hameenlinnan-lyseo-aikuislinja\/2020\/tavastian-lukiot-siirtyvat-etaopetukseen-2\/","og_locale":"fi_FI","og_type":"article","og_title":"Tavastian lukiot siirtyv\u00e4t et\u00e4opetukseen - H\u00e4meenlinnan lyseon lukion aikuislinja","og_description":"Maakunnan pandemiaryhm\u00e4n niin kutsutun koronanyrkin suosituksen pohjalta Koulutuskuntayhtym\u00e4 Tavastian lukiot Parolan lukio, H\u00e4meenlinnan lyseon lukio, Kaurialan lukio sek\u00e4 Lammin lukio [&hellip;]","og_url":"https:\/\/www.kktavastia.fi\/lukiot-hameenlinnan-lyseo-aikuislinja\/2020\/tavastian-lukiot-siirtyvat-etaopetukseen-2\/","og_site_name":"H\u00e4meenlinnan lyseon lukion aikuislinja","article_published_time":"2020-10-06T13:49:28+00:00","og_image":[{"width":965,"height":845,"url":"https:\/\/www.kktavastia.fi\/media\/sites\/9\/tavastia-neliotunnus_lukiot.png","type":"image\/png"}],"author":"jennimanninen","twitter_card":"summary_large_image","schema":{"@context":"https:\/\/schema.org","@graph":[{"@type":"Article","@id":"https:\/\/www.kktavastia.fi\/lukiot-hameenlinnan-lyseo-aikuislinja\/2020\/tavastian-lukiot-siirtyvat-etaopetukseen-2\/#article","isPartOf":{"@id":"https:\/\/www.kktavastia.fi\/lukiot-hameenlinnan-lyseo-aikuislinja\/2020\/tavastian-lukiot-siirtyvat-etaopetukseen-2\/"},"author":{"name":"jennimanninen","@id":"https:\/\/www.kktavastia.fi\/lukiot-hameenlinnan-lyseo-aikuislinja\/#\/schema\/person\/024aefaad0a17654b61e7deb02a467ab"},"headline":"Tavastian lukiot siirtyv\u00e4t et\u00e4opetukseen","datePublished":"2020-10-06T13:49:28+00:00","mainEntityOfPage":{"@id":"https:\/\/www.kktavastia.fi\/lukiot-hameenlinnan-lyseo-aikuislinja\/2020\/tavastian-lukiot-siirtyvat-etaopetukseen-2\/"},"wordCount":65,"image":{"@id":"https:\/\/www.kktavastia.fi\/lukiot-hameenlinnan-lyseo-aikuislinja\/2020\/tavastian-lukiot-siirtyvat-etaopetukseen-2\/#primaryimage"},"thumbnailUrl":"https:\/\/www.kktavastia.fi\/media\/sites\/9\/tavastia-neliotunnus_lukiot.png","articleSection":["Ajankohtaista"],"inLanguage":"fi"},{"@type":"WebPage","@id":"https:\/\/www.kktavastia.fi\/lukiot-hameenlinnan-lyseo-aikuislinja\/2020\/tavastian-lukiot-siirtyvat-etaopetukseen-2\/","url":"https:\/\/www.kktavastia.fi\/lukiot-hameenlinnan-lyseo-aikuislinja\/2020\/tavastian-lukiot-siirtyvat-etaopetukseen-2\/","name":"Tavastian lukiot siirtyv\u00e4t et\u00e4opetukseen - H\u00e4meenlinnan lyseon lukion aikuislinja","isPartOf":{"@id":"https:\/\/www.kktavastia.fi\/lukiot-hameenlinnan-lyseo-aikuislinja\/#website"},"primaryImageOfPage":{"@id":"https:\/\/www.kktavastia.fi\/lukiot-hameenlinnan-lyseo-aikuislinja\/2020\/tavastian-lukiot-siirtyvat-etaopetukseen-2\/#primaryimage"},"image":{"@id":"https:\/\/www.kktavastia.fi\/lukiot-hameenlinnan-lyseo-aikuislinja\/2020\/tavastian-lukiot-siirtyvat-etaopetukseen-2\/#primaryimage"},"thumbnailUrl":"https:\/\/www.kktavastia.fi\/media\/sites\/9\/tavastia-neliotunnus_lukiot.png","datePublished":"2020-10-06T13:49:28+00:00","author":{"@id":"https:\/\/www.kktavastia.fi\/lukiot-hameenlinnan-lyseo-aikuislinja\/#\/schema\/person\/024aefaad0a17654b61e7deb02a467ab"},"breadcrumb":{"@id":"https:\/\/www.kktavastia.fi\/lukiot-hameenlinnan-lyseo-aikuislinja\/2020\/tavastian-lukiot-siirtyvat-etaopetukseen-2\/#breadcrumb"},"inLanguage":"fi","potentialAction":[{"@type":"ReadAction","target":["https:\/\/www.kktavastia.fi\/lukiot-hameenlinnan-lyseo-aikuislinja\/2020\/tavastian-lukiot-siirtyvat-etaopetukseen-2\/"]}]},{"@type":"ImageObject","inLanguage":"fi","@id":"https:\/\/www.kktavastia.fi\/lukiot-hameenlinnan-lyseo-aikuislinja\/2020\/tavastian-lukiot-siirtyvat-etaopetukseen-2\/#primaryimage","url":"https:\/\/www.kktavastia.fi\/media\/sites\/9\/tavastia-neliotunnus_lukiot.png","contentUrl":"https:\/\/www.kktavastia.fi\/media\/sites\/9\/tavastia-neliotunnus_lukiot.png","width":965,"height":845},{"@type":"BreadcrumbList","@id":"https:\/\/www.kktavastia.fi\/lukiot-hameenlinnan-lyseo-aikuislinja\/2020\/tavastian-lukiot-siirtyvat-etaopetukseen-2\/#breadcrumb","itemListElement":[{"@type":"ListItem","position":1,"name":"Home","item":"https:\/\/www.kktavastia.fi\/lukiot-hameenlinnan-lyseo-aikuislinja\/"},{"@type":"ListItem","position":2,"name":"Tavastian lukiot siirtyv\u00e4t et\u00e4opetukseen"}]},{"@type":"WebSite","@id":"https:\/\/www.kktavastia.fi\/lukiot-hameenlinnan-lyseo-aikuislinja\/#website","url":"https:\/\/www.kktavastia.fi\/lukiot-hameenlinnan-lyseo-aikuislinja\/","name":"H\u00e4meenlinnan lyseon lukion aikuislinja","description":"","potentialAction":[{"@type":"SearchAction","target":{"@type":"EntryPoint","urlTemplate":"https:\/\/www.kktavastia.fi\/lukiot-hameenlinnan-lyseo-aikuislinja\/?s={search_term_string}"},"query-input":{"@type":"PropertyValueSpecification","valueRequired":true,"valueName":"search_term_string"}}],"inLanguage":"fi"},{"@type":"Person","@id":"https:\/\/www.kktavastia.fi\/lukiot-hameenlinnan-lyseo-aikuislinja\/#\/schema\/person\/024aefaad0a17654b61e7deb02a467ab","name":"jennimanninen","image":{"@type":"ImageObject","inLanguage":"fi","@id":"https:\/\/secure.gravatar.com\/avatar\/5457e44008198bb53daa774600a7e8e4246bcac6a14afc3db6e5d007d9dc6f39?s=96&d=mm&r=g","url":"https:\/\/secure.gravatar.com\/avatar\/5457e44008198bb53daa774600a7e8e4246bcac6a14afc3db6e5d007d9dc6f39?s=96&d=mm&r=g","contentUrl":"https:\/\/secure.gravatar.com\/avatar\/5457e44008198bb53daa774600a7e8e4246bcac6a14afc3db6e5d007d9dc6f39?s=96&d=mm&r=g","caption":"jennimanninen"},"url":"https:\/\/www.kktavastia.fi\/lukiot-hameenlinnan-lyseo-aikuislinja\/author\/jennimanninen\/"}]}},"_links":{"self":[{"href":"https:\/\/www.kktavastia.fi\/lukiot-hameenlinnan-lyseo-aikuislinja\/wp-json\/wp\/v2\/posts\/965","targetHints":{"allow":["GET"]}}],"collection":[{"href":"https:\/\/www.kktavastia.fi\/lukiot-hameenlinnan-lyseo-aikuislinja\/wp-json\/wp\/v2\/posts"}],"about":[{"href":"https:\/\/www.kktavastia.fi\/lukiot-hameenlinnan-lyseo-aikuislinja\/wp-json\/wp\/v2\/types\/post"}],"author":[{"embeddable":true,"href":"https:\/\/www.kktavastia.fi\/lukiot-hameenlinnan-lyseo-aikuislinja\/wp-json\/wp\/v2\/users\/3"}],"replies":[{"embeddable":true,"href":"https:\/\/www.kktavastia.fi\/lukiot-hameenlinnan-lyseo-aikuislinja\/wp-json\/wp\/v2\/comments?post=965"}],"version-history":[{"count":0,"href":"https:\/\/www.kktavastia.fi\/lukiot-hameenlinnan-lyseo-aikuislinja\/wp-json\/wp\/v2\/posts\/965\/revisions"}],"wp:featuredmedia":[{"embeddable":true,"href":"https:\/\/www.kktavastia.fi\/lukiot-hameenlinnan-lyseo-aikuislinja\/wp-json\/wp\/v2\/media\/422"}],"wp:attachment":[{"href":"https:\/\/www.kktavastia.fi\/lukiot-hameenlinnan-lyseo-aikuislinja\/wp-json\/wp\/v2\/media?parent=965"}],"wp:term":[{"taxonomy":"category","embeddable":true,"href":"https:\/\/www.kktavastia.fi\/lukiot-hameenlinnan-lyseo-aikuislinja\/wp-json\/wp\/v2\/categories?post=965"},{"taxonomy":"post_tag","embeddable":true,"href":"https:\/\/www.kktavastia.fi\/lukiot-hameenlinnan-lyseo-aikuislinja\/wp-json\/wp\/v2\/tags?post=965"}],"curies":[{"name":"wp","href":"https:\/\/api.w.org\/{rel}","templated":true}]}}