{"id":721,"date":"2019-05-15T10:59:10","date_gmt":"2019-05-15T07:59:10","guid":{"rendered":"https:\/\/www.kktavastia.fi\/lyseon-lukio-aikuislinja\/?p=721"},"modified":"2019-05-15T10:59:10","modified_gmt":"2019-05-15T07:59:10","slug":"hameenlinnan-lyseon-lukion-aikuislinjan-kevaan-ylioppilaat","status":"publish","type":"post","link":"https:\/\/www.kktavastia.fi\/lukiot-hameenlinnan-lyseo-aikuislinja\/2019\/hameenlinnan-lyseon-lukion-aikuislinjan-kevaan-ylioppilaat\/","title":{"rendered":"H\u00e4meenlinnan lyseon lukion aikuislinjan kev\u00e4\u00e4n ylioppilaat"},"content":{"rendered":"<figure id=\"attachment_720\" aria-describedby=\"caption-attachment-720\" style=\"width: 250px\" class=\"wp-caption alignright\"><a href=\"https:\/\/www.kktavastia.fi\/media\/sites\/9\/lakki2.jpg\"><img loading=\"lazy\" decoding=\"async\" class=\"wp-image-720\" src=\"https:\/\/www.kktavastia.fi\/media\/sites\/9\/lakki2.jpg\" alt=\"\" width=\"250\" height=\"167\" srcset=\"https:\/\/www.kktavastia.fi\/media\/sites\/9\/lakki2.jpg 2000w, https:\/\/www.kktavastia.fi\/media\/sites\/9\/lakki2-300x200.jpg 300w, https:\/\/www.kktavastia.fi\/media\/sites\/9\/lakki2-1024x682.jpg 1024w, https:\/\/www.kktavastia.fi\/media\/sites\/9\/lakki2-768x512.jpg 768w, https:\/\/www.kktavastia.fi\/media\/sites\/9\/lakki2-1536x1024.jpg 1536w, https:\/\/www.kktavastia.fi\/media\/sites\/9\/lakki2-20x13.jpg 20w\" sizes=\"auto, (max-width: 250px) 100vw, 250px\" \/><\/a><figcaption id=\"caption-attachment-720\" class=\"wp-caption-text\"><em><strong>L\u00e4mpim\u00e4t onnittelut uusille ylioppilaille!<\/strong><\/em><\/figcaption><\/figure>\n<p>Elv\u00e4s Arttu<br \/>\nHampunen Saara<br \/>\nHyv\u00f6nen Kristiina<br \/>\nNylander Julia<br \/>\nOjala Salla<br \/>\nRoisko Vilena<br \/>\nSj\u00f6blom Jenni<br \/>\nTapaninen Nea<br \/>\nVirtanen Roosa<\/p>\n<p><strong>KAKSOISTUTKINTO<br \/>\n(ammatillinen perustutkinto ja ylioppilastutkinto)<\/strong><br \/>\nKauhanen Viivi<br \/>\nKettunen Elmiira<br \/>\nKivel\u00f6 Sani<br \/>\nKoivula Iris<br \/>\nKuusij\u00e4rvi Kiia<br \/>\nLampila Iida<br \/>\nLeino Tino<br \/>\nNappari Salla<br \/>\nNiittynen Laura<br \/>\nNurminen Inka-Emilia<br \/>\nPulli Aino<br \/>\nP\u00f6nni Julia<br \/>\nRimpil\u00e4 Oiva<br \/>\nR\u00f6nkk\u00f6 Tommi<br \/>\nSalonen Lea<br \/>\nSuomies Suvi<br \/>\nTamminen Emilia<br \/>\nToivonen Venla<br \/>\nTossavainen Iida<br \/>\nVirtanen Oona<\/p>\n","protected":false},"excerpt":{"rendered":"<p>Elv\u00e4s Arttu Hampunen Saara Hyv\u00f6nen Kristiina Nylander Julia Ojala Salla Roisko Vilena Sj\u00f6blom Jenni Tapaninen Nea Virtanen Roosa KAKSOISTUTKINTO (ammatillinen [&hellip;]<\/p>\n","protected":false},"author":5,"featured_media":720,"comment_status":"closed","ping_status":"closed","sticky":false,"template":"","format":"standard","meta":{"_acf_changed":false,"_relevanssi_hide_post":"","_relevanssi_hide_content":"","_relevanssi_pin_for_all":"","_relevanssi_pin_keywords":"","_relevanssi_unpin_keywords":"","_relevanssi_related_keywords":"","_relevanssi_related_include_ids":"","_relevanssi_related_exclude_ids":"","_relevanssi_related_no_append":"","_relevanssi_related_not_related":"","_relevanssi_related_posts":"","_relevanssi_noindex_reason":"","footnotes":""},"categories":[3],"tags":[],"class_list":["post-721","post","type-post","status-publish","format-standard","has-post-thumbnail","hentry","category-ajankohtaista"],"acf":[],"yoast_head":"<title>H\u00e4meenlinnan lyseon lukion aikuislinjan kev\u00e4\u00e4n ylioppilaat - H\u00e4meenlinnan lyseon lukion aikuislinja<\/title>\n<meta name=\"robots\" content=\"index, follow, max-snippet:-1, max-image-preview:large, max-video-preview:-1\" \/>\n<link rel=\"canonical\" href=\"https:\/\/www.kktavastia.fi\/lukiot-hameenlinnan-lyseo-aikuislinja\/2019\/hameenlinnan-lyseon-lukion-aikuislinjan-kevaan-ylioppilaat\/\" \/>\n<meta property=\"og:locale\" content=\"fi_FI\" \/>\n<meta property=\"og:type\" content=\"article\" \/>\n<meta property=\"og:title\" content=\"H\u00e4meenlinnan lyseon lukion aikuislinjan kev\u00e4\u00e4n ylioppilaat - H\u00e4meenlinnan lyseon lukion aikuislinja\" \/>\n<meta property=\"og:description\" content=\"Elv\u00e4s Arttu Hampunen Saara Hyv\u00f6nen Kristiina Nylander Julia Ojala Salla Roisko Vilena Sj\u00f6blom Jenni Tapaninen Nea Virtanen Roosa KAKSOISTUTKINTO (ammatillinen [&hellip;]\" \/>\n<meta property=\"og:url\" content=\"https:\/\/www.kktavastia.fi\/lukiot-hameenlinnan-lyseo-aikuislinja\/2019\/hameenlinnan-lyseon-lukion-aikuislinjan-kevaan-ylioppilaat\/\" \/>\n<meta property=\"og:site_name\" content=\"H\u00e4meenlinnan lyseon lukion aikuislinja\" \/>\n<meta property=\"article:published_time\" content=\"2019-05-15T07:59:10+00:00\" \/>\n<meta property=\"og:image\" content=\"https:\/\/www.kktavastia.fi\/media\/sites\/9\/lakki2.jpg\" \/>\n\t<meta property=\"og:image:width\" content=\"2000\" \/>\n\t<meta property=\"og:image:height\" content=\"1333\" \/>\n\t<meta property=\"og:image:type\" content=\"image\/jpeg\" \/>\n<meta name=\"author\" content=\"sannajalli\" \/>\n<meta name=\"twitter:card\" content=\"summary_large_image\" \/>\n<script type=\"application\/ld+json\" class=\"yoast-schema-graph\">{\"@context\":\"https:\\\/\\\/schema.org\",\"@graph\":[{\"@type\":\"Article\",\"@id\":\"https:\\\/\\\/www.kktavastia.fi\\\/lukiot-hameenlinnan-lyseo-aikuislinja\\\/2019\\\/hameenlinnan-lyseon-lukion-aikuislinjan-kevaan-ylioppilaat\\\/#article\",\"isPartOf\":{\"@id\":\"https:\\\/\\\/www.kktavastia.fi\\\/lukiot-hameenlinnan-lyseo-aikuislinja\\\/2019\\\/hameenlinnan-lyseon-lukion-aikuislinjan-kevaan-ylioppilaat\\\/\"},\"author\":{\"name\":\"sannajalli\",\"@id\":\"https:\\\/\\\/www.kktavastia.fi\\\/lukiot-hameenlinnan-lyseo-aikuislinja\\\/#\\\/schema\\\/person\\\/5124cdf24960861f89c21a474417e84c\"},\"headline\":\"H\u00e4meenlinnan lyseon lukion aikuislinjan kev\u00e4\u00e4n ylioppilaat\",\"datePublished\":\"2019-05-15T07:59:10+00:00\",\"mainEntityOfPage\":{\"@id\":\"https:\\\/\\\/www.kktavastia.fi\\\/lukiot-hameenlinnan-lyseo-aikuislinja\\\/2019\\\/hameenlinnan-lyseon-lukion-aikuislinjan-kevaan-ylioppilaat\\\/\"},\"wordCount\":90,\"image\":{\"@id\":\"https:\\\/\\\/www.kktavastia.fi\\\/lukiot-hameenlinnan-lyseo-aikuislinja\\\/2019\\\/hameenlinnan-lyseon-lukion-aikuislinjan-kevaan-ylioppilaat\\\/#primaryimage\"},\"thumbnailUrl\":\"https:\\\/\\\/www.kktavastia.fi\\\/media\\\/sites\\\/9\\\/lakki2.jpg\",\"articleSection\":[\"Ajankohtaista\"],\"inLanguage\":\"fi\"},{\"@type\":\"WebPage\",\"@id\":\"https:\\\/\\\/www.kktavastia.fi\\\/lukiot-hameenlinnan-lyseo-aikuislinja\\\/2019\\\/hameenlinnan-lyseon-lukion-aikuislinjan-kevaan-ylioppilaat\\\/\",\"url\":\"https:\\\/\\\/www.kktavastia.fi\\\/lukiot-hameenlinnan-lyseo-aikuislinja\\\/2019\\\/hameenlinnan-lyseon-lukion-aikuislinjan-kevaan-ylioppilaat\\\/\",\"name\":\"H\u00e4meenlinnan lyseon lukion aikuislinjan kev\u00e4\u00e4n ylioppilaat - H\u00e4meenlinnan lyseon lukion aikuislinja\",\"isPartOf\":{\"@id\":\"https:\\\/\\\/www.kktavastia.fi\\\/lukiot-hameenlinnan-lyseo-aikuislinja\\\/#website\"},\"primaryImageOfPage\":{\"@id\":\"https:\\\/\\\/www.kktavastia.fi\\\/lukiot-hameenlinnan-lyseo-aikuislinja\\\/2019\\\/hameenlinnan-lyseon-lukion-aikuislinjan-kevaan-ylioppilaat\\\/#primaryimage\"},\"image\":{\"@id\":\"https:\\\/\\\/www.kktavastia.fi\\\/lukiot-hameenlinnan-lyseo-aikuislinja\\\/2019\\\/hameenlinnan-lyseon-lukion-aikuislinjan-kevaan-ylioppilaat\\\/#primaryimage\"},\"thumbnailUrl\":\"https:\\\/\\\/www.kktavastia.fi\\\/media\\\/sites\\\/9\\\/lakki2.jpg\",\"datePublished\":\"2019-05-15T07:59:10+00:00\",\"author\":{\"@id\":\"https:\\\/\\\/www.kktavastia.fi\\\/lukiot-hameenlinnan-lyseo-aikuislinja\\\/#\\\/schema\\\/person\\\/5124cdf24960861f89c21a474417e84c\"},\"breadcrumb\":{\"@id\":\"https:\\\/\\\/www.kktavastia.fi\\\/lukiot-hameenlinnan-lyseo-aikuislinja\\\/2019\\\/hameenlinnan-lyseon-lukion-aikuislinjan-kevaan-ylioppilaat\\\/#breadcrumb\"},\"inLanguage\":\"fi\",\"potentialAction\":[{\"@type\":\"ReadAction\",\"target\":[\"https:\\\/\\\/www.kktavastia.fi\\\/lukiot-hameenlinnan-lyseo-aikuislinja\\\/2019\\\/hameenlinnan-lyseon-lukion-aikuislinjan-kevaan-ylioppilaat\\\/\"]}]},{\"@type\":\"ImageObject\",\"inLanguage\":\"fi\",\"@id\":\"https:\\\/\\\/www.kktavastia.fi\\\/lukiot-hameenlinnan-lyseo-aikuislinja\\\/2019\\\/hameenlinnan-lyseon-lukion-aikuislinjan-kevaan-ylioppilaat\\\/#primaryimage\",\"url\":\"https:\\\/\\\/www.kktavastia.fi\\\/media\\\/sites\\\/9\\\/lakki2.jpg\",\"contentUrl\":\"https:\\\/\\\/www.kktavastia.fi\\\/media\\\/sites\\\/9\\\/lakki2.jpg\",\"width\":2000,\"height\":1333,\"caption\":\"Ylioppilaslakki syreenin kukkien keskell\u00e4 valkoista taustaa vasten sis\u00e4ll\u00e4.\"},{\"@type\":\"BreadcrumbList\",\"@id\":\"https:\\\/\\\/www.kktavastia.fi\\\/lukiot-hameenlinnan-lyseo-aikuislinja\\\/2019\\\/hameenlinnan-lyseon-lukion-aikuislinjan-kevaan-ylioppilaat\\\/#breadcrumb\",\"itemListElement\":[{\"@type\":\"ListItem\",\"position\":1,\"name\":\"Home\",\"item\":\"https:\\\/\\\/www.kktavastia.fi\\\/lukiot-hameenlinnan-lyseo-aikuislinja\\\/\"},{\"@type\":\"ListItem\",\"position\":2,\"name\":\"H\u00e4meenlinnan lyseon lukion aikuislinjan kev\u00e4\u00e4n ylioppilaat\"}]},{\"@type\":\"WebSite\",\"@id\":\"https:\\\/\\\/www.kktavastia.fi\\\/lukiot-hameenlinnan-lyseo-aikuislinja\\\/#website\",\"url\":\"https:\\\/\\\/www.kktavastia.fi\\\/lukiot-hameenlinnan-lyseo-aikuislinja\\\/\",\"name\":\"H\u00e4meenlinnan lyseon lukion aikuislinja\",\"description\":\"\",\"potentialAction\":[{\"@type\":\"SearchAction\",\"target\":{\"@type\":\"EntryPoint\",\"urlTemplate\":\"https:\\\/\\\/www.kktavastia.fi\\\/lukiot-hameenlinnan-lyseo-aikuislinja\\\/?s={search_term_string}\"},\"query-input\":{\"@type\":\"PropertyValueSpecification\",\"valueRequired\":true,\"valueName\":\"search_term_string\"}}],\"inLanguage\":\"fi\"},{\"@type\":\"Person\",\"@id\":\"https:\\\/\\\/www.kktavastia.fi\\\/lukiot-hameenlinnan-lyseo-aikuislinja\\\/#\\\/schema\\\/person\\\/5124cdf24960861f89c21a474417e84c\",\"name\":\"sannajalli\",\"image\":{\"@type\":\"ImageObject\",\"inLanguage\":\"fi\",\"@id\":\"https:\\\/\\\/secure.gravatar.com\\\/avatar\\\/5a90797dc90f9ae04e1821fb5ead7872f6cb5e56ea86cb2a991873d12dd0c83a?s=96&d=mm&r=g\",\"url\":\"https:\\\/\\\/secure.gravatar.com\\\/avatar\\\/5a90797dc90f9ae04e1821fb5ead7872f6cb5e56ea86cb2a991873d12dd0c83a?s=96&d=mm&r=g\",\"contentUrl\":\"https:\\\/\\\/secure.gravatar.com\\\/avatar\\\/5a90797dc90f9ae04e1821fb5ead7872f6cb5e56ea86cb2a991873d12dd0c83a?s=96&d=mm&r=g\",\"caption\":\"sannajalli\"},\"url\":\"https:\\\/\\\/www.kktavastia.fi\\\/lukiot-hameenlinnan-lyseo-aikuislinja\\\/author\\\/sannajalli\\\/\"}]}<\/script>","yoast_head_json":{"title":"H\u00e4meenlinnan lyseon lukion aikuislinjan kev\u00e4\u00e4n ylioppilaat - H\u00e4meenlinnan lyseon lukion aikuislinja","robots":{"index":"index","follow":"follow","max-snippet":"max-snippet:-1","max-image-preview":"max-image-preview:large","max-video-preview":"max-video-preview:-1"},"canonical":"https:\/\/www.kktavastia.fi\/lukiot-hameenlinnan-lyseo-aikuislinja\/2019\/hameenlinnan-lyseon-lukion-aikuislinjan-kevaan-ylioppilaat\/","og_locale":"fi_FI","og_type":"article","og_title":"H\u00e4meenlinnan lyseon lukion aikuislinjan kev\u00e4\u00e4n ylioppilaat - H\u00e4meenlinnan lyseon lukion aikuislinja","og_description":"Elv\u00e4s Arttu Hampunen Saara Hyv\u00f6nen Kristiina Nylander Julia Ojala Salla Roisko Vilena Sj\u00f6blom Jenni Tapaninen Nea Virtanen Roosa KAKSOISTUTKINTO (ammatillinen [&hellip;]","og_url":"https:\/\/www.kktavastia.fi\/lukiot-hameenlinnan-lyseo-aikuislinja\/2019\/hameenlinnan-lyseon-lukion-aikuislinjan-kevaan-ylioppilaat\/","og_site_name":"H\u00e4meenlinnan lyseon lukion aikuislinja","article_published_time":"2019-05-15T07:59:10+00:00","og_image":[{"width":2000,"height":1333,"url":"https:\/\/www.kktavastia.fi\/media\/sites\/9\/lakki2.jpg","type":"image\/jpeg"}],"author":"sannajalli","twitter_card":"summary_large_image","schema":{"@context":"https:\/\/schema.org","@graph":[{"@type":"Article","@id":"https:\/\/www.kktavastia.fi\/lukiot-hameenlinnan-lyseo-aikuislinja\/2019\/hameenlinnan-lyseon-lukion-aikuislinjan-kevaan-ylioppilaat\/#article","isPartOf":{"@id":"https:\/\/www.kktavastia.fi\/lukiot-hameenlinnan-lyseo-aikuislinja\/2019\/hameenlinnan-lyseon-lukion-aikuislinjan-kevaan-ylioppilaat\/"},"author":{"name":"sannajalli","@id":"https:\/\/www.kktavastia.fi\/lukiot-hameenlinnan-lyseo-aikuislinja\/#\/schema\/person\/5124cdf24960861f89c21a474417e84c"},"headline":"H\u00e4meenlinnan lyseon lukion aikuislinjan kev\u00e4\u00e4n ylioppilaat","datePublished":"2019-05-15T07:59:10+00:00","mainEntityOfPage":{"@id":"https:\/\/www.kktavastia.fi\/lukiot-hameenlinnan-lyseo-aikuislinja\/2019\/hameenlinnan-lyseon-lukion-aikuislinjan-kevaan-ylioppilaat\/"},"wordCount":90,"image":{"@id":"https:\/\/www.kktavastia.fi\/lukiot-hameenlinnan-lyseo-aikuislinja\/2019\/hameenlinnan-lyseon-lukion-aikuislinjan-kevaan-ylioppilaat\/#primaryimage"},"thumbnailUrl":"https:\/\/www.kktavastia.fi\/media\/sites\/9\/lakki2.jpg","articleSection":["Ajankohtaista"],"inLanguage":"fi"},{"@type":"WebPage","@id":"https:\/\/www.kktavastia.fi\/lukiot-hameenlinnan-lyseo-aikuislinja\/2019\/hameenlinnan-lyseon-lukion-aikuislinjan-kevaan-ylioppilaat\/","url":"https:\/\/www.kktavastia.fi\/lukiot-hameenlinnan-lyseo-aikuislinja\/2019\/hameenlinnan-lyseon-lukion-aikuislinjan-kevaan-ylioppilaat\/","name":"H\u00e4meenlinnan lyseon lukion aikuislinjan kev\u00e4\u00e4n ylioppilaat - H\u00e4meenlinnan lyseon lukion aikuislinja","isPartOf":{"@id":"https:\/\/www.kktavastia.fi\/lukiot-hameenlinnan-lyseo-aikuislinja\/#website"},"primaryImageOfPage":{"@id":"https:\/\/www.kktavastia.fi\/lukiot-hameenlinnan-lyseo-aikuislinja\/2019\/hameenlinnan-lyseon-lukion-aikuislinjan-kevaan-ylioppilaat\/#primaryimage"},"image":{"@id":"https:\/\/www.kktavastia.fi\/lukiot-hameenlinnan-lyseo-aikuislinja\/2019\/hameenlinnan-lyseon-lukion-aikuislinjan-kevaan-ylioppilaat\/#primaryimage"},"thumbnailUrl":"https:\/\/www.kktavastia.fi\/media\/sites\/9\/lakki2.jpg","datePublished":"2019-05-15T07:59:10+00:00","author":{"@id":"https:\/\/www.kktavastia.fi\/lukiot-hameenlinnan-lyseo-aikuislinja\/#\/schema\/person\/5124cdf24960861f89c21a474417e84c"},"breadcrumb":{"@id":"https:\/\/www.kktavastia.fi\/lukiot-hameenlinnan-lyseo-aikuislinja\/2019\/hameenlinnan-lyseon-lukion-aikuislinjan-kevaan-ylioppilaat\/#breadcrumb"},"inLanguage":"fi","potentialAction":[{"@type":"ReadAction","target":["https:\/\/www.kktavastia.fi\/lukiot-hameenlinnan-lyseo-aikuislinja\/2019\/hameenlinnan-lyseon-lukion-aikuislinjan-kevaan-ylioppilaat\/"]}]},{"@type":"ImageObject","inLanguage":"fi","@id":"https:\/\/www.kktavastia.fi\/lukiot-hameenlinnan-lyseo-aikuislinja\/2019\/hameenlinnan-lyseon-lukion-aikuislinjan-kevaan-ylioppilaat\/#primaryimage","url":"https:\/\/www.kktavastia.fi\/media\/sites\/9\/lakki2.jpg","contentUrl":"https:\/\/www.kktavastia.fi\/media\/sites\/9\/lakki2.jpg","width":2000,"height":1333,"caption":"Ylioppilaslakki syreenin kukkien keskell\u00e4 valkoista taustaa vasten sis\u00e4ll\u00e4."},{"@type":"BreadcrumbList","@id":"https:\/\/www.kktavastia.fi\/lukiot-hameenlinnan-lyseo-aikuislinja\/2019\/hameenlinnan-lyseon-lukion-aikuislinjan-kevaan-ylioppilaat\/#breadcrumb","itemListElement":[{"@type":"ListItem","position":1,"name":"Home","item":"https:\/\/www.kktavastia.fi\/lukiot-hameenlinnan-lyseo-aikuislinja\/"},{"@type":"ListItem","position":2,"name":"H\u00e4meenlinnan lyseon lukion aikuislinjan kev\u00e4\u00e4n ylioppilaat"}]},{"@type":"WebSite","@id":"https:\/\/www.kktavastia.fi\/lukiot-hameenlinnan-lyseo-aikuislinja\/#website","url":"https:\/\/www.kktavastia.fi\/lukiot-hameenlinnan-lyseo-aikuislinja\/","name":"H\u00e4meenlinnan lyseon lukion aikuislinja","description":"","potentialAction":[{"@type":"SearchAction","target":{"@type":"EntryPoint","urlTemplate":"https:\/\/www.kktavastia.fi\/lukiot-hameenlinnan-lyseo-aikuislinja\/?s={search_term_string}"},"query-input":{"@type":"PropertyValueSpecification","valueRequired":true,"valueName":"search_term_string"}}],"inLanguage":"fi"},{"@type":"Person","@id":"https:\/\/www.kktavastia.fi\/lukiot-hameenlinnan-lyseo-aikuislinja\/#\/schema\/person\/5124cdf24960861f89c21a474417e84c","name":"sannajalli","image":{"@type":"ImageObject","inLanguage":"fi","@id":"https:\/\/secure.gravatar.com\/avatar\/5a90797dc90f9ae04e1821fb5ead7872f6cb5e56ea86cb2a991873d12dd0c83a?s=96&d=mm&r=g","url":"https:\/\/secure.gravatar.com\/avatar\/5a90797dc90f9ae04e1821fb5ead7872f6cb5e56ea86cb2a991873d12dd0c83a?s=96&d=mm&r=g","contentUrl":"https:\/\/secure.gravatar.com\/avatar\/5a90797dc90f9ae04e1821fb5ead7872f6cb5e56ea86cb2a991873d12dd0c83a?s=96&d=mm&r=g","caption":"sannajalli"},"url":"https:\/\/www.kktavastia.fi\/lukiot-hameenlinnan-lyseo-aikuislinja\/author\/sannajalli\/"}]}},"_links":{"self":[{"href":"https:\/\/www.kktavastia.fi\/lukiot-hameenlinnan-lyseo-aikuislinja\/wp-json\/wp\/v2\/posts\/721","targetHints":{"allow":["GET"]}}],"collection":[{"href":"https:\/\/www.kktavastia.fi\/lukiot-hameenlinnan-lyseo-aikuislinja\/wp-json\/wp\/v2\/posts"}],"about":[{"href":"https:\/\/www.kktavastia.fi\/lukiot-hameenlinnan-lyseo-aikuislinja\/wp-json\/wp\/v2\/types\/post"}],"author":[{"embeddable":true,"href":"https:\/\/www.kktavastia.fi\/lukiot-hameenlinnan-lyseo-aikuislinja\/wp-json\/wp\/v2\/users\/5"}],"replies":[{"embeddable":true,"href":"https:\/\/www.kktavastia.fi\/lukiot-hameenlinnan-lyseo-aikuislinja\/wp-json\/wp\/v2\/comments?post=721"}],"version-history":[{"count":0,"href":"https:\/\/www.kktavastia.fi\/lukiot-hameenlinnan-lyseo-aikuislinja\/wp-json\/wp\/v2\/posts\/721\/revisions"}],"wp:featuredmedia":[{"embeddable":true,"href":"https:\/\/www.kktavastia.fi\/lukiot-hameenlinnan-lyseo-aikuislinja\/wp-json\/wp\/v2\/media\/720"}],"wp:attachment":[{"href":"https:\/\/www.kktavastia.fi\/lukiot-hameenlinnan-lyseo-aikuislinja\/wp-json\/wp\/v2\/media?parent=721"}],"wp:term":[{"taxonomy":"category","embeddable":true,"href":"https:\/\/www.kktavastia.fi\/lukiot-hameenlinnan-lyseo-aikuislinja\/wp-json\/wp\/v2\/categories?post=721"},{"taxonomy":"post_tag","embeddable":true,"href":"https:\/\/www.kktavastia.fi\/lukiot-hameenlinnan-lyseo-aikuislinja\/wp-json\/wp\/v2\/tags?post=721"}],"curies":[{"name":"wp","href":"https:\/\/api.w.org\/{rel}","templated":true}]}}